{"id":88022,"date":"2022-03-10T15:33:19","date_gmt":"2022-03-10T14:33:19","guid":{"rendered":"https:\/\/www.fondazionepirelli.org\/?p=88022"},"modified":"2022-04-27T11:07:33","modified_gmt":"2022-04-27T10:07:33","slug":"premio-campiello-junior-un-incontro-dedicato-ai-giovani-giurati","status":"publish","type":"post","link":"https:\/\/www.fondazionepirelli.org\/it\/biblioteche\/premio-campiello-junior-un-incontro-dedicato-ai-giovani-giurati\/","title":{"rendered":"Premio Campiello Junior <br> Un incontro dedicato ai giovani giurati"},"content":{"rendered":"<p>Prosegue il percorso del Premio Campiello Junior, in avvicinamento alla proclamazione del vincitore della prima edizione che si terr\u00e0 venerd\u00ec 6 maggio 2022.<\/p>\n<p>Per i ragazzi che fanno parte della <strong>Giuria dei Lettori<\/strong> \u00e8 il momento di leggere e di scegliere il loro libro preferito. Mercoled\u00ec 9 marzo 2022 oltre cento giovanissimi giurati, provenienti dalle scuole di tutta Italia e anche dall\u2019estero, hanno partecipato a un incontro a loro dedicato, organizzato da Fondazione Pirelli e da Fondazione Il Campiello.<\/p>\n<p>I ragazzi hanno avuto la possibilit\u00e0 di condividere la loro passione per la lettura e le loro prime impressioni sui tre libri finalisti in un dialogo con il team di <strong>Fondazione Pirelli Educational,<\/strong> insieme a <strong>Chiara Lagani<\/strong> e <strong>Michela Possamai<\/strong>, due membri della Giuria di Selezione del Premio che a dicembre ha scelto i tre finalisti tra i tantissimi libri candidati.<\/p>\n<p>I giovani lettori della Giuria hanno dimostrato un grande amore per i libri e tanta voglia di esprimere le loro opinioni. La scelta che faranno nelle prossime settimane contribuir\u00e0 a determinare quale libro si aggiudicher\u00e0 il prestigioso riconoscimento.<\/p>\n<p>Il prossimo appuntamento, dedicato a tutti gli appassionati di lettura, si terr\u00e0 in streaming marted\u00ec 5 aprile 2022 con la partecipazione degli scrittori dei libri finalisti: Chiara Carminati, Guido Quarzo, Anna Vivarelli e Antonella Sbuelz, i quali potranno raccontare ai ragazzi in prima persona come sono nati i personaggi e le storie che animano i loro racconti.<\/p>\n<p>Maggiori informazioni sulle iniziative del Premio Campiello Junior ai siti <a href=\"https:\/\/www.fondazionepirelli.org\">www.fondazionepirelli.org<\/a> e <a href=\"http:\/\/www.premiocampiello.org\">www.premiocampiello.org<\/a><\/p>\n","protected":false},"excerpt":{"rendered":"<p>Prosegue il percorso del Premio Campiello Junior, in avvicinamento alla proclamazione del vincitore della prima edizione che si terr\u00e0 venerd\u00ec 6 maggio 2022. Per i ragazzi che fanno parte della Giuria dei Lettori \u00e8 il momento di leggere e di scegliere il loro libro preferito. Mercoled\u00ec 9 marzo 2022 oltre cento giovanissimi giurati, provenienti dalle [&hellip;]<\/p>\n","protected":false},"author":9,"featured_media":89030,"comment_status":"open","ping_status":"open","sticky":false,"template":"","format":"standard","meta":{"footnotes":""},"categories":[61,461],"tags":[],"class_list":["post-88022","post","type-post","status-publish","format-standard","has-post-thumbnail","hentry","category-biblioteche","category-evento-biblioteche"],"acf":[],"yoast_head":"<!-- This site is optimized with the Yoast SEO plugin v25.0 - https:\/\/yoast.com\/wordpress\/plugins\/seo\/ -->\n<title>Premio Campiello Junior  Un incontro dedicato ai giovani giurati - Fondazione Pirelli<\/title>\n<meta name=\"robots\" content=\"index, follow, max-snippet:-1, max-image-preview:large, max-video-preview:-1\" \/>\n<link rel=\"canonical\" href=\"https:\/\/www.fondazionepirelli.org\/it\/biblioteche\/premio-campiello-junior-un-incontro-dedicato-ai-giovani-giurati\/\" \/>\n<meta property=\"og:locale\" content=\"it_IT\" \/>\n<meta property=\"og:type\" content=\"article\" \/>\n<meta property=\"og:title\" content=\"Premio Campiello Junior  Un incontro dedicato ai giovani giurati - Fondazione Pirelli\" \/>\n<meta property=\"og:description\" content=\"Prosegue il percorso del Premio Campiello Junior, in avvicinamento alla proclamazione del vincitore della prima edizione che si terr\u00e0 venerd\u00ec 6 maggio 2022. Per i ragazzi che fanno parte della Giuria dei Lettori \u00e8 il momento di leggere e di scegliere il loro libro preferito. Mercoled\u00ec 9 marzo 2022 oltre cento giovanissimi giurati, provenienti dalle [&hellip;]\" \/>\n<meta property=\"og:url\" content=\"https:\/\/127.0.0.1\/it\/biblioteche\/premio-campiello-junior-un-incontro-dedicato-ai-giovani-giurati\/\" \/>\n<meta property=\"og:site_name\" content=\"Fondazione Pirelli\" \/>\n<meta property=\"article:published_time\" content=\"2022-03-10T14:33:19+00:00\" \/>\n<meta property=\"article:modified_time\" content=\"2022-04-27T10:07:33+00:00\" \/>\n<meta property=\"og:image\" content=\"https:\/\/wpsite-assets.fondazionepirelli.org\/wp-content\/uploads\/2022\/03\/27110724\/Tappo_Campiello-Junior_9-marzo.jpg\" \/>\n\t<meta property=\"og:image:width\" content=\"15118\" \/>\n\t<meta property=\"og:image:height\" content=\"8504\" \/>\n\t<meta property=\"og:image:type\" content=\"image\/jpeg\" \/>\n<meta name=\"author\" content=\"fondazionepirelli\" \/>\n<meta name=\"twitter:card\" content=\"summary_large_image\" \/>\n<meta name=\"twitter:label1\" content=\"Scritto da\" \/>\n\t<meta name=\"twitter:data1\" content=\"fondazionepirelli\" \/>\n\t<meta name=\"twitter:label2\" content=\"Tempo di lettura stimato\" \/>\n\t<meta name=\"twitter:data2\" content=\"1 minuto\" \/>\n<script type=\"application\/ld+json\" class=\"yoast-schema-graph\">{\"@context\":\"https:\/\/schema.org\",\"@graph\":[{\"@type\":\"WebPage\",\"@id\":\"https:\/\/127.0.0.1\/it\/biblioteche\/premio-campiello-junior-un-incontro-dedicato-ai-giovani-giurati\/\",\"url\":\"https:\/\/127.0.0.1\/it\/biblioteche\/premio-campiello-junior-un-incontro-dedicato-ai-giovani-giurati\/\",\"name\":\"Premio Campiello Junior Un incontro dedicato ai giovani giurati - Fondazione Pirelli\",\"isPartOf\":{\"@id\":\"https:\/\/www.fondazionepirelli.org\/it\/#website\"},\"primaryImageOfPage\":{\"@id\":\"https:\/\/127.0.0.1\/it\/biblioteche\/premio-campiello-junior-un-incontro-dedicato-ai-giovani-giurati\/#primaryimage\"},\"image\":{\"@id\":\"https:\/\/127.0.0.1\/it\/biblioteche\/premio-campiello-junior-un-incontro-dedicato-ai-giovani-giurati\/#primaryimage\"},\"thumbnailUrl\":\"https:\/\/wpsite-assets.fondazionepirelli.org\/wp-content\/uploads\/2022\/03\/27110724\/Tappo_Campiello-Junior_9-marzo.jpg\",\"datePublished\":\"2022-03-10T14:33:19+00:00\",\"dateModified\":\"2022-04-27T10:07:33+00:00\",\"author\":{\"@id\":\"https:\/\/www.fondazionepirelli.org\/it\/#\/schema\/person\/c31fcf5937a0e6afa45497f3f8b6d7a0\"},\"breadcrumb\":{\"@id\":\"https:\/\/127.0.0.1\/it\/biblioteche\/premio-campiello-junior-un-incontro-dedicato-ai-giovani-giurati\/#breadcrumb\"},\"inLanguage\":\"it-IT\",\"potentialAction\":[{\"@type\":\"ReadAction\",\"target\":[\"https:\/\/127.0.0.1\/it\/biblioteche\/premio-campiello-junior-un-incontro-dedicato-ai-giovani-giurati\/\"]}]},{\"@type\":\"ImageObject\",\"inLanguage\":\"it-IT\",\"@id\":\"https:\/\/127.0.0.1\/it\/biblioteche\/premio-campiello-junior-un-incontro-dedicato-ai-giovani-giurati\/#primaryimage\",\"url\":\"https:\/\/wpsite-assets.fondazionepirelli.org\/wp-content\/uploads\/2022\/03\/27110724\/Tappo_Campiello-Junior_9-marzo.jpg\",\"contentUrl\":\"https:\/\/wpsite-assets.fondazionepirelli.org\/wp-content\/uploads\/2022\/03\/27110724\/Tappo_Campiello-Junior_9-marzo.jpg\",\"width\":15118,\"height\":8504},{\"@type\":\"BreadcrumbList\",\"@id\":\"https:\/\/127.0.0.1\/it\/biblioteche\/premio-campiello-junior-un-incontro-dedicato-ai-giovani-giurati\/#breadcrumb\",\"itemListElement\":[{\"@type\":\"ListItem\",\"position\":1,\"name\":\"Home\",\"item\":\"https:\/\/www.fondazionepirelli.org\/it\/\"},{\"@type\":\"ListItem\",\"position\":2,\"name\":\"Premio Campiello Junior Un incontro dedicato ai giovani giurati\"}]},{\"@type\":\"WebSite\",\"@id\":\"https:\/\/www.fondazionepirelli.org\/it\/#website\",\"url\":\"https:\/\/www.fondazionepirelli.org\/it\/\",\"name\":\"Fondazione Pirelli\",\"description\":\"\",\"potentialAction\":[{\"@type\":\"SearchAction\",\"target\":{\"@type\":\"EntryPoint\",\"urlTemplate\":\"https:\/\/www.fondazionepirelli.org\/it\/?s={search_term_string}\"},\"query-input\":{\"@type\":\"PropertyValueSpecification\",\"valueRequired\":true,\"valueName\":\"search_term_string\"}}],\"inLanguage\":\"it-IT\"},{\"@type\":\"Person\",\"@id\":\"https:\/\/www.fondazionepirelli.org\/it\/#\/schema\/person\/c31fcf5937a0e6afa45497f3f8b6d7a0\",\"name\":\"fondazionepirelli\",\"image\":{\"@type\":\"ImageObject\",\"inLanguage\":\"it-IT\",\"@id\":\"https:\/\/www.fondazionepirelli.org\/it\/#\/schema\/person\/image\/\",\"url\":\"https:\/\/secure.gravatar.com\/avatar\/9cb486421ce1d6eddbf6c4fb66841b4325b786695f7aedf1dde2222428218696?s=96&d=mm&r=g\",\"contentUrl\":\"https:\/\/secure.gravatar.com\/avatar\/9cb486421ce1d6eddbf6c4fb66841b4325b786695f7aedf1dde2222428218696?s=96&d=mm&r=g\",\"caption\":\"fondazionepirelli\"},\"url\":\"https:\/\/www.fondazionepirelli.org\/it\/author\/fondazionepirelli\/\"}]}<\/script>\n<!-- \/ Yoast SEO plugin. -->","yoast_head_json":{"title":"Premio Campiello Junior  Un incontro dedicato ai giovani giurati - Fondazione Pirelli","robots":{"index":"index","follow":"follow","max-snippet":"max-snippet:-1","max-image-preview":"max-image-preview:large","max-video-preview":"max-video-preview:-1"},"canonical":"https:\/\/www.fondazionepirelli.org\/it\/biblioteche\/premio-campiello-junior-un-incontro-dedicato-ai-giovani-giurati\/","og_locale":"it_IT","og_type":"article","og_title":"Premio Campiello Junior  Un incontro dedicato ai giovani giurati - Fondazione Pirelli","og_description":"Prosegue il percorso del Premio Campiello Junior, in avvicinamento alla proclamazione del vincitore della prima edizione che si terr\u00e0 venerd\u00ec 6 maggio 2022. Per i ragazzi che fanno parte della Giuria dei Lettori \u00e8 il momento di leggere e di scegliere il loro libro preferito. Mercoled\u00ec 9 marzo 2022 oltre cento giovanissimi giurati, provenienti dalle [&hellip;]","og_url":"https:\/\/127.0.0.1\/it\/biblioteche\/premio-campiello-junior-un-incontro-dedicato-ai-giovani-giurati\/","og_site_name":"Fondazione Pirelli","article_published_time":"2022-03-10T14:33:19+00:00","article_modified_time":"2022-04-27T10:07:33+00:00","og_image":[{"width":15118,"height":8504,"url":"https:\/\/wpsite-assets.fondazionepirelli.org\/wp-content\/uploads\/2022\/03\/27110724\/Tappo_Campiello-Junior_9-marzo.jpg","type":"image\/jpeg"}],"author":"fondazionepirelli","twitter_card":"summary_large_image","twitter_misc":{"Scritto da":"fondazionepirelli","Tempo di lettura stimato":"1 minuto"},"schema":{"@context":"https:\/\/schema.org","@graph":[{"@type":"WebPage","@id":"https:\/\/127.0.0.1\/it\/biblioteche\/premio-campiello-junior-un-incontro-dedicato-ai-giovani-giurati\/","url":"https:\/\/127.0.0.1\/it\/biblioteche\/premio-campiello-junior-un-incontro-dedicato-ai-giovani-giurati\/","name":"Premio Campiello Junior Un incontro dedicato ai giovani giurati - Fondazione Pirelli","isPartOf":{"@id":"https:\/\/www.fondazionepirelli.org\/it\/#website"},"primaryImageOfPage":{"@id":"https:\/\/127.0.0.1\/it\/biblioteche\/premio-campiello-junior-un-incontro-dedicato-ai-giovani-giurati\/#primaryimage"},"image":{"@id":"https:\/\/127.0.0.1\/it\/biblioteche\/premio-campiello-junior-un-incontro-dedicato-ai-giovani-giurati\/#primaryimage"},"thumbnailUrl":"https:\/\/wpsite-assets.fondazionepirelli.org\/wp-content\/uploads\/2022\/03\/27110724\/Tappo_Campiello-Junior_9-marzo.jpg","datePublished":"2022-03-10T14:33:19+00:00","dateModified":"2022-04-27T10:07:33+00:00","author":{"@id":"https:\/\/www.fondazionepirelli.org\/it\/#\/schema\/person\/c31fcf5937a0e6afa45497f3f8b6d7a0"},"breadcrumb":{"@id":"https:\/\/127.0.0.1\/it\/biblioteche\/premio-campiello-junior-un-incontro-dedicato-ai-giovani-giurati\/#breadcrumb"},"inLanguage":"it-IT","potentialAction":[{"@type":"ReadAction","target":["https:\/\/127.0.0.1\/it\/biblioteche\/premio-campiello-junior-un-incontro-dedicato-ai-giovani-giurati\/"]}]},{"@type":"ImageObject","inLanguage":"it-IT","@id":"https:\/\/127.0.0.1\/it\/biblioteche\/premio-campiello-junior-un-incontro-dedicato-ai-giovani-giurati\/#primaryimage","url":"https:\/\/wpsite-assets.fondazionepirelli.org\/wp-content\/uploads\/2022\/03\/27110724\/Tappo_Campiello-Junior_9-marzo.jpg","contentUrl":"https:\/\/wpsite-assets.fondazionepirelli.org\/wp-content\/uploads\/2022\/03\/27110724\/Tappo_Campiello-Junior_9-marzo.jpg","width":15118,"height":8504},{"@type":"BreadcrumbList","@id":"https:\/\/127.0.0.1\/it\/biblioteche\/premio-campiello-junior-un-incontro-dedicato-ai-giovani-giurati\/#breadcrumb","itemListElement":[{"@type":"ListItem","position":1,"name":"Home","item":"https:\/\/www.fondazionepirelli.org\/it\/"},{"@type":"ListItem","position":2,"name":"Premio Campiello Junior Un incontro dedicato ai giovani giurati"}]},{"@type":"WebSite","@id":"https:\/\/www.fondazionepirelli.org\/it\/#website","url":"https:\/\/www.fondazionepirelli.org\/it\/","name":"Fondazione Pirelli","description":"","potentialAction":[{"@type":"SearchAction","target":{"@type":"EntryPoint","urlTemplate":"https:\/\/www.fondazionepirelli.org\/it\/?s={search_term_string}"},"query-input":{"@type":"PropertyValueSpecification","valueRequired":true,"valueName":"search_term_string"}}],"inLanguage":"it-IT"},{"@type":"Person","@id":"https:\/\/www.fondazionepirelli.org\/it\/#\/schema\/person\/c31fcf5937a0e6afa45497f3f8b6d7a0","name":"fondazionepirelli","image":{"@type":"ImageObject","inLanguage":"it-IT","@id":"https:\/\/www.fondazionepirelli.org\/it\/#\/schema\/person\/image\/","url":"https:\/\/secure.gravatar.com\/avatar\/9cb486421ce1d6eddbf6c4fb66841b4325b786695f7aedf1dde2222428218696?s=96&d=mm&r=g","contentUrl":"https:\/\/secure.gravatar.com\/avatar\/9cb486421ce1d6eddbf6c4fb66841b4325b786695f7aedf1dde2222428218696?s=96&d=mm&r=g","caption":"fondazionepirelli"},"url":"https:\/\/www.fondazionepirelli.org\/it\/author\/fondazionepirelli\/"}]}},"_links":{"self":[{"href":"https:\/\/www.fondazionepirelli.org\/it\/wp-json\/wp\/v2\/posts\/88022\/"}],"collection":[{"href":"https:\/\/www.fondazionepirelli.org\/it\/wp-json\/wp\/v2\/posts\/"}],"about":[{"href":"https:\/\/www.fondazionepirelli.org\/it\/wp-json\/wp\/v2\/types\/post\/"}],"author":[{"embeddable":true,"href":"https:\/\/www.fondazionepirelli.org\/it\/wp-json\/wp\/v2\/users\/9\/"}],"replies":[{"embeddable":true,"href":"https:\/\/www.fondazionepirelli.org\/it\/wp-json\/wp\/v2\/comments\/?post=88022"}],"version-history":[{"count":6,"href":"https:\/\/www.fondazionepirelli.org\/it\/wp-json\/wp\/v2\/posts\/88022\/revisions\/"}],"predecessor-version":[{"id":88035,"href":"https:\/\/www.fondazionepirelli.org\/it\/wp-json\/wp\/v2\/posts\/88022\/revisions\/88035\/"}],"wp:featuredmedia":[{"embeddable":true,"href":"https:\/\/www.fondazionepirelli.org\/it\/wp-json\/wp\/v2\/media\/89030\/"}],"wp:attachment":[{"href":"https:\/\/www.fondazionepirelli.org\/it\/wp-json\/wp\/v2\/media\/?parent=88022"}],"wp:term":[{"taxonomy":"category","embeddable":true,"href":"https:\/\/www.fondazionepirelli.org\/it\/wp-json\/wp\/v2\/categories\/?post=88022"},{"taxonomy":"post_tag","embeddable":true,"href":"https:\/\/www.fondazionepirelli.org\/it\/wp-json\/wp\/v2\/tags\/?post=88022"}],"curies":[{"name":"wp","href":"https:\/\/api.w.org\/{rel}","templated":true}]}}