{"id":88038,"date":"2022-03-22T11:27:57","date_gmt":"2022-03-22T10:27:57","guid":{"rendered":"https:\/\/www.fondazionepirelli.org\/?p=88038"},"modified":"2022-03-22T11:27:57","modified_gmt":"2022-03-22T10:27:57","slug":"tre-ragazzi-italiani-su-dieci-scelgono-un-futuro-di-lavoro-e-vita-allestero","status":"publish","type":"post","link":"https:\/\/www.fondazionepirelli.org\/it\/cultura-dimpresa\/tre-ragazzi-italiani-su-dieci-scelgono-un-futuro-di-lavoro-e-vita-allestero\/","title":{"rendered":"Tre ragazzi italiani su dieci scelgono un futuro di lavoro e vita all\u2019estero"},"content":{"rendered":"<p>Dov\u2019\u00e8 il <strong>futuro<\/strong> per i giovani italiani? All\u2019<strong>estero<\/strong>, dicono tre ragazzi su dieci, intenzionati a lasciare l\u2019Italia per trovare migliori condizioni di lavoro e di vita. E a muoverli \u00e8 la ricerca di una dimensione professionale soddisfacente, di una reale <strong>autonomia finanziaria<\/strong> e, per le ragazze, d\u2019una\u00a0 possibilit\u00e0 concreta di superare il divario di genere che, nel nostro paese, incide ancora molto su redditi e opportunit\u00e0 di carriere.<\/p>\n<p>I dati sono contenuti del Rapporto 2021 della Fondazione Visentini\/Luiss, presentato nei giorni scorsi a Roma (IlSole24Ore, 10 marzo). E confermano come continui la \u201c<strong>fuga dei cervelli<\/strong>\u201d, con numeri crescenti anno dopo anno. Erano pi\u00f9 di 50 mila i giovani (15-34 anni) andati via soltanto nel 2019, alla vigilia della pandemia, secondo dati del Rapporto Migrantes sugli \u201cItaliani nel mondo\u201d. 250mila nel decennio 2009-2018 secondo il Rapporto annuale 2019 sull\u2019economia dell\u2019immigrazione della Fondazione Leone Moressa. E 300mila secondo l\u2019Unione europea delle cooperative su dati Istat 2019 (qui sono compresi quelli che vanno a studiare all\u2019estero, non solo a lavorare) con un aumento del 33% negli ultimi cinque anni. Una perdita di capitale umano ma anche di capitale sociale impressionante, se si considera che a partire sono, mediamente, i pi\u00f9 intraprendenti, ambiziosi, determinati, animati da un forte spirito d\u2019innovazione e di voglia di scoperta.<\/p>\n<p>Il peso di questa perdita? Lo si pu\u00f2 ben vedere, per esempio, nel fatto che \u201cl\u2019industria del made in Italy \u00e8 a caccia di 346mila talenti\u201d (IlSole24Ore, 9 marzo), secondo dati della Fondazione Altagamma per cui la manifattura nei settori moda, design, arredamento, nautica, automotive e alimentare di qualit\u00e0 ha pi\u00f9 difficolt\u00e0 a trovare il <strong>40%<\/strong> delle professionalit\u00e0 richieste e addirittura il 50% dei profili tecnici. E, pi\u00f9 in generale, resta scoperto il 40% dei posti che sia l\u2019industria che i servizi mettono sul mercato del lavoro (Indagine Excelsior Unioncamere-Anpal, Il Sole24Ore 22 febbraio: ne abbiamo parlato nel blog dell\u20198 marzo). Il futuro, con la crescente \u201cfuga dei cervelli\u201d, non potr\u00e0 che essere peggiore.<\/p>\n<p>Ma guardiamo meglio i dati del Rapporto della<strong> Fondazione Visentini<\/strong>, per cercare di capire le motivazioni di fondo delle tensioni migratorie dei nostri giovani.\u00a0 L\u2019indagine \u00e8 stata condotta nella primavera del \u201821 fra oltre 3mila ragazze e ragazzi della scuola secondaria di secondo grado in tutta Italia, cercando di capire aspirazioni e preoccupazioni. E al primo posto c\u2019\u00e8 \u201cun lavoro soddisfacente\u201d, seguito da \u201cautonomia finanziaria\u201d, \u201cbenessere della famiglia\u201d, \u201cdifficolt\u00e0 di fare carriera\u201d, \u201cdegrado ambientale\u201d, \u201csalute mentale e fisica\u201d. Per raggiungere questi obiettivi il 29% \u00e8 pronto ad andare all\u2019estero. L\u201980% si dicono \u201cfiduciosi\u201d nel futuro, ma lo sono abbastanza di meno per quel che riguarda il loro futuro in Italia. E la sollecitazione maggiore, a chi governa, \u00e8 investire sulla formazione, non solo scolastica, ma di lungo periodo: una leva fondamentale di crescita personale, affermazione professionale, benessere.<\/p>\n<p>Il Pnrr, secondo le indicazioni del Recovery Plan Next Generation Ue, come sappiamo, punta a rispondere a queste esigenze. Ma \u00e8 una sfida aperta. Per le nuove generazioni, ancora un catalogo di buone intenzioni. La pandemia, con i due anni di rallentamento della vita economica e civile e adesso, nel cuore della ripresa, i guasti provocati dall\u2019invasione russa e dalla guerra in Ucraina, aggravano il quadro delle difficolt\u00e0 per le nuove generazioni e ne incrinano sicurezza e fiducia.<\/p>\n<p>Ma quali sono i dati pi\u00f9 generali dell\u2019emigrazione italiana verso gli altri paesi dell\u2019Europa e del mondo? Per capirlo, vale la pena leggere l\u2019ultima edizione del Rapporto Migrantes 2021, in cui si nota innanzitutto che \u201cnell\u2019ultimo anno l\u2019aumento della popolazione AIRE (gli italiani residenti all\u2019estero) \u00e8 stato del 3%, ma questo dato diventa il 6,9% dal 2019, il 13,6% negli ultimi cinque anni, ben l\u201982% dal 2006, anno della prima edizione del Rapporto Italiani nel Mondo. La differenza di genere \u00e8 quasi scomparsa: le donne sono il 48,1% del totale degli italiani all\u2019estero: \u201cUn processo &#8211; sostiene il Rapporto Migrantes &#8211; che \u00e8, allo stesso tempo, di femminilizzazione e di familiarizzazione. A partire, infatti, sono sicuramente oggi moltissime donne alla ricerca di realizzazione personale e professionale, ma vi sono anche tanti nuclei familiari con figli al seguito, legati o meno da matrimonio. Stando ai dati dell\u2019Ufficio Centrale di Statistica del Ministero dell\u2019Interno aggiornati all\u2019inizio del 2020, su quasi 5,5 milioni di residenti all\u2019estero, le famiglie sono 3.223.486\u201d.<\/p>\n<p>Per comprendere davvero cosa stia capitando alla mobilit\u00e0 italiana, il <strong>Rapporto Migrantes<\/strong> cita una serie di dati: + 76,8% l\u2019aumento dei minori; + 179% circa l\u2019aumento dei cittadini iscritti all\u2019AIRE tra i 19 e i 40 anni; +158,1% i nati all\u2019estero da cittadini AIRE; +128,6% le acquisizioni di cittadinanza e +42,7% le iscrizioni all\u2019Anagrafe con la motivazione espatrio: \u201cSi tratta di una popolazione che, nel suo complesso, crescendo si sta sempre pi\u00f9 ringiovanendo, ma mentre l\u2019America, soprattutto meridionale, cresce grazie alle acquisizioni di cittadinanza, l\u2019Europa vive effettivamente una nuova stagione migratoria caratterizzata da recenti iscrizioni per espatrio e da nascite da cittadini gi\u00e0 residenti all\u2019estero\u201d.<\/p>\n<p>Al 1\u00b0 gennaio 2021, la comunit\u00e0 strutturale dei connazionali residenti all\u2019estero \u00e8 costituita da 5.652.080 unit\u00e0, il 9,5% degli oltre 59,2 milioni di italiani residenti in Italia. Di questi italiani all\u2019estero, il 45,5% ha tra i 18 e i 49 anni (oltre 2,5 milioni), il 15% \u00e8 un minore (848 mila circa di cui il 6,8% ha meno di 10 anni) e il 20,3% ha pi\u00f9 di 65 anni (oltre 1,1 milione di cui il 10,7%, cio\u00e8 circa 600 mila, ha pi\u00f9 di 75 anni). Il 53,0% \u00e8 iscritto da meno di 15 anni, il 47,0% da pi\u00f9 di 15 anni.<\/p>\n<p>La Sicilia, con oltre 798 mila iscrizioni, \u00e8 la regione con la comunit\u00e0 pi\u00f9 numerosa di residenti all\u2019estero. Seguita da Lombardia (561 mila), Campania (quasi 531 mila), Lazio (quasi 489 mila), Veneto (479 mila) e Calabria (430 mila). E le comunit\u00e0 pi\u00f9 grandi di cittadini italiani iscritti all\u2019AIRE sono l\u2019Argentina (884.187, il 15,6% del totale), la Germania, la Svizzera. Poi, il Brasile, la Francia, il Regno Unito e gli Stati Uniti.<\/p>\n<p>Commenta il Rapporto Migrantes: \u201cL\u2019Italia sta vivendo da poco pi\u00f9 di un decennio una nuova stagione migratoria, ma le conseguenze di questo percorso sono apparse, in tutta la loro evidenza, nell\u2019ultimo quinquennio aggravando una strada che l\u2019Italia sta pericolosamente percorrendo velocemente e a senso unico, caratterizzata da svuotamento e spopolamento, dove alle partenze non corrispondono i ritorni. Se, peraltro, a lasciare l\u2019Italia sono i giovani nel pieno della loro vitalit\u00e0 personale e creativit\u00e0 professionale, \u00e8 su questi che si deve concentrare l\u2019attenzione e l\u2019azione\u201d.<\/p>\n<p>Torniamo, cos\u00ec, al bisogno di buona politica. Lavoro, formazione, redditi, qualit\u00e0 della vita sono l\u2019obiettivo. Per non bruciare le possibilit\u00e0 di un\u2019intera nuova generazione.<\/p><p><em>(foto Getty Images)<\/em><\/p>","protected":false},"excerpt":{"rendered":"<p>Dov\u2019\u00e8 il futuro per i giovani italiani? All\u2019estero, dicono tre ragazzi su dieci, intenzionati a lasciare l\u2019Italia per trovare migliori condizioni di lavoro e di vita. E a muoverli \u00e8 la ricerca di una dimensione professionale soddisfacente, di una reale autonomia finanziaria e, per le ragazze, d\u2019una\u00a0 possibilit\u00e0 concreta di superare il divario di genere [&hellip;]<\/p>\n","protected":false},"author":9,"featured_media":88069,"comment_status":"open","ping_status":"open","sticky":false,"template":"","format":"standard","meta":{"footnotes":""},"categories":[53,52],"tags":[],"class_list":["post-88038","post","type-post","status-publish","format-standard","has-post-thumbnail","hentry","category-blog","category-cultura-dimpresa"],"acf":[],"yoast_head":"<!-- This site is optimized with the Yoast SEO plugin v25.0 - https:\/\/yoast.com\/wordpress\/plugins\/seo\/ -->\n<title>Tre ragazzi italiani su dieci scelgono un futuro di lavoro e vita all\u2019estero - Fondazione Pirelli<\/title>\n<meta name=\"robots\" content=\"index, follow, max-snippet:-1, max-image-preview:large, max-video-preview:-1\" \/>\n<link rel=\"canonical\" href=\"https:\/\/www.fondazionepirelli.org\/it\/cultura-dimpresa\/tre-ragazzi-italiani-su-dieci-scelgono-un-futuro-di-lavoro-e-vita-allestero\/\" \/>\n<meta property=\"og:locale\" content=\"it_IT\" \/>\n<meta property=\"og:type\" content=\"article\" \/>\n<meta property=\"og:title\" content=\"Tre ragazzi italiani su dieci scelgono un futuro di lavoro e vita all\u2019estero - Fondazione Pirelli\" \/>\n<meta property=\"og:description\" content=\"Dov\u2019\u00e8 il futuro per i giovani italiani? All\u2019estero, dicono tre ragazzi su dieci, intenzionati a lasciare l\u2019Italia per trovare migliori condizioni di lavoro e di vita. E a muoverli \u00e8 la ricerca di una dimensione professionale soddisfacente, di una reale autonomia finanziaria e, per le ragazze, d\u2019una\u00a0 possibilit\u00e0 concreta di superare il divario di genere [&hellip;]\" \/>\n<meta property=\"og:url\" content=\"https:\/\/www.fondazionepirelli.org\/it\/cultura-dimpresa\/tre-ragazzi-italiani-su-dieci-scelgono-un-futuro-di-lavoro-e-vita-allestero\/\" \/>\n<meta property=\"og:site_name\" content=\"Fondazione Pirelli\" \/>\n<meta property=\"article:published_time\" content=\"2022-03-22T10:27:57+00:00\" \/>\n<meta property=\"og:image\" content=\"https:\/\/wpsite-assets.fondazionepirelli.org\/wp-content\/uploads\/2022\/03\/22112725\/GettyImages-1060183690.jpg\" \/>\n\t<meta property=\"og:image:width\" content=\"2121\" \/>\n\t<meta property=\"og:image:height\" content=\"1414\" \/>\n\t<meta property=\"og:image:type\" content=\"image\/jpeg\" \/>\n<meta name=\"author\" content=\"fondazionepirelli\" \/>\n<meta name=\"twitter:card\" content=\"summary_large_image\" \/>\n<meta name=\"twitter:label1\" content=\"Scritto da\" \/>\n\t<meta name=\"twitter:data1\" content=\"fondazionepirelli\" \/>\n\t<meta name=\"twitter:label2\" content=\"Tempo di lettura stimato\" \/>\n\t<meta name=\"twitter:data2\" content=\"5 minuti\" \/>\n<script type=\"application\/ld+json\" class=\"yoast-schema-graph\">{\"@context\":\"https:\/\/schema.org\",\"@graph\":[{\"@type\":\"WebPage\",\"@id\":\"https:\/\/www.fondazionepirelli.org\/it\/cultura-dimpresa\/tre-ragazzi-italiani-su-dieci-scelgono-un-futuro-di-lavoro-e-vita-allestero\/\",\"url\":\"https:\/\/www.fondazionepirelli.org\/it\/cultura-dimpresa\/tre-ragazzi-italiani-su-dieci-scelgono-un-futuro-di-lavoro-e-vita-allestero\/\",\"name\":\"Tre ragazzi italiani su dieci scelgono un futuro di lavoro e vita all\u2019estero - Fondazione Pirelli\",\"isPartOf\":{\"@id\":\"https:\/\/www.fondazionepirelli.org\/it\/#website\"},\"primaryImageOfPage\":{\"@id\":\"https:\/\/www.fondazionepirelli.org\/it\/cultura-dimpresa\/tre-ragazzi-italiani-su-dieci-scelgono-un-futuro-di-lavoro-e-vita-allestero\/#primaryimage\"},\"image\":{\"@id\":\"https:\/\/www.fondazionepirelli.org\/it\/cultura-dimpresa\/tre-ragazzi-italiani-su-dieci-scelgono-un-futuro-di-lavoro-e-vita-allestero\/#primaryimage\"},\"thumbnailUrl\":\"https:\/\/wpsite-assets.fondazionepirelli.org\/wp-content\/uploads\/2022\/03\/22112725\/GettyImages-1060183690.jpg\",\"datePublished\":\"2022-03-22T10:27:57+00:00\",\"author\":{\"@id\":\"https:\/\/www.fondazionepirelli.org\/it\/#\/schema\/person\/c31fcf5937a0e6afa45497f3f8b6d7a0\"},\"breadcrumb\":{\"@id\":\"https:\/\/www.fondazionepirelli.org\/it\/cultura-dimpresa\/tre-ragazzi-italiani-su-dieci-scelgono-un-futuro-di-lavoro-e-vita-allestero\/#breadcrumb\"},\"inLanguage\":\"it-IT\",\"potentialAction\":[{\"@type\":\"ReadAction\",\"target\":[\"https:\/\/www.fondazionepirelli.org\/it\/cultura-dimpresa\/tre-ragazzi-italiani-su-dieci-scelgono-un-futuro-di-lavoro-e-vita-allestero\/\"]}]},{\"@type\":\"ImageObject\",\"inLanguage\":\"it-IT\",\"@id\":\"https:\/\/www.fondazionepirelli.org\/it\/cultura-dimpresa\/tre-ragazzi-italiani-su-dieci-scelgono-un-futuro-di-lavoro-e-vita-allestero\/#primaryimage\",\"url\":\"https:\/\/wpsite-assets.fondazionepirelli.org\/wp-content\/uploads\/2022\/03\/22112725\/GettyImages-1060183690.jpg\",\"contentUrl\":\"https:\/\/wpsite-assets.fondazionepirelli.org\/wp-content\/uploads\/2022\/03\/22112725\/GettyImages-1060183690.jpg\",\"width\":2121,\"height\":1414,\"caption\":\"Rear view of a puzzled businessman having questions in front of a blackboard. Big chalk drawn gear brain above head, positive thinking mess as thoughts. Concept for mental, psychological development.\"},{\"@type\":\"BreadcrumbList\",\"@id\":\"https:\/\/www.fondazionepirelli.org\/it\/cultura-dimpresa\/tre-ragazzi-italiani-su-dieci-scelgono-un-futuro-di-lavoro-e-vita-allestero\/#breadcrumb\",\"itemListElement\":[{\"@type\":\"ListItem\",\"position\":1,\"name\":\"Home\",\"item\":\"https:\/\/www.fondazionepirelli.org\/it\/\"},{\"@type\":\"ListItem\",\"position\":2,\"name\":\"Tre ragazzi italiani su dieci scelgono un futuro di lavoro e vita all\u2019estero\"}]},{\"@type\":\"WebSite\",\"@id\":\"https:\/\/www.fondazionepirelli.org\/it\/#website\",\"url\":\"https:\/\/www.fondazionepirelli.org\/it\/\",\"name\":\"Fondazione Pirelli\",\"description\":\"\",\"potentialAction\":[{\"@type\":\"SearchAction\",\"target\":{\"@type\":\"EntryPoint\",\"urlTemplate\":\"https:\/\/www.fondazionepirelli.org\/it\/?s={search_term_string}\"},\"query-input\":{\"@type\":\"PropertyValueSpecification\",\"valueRequired\":true,\"valueName\":\"search_term_string\"}}],\"inLanguage\":\"it-IT\"},{\"@type\":\"Person\",\"@id\":\"https:\/\/www.fondazionepirelli.org\/it\/#\/schema\/person\/c31fcf5937a0e6afa45497f3f8b6d7a0\",\"name\":\"fondazionepirelli\",\"image\":{\"@type\":\"ImageObject\",\"inLanguage\":\"it-IT\",\"@id\":\"https:\/\/www.fondazionepirelli.org\/it\/#\/schema\/person\/image\/\",\"url\":\"https:\/\/secure.gravatar.com\/avatar\/9cb486421ce1d6eddbf6c4fb66841b4325b786695f7aedf1dde2222428218696?s=96&d=mm&r=g\",\"contentUrl\":\"https:\/\/secure.gravatar.com\/avatar\/9cb486421ce1d6eddbf6c4fb66841b4325b786695f7aedf1dde2222428218696?s=96&d=mm&r=g\",\"caption\":\"fondazionepirelli\"},\"url\":\"https:\/\/www.fondazionepirelli.org\/it\/author\/fondazionepirelli\/\"}]}<\/script>\n<!-- \/ Yoast SEO plugin. -->","yoast_head_json":{"title":"Tre ragazzi italiani su dieci scelgono un futuro di lavoro e vita all\u2019estero - Fondazione Pirelli","robots":{"index":"index","follow":"follow","max-snippet":"max-snippet:-1","max-image-preview":"max-image-preview:large","max-video-preview":"max-video-preview:-1"},"canonical":"https:\/\/www.fondazionepirelli.org\/it\/cultura-dimpresa\/tre-ragazzi-italiani-su-dieci-scelgono-un-futuro-di-lavoro-e-vita-allestero\/","og_locale":"it_IT","og_type":"article","og_title":"Tre ragazzi italiani su dieci scelgono un futuro di lavoro e vita all\u2019estero - Fondazione Pirelli","og_description":"Dov\u2019\u00e8 il futuro per i giovani italiani? All\u2019estero, dicono tre ragazzi su dieci, intenzionati a lasciare l\u2019Italia per trovare migliori condizioni di lavoro e di vita. E a muoverli \u00e8 la ricerca di una dimensione professionale soddisfacente, di una reale autonomia finanziaria e, per le ragazze, d\u2019una\u00a0 possibilit\u00e0 concreta di superare il divario di genere [&hellip;]","og_url":"https:\/\/www.fondazionepirelli.org\/it\/cultura-dimpresa\/tre-ragazzi-italiani-su-dieci-scelgono-un-futuro-di-lavoro-e-vita-allestero\/","og_site_name":"Fondazione Pirelli","article_published_time":"2022-03-22T10:27:57+00:00","og_image":[{"width":2121,"height":1414,"url":"https:\/\/wpsite-assets.fondazionepirelli.org\/wp-content\/uploads\/2022\/03\/22112725\/GettyImages-1060183690.jpg","type":"image\/jpeg"}],"author":"fondazionepirelli","twitter_card":"summary_large_image","twitter_misc":{"Scritto da":"fondazionepirelli","Tempo di lettura stimato":"5 minuti"},"schema":{"@context":"https:\/\/schema.org","@graph":[{"@type":"WebPage","@id":"https:\/\/www.fondazionepirelli.org\/it\/cultura-dimpresa\/tre-ragazzi-italiani-su-dieci-scelgono-un-futuro-di-lavoro-e-vita-allestero\/","url":"https:\/\/www.fondazionepirelli.org\/it\/cultura-dimpresa\/tre-ragazzi-italiani-su-dieci-scelgono-un-futuro-di-lavoro-e-vita-allestero\/","name":"Tre ragazzi italiani su dieci scelgono un futuro di lavoro e vita all\u2019estero - Fondazione Pirelli","isPartOf":{"@id":"https:\/\/www.fondazionepirelli.org\/it\/#website"},"primaryImageOfPage":{"@id":"https:\/\/www.fondazionepirelli.org\/it\/cultura-dimpresa\/tre-ragazzi-italiani-su-dieci-scelgono-un-futuro-di-lavoro-e-vita-allestero\/#primaryimage"},"image":{"@id":"https:\/\/www.fondazionepirelli.org\/it\/cultura-dimpresa\/tre-ragazzi-italiani-su-dieci-scelgono-un-futuro-di-lavoro-e-vita-allestero\/#primaryimage"},"thumbnailUrl":"https:\/\/wpsite-assets.fondazionepirelli.org\/wp-content\/uploads\/2022\/03\/22112725\/GettyImages-1060183690.jpg","datePublished":"2022-03-22T10:27:57+00:00","author":{"@id":"https:\/\/www.fondazionepirelli.org\/it\/#\/schema\/person\/c31fcf5937a0e6afa45497f3f8b6d7a0"},"breadcrumb":{"@id":"https:\/\/www.fondazionepirelli.org\/it\/cultura-dimpresa\/tre-ragazzi-italiani-su-dieci-scelgono-un-futuro-di-lavoro-e-vita-allestero\/#breadcrumb"},"inLanguage":"it-IT","potentialAction":[{"@type":"ReadAction","target":["https:\/\/www.fondazionepirelli.org\/it\/cultura-dimpresa\/tre-ragazzi-italiani-su-dieci-scelgono-un-futuro-di-lavoro-e-vita-allestero\/"]}]},{"@type":"ImageObject","inLanguage":"it-IT","@id":"https:\/\/www.fondazionepirelli.org\/it\/cultura-dimpresa\/tre-ragazzi-italiani-su-dieci-scelgono-un-futuro-di-lavoro-e-vita-allestero\/#primaryimage","url":"https:\/\/wpsite-assets.fondazionepirelli.org\/wp-content\/uploads\/2022\/03\/22112725\/GettyImages-1060183690.jpg","contentUrl":"https:\/\/wpsite-assets.fondazionepirelli.org\/wp-content\/uploads\/2022\/03\/22112725\/GettyImages-1060183690.jpg","width":2121,"height":1414,"caption":"Rear view of a puzzled businessman having questions in front of a blackboard. Big chalk drawn gear brain above head, positive thinking mess as thoughts. Concept for mental, psychological development."},{"@type":"BreadcrumbList","@id":"https:\/\/www.fondazionepirelli.org\/it\/cultura-dimpresa\/tre-ragazzi-italiani-su-dieci-scelgono-un-futuro-di-lavoro-e-vita-allestero\/#breadcrumb","itemListElement":[{"@type":"ListItem","position":1,"name":"Home","item":"https:\/\/www.fondazionepirelli.org\/it\/"},{"@type":"ListItem","position":2,"name":"Tre ragazzi italiani su dieci scelgono un futuro di lavoro e vita all\u2019estero"}]},{"@type":"WebSite","@id":"https:\/\/www.fondazionepirelli.org\/it\/#website","url":"https:\/\/www.fondazionepirelli.org\/it\/","name":"Fondazione Pirelli","description":"","potentialAction":[{"@type":"SearchAction","target":{"@type":"EntryPoint","urlTemplate":"https:\/\/www.fondazionepirelli.org\/it\/?s={search_term_string}"},"query-input":{"@type":"PropertyValueSpecification","valueRequired":true,"valueName":"search_term_string"}}],"inLanguage":"it-IT"},{"@type":"Person","@id":"https:\/\/www.fondazionepirelli.org\/it\/#\/schema\/person\/c31fcf5937a0e6afa45497f3f8b6d7a0","name":"fondazionepirelli","image":{"@type":"ImageObject","inLanguage":"it-IT","@id":"https:\/\/www.fondazionepirelli.org\/it\/#\/schema\/person\/image\/","url":"https:\/\/secure.gravatar.com\/avatar\/9cb486421ce1d6eddbf6c4fb66841b4325b786695f7aedf1dde2222428218696?s=96&d=mm&r=g","contentUrl":"https:\/\/secure.gravatar.com\/avatar\/9cb486421ce1d6eddbf6c4fb66841b4325b786695f7aedf1dde2222428218696?s=96&d=mm&r=g","caption":"fondazionepirelli"},"url":"https:\/\/www.fondazionepirelli.org\/it\/author\/fondazionepirelli\/"}]}},"_links":{"self":[{"href":"https:\/\/www.fondazionepirelli.org\/it\/wp-json\/wp\/v2\/posts\/88038\/"}],"collection":[{"href":"https:\/\/www.fondazionepirelli.org\/it\/wp-json\/wp\/v2\/posts\/"}],"about":[{"href":"https:\/\/www.fondazionepirelli.org\/it\/wp-json\/wp\/v2\/types\/post\/"}],"author":[{"embeddable":true,"href":"https:\/\/www.fondazionepirelli.org\/it\/wp-json\/wp\/v2\/users\/9\/"}],"replies":[{"embeddable":true,"href":"https:\/\/www.fondazionepirelli.org\/it\/wp-json\/wp\/v2\/comments\/?post=88038"}],"version-history":[{"count":4,"href":"https:\/\/www.fondazionepirelli.org\/it\/wp-json\/wp\/v2\/posts\/88038\/revisions\/"}],"predecessor-version":[{"id":88071,"href":"https:\/\/www.fondazionepirelli.org\/it\/wp-json\/wp\/v2\/posts\/88038\/revisions\/88071\/"}],"wp:featuredmedia":[{"embeddable":true,"href":"https:\/\/www.fondazionepirelli.org\/it\/wp-json\/wp\/v2\/media\/88069\/"}],"wp:attachment":[{"href":"https:\/\/www.fondazionepirelli.org\/it\/wp-json\/wp\/v2\/media\/?parent=88038"}],"wp:term":[{"taxonomy":"category","embeddable":true,"href":"https:\/\/www.fondazionepirelli.org\/it\/wp-json\/wp\/v2\/categories\/?post=88038"},{"taxonomy":"post_tag","embeddable":true,"href":"https:\/\/www.fondazionepirelli.org\/it\/wp-json\/wp\/v2\/tags\/?post=88038"}],"curies":[{"name":"wp","href":"https:\/\/api.w.org\/{rel}","templated":true}]}}