{"id":88041,"date":"2022-03-22T11:28:47","date_gmt":"2022-03-22T10:28:47","guid":{"rendered":"https:\/\/www.fondazionepirelli.org\/?p=88041"},"modified":"2022-03-22T11:28:47","modified_gmt":"2022-03-22T10:28:47","slug":"governare-lincertezza","status":"publish","type":"post","link":"https:\/\/www.fondazionepirelli.org\/it\/cultura-dimpresa\/governare-lincertezza\/","title":{"rendered":"Governare l\u2019incertezza"},"content":{"rendered":"<p><em>Uno degli ultimi interventi del Governatore di Banca d\u2019Italia fornisce gli elementi utili a capire meglio la sitiazione che stiamo vivendo<\/em><\/p><p>L\u2019incertezza, la necessit\u00e0 di sviluppo e i vincoli da superare, il problema delle materie prime e dell\u2019energia, la necessit\u00e0 di non perdere l\u2019attenzione alle interrelazioni tra economia e societ\u00e0. I tempi che \u2013 nostro malgrado -, si stanno attraversando sono densi di quelle che i commentatori chiamano \u201csfide\u201d. Che tutti \u2013 nei rispettivi ruoli e funzioni \u2013 devono in qualche modo comprendere e, poi, affrontare positivamente. E\u2019 per questo che pu\u00f2 far bene leggere \u201cTransizione energetica, finanza e clima: sfide e opportunit\u00e0\u201d, l\u2019intervento che Ignazio Visco \u2013 governatoore di Banca d\u2019Italia -, ha svolto il 14 marzo 2022 in occasione del XIII Conferenza MAECI \u2013 Banca d\u2019Italia con i Delegati e gli Addetti finanziari accreditati all\u2019estero.<\/p>\n<p>La sostanza di quanto esposto da Visco viene colta gi\u00e0 delle prime righe dell\u2019intervento: \u201cL\u2019incontro di oggi cade in un momento tragico: i gravi eventi di queste settimane hanno gettato un\u2019ombra di acuta incertezza su un\u2019economia mondiale che gi\u00e0 negli ultimi quindici anni aveva subito gli sconvolgimenti conseguenti prima alla crisi finanziaria globale, poi alla pandemia. Il contesto emerso dalla fine della guerra fredda sembra ora essere rimesso in questione. Sono divenuti incerti il quadro di integrazione economica e finanziaria internazionale e l\u2019articolato assetto multilaterale che, pur tra molte difficolt\u00e0, era riuscito a mantenere in vita il dialogo e la cooperazione. Crepe gi\u00e0 erano emerse negli ultimi anni; oggi \u00e8 a repentaglio la pace nel nostro continente, elemento cruciale degli equilibri determinatisi nel secondo dopoguerra del secolo scorso. Si tratta di una cesura profonda, oltre che drammatica, che non potr\u00e0 che portare a equilibri diversi, ancorch\u00e9 ora difficili da definire\u201d. Momento cruciale, quindi. Che il governatore poi precisa affrontando alcuni argomenti fondamentali. Prima di tutto, la necessit\u00e0 di affrontare la transizione verso forme di reperimento di energia pi\u00f9 efficaci, poi il dovere direttamente collegato alla transizione energetica di dare risposte chiare al cambiamento climatico. Ma non solo. Visco, infatti tocca anche il significato e il ruolo dell\u2019Europa unita, non solo dal punto di vista geopolitico, ma pure \u2013 e per certi versi soprattutto -, per quanto riguarda proprio le politiche dell\u2019energia e dei cambiamenti del clima. \u00a0Il governatore della banca centrale, poi, arriva a ragionare sugli aspetti finanziari che tutto questo immancabilmente determina.<\/p>\n<p>Coesione e cooperazione appaiono, nel ragionamento condotto da Ignazio Visco, le vere \u201cparole d\u2019ordine\u201d necessarie per affrontare, non solo con cognizione di causa ma con efficacia e razionalit\u00e0, una congiuntura complessa, difficile e rischiosa. La lettura dell\u2019intervento del governatore di Banca d\u2019Italia contribuisce davvero a fornire gli strumenti conoscitivi importanti per agire nella direzione giusta.<\/p><p><a href=\"https:\/\/wpsite-assets.fondazionepirelli.org\/wp-content\/uploads\/2022\/03\/21123308\/Visco-14032022.pdf\"><strong>Transizione energetica, finanza e clima: sfide e opportunit\u00e0<\/strong><\/a><\/p>\n<p>Ignazio Visco<\/p>\n<p>XIII Conferenza MAECI \u2013 Banca d\u2019Italia con i Delegati e gli Addetti finanziari accreditati all\u2019estero, Banca d\u2019Italia, Salone dei Partecipanti 14 marzo 2022<\/p>","protected":false},"excerpt":{"rendered":"<p>Uno degli ultimi interventi del Governatore di Banca d\u2019Italia fornisce gli elementi utili a capire meglio la sitiazione che stiamo vivendoL\u2019incertezza, la necessit\u00e0 di sviluppo e i vincoli da superare, il problema delle materie prime e dell\u2019energia, la necessit\u00e0 di non perdere l\u2019attenzione alle interrelazioni tra economia e societ\u00e0. I tempi che \u2013 nostro malgrado [&hellip;]<\/p>\n","protected":false},"author":9,"featured_media":0,"comment_status":"open","ping_status":"open","sticky":false,"template":"","format":"standard","meta":{"footnotes":""},"categories":[54,52],"tags":[],"class_list":["post-88041","post","type-post","status-publish","format-standard","hentry","category-approfondimenti","category-cultura-dimpresa"],"acf":[],"yoast_head":"<!-- This site is optimized with the Yoast SEO plugin v25.0 - https:\/\/yoast.com\/wordpress\/plugins\/seo\/ -->\n<title>Governare l\u2019incertezza - Fondazione Pirelli<\/title>\n<meta name=\"robots\" content=\"index, follow, max-snippet:-1, max-image-preview:large, max-video-preview:-1\" \/>\n<link rel=\"canonical\" href=\"https:\/\/www.fondazionepirelli.org\/it\/cultura-dimpresa\/governare-lincertezza\/\" \/>\n<meta property=\"og:locale\" content=\"it_IT\" \/>\n<meta property=\"og:type\" content=\"article\" \/>\n<meta property=\"og:title\" content=\"Governare l\u2019incertezza - Fondazione Pirelli\" \/>\n<meta property=\"og:description\" content=\"Uno degli ultimi interventi del Governatore di Banca d\u2019Italia fornisce gli elementi utili a capire meglio la sitiazione che stiamo vivendoL\u2019incertezza, la necessit\u00e0 di sviluppo e i vincoli da superare, il problema delle materie prime e dell\u2019energia, la necessit\u00e0 di non perdere l\u2019attenzione alle interrelazioni tra economia e societ\u00e0. I tempi che \u2013 nostro malgrado [&hellip;]\" \/>\n<meta property=\"og:url\" content=\"https:\/\/www.fondazionepirelli.org\/it\/cultura-dimpresa\/governare-lincertezza\/\" \/>\n<meta property=\"og:site_name\" content=\"Fondazione Pirelli\" \/>\n<meta property=\"article:published_time\" content=\"2022-03-22T10:28:47+00:00\" \/>\n<meta name=\"author\" content=\"fondazionepirelli\" \/>\n<meta name=\"twitter:card\" content=\"summary_large_image\" \/>\n<meta name=\"twitter:label1\" content=\"Scritto da\" \/>\n\t<meta name=\"twitter:data1\" content=\"fondazionepirelli\" \/>\n\t<meta name=\"twitter:label2\" content=\"Tempo di lettura stimato\" \/>\n\t<meta name=\"twitter:data2\" content=\"2 minuti\" \/>\n<script type=\"application\/ld+json\" class=\"yoast-schema-graph\">{\"@context\":\"https:\/\/schema.org\",\"@graph\":[{\"@type\":\"WebPage\",\"@id\":\"https:\/\/www.fondazionepirelli.org\/it\/cultura-dimpresa\/governare-lincertezza\/\",\"url\":\"https:\/\/www.fondazionepirelli.org\/it\/cultura-dimpresa\/governare-lincertezza\/\",\"name\":\"Governare l\u2019incertezza - Fondazione Pirelli\",\"isPartOf\":{\"@id\":\"https:\/\/www.fondazionepirelli.org\/it\/#website\"},\"datePublished\":\"2022-03-22T10:28:47+00:00\",\"author\":{\"@id\":\"https:\/\/www.fondazionepirelli.org\/it\/#\/schema\/person\/c31fcf5937a0e6afa45497f3f8b6d7a0\"},\"breadcrumb\":{\"@id\":\"https:\/\/www.fondazionepirelli.org\/it\/cultura-dimpresa\/governare-lincertezza\/#breadcrumb\"},\"inLanguage\":\"it-IT\",\"potentialAction\":[{\"@type\":\"ReadAction\",\"target\":[\"https:\/\/www.fondazionepirelli.org\/it\/cultura-dimpresa\/governare-lincertezza\/\"]}]},{\"@type\":\"BreadcrumbList\",\"@id\":\"https:\/\/www.fondazionepirelli.org\/it\/cultura-dimpresa\/governare-lincertezza\/#breadcrumb\",\"itemListElement\":[{\"@type\":\"ListItem\",\"position\":1,\"name\":\"Home\",\"item\":\"https:\/\/www.fondazionepirelli.org\/it\/\"},{\"@type\":\"ListItem\",\"position\":2,\"name\":\"Governare l\u2019incertezza\"}]},{\"@type\":\"WebSite\",\"@id\":\"https:\/\/www.fondazionepirelli.org\/it\/#website\",\"url\":\"https:\/\/www.fondazionepirelli.org\/it\/\",\"name\":\"Fondazione Pirelli\",\"description\":\"\",\"potentialAction\":[{\"@type\":\"SearchAction\",\"target\":{\"@type\":\"EntryPoint\",\"urlTemplate\":\"https:\/\/www.fondazionepirelli.org\/it\/?s={search_term_string}\"},\"query-input\":{\"@type\":\"PropertyValueSpecification\",\"valueRequired\":true,\"valueName\":\"search_term_string\"}}],\"inLanguage\":\"it-IT\"},{\"@type\":\"Person\",\"@id\":\"https:\/\/www.fondazionepirelli.org\/it\/#\/schema\/person\/c31fcf5937a0e6afa45497f3f8b6d7a0\",\"name\":\"fondazionepirelli\",\"image\":{\"@type\":\"ImageObject\",\"inLanguage\":\"it-IT\",\"@id\":\"https:\/\/www.fondazionepirelli.org\/it\/#\/schema\/person\/image\/\",\"url\":\"https:\/\/secure.gravatar.com\/avatar\/9cb486421ce1d6eddbf6c4fb66841b4325b786695f7aedf1dde2222428218696?s=96&d=mm&r=g\",\"contentUrl\":\"https:\/\/secure.gravatar.com\/avatar\/9cb486421ce1d6eddbf6c4fb66841b4325b786695f7aedf1dde2222428218696?s=96&d=mm&r=g\",\"caption\":\"fondazionepirelli\"},\"url\":\"https:\/\/www.fondazionepirelli.org\/it\/author\/fondazionepirelli\/\"}]}<\/script>\n<!-- \/ Yoast SEO plugin. -->","yoast_head_json":{"title":"Governare l\u2019incertezza - Fondazione Pirelli","robots":{"index":"index","follow":"follow","max-snippet":"max-snippet:-1","max-image-preview":"max-image-preview:large","max-video-preview":"max-video-preview:-1"},"canonical":"https:\/\/www.fondazionepirelli.org\/it\/cultura-dimpresa\/governare-lincertezza\/","og_locale":"it_IT","og_type":"article","og_title":"Governare l\u2019incertezza - Fondazione Pirelli","og_description":"Uno degli ultimi interventi del Governatore di Banca d\u2019Italia fornisce gli elementi utili a capire meglio la sitiazione che stiamo vivendoL\u2019incertezza, la necessit\u00e0 di sviluppo e i vincoli da superare, il problema delle materie prime e dell\u2019energia, la necessit\u00e0 di non perdere l\u2019attenzione alle interrelazioni tra economia e societ\u00e0. I tempi che \u2013 nostro malgrado [&hellip;]","og_url":"https:\/\/www.fondazionepirelli.org\/it\/cultura-dimpresa\/governare-lincertezza\/","og_site_name":"Fondazione Pirelli","article_published_time":"2022-03-22T10:28:47+00:00","author":"fondazionepirelli","twitter_card":"summary_large_image","twitter_misc":{"Scritto da":"fondazionepirelli","Tempo di lettura stimato":"2 minuti"},"schema":{"@context":"https:\/\/schema.org","@graph":[{"@type":"WebPage","@id":"https:\/\/www.fondazionepirelli.org\/it\/cultura-dimpresa\/governare-lincertezza\/","url":"https:\/\/www.fondazionepirelli.org\/it\/cultura-dimpresa\/governare-lincertezza\/","name":"Governare l\u2019incertezza - Fondazione Pirelli","isPartOf":{"@id":"https:\/\/www.fondazionepirelli.org\/it\/#website"},"datePublished":"2022-03-22T10:28:47+00:00","author":{"@id":"https:\/\/www.fondazionepirelli.org\/it\/#\/schema\/person\/c31fcf5937a0e6afa45497f3f8b6d7a0"},"breadcrumb":{"@id":"https:\/\/www.fondazionepirelli.org\/it\/cultura-dimpresa\/governare-lincertezza\/#breadcrumb"},"inLanguage":"it-IT","potentialAction":[{"@type":"ReadAction","target":["https:\/\/www.fondazionepirelli.org\/it\/cultura-dimpresa\/governare-lincertezza\/"]}]},{"@type":"BreadcrumbList","@id":"https:\/\/www.fondazionepirelli.org\/it\/cultura-dimpresa\/governare-lincertezza\/#breadcrumb","itemListElement":[{"@type":"ListItem","position":1,"name":"Home","item":"https:\/\/www.fondazionepirelli.org\/it\/"},{"@type":"ListItem","position":2,"name":"Governare l\u2019incertezza"}]},{"@type":"WebSite","@id":"https:\/\/www.fondazionepirelli.org\/it\/#website","url":"https:\/\/www.fondazionepirelli.org\/it\/","name":"Fondazione Pirelli","description":"","potentialAction":[{"@type":"SearchAction","target":{"@type":"EntryPoint","urlTemplate":"https:\/\/www.fondazionepirelli.org\/it\/?s={search_term_string}"},"query-input":{"@type":"PropertyValueSpecification","valueRequired":true,"valueName":"search_term_string"}}],"inLanguage":"it-IT"},{"@type":"Person","@id":"https:\/\/www.fondazionepirelli.org\/it\/#\/schema\/person\/c31fcf5937a0e6afa45497f3f8b6d7a0","name":"fondazionepirelli","image":{"@type":"ImageObject","inLanguage":"it-IT","@id":"https:\/\/www.fondazionepirelli.org\/it\/#\/schema\/person\/image\/","url":"https:\/\/secure.gravatar.com\/avatar\/9cb486421ce1d6eddbf6c4fb66841b4325b786695f7aedf1dde2222428218696?s=96&d=mm&r=g","contentUrl":"https:\/\/secure.gravatar.com\/avatar\/9cb486421ce1d6eddbf6c4fb66841b4325b786695f7aedf1dde2222428218696?s=96&d=mm&r=g","caption":"fondazionepirelli"},"url":"https:\/\/www.fondazionepirelli.org\/it\/author\/fondazionepirelli\/"}]}},"_links":{"self":[{"href":"https:\/\/www.fondazionepirelli.org\/it\/wp-json\/wp\/v2\/posts\/88041\/"}],"collection":[{"href":"https:\/\/www.fondazionepirelli.org\/it\/wp-json\/wp\/v2\/posts\/"}],"about":[{"href":"https:\/\/www.fondazionepirelli.org\/it\/wp-json\/wp\/v2\/types\/post\/"}],"author":[{"embeddable":true,"href":"https:\/\/www.fondazionepirelli.org\/it\/wp-json\/wp\/v2\/users\/9\/"}],"replies":[{"embeddable":true,"href":"https:\/\/www.fondazionepirelli.org\/it\/wp-json\/wp\/v2\/comments\/?post=88041"}],"version-history":[{"count":1,"href":"https:\/\/www.fondazionepirelli.org\/it\/wp-json\/wp\/v2\/posts\/88041\/revisions\/"}],"predecessor-version":[{"id":88044,"href":"https:\/\/www.fondazionepirelli.org\/it\/wp-json\/wp\/v2\/posts\/88041\/revisions\/88044\/"}],"wp:attachment":[{"href":"https:\/\/www.fondazionepirelli.org\/it\/wp-json\/wp\/v2\/media\/?parent=88041"}],"wp:term":[{"taxonomy":"category","embeddable":true,"href":"https:\/\/www.fondazionepirelli.org\/it\/wp-json\/wp\/v2\/categories\/?post=88041"},{"taxonomy":"post_tag","embeddable":true,"href":"https:\/\/www.fondazionepirelli.org\/it\/wp-json\/wp\/v2\/tags\/?post=88041"}],"curies":[{"name":"wp","href":"https:\/\/api.w.org\/{rel}","templated":true}]}}