{"id":88045,"date":"2022-03-22T11:28:21","date_gmt":"2022-03-22T10:28:21","guid":{"rendered":"https:\/\/www.fondazionepirelli.org\/?p=88045"},"modified":"2022-03-22T11:28:21","modified_gmt":"2022-03-22T10:28:21","slug":"concreti-archivi-digitali","status":"publish","type":"post","link":"https:\/\/www.fondazionepirelli.org\/it\/cultura-dimpresa\/concreti-archivi-digitali\/","title":{"rendered":"Concreti archivi digitali"},"content":{"rendered":"<p><em>Condensata in un libro teoria e pratica della digitalizzazione applicata all\u2019heritage<\/em><\/p>\n<p><strong>\u00a0<\/strong><\/p>\n<p>Il futuro che rivisita il passato e lo rende pi\u00f9 fruibile e comprensibile. Non un artificio fatto di linguaggio e immagini, ma un\u2019operazione concreta. Che mette a disposizione di tutti nuove fonti di conoscenza. Ed \u00e8 l\u2019intersezione tra tecniche digitali, archivi e patrimoni culturali e d\u2019impresa ad essere uno degli esempi pi\u00f9 importanti e interessanti in questa direzione.<\/p>\n<p>A ragionarci sopra, partendo dagli archvi culturali in senso lato -, \u00e8 stata Margherita Tufarelli (Universit\u00e0 degli studi di Firenze) con il suo \u201cDesign, Heritage e cultura digitale. Scenari per il progetto nell\u2019archivio diffuso\u201d appena pubblicato.<\/p>\n<p>Tufarelli ha cercato di mettere insieme in un unico ragionamento, le possibilit\u00e0 offerte dalle tecniche di digitalizzazione pi\u00f9 innovative del momento, le numerose presenze di archivi culturali in Italia e tutto ci\u00f2 che viene compreso nel concetto di <em>heritage<\/em>. Forte della sua esperienza pluriannuale di ricerca e lavoro in questi ambiti, l\u2019autrice del libro pubblicato da Firenze University Press affronta il tema \u2013 non facile \u2013 in quattro passaggi &#8211; \u201cda patrimonio ad heritage, da oggetti a processi\u201d, \u201cdesign per\/e\/del Cultural Heritage\u201d, \u201cMemoria digitale\u201d, \u201cda luogo di conservazione a strumento di progetto\u201d -, caratterizzati sempre dallo sforzo di coniugare teoria ed esperienza di diversi anni di esperienza tra design e degli archivi culturali.<\/p>\n<p>Scrive Tufarelli: \u201cL\u2019impatto delle tecnologie digitali sembrerebbe aver prodotto un <em>metaverso <\/em>in cui reale e digitale si fondo in una sorta di nuova materialit\u00e0 dalle caratteristiche fisiche inedite, e tutte da scoprire, che danno cita a nuovi terreni di sperimentazione caratterizzati dalla disponibilit\u00e0, dalla pervasivit\u00e0 e dall\u2019accessibilit\u00e0. La nuova materia che viene via via configurandosi appare come il prodotto di interazioni continue tra nuovi media e nuovi strumenti che innescano una complessa manovra culturale di fondo, trovandosi ad incidere sulle dinamiche della produzione di contenuti culturali cos\u00ec come sulla loro trasmissione\u201d.<\/p>\n<p>Viene cos\u00ec delineata una sorta di rappresentazione delle possibilit\u00e0 che nascono dalla attenta coniugazione tra tecniche digitali e archivi culturali. Un modello che pu\u00f2 essere con efficacia trasposto anche nell\u2019ambito degli archivi e dei musei d\u2019impresa.<\/p><p><strong>Design, Heritage e cultura digitale. Scenari per il progetto nell\u2019archivio diffuso<\/strong><\/p>\n<p>Margherita Tufarelli<\/p>\n<p>Firenze University Press, 2022<\/p>","protected":false},"excerpt":{"rendered":"<p>Condensata in un libro teoria e pratica della digitalizzazione applicata all\u2019heritage \u00a0 Il futuro che rivisita il passato e lo rende pi\u00f9 fruibile e comprensibile. Non un artificio fatto di linguaggio e immagini, ma un\u2019operazione concreta. Che mette a disposizione di tutti nuove fonti di conoscenza. Ed \u00e8 l\u2019intersezione tra tecniche digitali, archivi e patrimoni [&hellip;]<\/p>\n","protected":false},"author":9,"featured_media":88047,"comment_status":"open","ping_status":"open","sticky":false,"template":"","format":"standard","meta":{"footnotes":""},"categories":[52,58],"tags":[],"class_list":["post-88045","post","type-post","status-publish","format-standard","has-post-thumbnail","hentry","category-cultura-dimpresa","category-recensioni-libri"],"acf":[],"yoast_head":"<!-- This site is optimized with the Yoast SEO plugin v25.0 - https:\/\/yoast.com\/wordpress\/plugins\/seo\/ -->\n<title>Concreti archivi digitali - Fondazione Pirelli<\/title>\n<meta name=\"robots\" content=\"index, follow, max-snippet:-1, max-image-preview:large, max-video-preview:-1\" \/>\n<link rel=\"canonical\" href=\"https:\/\/www.fondazionepirelli.org\/it\/cultura-dimpresa\/concreti-archivi-digitali\/\" \/>\n<meta property=\"og:locale\" content=\"it_IT\" \/>\n<meta property=\"og:type\" content=\"article\" \/>\n<meta property=\"og:title\" content=\"Concreti archivi digitali - Fondazione Pirelli\" \/>\n<meta property=\"og:description\" content=\"Condensata in un libro teoria e pratica della digitalizzazione applicata all\u2019heritage \u00a0 Il futuro che rivisita il passato e lo rende pi\u00f9 fruibile e comprensibile. Non un artificio fatto di linguaggio e immagini, ma un\u2019operazione concreta. Che mette a disposizione di tutti nuove fonti di conoscenza. Ed \u00e8 l\u2019intersezione tra tecniche digitali, archivi e patrimoni [&hellip;]\" \/>\n<meta property=\"og:url\" content=\"https:\/\/www.fondazionepirelli.org\/it\/cultura-dimpresa\/concreti-archivi-digitali\/\" \/>\n<meta property=\"og:site_name\" content=\"Fondazione Pirelli\" \/>\n<meta property=\"article:published_time\" content=\"2022-03-22T10:28:21+00:00\" \/>\n<meta property=\"og:image\" content=\"https:\/\/wpsite-assets.fondazionepirelli.org\/wp-content\/uploads\/2022\/03\/21123455\/content-e1647862504721.png\" \/>\n\t<meta property=\"og:image:width\" content=\"500\" \/>\n\t<meta property=\"og:image:height\" content=\"636\" \/>\n\t<meta property=\"og:image:type\" content=\"image\/png\" \/>\n<meta name=\"author\" content=\"fondazionepirelli\" \/>\n<meta name=\"twitter:card\" content=\"summary_large_image\" \/>\n<meta name=\"twitter:label1\" content=\"Scritto da\" \/>\n\t<meta name=\"twitter:data1\" content=\"fondazionepirelli\" \/>\n\t<meta name=\"twitter:label2\" content=\"Tempo di lettura stimato\" \/>\n\t<meta name=\"twitter:data2\" content=\"2 minuti\" \/>\n<script type=\"application\/ld+json\" class=\"yoast-schema-graph\">{\"@context\":\"https:\/\/schema.org\",\"@graph\":[{\"@type\":\"WebPage\",\"@id\":\"https:\/\/www.fondazionepirelli.org\/it\/cultura-dimpresa\/concreti-archivi-digitali\/\",\"url\":\"https:\/\/www.fondazionepirelli.org\/it\/cultura-dimpresa\/concreti-archivi-digitali\/\",\"name\":\"Concreti archivi digitali - Fondazione Pirelli\",\"isPartOf\":{\"@id\":\"https:\/\/www.fondazionepirelli.org\/it\/#website\"},\"primaryImageOfPage\":{\"@id\":\"https:\/\/www.fondazionepirelli.org\/it\/cultura-dimpresa\/concreti-archivi-digitali\/#primaryimage\"},\"image\":{\"@id\":\"https:\/\/www.fondazionepirelli.org\/it\/cultura-dimpresa\/concreti-archivi-digitali\/#primaryimage\"},\"thumbnailUrl\":\"https:\/\/wpsite-assets.fondazionepirelli.org\/wp-content\/uploads\/2022\/03\/21123455\/content-e1647862504721.png\",\"datePublished\":\"2022-03-22T10:28:21+00:00\",\"author\":{\"@id\":\"https:\/\/www.fondazionepirelli.org\/it\/#\/schema\/person\/c31fcf5937a0e6afa45497f3f8b6d7a0\"},\"breadcrumb\":{\"@id\":\"https:\/\/www.fondazionepirelli.org\/it\/cultura-dimpresa\/concreti-archivi-digitali\/#breadcrumb\"},\"inLanguage\":\"it-IT\",\"potentialAction\":[{\"@type\":\"ReadAction\",\"target\":[\"https:\/\/www.fondazionepirelli.org\/it\/cultura-dimpresa\/concreti-archivi-digitali\/\"]}]},{\"@type\":\"ImageObject\",\"inLanguage\":\"it-IT\",\"@id\":\"https:\/\/www.fondazionepirelli.org\/it\/cultura-dimpresa\/concreti-archivi-digitali\/#primaryimage\",\"url\":\"https:\/\/wpsite-assets.fondazionepirelli.org\/wp-content\/uploads\/2022\/03\/21123455\/content-e1647862504721.png\",\"contentUrl\":\"https:\/\/wpsite-assets.fondazionepirelli.org\/wp-content\/uploads\/2022\/03\/21123455\/content-e1647862504721.png\",\"width\":500,\"height\":636},{\"@type\":\"BreadcrumbList\",\"@id\":\"https:\/\/www.fondazionepirelli.org\/it\/cultura-dimpresa\/concreti-archivi-digitali\/#breadcrumb\",\"itemListElement\":[{\"@type\":\"ListItem\",\"position\":1,\"name\":\"Home\",\"item\":\"https:\/\/www.fondazionepirelli.org\/it\/\"},{\"@type\":\"ListItem\",\"position\":2,\"name\":\"Concreti archivi digitali\"}]},{\"@type\":\"WebSite\",\"@id\":\"https:\/\/www.fondazionepirelli.org\/it\/#website\",\"url\":\"https:\/\/www.fondazionepirelli.org\/it\/\",\"name\":\"Fondazione Pirelli\",\"description\":\"\",\"potentialAction\":[{\"@type\":\"SearchAction\",\"target\":{\"@type\":\"EntryPoint\",\"urlTemplate\":\"https:\/\/www.fondazionepirelli.org\/it\/?s={search_term_string}\"},\"query-input\":{\"@type\":\"PropertyValueSpecification\",\"valueRequired\":true,\"valueName\":\"search_term_string\"}}],\"inLanguage\":\"it-IT\"},{\"@type\":\"Person\",\"@id\":\"https:\/\/www.fondazionepirelli.org\/it\/#\/schema\/person\/c31fcf5937a0e6afa45497f3f8b6d7a0\",\"name\":\"fondazionepirelli\",\"image\":{\"@type\":\"ImageObject\",\"inLanguage\":\"it-IT\",\"@id\":\"https:\/\/www.fondazionepirelli.org\/it\/#\/schema\/person\/image\/\",\"url\":\"https:\/\/secure.gravatar.com\/avatar\/9cb486421ce1d6eddbf6c4fb66841b4325b786695f7aedf1dde2222428218696?s=96&d=mm&r=g\",\"contentUrl\":\"https:\/\/secure.gravatar.com\/avatar\/9cb486421ce1d6eddbf6c4fb66841b4325b786695f7aedf1dde2222428218696?s=96&d=mm&r=g\",\"caption\":\"fondazionepirelli\"},\"url\":\"https:\/\/www.fondazionepirelli.org\/it\/author\/fondazionepirelli\/\"}]}<\/script>\n<!-- \/ Yoast SEO plugin. -->","yoast_head_json":{"title":"Concreti archivi digitali - Fondazione Pirelli","robots":{"index":"index","follow":"follow","max-snippet":"max-snippet:-1","max-image-preview":"max-image-preview:large","max-video-preview":"max-video-preview:-1"},"canonical":"https:\/\/www.fondazionepirelli.org\/it\/cultura-dimpresa\/concreti-archivi-digitali\/","og_locale":"it_IT","og_type":"article","og_title":"Concreti archivi digitali - Fondazione Pirelli","og_description":"Condensata in un libro teoria e pratica della digitalizzazione applicata all\u2019heritage \u00a0 Il futuro che rivisita il passato e lo rende pi\u00f9 fruibile e comprensibile. Non un artificio fatto di linguaggio e immagini, ma un\u2019operazione concreta. Che mette a disposizione di tutti nuove fonti di conoscenza. Ed \u00e8 l\u2019intersezione tra tecniche digitali, archivi e patrimoni [&hellip;]","og_url":"https:\/\/www.fondazionepirelli.org\/it\/cultura-dimpresa\/concreti-archivi-digitali\/","og_site_name":"Fondazione Pirelli","article_published_time":"2022-03-22T10:28:21+00:00","og_image":[{"width":500,"height":636,"url":"https:\/\/wpsite-assets.fondazionepirelli.org\/wp-content\/uploads\/2022\/03\/21123455\/content-e1647862504721.png","type":"image\/png"}],"author":"fondazionepirelli","twitter_card":"summary_large_image","twitter_misc":{"Scritto da":"fondazionepirelli","Tempo di lettura stimato":"2 minuti"},"schema":{"@context":"https:\/\/schema.org","@graph":[{"@type":"WebPage","@id":"https:\/\/www.fondazionepirelli.org\/it\/cultura-dimpresa\/concreti-archivi-digitali\/","url":"https:\/\/www.fondazionepirelli.org\/it\/cultura-dimpresa\/concreti-archivi-digitali\/","name":"Concreti archivi digitali - Fondazione Pirelli","isPartOf":{"@id":"https:\/\/www.fondazionepirelli.org\/it\/#website"},"primaryImageOfPage":{"@id":"https:\/\/www.fondazionepirelli.org\/it\/cultura-dimpresa\/concreti-archivi-digitali\/#primaryimage"},"image":{"@id":"https:\/\/www.fondazionepirelli.org\/it\/cultura-dimpresa\/concreti-archivi-digitali\/#primaryimage"},"thumbnailUrl":"https:\/\/wpsite-assets.fondazionepirelli.org\/wp-content\/uploads\/2022\/03\/21123455\/content-e1647862504721.png","datePublished":"2022-03-22T10:28:21+00:00","author":{"@id":"https:\/\/www.fondazionepirelli.org\/it\/#\/schema\/person\/c31fcf5937a0e6afa45497f3f8b6d7a0"},"breadcrumb":{"@id":"https:\/\/www.fondazionepirelli.org\/it\/cultura-dimpresa\/concreti-archivi-digitali\/#breadcrumb"},"inLanguage":"it-IT","potentialAction":[{"@type":"ReadAction","target":["https:\/\/www.fondazionepirelli.org\/it\/cultura-dimpresa\/concreti-archivi-digitali\/"]}]},{"@type":"ImageObject","inLanguage":"it-IT","@id":"https:\/\/www.fondazionepirelli.org\/it\/cultura-dimpresa\/concreti-archivi-digitali\/#primaryimage","url":"https:\/\/wpsite-assets.fondazionepirelli.org\/wp-content\/uploads\/2022\/03\/21123455\/content-e1647862504721.png","contentUrl":"https:\/\/wpsite-assets.fondazionepirelli.org\/wp-content\/uploads\/2022\/03\/21123455\/content-e1647862504721.png","width":500,"height":636},{"@type":"BreadcrumbList","@id":"https:\/\/www.fondazionepirelli.org\/it\/cultura-dimpresa\/concreti-archivi-digitali\/#breadcrumb","itemListElement":[{"@type":"ListItem","position":1,"name":"Home","item":"https:\/\/www.fondazionepirelli.org\/it\/"},{"@type":"ListItem","position":2,"name":"Concreti archivi digitali"}]},{"@type":"WebSite","@id":"https:\/\/www.fondazionepirelli.org\/it\/#website","url":"https:\/\/www.fondazionepirelli.org\/it\/","name":"Fondazione Pirelli","description":"","potentialAction":[{"@type":"SearchAction","target":{"@type":"EntryPoint","urlTemplate":"https:\/\/www.fondazionepirelli.org\/it\/?s={search_term_string}"},"query-input":{"@type":"PropertyValueSpecification","valueRequired":true,"valueName":"search_term_string"}}],"inLanguage":"it-IT"},{"@type":"Person","@id":"https:\/\/www.fondazionepirelli.org\/it\/#\/schema\/person\/c31fcf5937a0e6afa45497f3f8b6d7a0","name":"fondazionepirelli","image":{"@type":"ImageObject","inLanguage":"it-IT","@id":"https:\/\/www.fondazionepirelli.org\/it\/#\/schema\/person\/image\/","url":"https:\/\/secure.gravatar.com\/avatar\/9cb486421ce1d6eddbf6c4fb66841b4325b786695f7aedf1dde2222428218696?s=96&d=mm&r=g","contentUrl":"https:\/\/secure.gravatar.com\/avatar\/9cb486421ce1d6eddbf6c4fb66841b4325b786695f7aedf1dde2222428218696?s=96&d=mm&r=g","caption":"fondazionepirelli"},"url":"https:\/\/www.fondazionepirelli.org\/it\/author\/fondazionepirelli\/"}]}},"_links":{"self":[{"href":"https:\/\/www.fondazionepirelli.org\/it\/wp-json\/wp\/v2\/posts\/88045\/"}],"collection":[{"href":"https:\/\/www.fondazionepirelli.org\/it\/wp-json\/wp\/v2\/posts\/"}],"about":[{"href":"https:\/\/www.fondazionepirelli.org\/it\/wp-json\/wp\/v2\/types\/post\/"}],"author":[{"embeddable":true,"href":"https:\/\/www.fondazionepirelli.org\/it\/wp-json\/wp\/v2\/users\/9\/"}],"replies":[{"embeddable":true,"href":"https:\/\/www.fondazionepirelli.org\/it\/wp-json\/wp\/v2\/comments\/?post=88045"}],"version-history":[{"count":1,"href":"https:\/\/www.fondazionepirelli.org\/it\/wp-json\/wp\/v2\/posts\/88045\/revisions\/"}],"predecessor-version":[{"id":88046,"href":"https:\/\/www.fondazionepirelli.org\/it\/wp-json\/wp\/v2\/posts\/88045\/revisions\/88046\/"}],"wp:featuredmedia":[{"embeddable":true,"href":"https:\/\/www.fondazionepirelli.org\/it\/wp-json\/wp\/v2\/media\/88047\/"}],"wp:attachment":[{"href":"https:\/\/www.fondazionepirelli.org\/it\/wp-json\/wp\/v2\/media\/?parent=88045"}],"wp:term":[{"taxonomy":"category","embeddable":true,"href":"https:\/\/www.fondazionepirelli.org\/it\/wp-json\/wp\/v2\/categories\/?post=88045"},{"taxonomy":"post_tag","embeddable":true,"href":"https:\/\/www.fondazionepirelli.org\/it\/wp-json\/wp\/v2\/tags\/?post=88045"}],"curies":[{"name":"wp","href":"https:\/\/api.w.org\/{rel}","templated":true}]}}