{"id":88406,"date":"2022-04-05T07:48:54","date_gmt":"2022-04-05T06:48:54","guid":{"rendered":"https:\/\/www.fondazionepirelli.org\/?p=88406"},"modified":"2022-04-05T07:48:54","modified_gmt":"2022-04-05T06:48:54","slug":"il-valore-dei-buoni-maestri-per-le-battaglie-culturali-e-civili-e-la-ripresa-economica-ue","status":"publish","type":"post","link":"https:\/\/www.fondazionepirelli.org\/it\/cultura-dimpresa\/il-valore-dei-buoni-maestri-per-le-battaglie-culturali-e-civili-e-la-ripresa-economica-ue\/","title":{"rendered":"Il valore dei buoni maestri per le battaglie culturali e civili e la ripresa economica Ue"},"content":{"rendered":"<p>La<strong> tragedia di una guerra<\/strong>, nel cuore dell\u2019Europa, con le atrocit\u00e0, il dolore delle vittime, i pericoli di un allargamento del fronte del conflitto, sino a paventare il rischio atomico. E, sul fronte economico e sociale, le ombre dell\u2019intreccio tra inflazione e recessione. Viviamo settimane di cupezza, mentre sono tutt\u2019altro che dissolti i contagi della pandemia da Covid19 con il suo strascico di morte e infermit\u00e0 di lunga durata. E resta d\u2019attualit\u00e0 l\u2019incombere di catastrofi da climate change. Il tempo presente \u00e8 drammatico, tra \u201c<strong>la societ\u00e0 del rischio<\/strong>\u201d teorizzata da Ulrich Beck e \u201cl\u2019et\u00e0 dell\u2019incertezza\u201d in una dimensione ben pi\u00f9 complessa di quella pur analizzata con lungimiranza, alla fine degli anni Settanta del Novecento, da John Kenneth Galbraith. E la \u201c<strong>societ\u00e0 liquida<\/strong>\u201d, sfuggente, multiforme e contraddittoria lucidamente descritta da Zygmunt Bauman si ritrova molto pi\u00f9 carica di tensioni e afflitta da \u201cretrotopia\u201d, da nostalgia d\u2019un passato apprezzato come luogo magico di stabilit\u00e0 e buon futuro. Si incrinano i miti del \u201cprogresso\u201d, della \u201cragione\u201d, della crescita economica di lunga durata e della globalizzazione trionfante perch\u00e9 positiva per tutti. E, nel fluire doloroso di eventi che sino a ieri non avevamo previsto (appaiono in scena i \u201ccigni neri\u201d rari e inattesi delle crisi radicali), crescono delusioni, rancori, fughe sconsiderate nel \u201cpensiero magico\u201d e nelle teorie dei \u201ccomplotti\u201d e cresce il fascino per i leader autoritari, per le scorciatoie dell\u2019assolutismo.<\/p>\n<p>Accettare il declino e il degrado? Lasciarsi \u201cassorbire dall\u2019inferno\u201d? Tutt\u2019altro. Semmai, rileggendo la sapiente conclusione de \u201cLe citt\u00e0 invisibili\u201d di Italo Calvino, \u00e8 necessario \u201ccercare e saper riconoscere chi e cosa, in mezzo all\u2019inferno, non \u00e8 inferno, e farlo durare, e dargli spazio\u201d.<\/p>\n<p>La guerra, la pandemia ancora in corso e le devastazioni ambientali sono il nostro \u201cinferno\u201d. E c\u2019\u00e8, appunto in stagioni cos\u00ec difficili e controverse, una chiara <strong>responsabilit\u00e0<\/strong> per gli intellettuali e per gli attori sociali che hanno a cuore qualit\u00e0 e stabilit\u00e0 di un migliore futuro: approfondire pensieri critici sugli equilibri politici, economici e sociali da ricostruire e scrivere nuove e migliori mappe della conoscenza d\u2019un mondo in trasformazione. Pensieri critici fondati su scienza e competenze, tutto il contrario del vociare vanitoso e scomposto nei talk show in Tv e sui social media. E mappe di valori e relazioni, spoglie di nostalgie e pensieri malinconici e dense, semmai, di progetti e strumenti per nuove governance che investano relazioni, interessi, affari, valori.<\/p>\n<p>Sono tempi in cui affidarsi a buoni maestri, valorizzando il senso etimologico della parola, quel magister forte del magis, che indica qualit\u00e0, ben diverso dal plus che indica qualit\u00e0 (una distinzione ben messa in evidenza da un sapiente giurista, Natalino Irti). E in cui, appunto in nome del valore del pensiero critico, imparare a distinguere pi\u00f9 e meglio di prima, cultura da propaganda, intelligenza da conformismo (c\u2019\u00e8 del conformismo anche nella cancel culture e nei vezzi salottieri controcorrente), conoscenza e sincera volont\u00e0 di entrare nel merito di conflitti e contraddizioni e corsa incoerente a strappare consensi nei sondaggi d\u2019opinione senza curarsi delle conseguenze sugli assetti politici e sociali.<\/p>\n<p>Restiamo ancora sul latino, lingua esatta, del \u201cragionare\u201d, per ricordare (lo avevamo fatto nel blog dell\u20191 febbraio) la distinzione tra loquens (chi parla comunque, indipendentemente dal peso e dal valore di ci\u00f2 che dice) ed eloquens (chi parla bene sapendo ci\u00f2 che dice). E affidiamoci alla chiarezza francese che sa distinguere \u00e9crivain (lo scrittore, prendendo ad esempio Pascal, admirable \u00e9crivain, secondo Saint-Beuve) da \u00e9crivant (chi fa scrittura tecnica, burocratica, senza spessore n\u00e9 qualit\u00e0 intellettuale e creativa).<\/p>\n<p>E\u2019 il tempo dei maestri capaci di parlare, scrivere, ragionare. E ingaggiare una vera e propria battaglia delle idee per difendere, riaffermare e rilanciare i valori della societ\u00e0 aperta, della democrazia liberale che \u00e8 tutt\u2019altro che \u201cdecadente e obsoleta\u201d, del pensiero critico e dello sviluppo sostenibile, ambientale e sociale, maturato nell\u2019ambito della democrazia economica e dell\u2019economia di mercato.<\/p>\n<p>E\u2019 il tempo del dialogo, naturalmente, tra l\u2019Occidente democratico e il resto del mondo, apprezzando le diversit\u00e0 di culture e valori, senza pretendere di \u201cesportare la democrazia\u201d ma anche senza rinunciare a difendere lo \u201cStato di diritto\u201d (vale la pena, a proposito, di rileggere le opere di Giovanni Sartori, un grande maestro della democrazia liberale e parlamentare, a cinque anni dalla sua scomparsa, come suggerisce correttamente il \u201cCorriere della Sera\u201d di domenica 3 aprile).<\/p>\n<p>E\u2019 il tempo di insistere sul ruolo e il peso di una Ue che, dopo aver organizzato una positiva risposta alla pandemia e alle sue conseguenze economiche con il Recovery Plan Next Generation,\u00a0 adesso ragiona di autonomia e sicurezza strategica, parlando di politiche comuni per la difesa, l\u2019energia e la ricerca scientifica e l\u2019innovazione tecnologica. E ha ragione Lucrezia Reichlin quando sostiene che \u201cper rispondere alla crisi ucraina serve <strong>una nuova governance economica<\/strong>\u201d (\u201cIl Sole24Ore\u201d, 2 aprile) per \u201clo sviluppo di una capacit\u00e0 economica comune\u201d per fare fronte a recessione, transizione energetica e digitale, risposte alle tensioni sociali conseguenti.<\/p>\n<p>Nessuno sa bene come e quando usciremo da questa crisi. Sappiamo per\u00f2 che servono risposte politiche e culturali all\u2019altezza delle sfide geopolitiche che investono non solo il mondo degli affari, ma soprattutto gli assetti democratici e civili, un intero sistema di valori cui non rinunciare.<\/p>\n<p>Rieccoci, cos\u00ec, all\u2019orizzonte largo dei buoni maestri. Rileggendo, con un filo di speranza, le parole del profeta Isaia: \u201cSentinella, dimmi, quanto resta ancora della notte?\u201d. \u201dLa notte sta per finire, ma l\u2019alba non \u00e8 ancora spuntata; tornate di nuovo perci\u00f2 a domandare; non vi stancate, insistete!\u201d. In questo tempo tagliente e incerto, serve andare avanti, a capire, a cercare, senza cedere allo sconforto e alla resa.<\/p>\n","protected":false},"excerpt":{"rendered":"<p>La tragedia di una guerra, nel cuore dell\u2019Europa, con le atrocit\u00e0, il dolore delle vittime, i pericoli di un allargamento del fronte del conflitto, sino a paventare il rischio atomico. E, sul fronte economico e sociale, le ombre dell\u2019intreccio tra inflazione e recessione. Viviamo settimane di cupezza, mentre sono tutt\u2019altro che dissolti i contagi della [&hellip;]<\/p>\n","protected":false},"author":9,"featured_media":88566,"comment_status":"open","ping_status":"open","sticky":false,"template":"","format":"standard","meta":{"footnotes":""},"categories":[53,52],"tags":[],"class_list":["post-88406","post","type-post","status-publish","format-standard","has-post-thumbnail","hentry","category-blog","category-cultura-dimpresa"],"acf":[],"yoast_head":"<!-- This site is optimized with the Yoast SEO plugin v25.0 - https:\/\/yoast.com\/wordpress\/plugins\/seo\/ -->\n<title>Il valore dei buoni maestri per le battaglie culturali e civili e la ripresa economica Ue - Fondazione Pirelli<\/title>\n<meta name=\"robots\" content=\"index, follow, max-snippet:-1, max-image-preview:large, max-video-preview:-1\" \/>\n<link rel=\"canonical\" href=\"https:\/\/www.fondazionepirelli.org\/it\/cultura-dimpresa\/il-valore-dei-buoni-maestri-per-le-battaglie-culturali-e-civili-e-la-ripresa-economica-ue\/\" \/>\n<meta property=\"og:locale\" content=\"it_IT\" \/>\n<meta property=\"og:type\" content=\"article\" \/>\n<meta property=\"og:title\" content=\"Il valore dei buoni maestri per le battaglie culturali e civili e la ripresa economica Ue - Fondazione Pirelli\" \/>\n<meta property=\"og:description\" content=\"La tragedia di una guerra, nel cuore dell\u2019Europa, con le atrocit\u00e0, il dolore delle vittime, i pericoli di un allargamento del fronte del conflitto, sino a paventare il rischio atomico. E, sul fronte economico e sociale, le ombre dell\u2019intreccio tra inflazione e recessione. Viviamo settimane di cupezza, mentre sono tutt\u2019altro che dissolti i contagi della [&hellip;]\" \/>\n<meta property=\"og:url\" content=\"https:\/\/127.0.0.1\/it\/cultura-dimpresa\/il-valore-dei-buoni-maestri-per-le-battaglie-culturali-e-civili-e-la-ripresa-economica-ue\/\" \/>\n<meta property=\"og:site_name\" content=\"Fondazione Pirelli\" \/>\n<meta property=\"article:published_time\" content=\"2022-04-05T06:48:54+00:00\" \/>\n<meta property=\"og:image\" content=\"https:\/\/wpsite-assets.fondazionepirelli.org\/wp-content\/uploads\/2022\/04\/05074845\/GettyImages-931338658.jpg\" \/>\n\t<meta property=\"og:image:width\" content=\"3731\" \/>\n\t<meta property=\"og:image:height\" content=\"5620\" \/>\n\t<meta property=\"og:image:type\" content=\"image\/jpeg\" \/>\n<meta name=\"author\" content=\"fondazionepirelli\" \/>\n<meta name=\"twitter:card\" content=\"summary_large_image\" \/>\n<meta name=\"twitter:label1\" content=\"Scritto da\" \/>\n\t<meta name=\"twitter:data1\" content=\"fondazionepirelli\" \/>\n\t<meta name=\"twitter:label2\" content=\"Tempo di lettura stimato\" \/>\n\t<meta name=\"twitter:data2\" content=\"5 minuti\" \/>\n<script type=\"application\/ld+json\" class=\"yoast-schema-graph\">{\"@context\":\"https:\/\/schema.org\",\"@graph\":[{\"@type\":\"WebPage\",\"@id\":\"https:\/\/127.0.0.1\/it\/cultura-dimpresa\/il-valore-dei-buoni-maestri-per-le-battaglie-culturali-e-civili-e-la-ripresa-economica-ue\/\",\"url\":\"https:\/\/127.0.0.1\/it\/cultura-dimpresa\/il-valore-dei-buoni-maestri-per-le-battaglie-culturali-e-civili-e-la-ripresa-economica-ue\/\",\"name\":\"Il valore dei buoni maestri per le battaglie culturali e civili e la ripresa economica Ue - Fondazione Pirelli\",\"isPartOf\":{\"@id\":\"https:\/\/www.fondazionepirelli.org\/it\/#website\"},\"primaryImageOfPage\":{\"@id\":\"https:\/\/127.0.0.1\/it\/cultura-dimpresa\/il-valore-dei-buoni-maestri-per-le-battaglie-culturali-e-civili-e-la-ripresa-economica-ue\/#primaryimage\"},\"image\":{\"@id\":\"https:\/\/127.0.0.1\/it\/cultura-dimpresa\/il-valore-dei-buoni-maestri-per-le-battaglie-culturali-e-civili-e-la-ripresa-economica-ue\/#primaryimage\"},\"thumbnailUrl\":\"https:\/\/wpsite-assets.fondazionepirelli.org\/wp-content\/uploads\/2022\/04\/05074845\/GettyImages-931338658.jpg\",\"datePublished\":\"2022-04-05T06:48:54+00:00\",\"author\":{\"@id\":\"https:\/\/www.fondazionepirelli.org\/it\/#\/schema\/person\/c31fcf5937a0e6afa45497f3f8b6d7a0\"},\"breadcrumb\":{\"@id\":\"https:\/\/127.0.0.1\/it\/cultura-dimpresa\/il-valore-dei-buoni-maestri-per-le-battaglie-culturali-e-civili-e-la-ripresa-economica-ue\/#breadcrumb\"},\"inLanguage\":\"it-IT\",\"potentialAction\":[{\"@type\":\"ReadAction\",\"target\":[\"https:\/\/127.0.0.1\/it\/cultura-dimpresa\/il-valore-dei-buoni-maestri-per-le-battaglie-culturali-e-civili-e-la-ripresa-economica-ue\/\"]}]},{\"@type\":\"ImageObject\",\"inLanguage\":\"it-IT\",\"@id\":\"https:\/\/127.0.0.1\/it\/cultura-dimpresa\/il-valore-dei-buoni-maestri-per-le-battaglie-culturali-e-civili-e-la-ripresa-economica-ue\/#primaryimage\",\"url\":\"https:\/\/wpsite-assets.fondazionepirelli.org\/wp-content\/uploads\/2022\/04\/05074845\/GettyImages-931338658.jpg\",\"contentUrl\":\"https:\/\/wpsite-assets.fondazionepirelli.org\/wp-content\/uploads\/2022\/04\/05074845\/GettyImages-931338658.jpg\",\"width\":3731,\"height\":5620,\"caption\":\"Euclid tracing geometric shapes surrounded by students, detail from the School of Athens, fresco by Raphael (1483-1520), Room of the Segnatura, Apostolic Palace, drawing by A Paquier from The Vatican Museums, 1870, by Francesco Wey (1812- 1882), from Il Giro del mondo (World Tour), Journal of geography, travel and costumes, Volume XVII, Issue 5, January 30, 1873.\"},{\"@type\":\"BreadcrumbList\",\"@id\":\"https:\/\/127.0.0.1\/it\/cultura-dimpresa\/il-valore-dei-buoni-maestri-per-le-battaglie-culturali-e-civili-e-la-ripresa-economica-ue\/#breadcrumb\",\"itemListElement\":[{\"@type\":\"ListItem\",\"position\":1,\"name\":\"Home\",\"item\":\"https:\/\/www.fondazionepirelli.org\/it\/\"},{\"@type\":\"ListItem\",\"position\":2,\"name\":\"Il valore dei buoni maestri per le battaglie culturali e civili e la ripresa economica Ue\"}]},{\"@type\":\"WebSite\",\"@id\":\"https:\/\/www.fondazionepirelli.org\/it\/#website\",\"url\":\"https:\/\/www.fondazionepirelli.org\/it\/\",\"name\":\"Fondazione Pirelli\",\"description\":\"\",\"potentialAction\":[{\"@type\":\"SearchAction\",\"target\":{\"@type\":\"EntryPoint\",\"urlTemplate\":\"https:\/\/www.fondazionepirelli.org\/it\/?s={search_term_string}\"},\"query-input\":{\"@type\":\"PropertyValueSpecification\",\"valueRequired\":true,\"valueName\":\"search_term_string\"}}],\"inLanguage\":\"it-IT\"},{\"@type\":\"Person\",\"@id\":\"https:\/\/www.fondazionepirelli.org\/it\/#\/schema\/person\/c31fcf5937a0e6afa45497f3f8b6d7a0\",\"name\":\"fondazionepirelli\",\"image\":{\"@type\":\"ImageObject\",\"inLanguage\":\"it-IT\",\"@id\":\"https:\/\/www.fondazionepirelli.org\/it\/#\/schema\/person\/image\/\",\"url\":\"https:\/\/secure.gravatar.com\/avatar\/9cb486421ce1d6eddbf6c4fb66841b4325b786695f7aedf1dde2222428218696?s=96&d=mm&r=g\",\"contentUrl\":\"https:\/\/secure.gravatar.com\/avatar\/9cb486421ce1d6eddbf6c4fb66841b4325b786695f7aedf1dde2222428218696?s=96&d=mm&r=g\",\"caption\":\"fondazionepirelli\"},\"url\":\"https:\/\/www.fondazionepirelli.org\/it\/author\/fondazionepirelli\/\"}]}<\/script>\n<!-- \/ Yoast SEO plugin. -->","yoast_head_json":{"title":"Il valore dei buoni maestri per le battaglie culturali e civili e la ripresa economica Ue - Fondazione Pirelli","robots":{"index":"index","follow":"follow","max-snippet":"max-snippet:-1","max-image-preview":"max-image-preview:large","max-video-preview":"max-video-preview:-1"},"canonical":"https:\/\/www.fondazionepirelli.org\/it\/cultura-dimpresa\/il-valore-dei-buoni-maestri-per-le-battaglie-culturali-e-civili-e-la-ripresa-economica-ue\/","og_locale":"it_IT","og_type":"article","og_title":"Il valore dei buoni maestri per le battaglie culturali e civili e la ripresa economica Ue - Fondazione Pirelli","og_description":"La tragedia di una guerra, nel cuore dell\u2019Europa, con le atrocit\u00e0, il dolore delle vittime, i pericoli di un allargamento del fronte del conflitto, sino a paventare il rischio atomico. E, sul fronte economico e sociale, le ombre dell\u2019intreccio tra inflazione e recessione. Viviamo settimane di cupezza, mentre sono tutt\u2019altro che dissolti i contagi della [&hellip;]","og_url":"https:\/\/127.0.0.1\/it\/cultura-dimpresa\/il-valore-dei-buoni-maestri-per-le-battaglie-culturali-e-civili-e-la-ripresa-economica-ue\/","og_site_name":"Fondazione Pirelli","article_published_time":"2022-04-05T06:48:54+00:00","og_image":[{"width":3731,"height":5620,"url":"https:\/\/wpsite-assets.fondazionepirelli.org\/wp-content\/uploads\/2022\/04\/05074845\/GettyImages-931338658.jpg","type":"image\/jpeg"}],"author":"fondazionepirelli","twitter_card":"summary_large_image","twitter_misc":{"Scritto da":"fondazionepirelli","Tempo di lettura stimato":"5 minuti"},"schema":{"@context":"https:\/\/schema.org","@graph":[{"@type":"WebPage","@id":"https:\/\/127.0.0.1\/it\/cultura-dimpresa\/il-valore-dei-buoni-maestri-per-le-battaglie-culturali-e-civili-e-la-ripresa-economica-ue\/","url":"https:\/\/127.0.0.1\/it\/cultura-dimpresa\/il-valore-dei-buoni-maestri-per-le-battaglie-culturali-e-civili-e-la-ripresa-economica-ue\/","name":"Il valore dei buoni maestri per le battaglie culturali e civili e la ripresa economica Ue - Fondazione Pirelli","isPartOf":{"@id":"https:\/\/www.fondazionepirelli.org\/it\/#website"},"primaryImageOfPage":{"@id":"https:\/\/127.0.0.1\/it\/cultura-dimpresa\/il-valore-dei-buoni-maestri-per-le-battaglie-culturali-e-civili-e-la-ripresa-economica-ue\/#primaryimage"},"image":{"@id":"https:\/\/127.0.0.1\/it\/cultura-dimpresa\/il-valore-dei-buoni-maestri-per-le-battaglie-culturali-e-civili-e-la-ripresa-economica-ue\/#primaryimage"},"thumbnailUrl":"https:\/\/wpsite-assets.fondazionepirelli.org\/wp-content\/uploads\/2022\/04\/05074845\/GettyImages-931338658.jpg","datePublished":"2022-04-05T06:48:54+00:00","author":{"@id":"https:\/\/www.fondazionepirelli.org\/it\/#\/schema\/person\/c31fcf5937a0e6afa45497f3f8b6d7a0"},"breadcrumb":{"@id":"https:\/\/127.0.0.1\/it\/cultura-dimpresa\/il-valore-dei-buoni-maestri-per-le-battaglie-culturali-e-civili-e-la-ripresa-economica-ue\/#breadcrumb"},"inLanguage":"it-IT","potentialAction":[{"@type":"ReadAction","target":["https:\/\/127.0.0.1\/it\/cultura-dimpresa\/il-valore-dei-buoni-maestri-per-le-battaglie-culturali-e-civili-e-la-ripresa-economica-ue\/"]}]},{"@type":"ImageObject","inLanguage":"it-IT","@id":"https:\/\/127.0.0.1\/it\/cultura-dimpresa\/il-valore-dei-buoni-maestri-per-le-battaglie-culturali-e-civili-e-la-ripresa-economica-ue\/#primaryimage","url":"https:\/\/wpsite-assets.fondazionepirelli.org\/wp-content\/uploads\/2022\/04\/05074845\/GettyImages-931338658.jpg","contentUrl":"https:\/\/wpsite-assets.fondazionepirelli.org\/wp-content\/uploads\/2022\/04\/05074845\/GettyImages-931338658.jpg","width":3731,"height":5620,"caption":"Euclid tracing geometric shapes surrounded by students, detail from the School of Athens, fresco by Raphael (1483-1520), Room of the Segnatura, Apostolic Palace, drawing by A Paquier from The Vatican Museums, 1870, by Francesco Wey (1812- 1882), from Il Giro del mondo (World Tour), Journal of geography, travel and costumes, Volume XVII, Issue 5, January 30, 1873."},{"@type":"BreadcrumbList","@id":"https:\/\/127.0.0.1\/it\/cultura-dimpresa\/il-valore-dei-buoni-maestri-per-le-battaglie-culturali-e-civili-e-la-ripresa-economica-ue\/#breadcrumb","itemListElement":[{"@type":"ListItem","position":1,"name":"Home","item":"https:\/\/www.fondazionepirelli.org\/it\/"},{"@type":"ListItem","position":2,"name":"Il valore dei buoni maestri per le battaglie culturali e civili e la ripresa economica Ue"}]},{"@type":"WebSite","@id":"https:\/\/www.fondazionepirelli.org\/it\/#website","url":"https:\/\/www.fondazionepirelli.org\/it\/","name":"Fondazione Pirelli","description":"","potentialAction":[{"@type":"SearchAction","target":{"@type":"EntryPoint","urlTemplate":"https:\/\/www.fondazionepirelli.org\/it\/?s={search_term_string}"},"query-input":{"@type":"PropertyValueSpecification","valueRequired":true,"valueName":"search_term_string"}}],"inLanguage":"it-IT"},{"@type":"Person","@id":"https:\/\/www.fondazionepirelli.org\/it\/#\/schema\/person\/c31fcf5937a0e6afa45497f3f8b6d7a0","name":"fondazionepirelli","image":{"@type":"ImageObject","inLanguage":"it-IT","@id":"https:\/\/www.fondazionepirelli.org\/it\/#\/schema\/person\/image\/","url":"https:\/\/secure.gravatar.com\/avatar\/9cb486421ce1d6eddbf6c4fb66841b4325b786695f7aedf1dde2222428218696?s=96&d=mm&r=g","contentUrl":"https:\/\/secure.gravatar.com\/avatar\/9cb486421ce1d6eddbf6c4fb66841b4325b786695f7aedf1dde2222428218696?s=96&d=mm&r=g","caption":"fondazionepirelli"},"url":"https:\/\/www.fondazionepirelli.org\/it\/author\/fondazionepirelli\/"}]}},"_links":{"self":[{"href":"https:\/\/www.fondazionepirelli.org\/it\/wp-json\/wp\/v2\/posts\/88406\/"}],"collection":[{"href":"https:\/\/www.fondazionepirelli.org\/it\/wp-json\/wp\/v2\/posts\/"}],"about":[{"href":"https:\/\/www.fondazionepirelli.org\/it\/wp-json\/wp\/v2\/types\/post\/"}],"author":[{"embeddable":true,"href":"https:\/\/www.fondazionepirelli.org\/it\/wp-json\/wp\/v2\/users\/9\/"}],"replies":[{"embeddable":true,"href":"https:\/\/www.fondazionepirelli.org\/it\/wp-json\/wp\/v2\/comments\/?post=88406"}],"version-history":[{"count":2,"href":"https:\/\/www.fondazionepirelli.org\/it\/wp-json\/wp\/v2\/posts\/88406\/revisions\/"}],"predecessor-version":[{"id":88413,"href":"https:\/\/www.fondazionepirelli.org\/it\/wp-json\/wp\/v2\/posts\/88406\/revisions\/88413\/"}],"wp:featuredmedia":[{"embeddable":true,"href":"https:\/\/www.fondazionepirelli.org\/it\/wp-json\/wp\/v2\/media\/88566\/"}],"wp:attachment":[{"href":"https:\/\/www.fondazionepirelli.org\/it\/wp-json\/wp\/v2\/media\/?parent=88406"}],"wp:term":[{"taxonomy":"category","embeddable":true,"href":"https:\/\/www.fondazionepirelli.org\/it\/wp-json\/wp\/v2\/categories\/?post=88406"},{"taxonomy":"post_tag","embeddable":true,"href":"https:\/\/www.fondazionepirelli.org\/it\/wp-json\/wp\/v2\/tags\/?post=88406"}],"curies":[{"name":"wp","href":"https:\/\/api.w.org\/{rel}","templated":true}]}}