{"id":88774,"date":"2022-04-12T09:08:24","date_gmt":"2022-04-12T08:08:24","guid":{"rendered":"https:\/\/www.fondazionepirelli.org\/?p=88774"},"modified":"2022-04-12T10:54:27","modified_gmt":"2022-04-12T09:54:27","slug":"la-trasformazione-dopo-la-pandemia","status":"publish","type":"post","link":"https:\/\/www.fondazionepirelli.org\/it\/cultura-dimpresa\/la-trasformazione-dopo-la-pandemia\/","title":{"rendered":"La trasformazione dopo la pandemia"},"content":{"rendered":"<p><em>Una raccolta di ricerche mette a fuoco i temi attorno ai quali fondare un nuovo modo di vivere e lavorare<\/em><\/p><p>Com\u2019\u00e8 cambiato il mondo dopo la pandemia da Covid-19? L\u2019interrogativo non \u00e8 di quelli impossibili, ma di quelli doverosi. Ha cercato di rispondervi la raccolta di ricerche e interventi presentati al Festival della famiglia di Trento, che adesso ha trovato ospitalit\u00e0 in \u201cLa \u2018societ\u00e0\u2019 trasformata: verso un\u2019economia della sostenibilit\u00e0? Sfide e opportunit\u00e0 dopo la pandemia da Covid-19\u201d. Luciano Malfer e Ilaria Antonini, curatori dell\u2019antologia, hanno riunito le indagini attorno ai concetti di economia, famiglia, sostenibilit\u00e0 post pandemia: i temi attorno ai quali si \u00e8 sviluppata la discussione nell\u2019ambito del Festival.<\/p>\n<p>\u201cCosa ci insegna una pandemia. Sfide per una nuova sostenibilit\u00e0 sociale\u201d, \u00e8 stato quindi il primo tema attorno al quale si \u00e8 ragionato per poi passare ad approfondire alcuni aspetti particolari: il telelavoro, la necessit\u00e0 di creare \u201creti familiari\u201d, le relazioni famiglia-scuola-territorio, le \u201csfide\u201d per il futuro costituite dal lavoro femminile, dalla presenza e dal ruolo degli anziani e dal tema della disabilit\u00e0. Le indagini, sono poi proseguite affrontando temi pi\u00f9 ampi come il cambio dei luoghi di vita e di lavoro, i temi legati alla demografia, alle nuove reti sul territorio. Ne emerge un quadro vasti e complesso, nel quale trovano posto numerosi aspetti del vivere sociale.<\/p>\n<p>\u201cNei prossimi anni \u2013 scrivo Vera e Stefano Zamagni in una delle indagini raccolte -, si misurer\u00e0 la volont\u00e0 di autorit\u00e0 pubbliche, imprenditoria e sindacato di far fronte al sostegno della famiglia, se non per la condivisione del suo valore intrinseco almeno per limitare gli effetti pi\u00f9 negativi del suo indebolimento: la crisi delle nascite, le carenze educative dei giovani, l\u2019impoverimento di coppie separate e i costi in crescita esplosiva dell\u2019assistenza agli anziani. Ma soprattutto si misureranno i cambiamenti culturali e organizzativi che la societ\u00e0 civile sar\u00e0 in grado di mettere in campo, perch\u00e9 alla fine \u00e8 sempre alla responsabilit\u00e0 dei cittadini che fanno capo le trasformazioni della societ\u00e0 e sono sempre i cittadini a riconoscere quali sono le istituzioni e le politiche capaci di aumentare la loro felicit\u00e0\u201d.<\/p>\n<p>Il lavoro di raccolta e sintesi svolto da Malfer e Antonini, \u00e8 un buon vademecum su un tema estremamente complesso, dalle innumerevoli implicazioni che toccano la cultura della societ\u00e0 come quella del produrre.<\/p><p><a href=\"https:\/\/wpsite-assets.fondazionepirelli.org\/wp-content\/uploads\/2022\/04\/12091919\/Atti-Festival-della-famiglia-2020_def.pdf\"><strong>La \u201csociet\u00e0\u201d trasformata: verso un\u2019economia della sostenibilit\u00e0? Sfide e opportunit\u00e0 dopo la pandemia da Covid-19<\/strong><\/a><\/p>\n<p>Luciano Malfer e Ilaria Antonini (a cura di)<\/p>\n<p>Atti del Festival della famiglia Trento 2020<\/p>\n","protected":false},"excerpt":{"rendered":"<p>Una raccolta di ricerche mette a fuoco i temi attorno ai quali fondare un nuovo modo di vivere e lavorareCom\u2019\u00e8 cambiato il mondo dopo la pandemia da Covid-19? L\u2019interrogativo non \u00e8 di quelli impossibili, ma di quelli doverosi. Ha cercato di rispondervi la raccolta di ricerche e interventi presentati al Festival della famiglia di Trento, [&hellip;]<\/p>\n","protected":false},"author":9,"featured_media":0,"comment_status":"open","ping_status":"open","sticky":false,"template":"","format":"standard","meta":{"footnotes":""},"categories":[54,52],"tags":[],"class_list":["post-88774","post","type-post","status-publish","format-standard","hentry","category-approfondimenti","category-cultura-dimpresa"],"acf":[],"yoast_head":"<!-- This site is optimized with the Yoast SEO plugin v25.0 - https:\/\/yoast.com\/wordpress\/plugins\/seo\/ -->\n<title>La trasformazione dopo la pandemia - Fondazione Pirelli<\/title>\n<meta name=\"robots\" content=\"index, follow, max-snippet:-1, max-image-preview:large, max-video-preview:-1\" \/>\n<link rel=\"canonical\" href=\"https:\/\/www.fondazionepirelli.org\/it\/cultura-dimpresa\/la-trasformazione-dopo-la-pandemia\/\" \/>\n<meta property=\"og:locale\" content=\"it_IT\" \/>\n<meta property=\"og:type\" content=\"article\" \/>\n<meta property=\"og:title\" content=\"La trasformazione dopo la pandemia - Fondazione Pirelli\" \/>\n<meta property=\"og:description\" content=\"Una raccolta di ricerche mette a fuoco i temi attorno ai quali fondare un nuovo modo di vivere e lavorareCom\u2019\u00e8 cambiato il mondo dopo la pandemia da Covid-19? L\u2019interrogativo non \u00e8 di quelli impossibili, ma di quelli doverosi. Ha cercato di rispondervi la raccolta di ricerche e interventi presentati al Festival della famiglia di Trento, [&hellip;]\" \/>\n<meta property=\"og:url\" content=\"https:\/\/127.0.0.1\/it\/cultura-dimpresa\/la-trasformazione-dopo-la-pandemia\/\" \/>\n<meta property=\"og:site_name\" content=\"Fondazione Pirelli\" \/>\n<meta property=\"article:published_time\" content=\"2022-04-12T08:08:24+00:00\" \/>\n<meta property=\"article:modified_time\" content=\"2022-04-12T09:54:27+00:00\" \/>\n<meta name=\"author\" content=\"fondazionepirelli\" \/>\n<meta name=\"twitter:card\" content=\"summary_large_image\" \/>\n<meta name=\"twitter:label1\" content=\"Scritto da\" \/>\n\t<meta name=\"twitter:data1\" content=\"fondazionepirelli\" \/>\n\t<meta name=\"twitter:label2\" content=\"Tempo di lettura stimato\" \/>\n\t<meta name=\"twitter:data2\" content=\"2 minuti\" \/>\n<script type=\"application\/ld+json\" class=\"yoast-schema-graph\">{\"@context\":\"https:\/\/schema.org\",\"@graph\":[{\"@type\":\"WebPage\",\"@id\":\"https:\/\/127.0.0.1\/it\/cultura-dimpresa\/la-trasformazione-dopo-la-pandemia\/\",\"url\":\"https:\/\/127.0.0.1\/it\/cultura-dimpresa\/la-trasformazione-dopo-la-pandemia\/\",\"name\":\"La trasformazione dopo la pandemia - Fondazione Pirelli\",\"isPartOf\":{\"@id\":\"https:\/\/www.fondazionepirelli.org\/it\/#website\"},\"datePublished\":\"2022-04-12T08:08:24+00:00\",\"dateModified\":\"2022-04-12T09:54:27+00:00\",\"author\":{\"@id\":\"https:\/\/www.fondazionepirelli.org\/it\/#\/schema\/person\/c31fcf5937a0e6afa45497f3f8b6d7a0\"},\"breadcrumb\":{\"@id\":\"https:\/\/127.0.0.1\/it\/cultura-dimpresa\/la-trasformazione-dopo-la-pandemia\/#breadcrumb\"},\"inLanguage\":\"it-IT\",\"potentialAction\":[{\"@type\":\"ReadAction\",\"target\":[\"https:\/\/127.0.0.1\/it\/cultura-dimpresa\/la-trasformazione-dopo-la-pandemia\/\"]}]},{\"@type\":\"BreadcrumbList\",\"@id\":\"https:\/\/127.0.0.1\/it\/cultura-dimpresa\/la-trasformazione-dopo-la-pandemia\/#breadcrumb\",\"itemListElement\":[{\"@type\":\"ListItem\",\"position\":1,\"name\":\"Home\",\"item\":\"https:\/\/www.fondazionepirelli.org\/it\/\"},{\"@type\":\"ListItem\",\"position\":2,\"name\":\"La trasformazione dopo la pandemia\"}]},{\"@type\":\"WebSite\",\"@id\":\"https:\/\/www.fondazionepirelli.org\/it\/#website\",\"url\":\"https:\/\/www.fondazionepirelli.org\/it\/\",\"name\":\"Fondazione Pirelli\",\"description\":\"\",\"potentialAction\":[{\"@type\":\"SearchAction\",\"target\":{\"@type\":\"EntryPoint\",\"urlTemplate\":\"https:\/\/www.fondazionepirelli.org\/it\/?s={search_term_string}\"},\"query-input\":{\"@type\":\"PropertyValueSpecification\",\"valueRequired\":true,\"valueName\":\"search_term_string\"}}],\"inLanguage\":\"it-IT\"},{\"@type\":\"Person\",\"@id\":\"https:\/\/www.fondazionepirelli.org\/it\/#\/schema\/person\/c31fcf5937a0e6afa45497f3f8b6d7a0\",\"name\":\"fondazionepirelli\",\"image\":{\"@type\":\"ImageObject\",\"inLanguage\":\"it-IT\",\"@id\":\"https:\/\/www.fondazionepirelli.org\/it\/#\/schema\/person\/image\/\",\"url\":\"https:\/\/secure.gravatar.com\/avatar\/9cb486421ce1d6eddbf6c4fb66841b4325b786695f7aedf1dde2222428218696?s=96&d=mm&r=g\",\"contentUrl\":\"https:\/\/secure.gravatar.com\/avatar\/9cb486421ce1d6eddbf6c4fb66841b4325b786695f7aedf1dde2222428218696?s=96&d=mm&r=g\",\"caption\":\"fondazionepirelli\"},\"url\":\"https:\/\/www.fondazionepirelli.org\/it\/author\/fondazionepirelli\/\"}]}<\/script>\n<!-- \/ Yoast SEO plugin. -->","yoast_head_json":{"title":"La trasformazione dopo la pandemia - Fondazione Pirelli","robots":{"index":"index","follow":"follow","max-snippet":"max-snippet:-1","max-image-preview":"max-image-preview:large","max-video-preview":"max-video-preview:-1"},"canonical":"https:\/\/www.fondazionepirelli.org\/it\/cultura-dimpresa\/la-trasformazione-dopo-la-pandemia\/","og_locale":"it_IT","og_type":"article","og_title":"La trasformazione dopo la pandemia - Fondazione Pirelli","og_description":"Una raccolta di ricerche mette a fuoco i temi attorno ai quali fondare un nuovo modo di vivere e lavorareCom\u2019\u00e8 cambiato il mondo dopo la pandemia da Covid-19? L\u2019interrogativo non \u00e8 di quelli impossibili, ma di quelli doverosi. Ha cercato di rispondervi la raccolta di ricerche e interventi presentati al Festival della famiglia di Trento, [&hellip;]","og_url":"https:\/\/127.0.0.1\/it\/cultura-dimpresa\/la-trasformazione-dopo-la-pandemia\/","og_site_name":"Fondazione Pirelli","article_published_time":"2022-04-12T08:08:24+00:00","article_modified_time":"2022-04-12T09:54:27+00:00","author":"fondazionepirelli","twitter_card":"summary_large_image","twitter_misc":{"Scritto da":"fondazionepirelli","Tempo di lettura stimato":"2 minuti"},"schema":{"@context":"https:\/\/schema.org","@graph":[{"@type":"WebPage","@id":"https:\/\/127.0.0.1\/it\/cultura-dimpresa\/la-trasformazione-dopo-la-pandemia\/","url":"https:\/\/127.0.0.1\/it\/cultura-dimpresa\/la-trasformazione-dopo-la-pandemia\/","name":"La trasformazione dopo la pandemia - Fondazione Pirelli","isPartOf":{"@id":"https:\/\/www.fondazionepirelli.org\/it\/#website"},"datePublished":"2022-04-12T08:08:24+00:00","dateModified":"2022-04-12T09:54:27+00:00","author":{"@id":"https:\/\/www.fondazionepirelli.org\/it\/#\/schema\/person\/c31fcf5937a0e6afa45497f3f8b6d7a0"},"breadcrumb":{"@id":"https:\/\/127.0.0.1\/it\/cultura-dimpresa\/la-trasformazione-dopo-la-pandemia\/#breadcrumb"},"inLanguage":"it-IT","potentialAction":[{"@type":"ReadAction","target":["https:\/\/127.0.0.1\/it\/cultura-dimpresa\/la-trasformazione-dopo-la-pandemia\/"]}]},{"@type":"BreadcrumbList","@id":"https:\/\/127.0.0.1\/it\/cultura-dimpresa\/la-trasformazione-dopo-la-pandemia\/#breadcrumb","itemListElement":[{"@type":"ListItem","position":1,"name":"Home","item":"https:\/\/www.fondazionepirelli.org\/it\/"},{"@type":"ListItem","position":2,"name":"La trasformazione dopo la pandemia"}]},{"@type":"WebSite","@id":"https:\/\/www.fondazionepirelli.org\/it\/#website","url":"https:\/\/www.fondazionepirelli.org\/it\/","name":"Fondazione Pirelli","description":"","potentialAction":[{"@type":"SearchAction","target":{"@type":"EntryPoint","urlTemplate":"https:\/\/www.fondazionepirelli.org\/it\/?s={search_term_string}"},"query-input":{"@type":"PropertyValueSpecification","valueRequired":true,"valueName":"search_term_string"}}],"inLanguage":"it-IT"},{"@type":"Person","@id":"https:\/\/www.fondazionepirelli.org\/it\/#\/schema\/person\/c31fcf5937a0e6afa45497f3f8b6d7a0","name":"fondazionepirelli","image":{"@type":"ImageObject","inLanguage":"it-IT","@id":"https:\/\/www.fondazionepirelli.org\/it\/#\/schema\/person\/image\/","url":"https:\/\/secure.gravatar.com\/avatar\/9cb486421ce1d6eddbf6c4fb66841b4325b786695f7aedf1dde2222428218696?s=96&d=mm&r=g","contentUrl":"https:\/\/secure.gravatar.com\/avatar\/9cb486421ce1d6eddbf6c4fb66841b4325b786695f7aedf1dde2222428218696?s=96&d=mm&r=g","caption":"fondazionepirelli"},"url":"https:\/\/www.fondazionepirelli.org\/it\/author\/fondazionepirelli\/"}]}},"_links":{"self":[{"href":"https:\/\/www.fondazionepirelli.org\/it\/wp-json\/wp\/v2\/posts\/88774\/"}],"collection":[{"href":"https:\/\/www.fondazionepirelli.org\/it\/wp-json\/wp\/v2\/posts\/"}],"about":[{"href":"https:\/\/www.fondazionepirelli.org\/it\/wp-json\/wp\/v2\/types\/post\/"}],"author":[{"embeddable":true,"href":"https:\/\/www.fondazionepirelli.org\/it\/wp-json\/wp\/v2\/users\/9\/"}],"replies":[{"embeddable":true,"href":"https:\/\/www.fondazionepirelli.org\/it\/wp-json\/wp\/v2\/comments\/?post=88774"}],"version-history":[{"count":4,"href":"https:\/\/www.fondazionepirelli.org\/it\/wp-json\/wp\/v2\/posts\/88774\/revisions\/"}],"predecessor-version":[{"id":88796,"href":"https:\/\/www.fondazionepirelli.org\/it\/wp-json\/wp\/v2\/posts\/88774\/revisions\/88796\/"}],"wp:attachment":[{"href":"https:\/\/www.fondazionepirelli.org\/it\/wp-json\/wp\/v2\/media\/?parent=88774"}],"wp:term":[{"taxonomy":"category","embeddable":true,"href":"https:\/\/www.fondazionepirelli.org\/it\/wp-json\/wp\/v2\/categories\/?post=88774"},{"taxonomy":"post_tag","embeddable":true,"href":"https:\/\/www.fondazionepirelli.org\/it\/wp-json\/wp\/v2\/tags\/?post=88774"}],"curies":[{"name":"wp","href":"https:\/\/api.w.org\/{rel}","templated":true}]}}