{"id":88878,"date":"2022-04-19T09:09:25","date_gmt":"2022-04-19T08:09:25","guid":{"rendered":"https:\/\/www.fondazionepirelli.org\/?p=88878"},"modified":"2022-04-22T16:18:41","modified_gmt":"2022-04-22T15:18:41","slug":"crescere-per-davvero","status":"publish","type":"post","link":"https:\/\/www.fondazionepirelli.org\/it\/cultura-dimpresa\/crescere-per-davvero\/","title":{"rendered":"Crescere per davvero"},"content":{"rendered":"<p><em>La situazione demografica italiana \u00e8 sempre pi\u00f9 difficile. Un libro appena pubblicato spiega perch\u00e9 e, soprattutto, come fare superare le difficolt\u00e0<\/em><\/p>\n<p><strong>\u00a0<\/strong><\/p>\n<p><strong>L\u2019Italia \u00e8 uno dei paesi al mondo in cui l\u2019inver\u00adno demografico \u00e8 pi\u00f9 accentuato<\/strong><strong>.<\/strong> Constatazione importante e grave, che tocca numerosi aspetti del vivere sociale, ma anche dell\u2019economia e della produzione. Un paese senza giovani, di fatto, un paese senza futuro. Una prospettiva che, evidentemente, non pu\u00f2 essere accettabile sul lungo periodo. E\u2019 attorno a questi temi \u2013 che toccano anche le politiche d\u2019impresa e la stessa cultura d\u2019impresa -, che ragiona Alessandro Rosina (ordinario di demografia presso l\u2019Universit\u00e0 Cattolica del Sacro Cuore di Milano, dove dirige il <em>Center for Applied Statistics in Business and Economics<\/em>), nel suo ultimo libro \u201cCrisi demografica. Politiche per un paese che ha smesso di crescere\u201d e che ha nello stesso titolo il suo tratto caratteristico di non essere solo un\u2019analisi (ben condotta) della situazione demografica italiana ma anche una sorta di vademecum di quanto occorrerebbe fare per uscire da questa stessa situazione.<\/p>\n<p>L\u2019autore, in ogni caso, parte da una lucida fotografia di quanto \u00e8 acceduto e sta accadendo spiegando quindi che se gli attuali andamenti non verranno invertiti, inevitabilmente si andr\u00e0 incontro a criticit\u00e0 irrimediabili. Alla base di tutto, viene precisato, non \u00e8 un minor numero di figli desiderati, ma politiche meno efficienti a favore delle famiglie e delle nuove generazioni: una condizione che distingue l\u2019Italia dagli altri paesi alle prese con gli stessi problemi. Tutto, poi, \u00e8 stato reso pi\u00f9 complesso (e per certi versi drammatico) dagli effetti dello scatenarsi della pandemia di Covid-19 (anche se l\u2019autore precisa che le cause della bassa natalit\u00e0 devono essere ricercate pi\u00f9 indietro nel tempo, appunto). Rosina quindi spiega come oggi ci si trovi di fronte a un bivio ineludibile: da un lato c\u2019\u00e8\u00a0<strong>il sentiero stretto e in salita che porta alla nuova fase di sviluppo eco\u00adnomico e sociale resa possibile dai fondi europei<\/strong>\u00a0(non a caso denominati\u00a0<em>Next Generation Eu<\/em>), e, dall\u2019altro, se questa occasione unica non verr\u00e0 colta,\u00a0<strong>l\u2019ampia strada verso un declino irreversi\u00adbile e insostenibile<\/strong>. Cosa occorre per intraprendere la strada giusta?\u00a0 La risposta di Rosina \u00e8 contemporaneamente semplice e complessa: grande chiarezza di intenti e ancor pi\u00f9 grande determi\u00adnazione nell\u2019imboccare il percorso verso il futuro.<\/p>\n<p>Si tratta, lo scrive lo stesso Rosina di qualcosa di fattibile anche per l\u2019Italia, a patto che vengano avviate \u201cconcrete politiche sistemiche\u201d \u2013 dai servizi per l\u2019infanzia all\u2019assegno unico e universale per i figli, fino a incisive riforme del mondo del lavoro \u2013 per consentire alle nuove ge\u00adnerazioni di sentirsi davvero protagoniste in un paese che cresce con loro.<\/p>\n<p>Scrive l\u2019autore nelle ultime righe del suo libro: \u201cper superare gli squilibri demografici crescenti accumulati non \u00e8 necessaria qualche strana cura, ma semplicemente fare ancora di pi\u00f9 e ancora meglio quello che dovremmo comunque fare come Paese, ovvero mettere le persone nelle condizioni di poter realizzare insieme e con successo (\u2026) i propri obiettivi professionali e i propri progetti di vita\u201d.<\/p>\n<p>Il libro di Alessandro Rosina costituisce una buona sintesi dello stato di fatto e delle prospettive di un tema che deve essere all\u2019attenzione di tutti.<\/p><p><strong>Crisi demografica. Politiche per un paese che ha smesso di crescere<\/strong><\/p>\n<p>Alessandro Rosina<\/p>\n<p>Vita e Pensiero, 2022<\/p>\n","protected":false},"excerpt":{"rendered":"<p>La situazione demografica italiana \u00e8 sempre pi\u00f9 difficile. Un libro appena pubblicato spiega perch\u00e9 e, soprattutto, come fare superare le difficolt\u00e0 \u00a0 L\u2019Italia \u00e8 uno dei paesi al mondo in cui l\u2019inver\u00adno demografico \u00e8 pi\u00f9 accentuato. Constatazione importante e grave, che tocca numerosi aspetti del vivere sociale, ma anche dell\u2019economia e della produzione. Un paese [&hellip;]<\/p>\n","protected":false},"author":9,"featured_media":88879,"comment_status":"open","ping_status":"open","sticky":false,"template":"","format":"standard","meta":{"footnotes":""},"categories":[52,58],"tags":[],"class_list":["post-88878","post","type-post","status-publish","format-standard","has-post-thumbnail","hentry","category-cultura-dimpresa","category-recensioni-libri"],"acf":[],"yoast_head":"<!-- This site is optimized with the Yoast SEO plugin v25.0 - https:\/\/yoast.com\/wordpress\/plugins\/seo\/ -->\n<title>Crescere per davvero - Fondazione Pirelli<\/title>\n<meta name=\"robots\" content=\"index, follow, max-snippet:-1, max-image-preview:large, max-video-preview:-1\" \/>\n<link rel=\"canonical\" href=\"https:\/\/www.fondazionepirelli.org\/it\/cultura-dimpresa\/crescere-per-davvero\/\" \/>\n<meta property=\"og:locale\" content=\"it_IT\" \/>\n<meta property=\"og:type\" content=\"article\" \/>\n<meta property=\"og:title\" content=\"Crescere per davvero - Fondazione Pirelli\" \/>\n<meta property=\"og:description\" content=\"La situazione demografica italiana \u00e8 sempre pi\u00f9 difficile. Un libro appena pubblicato spiega perch\u00e9 e, soprattutto, come fare superare le difficolt\u00e0 \u00a0 L\u2019Italia \u00e8 uno dei paesi al mondo in cui l\u2019inver\u00adno demografico \u00e8 pi\u00f9 accentuato. Constatazione importante e grave, che tocca numerosi aspetti del vivere sociale, ma anche dell\u2019economia e della produzione. Un paese [&hellip;]\" \/>\n<meta property=\"og:url\" content=\"https:\/\/www.fondazionepirelli.org\/it\/cultura-dimpresa\/crescere-per-davvero\/\" \/>\n<meta property=\"og:site_name\" content=\"Fondazione Pirelli\" \/>\n<meta property=\"article:published_time\" content=\"2022-04-19T08:09:25+00:00\" \/>\n<meta property=\"article:modified_time\" content=\"2022-04-22T15:18:41+00:00\" \/>\n<meta property=\"og:image\" content=\"https:\/\/wpsite-assets.fondazionepirelli.org\/wp-content\/uploads\/2022\/04\/19090656\/crisi-demografica-371132-e1650355632353.jpg\" \/>\n\t<meta property=\"og:image:width\" content=\"500\" \/>\n\t<meta property=\"og:image:height\" content=\"750\" \/>\n\t<meta property=\"og:image:type\" content=\"image\/jpeg\" \/>\n<meta name=\"author\" content=\"fondazionepirelli\" \/>\n<meta name=\"twitter:card\" content=\"summary_large_image\" \/>\n<meta name=\"twitter:label1\" content=\"Scritto da\" \/>\n\t<meta name=\"twitter:data1\" content=\"fondazionepirelli\" \/>\n\t<meta name=\"twitter:label2\" content=\"Tempo di lettura stimato\" \/>\n\t<meta name=\"twitter:data2\" content=\"3 minuti\" \/>\n<script type=\"application\/ld+json\" class=\"yoast-schema-graph\">{\"@context\":\"https:\/\/schema.org\",\"@graph\":[{\"@type\":\"WebPage\",\"@id\":\"https:\/\/www.fondazionepirelli.org\/it\/cultura-dimpresa\/crescere-per-davvero\/\",\"url\":\"https:\/\/www.fondazionepirelli.org\/it\/cultura-dimpresa\/crescere-per-davvero\/\",\"name\":\"Crescere per davvero - Fondazione Pirelli\",\"isPartOf\":{\"@id\":\"https:\/\/www.fondazionepirelli.org\/it\/#website\"},\"primaryImageOfPage\":{\"@id\":\"https:\/\/www.fondazionepirelli.org\/it\/cultura-dimpresa\/crescere-per-davvero\/#primaryimage\"},\"image\":{\"@id\":\"https:\/\/www.fondazionepirelli.org\/it\/cultura-dimpresa\/crescere-per-davvero\/#primaryimage\"},\"thumbnailUrl\":\"https:\/\/wpsite-assets.fondazionepirelli.org\/wp-content\/uploads\/2022\/04\/19090656\/crisi-demografica-371132-e1650355632353.jpg\",\"datePublished\":\"2022-04-19T08:09:25+00:00\",\"dateModified\":\"2022-04-22T15:18:41+00:00\",\"author\":{\"@id\":\"https:\/\/www.fondazionepirelli.org\/it\/#\/schema\/person\/c31fcf5937a0e6afa45497f3f8b6d7a0\"},\"breadcrumb\":{\"@id\":\"https:\/\/www.fondazionepirelli.org\/it\/cultura-dimpresa\/crescere-per-davvero\/#breadcrumb\"},\"inLanguage\":\"it-IT\",\"potentialAction\":[{\"@type\":\"ReadAction\",\"target\":[\"https:\/\/www.fondazionepirelli.org\/it\/cultura-dimpresa\/crescere-per-davvero\/\"]}]},{\"@type\":\"ImageObject\",\"inLanguage\":\"it-IT\",\"@id\":\"https:\/\/www.fondazionepirelli.org\/it\/cultura-dimpresa\/crescere-per-davvero\/#primaryimage\",\"url\":\"https:\/\/wpsite-assets.fondazionepirelli.org\/wp-content\/uploads\/2022\/04\/19090656\/crisi-demografica-371132-e1650355632353.jpg\",\"contentUrl\":\"https:\/\/wpsite-assets.fondazionepirelli.org\/wp-content\/uploads\/2022\/04\/19090656\/crisi-demografica-371132-e1650355632353.jpg\",\"width\":500,\"height\":750},{\"@type\":\"BreadcrumbList\",\"@id\":\"https:\/\/www.fondazionepirelli.org\/it\/cultura-dimpresa\/crescere-per-davvero\/#breadcrumb\",\"itemListElement\":[{\"@type\":\"ListItem\",\"position\":1,\"name\":\"Home\",\"item\":\"https:\/\/www.fondazionepirelli.org\/it\/\"},{\"@type\":\"ListItem\",\"position\":2,\"name\":\"Crescere per davvero\"}]},{\"@type\":\"WebSite\",\"@id\":\"https:\/\/www.fondazionepirelli.org\/it\/#website\",\"url\":\"https:\/\/www.fondazionepirelli.org\/it\/\",\"name\":\"Fondazione Pirelli\",\"description\":\"\",\"potentialAction\":[{\"@type\":\"SearchAction\",\"target\":{\"@type\":\"EntryPoint\",\"urlTemplate\":\"https:\/\/www.fondazionepirelli.org\/it\/?s={search_term_string}\"},\"query-input\":{\"@type\":\"PropertyValueSpecification\",\"valueRequired\":true,\"valueName\":\"search_term_string\"}}],\"inLanguage\":\"it-IT\"},{\"@type\":\"Person\",\"@id\":\"https:\/\/www.fondazionepirelli.org\/it\/#\/schema\/person\/c31fcf5937a0e6afa45497f3f8b6d7a0\",\"name\":\"fondazionepirelli\",\"image\":{\"@type\":\"ImageObject\",\"inLanguage\":\"it-IT\",\"@id\":\"https:\/\/www.fondazionepirelli.org\/it\/#\/schema\/person\/image\/\",\"url\":\"https:\/\/secure.gravatar.com\/avatar\/9cb486421ce1d6eddbf6c4fb66841b4325b786695f7aedf1dde2222428218696?s=96&d=mm&r=g\",\"contentUrl\":\"https:\/\/secure.gravatar.com\/avatar\/9cb486421ce1d6eddbf6c4fb66841b4325b786695f7aedf1dde2222428218696?s=96&d=mm&r=g\",\"caption\":\"fondazionepirelli\"},\"url\":\"https:\/\/www.fondazionepirelli.org\/it\/author\/fondazionepirelli\/\"}]}<\/script>\n<!-- \/ Yoast SEO plugin. -->","yoast_head_json":{"title":"Crescere per davvero - Fondazione Pirelli","robots":{"index":"index","follow":"follow","max-snippet":"max-snippet:-1","max-image-preview":"max-image-preview:large","max-video-preview":"max-video-preview:-1"},"canonical":"https:\/\/www.fondazionepirelli.org\/it\/cultura-dimpresa\/crescere-per-davvero\/","og_locale":"it_IT","og_type":"article","og_title":"Crescere per davvero - Fondazione Pirelli","og_description":"La situazione demografica italiana \u00e8 sempre pi\u00f9 difficile. Un libro appena pubblicato spiega perch\u00e9 e, soprattutto, come fare superare le difficolt\u00e0 \u00a0 L\u2019Italia \u00e8 uno dei paesi al mondo in cui l\u2019inver\u00adno demografico \u00e8 pi\u00f9 accentuato. Constatazione importante e grave, che tocca numerosi aspetti del vivere sociale, ma anche dell\u2019economia e della produzione. Un paese [&hellip;]","og_url":"https:\/\/www.fondazionepirelli.org\/it\/cultura-dimpresa\/crescere-per-davvero\/","og_site_name":"Fondazione Pirelli","article_published_time":"2022-04-19T08:09:25+00:00","article_modified_time":"2022-04-22T15:18:41+00:00","og_image":[{"width":500,"height":750,"url":"https:\/\/wpsite-assets.fondazionepirelli.org\/wp-content\/uploads\/2022\/04\/19090656\/crisi-demografica-371132-e1650355632353.jpg","type":"image\/jpeg"}],"author":"fondazionepirelli","twitter_card":"summary_large_image","twitter_misc":{"Scritto da":"fondazionepirelli","Tempo di lettura stimato":"3 minuti"},"schema":{"@context":"https:\/\/schema.org","@graph":[{"@type":"WebPage","@id":"https:\/\/www.fondazionepirelli.org\/it\/cultura-dimpresa\/crescere-per-davvero\/","url":"https:\/\/www.fondazionepirelli.org\/it\/cultura-dimpresa\/crescere-per-davvero\/","name":"Crescere per davvero - Fondazione Pirelli","isPartOf":{"@id":"https:\/\/www.fondazionepirelli.org\/it\/#website"},"primaryImageOfPage":{"@id":"https:\/\/www.fondazionepirelli.org\/it\/cultura-dimpresa\/crescere-per-davvero\/#primaryimage"},"image":{"@id":"https:\/\/www.fondazionepirelli.org\/it\/cultura-dimpresa\/crescere-per-davvero\/#primaryimage"},"thumbnailUrl":"https:\/\/wpsite-assets.fondazionepirelli.org\/wp-content\/uploads\/2022\/04\/19090656\/crisi-demografica-371132-e1650355632353.jpg","datePublished":"2022-04-19T08:09:25+00:00","dateModified":"2022-04-22T15:18:41+00:00","author":{"@id":"https:\/\/www.fondazionepirelli.org\/it\/#\/schema\/person\/c31fcf5937a0e6afa45497f3f8b6d7a0"},"breadcrumb":{"@id":"https:\/\/www.fondazionepirelli.org\/it\/cultura-dimpresa\/crescere-per-davvero\/#breadcrumb"},"inLanguage":"it-IT","potentialAction":[{"@type":"ReadAction","target":["https:\/\/www.fondazionepirelli.org\/it\/cultura-dimpresa\/crescere-per-davvero\/"]}]},{"@type":"ImageObject","inLanguage":"it-IT","@id":"https:\/\/www.fondazionepirelli.org\/it\/cultura-dimpresa\/crescere-per-davvero\/#primaryimage","url":"https:\/\/wpsite-assets.fondazionepirelli.org\/wp-content\/uploads\/2022\/04\/19090656\/crisi-demografica-371132-e1650355632353.jpg","contentUrl":"https:\/\/wpsite-assets.fondazionepirelli.org\/wp-content\/uploads\/2022\/04\/19090656\/crisi-demografica-371132-e1650355632353.jpg","width":500,"height":750},{"@type":"BreadcrumbList","@id":"https:\/\/www.fondazionepirelli.org\/it\/cultura-dimpresa\/crescere-per-davvero\/#breadcrumb","itemListElement":[{"@type":"ListItem","position":1,"name":"Home","item":"https:\/\/www.fondazionepirelli.org\/it\/"},{"@type":"ListItem","position":2,"name":"Crescere per davvero"}]},{"@type":"WebSite","@id":"https:\/\/www.fondazionepirelli.org\/it\/#website","url":"https:\/\/www.fondazionepirelli.org\/it\/","name":"Fondazione Pirelli","description":"","potentialAction":[{"@type":"SearchAction","target":{"@type":"EntryPoint","urlTemplate":"https:\/\/www.fondazionepirelli.org\/it\/?s={search_term_string}"},"query-input":{"@type":"PropertyValueSpecification","valueRequired":true,"valueName":"search_term_string"}}],"inLanguage":"it-IT"},{"@type":"Person","@id":"https:\/\/www.fondazionepirelli.org\/it\/#\/schema\/person\/c31fcf5937a0e6afa45497f3f8b6d7a0","name":"fondazionepirelli","image":{"@type":"ImageObject","inLanguage":"it-IT","@id":"https:\/\/www.fondazionepirelli.org\/it\/#\/schema\/person\/image\/","url":"https:\/\/secure.gravatar.com\/avatar\/9cb486421ce1d6eddbf6c4fb66841b4325b786695f7aedf1dde2222428218696?s=96&d=mm&r=g","contentUrl":"https:\/\/secure.gravatar.com\/avatar\/9cb486421ce1d6eddbf6c4fb66841b4325b786695f7aedf1dde2222428218696?s=96&d=mm&r=g","caption":"fondazionepirelli"},"url":"https:\/\/www.fondazionepirelli.org\/it\/author\/fondazionepirelli\/"}]}},"_links":{"self":[{"href":"https:\/\/www.fondazionepirelli.org\/it\/wp-json\/wp\/v2\/posts\/88878\/"}],"collection":[{"href":"https:\/\/www.fondazionepirelli.org\/it\/wp-json\/wp\/v2\/posts\/"}],"about":[{"href":"https:\/\/www.fondazionepirelli.org\/it\/wp-json\/wp\/v2\/types\/post\/"}],"author":[{"embeddable":true,"href":"https:\/\/www.fondazionepirelli.org\/it\/wp-json\/wp\/v2\/users\/9\/"}],"replies":[{"embeddable":true,"href":"https:\/\/www.fondazionepirelli.org\/it\/wp-json\/wp\/v2\/comments\/?post=88878"}],"version-history":[{"count":2,"href":"https:\/\/www.fondazionepirelli.org\/it\/wp-json\/wp\/v2\/posts\/88878\/revisions\/"}],"predecessor-version":[{"id":88944,"href":"https:\/\/www.fondazionepirelli.org\/it\/wp-json\/wp\/v2\/posts\/88878\/revisions\/88944\/"}],"wp:featuredmedia":[{"embeddable":true,"href":"https:\/\/www.fondazionepirelli.org\/it\/wp-json\/wp\/v2\/media\/88879\/"}],"wp:attachment":[{"href":"https:\/\/www.fondazionepirelli.org\/it\/wp-json\/wp\/v2\/media\/?parent=88878"}],"wp:term":[{"taxonomy":"category","embeddable":true,"href":"https:\/\/www.fondazionepirelli.org\/it\/wp-json\/wp\/v2\/categories\/?post=88878"},{"taxonomy":"post_tag","embeddable":true,"href":"https:\/\/www.fondazionepirelli.org\/it\/wp-json\/wp\/v2\/tags\/?post=88878"}],"curies":[{"name":"wp","href":"https:\/\/api.w.org\/{rel}","templated":true}]}}