{"id":88957,"date":"2022-04-26T10:28:34","date_gmt":"2022-04-26T09:28:34","guid":{"rendered":"https:\/\/www.fondazionepirelli.org\/?p=88957"},"modified":"2022-04-26T10:28:34","modified_gmt":"2022-04-26T09:28:34","slug":"26-racconti-per-rinascere","status":"publish","type":"post","link":"https:\/\/www.fondazionepirelli.org\/it\/cultura-dimpresa\/26-racconti-per-rinascere\/","title":{"rendered":"26 racconti per rinascere"},"content":{"rendered":"<p><em>Raccolte in un libro le storie di aziende che possono essere esempi per tutti<\/em><\/p>\n<p>Storie d\u2019impresa, 26 per la precisione, unite da un intento che supera quello del profitto. E\u2019 quanto ha raccolto nel suo ultimo libro Francesco Morace (sociologo) raccontando le vicende di una serie di aziende italiane che possono essere d\u2019esempio per la riemersione dalla crisi e, soprattutto, per farlo nel segno di <strong>un\u2019utopia fondata su bellezza, umanit\u00e0 e creativit\u00e0. <\/strong><\/p>\n<p>\u201cL\u2019alfabeto della rinascita\u201d \u00e8 davvero una raccolta \u00a0di racconti ordinati secondo l\u2019alfabeto. 26 lettere, quindi, che corrispondono ad altrettante storie di\u00a0<strong>imprese <\/strong><strong>italiane <\/strong>dalla \u201cA\u201d di Alessi alla \u201cZ\u201d di Zanotta.<br \/>\nSecondo l\u2019autore, la pandemia pu\u00f2 diventare il propulsore inaspettato di un\u00a0<strong>nuovo <\/strong><strong>Rinascimento<\/strong>\u00a0a cui nessuno avrebbe creduto solo un anno fa. Se nella vita in generale, infatti, non ci sono garanzie, questo insegnamento vale in modo particolare in una fase di\u00a0<strong>radicale <\/strong><strong>cambiamento<\/strong>\u00a0come quella che si sta vivendo e ancor pi\u00f9 per le imprese. Le aziende raccontate sono quelle che (pi\u00f9 di altre ma anche come molte altre), riescono a preservare la\u00a0<strong>ricchezza <\/strong><strong>fragile<\/strong>\u00a0di un luogo composito come il territorio italiano, affrontando le difficolt\u00e0 del proprio auto-governo, della responsabilit\u00e0 e della decisione. Scorrono quindi le storie di Alessi, Berlucchi, Cosberg, Dallara, Expert, Fastweb, Granarolo, Herno, Inglesina, Jacuzzi\u00ae, Kartell, Lago, Melinda, Nexi, Opto Engineering, Pedrollo, QC Terme, Rotaliana, Sofidel, Treccani, Unione Nazionale Consumatori, V\u00e9G\u00e9, W\u00fcrth, X Instant, Yomo, Zanotta. Ogni azienda \u00e8 caratterizzata da una particolare immagine e, soprattutto, dal suo profilo di impresa che va oltre i canoni normali della gestione.<br \/>\nIl volume \u00e8 arricchito da tre saggi di una giornalista (<strong>Marzia <\/strong><strong>Tomasin)<\/strong>\u00a0sull\u2019importanza della\u00a0<strong>capacit\u00e0 <\/strong><strong>narrativa <\/strong><strong>delle <\/strong><strong>imprese, di un filosofo (Roberto <\/strong><strong>Mordacci)<\/strong>\u00a0e di un designer\u00a0(<strong>Giulio <\/strong><strong>Ceppi) che, tra l\u2019altro, <\/strong>\u00e8 autore della dimensione grafica del libro, rappresentata dai\u00a0<strong>pittogrammi<\/strong>\u00a0che raccontano con l\u2019iniziale di ciascuna delle 26 aziende protagoniste (liberamente reinterpretata) un\u2019idea, un progetto, una visione in cui si sono distinte. Chiude il volume una decalogo dell\u2019Italian Human Design che ha l\u2019ambizione di sintetizzare i messaggi vari e complessi di cui le 26 realt\u00e0 d\u2019impresa sono in qualche modo esempi.<\/p>\n<p>\u201cLa scommessa che con \u2018L\u2019alfabeto della rinascita\u2019 vogliamo proporre \u00e8 quella di raccontare in un libro di carta il saper fare, l\u2019ingegno e pi\u00f9 in generale il patrimonio intangibile di cui le imprese selezionate sono portatrici, considerando la narrazione autentica come una cassa di risonanza e un nuovo strumento di consapevolezza\u201d, viene scritto all\u2019inizio del libro. E si pu\u00f2 ben dire che la scommessa sia stata vinta, anche se magari non tutto quello che si legge nell\u2019ultima fatica letteraria di Morace trover\u00e0 tutti d\u2019accordo. Ma, a ben vedere, la funzione di ogni libro che si rispetti \u00e8 anche questa: far discutere.<\/p><p><strong>L\u2019alfabeto della rinascita. 26 storie di imprese esemplari<\/strong><\/p>\n<p>Francesco Morace<\/p>\n<p>Egea, 2022<\/p>\n","protected":false},"excerpt":{"rendered":"<p>Raccolte in un libro le storie di aziende che possono essere esempi per tutti Storie d\u2019impresa, 26 per la precisione, unite da un intento che supera quello del profitto. E\u2019 quanto ha raccolto nel suo ultimo libro Francesco Morace (sociologo) raccontando le vicende di una serie di aziende italiane che possono essere d\u2019esempio per la [&hellip;]<\/p>\n","protected":false},"author":9,"featured_media":88958,"comment_status":"open","ping_status":"open","sticky":false,"template":"","format":"standard","meta":{"footnotes":""},"categories":[52,58],"tags":[],"class_list":["post-88957","post","type-post","status-publish","format-standard","has-post-thumbnail","hentry","category-cultura-dimpresa","category-recensioni-libri"],"acf":[],"yoast_head":"<!-- This site is optimized with the Yoast SEO plugin v25.0 - https:\/\/yoast.com\/wordpress\/plugins\/seo\/ -->\n<title>26 racconti per rinascere - Fondazione Pirelli<\/title>\n<meta name=\"robots\" content=\"index, follow, max-snippet:-1, max-image-preview:large, max-video-preview:-1\" \/>\n<link rel=\"canonical\" href=\"https:\/\/www.fondazionepirelli.org\/it\/cultura-dimpresa\/26-racconti-per-rinascere\/\" \/>\n<meta property=\"og:locale\" content=\"it_IT\" \/>\n<meta property=\"og:type\" content=\"article\" \/>\n<meta property=\"og:title\" content=\"26 racconti per rinascere - Fondazione Pirelli\" \/>\n<meta property=\"og:description\" content=\"Raccolte in un libro le storie di aziende che possono essere esempi per tutti Storie d\u2019impresa, 26 per la precisione, unite da un intento che supera quello del profitto. E\u2019 quanto ha raccolto nel suo ultimo libro Francesco Morace (sociologo) raccontando le vicende di una serie di aziende italiane che possono essere d\u2019esempio per la [&hellip;]\" \/>\n<meta property=\"og:url\" content=\"https:\/\/www.fondazionepirelli.org\/it\/cultura-dimpresa\/26-racconti-per-rinascere\/\" \/>\n<meta property=\"og:site_name\" content=\"Fondazione Pirelli\" \/>\n<meta property=\"article:published_time\" content=\"2022-04-26T09:28:34+00:00\" \/>\n<meta property=\"og:image\" content=\"https:\/\/wpsite-assets.fondazionepirelli.org\/wp-content\/uploads\/2022\/04\/26082606\/Lalfabeto-della-rinascita-1.jpg\" \/>\n\t<meta property=\"og:image:width\" content=\"1906\" \/>\n\t<meta property=\"og:image:height\" content=\"2988\" \/>\n\t<meta property=\"og:image:type\" content=\"image\/jpeg\" \/>\n<meta name=\"author\" content=\"fondazionepirelli\" \/>\n<meta name=\"twitter:card\" content=\"summary_large_image\" \/>\n<meta name=\"twitter:label1\" content=\"Scritto da\" \/>\n\t<meta name=\"twitter:data1\" content=\"fondazionepirelli\" \/>\n\t<meta name=\"twitter:label2\" content=\"Tempo di lettura stimato\" \/>\n\t<meta name=\"twitter:data2\" content=\"2 minuti\" \/>\n<script type=\"application\/ld+json\" class=\"yoast-schema-graph\">{\"@context\":\"https:\/\/schema.org\",\"@graph\":[{\"@type\":\"WebPage\",\"@id\":\"https:\/\/www.fondazionepirelli.org\/it\/cultura-dimpresa\/26-racconti-per-rinascere\/\",\"url\":\"https:\/\/www.fondazionepirelli.org\/it\/cultura-dimpresa\/26-racconti-per-rinascere\/\",\"name\":\"26 racconti per rinascere - Fondazione Pirelli\",\"isPartOf\":{\"@id\":\"https:\/\/www.fondazionepirelli.org\/it\/#website\"},\"primaryImageOfPage\":{\"@id\":\"https:\/\/www.fondazionepirelli.org\/it\/cultura-dimpresa\/26-racconti-per-rinascere\/#primaryimage\"},\"image\":{\"@id\":\"https:\/\/www.fondazionepirelli.org\/it\/cultura-dimpresa\/26-racconti-per-rinascere\/#primaryimage\"},\"thumbnailUrl\":\"https:\/\/wpsite-assets.fondazionepirelli.org\/wp-content\/uploads\/2022\/04\/26082606\/Lalfabeto-della-rinascita-1.jpg\",\"datePublished\":\"2022-04-26T09:28:34+00:00\",\"author\":{\"@id\":\"https:\/\/www.fondazionepirelli.org\/it\/#\/schema\/person\/c31fcf5937a0e6afa45497f3f8b6d7a0\"},\"breadcrumb\":{\"@id\":\"https:\/\/www.fondazionepirelli.org\/it\/cultura-dimpresa\/26-racconti-per-rinascere\/#breadcrumb\"},\"inLanguage\":\"it-IT\",\"potentialAction\":[{\"@type\":\"ReadAction\",\"target\":[\"https:\/\/www.fondazionepirelli.org\/it\/cultura-dimpresa\/26-racconti-per-rinascere\/\"]}]},{\"@type\":\"ImageObject\",\"inLanguage\":\"it-IT\",\"@id\":\"https:\/\/www.fondazionepirelli.org\/it\/cultura-dimpresa\/26-racconti-per-rinascere\/#primaryimage\",\"url\":\"https:\/\/wpsite-assets.fondazionepirelli.org\/wp-content\/uploads\/2022\/04\/26082606\/Lalfabeto-della-rinascita-1.jpg\",\"contentUrl\":\"https:\/\/wpsite-assets.fondazionepirelli.org\/wp-content\/uploads\/2022\/04\/26082606\/Lalfabeto-della-rinascita-1.jpg\",\"width\":1906,\"height\":2988},{\"@type\":\"BreadcrumbList\",\"@id\":\"https:\/\/www.fondazionepirelli.org\/it\/cultura-dimpresa\/26-racconti-per-rinascere\/#breadcrumb\",\"itemListElement\":[{\"@type\":\"ListItem\",\"position\":1,\"name\":\"Home\",\"item\":\"https:\/\/www.fondazionepirelli.org\/it\/\"},{\"@type\":\"ListItem\",\"position\":2,\"name\":\"26 racconti per rinascere\"}]},{\"@type\":\"WebSite\",\"@id\":\"https:\/\/www.fondazionepirelli.org\/it\/#website\",\"url\":\"https:\/\/www.fondazionepirelli.org\/it\/\",\"name\":\"Fondazione Pirelli\",\"description\":\"\",\"potentialAction\":[{\"@type\":\"SearchAction\",\"target\":{\"@type\":\"EntryPoint\",\"urlTemplate\":\"https:\/\/www.fondazionepirelli.org\/it\/?s={search_term_string}\"},\"query-input\":{\"@type\":\"PropertyValueSpecification\",\"valueRequired\":true,\"valueName\":\"search_term_string\"}}],\"inLanguage\":\"it-IT\"},{\"@type\":\"Person\",\"@id\":\"https:\/\/www.fondazionepirelli.org\/it\/#\/schema\/person\/c31fcf5937a0e6afa45497f3f8b6d7a0\",\"name\":\"fondazionepirelli\",\"image\":{\"@type\":\"ImageObject\",\"inLanguage\":\"it-IT\",\"@id\":\"https:\/\/www.fondazionepirelli.org\/it\/#\/schema\/person\/image\/\",\"url\":\"https:\/\/secure.gravatar.com\/avatar\/9cb486421ce1d6eddbf6c4fb66841b4325b786695f7aedf1dde2222428218696?s=96&d=mm&r=g\",\"contentUrl\":\"https:\/\/secure.gravatar.com\/avatar\/9cb486421ce1d6eddbf6c4fb66841b4325b786695f7aedf1dde2222428218696?s=96&d=mm&r=g\",\"caption\":\"fondazionepirelli\"},\"url\":\"https:\/\/www.fondazionepirelli.org\/it\/author\/fondazionepirelli\/\"}]}<\/script>\n<!-- \/ Yoast SEO plugin. -->","yoast_head_json":{"title":"26 racconti per rinascere - Fondazione Pirelli","robots":{"index":"index","follow":"follow","max-snippet":"max-snippet:-1","max-image-preview":"max-image-preview:large","max-video-preview":"max-video-preview:-1"},"canonical":"https:\/\/www.fondazionepirelli.org\/it\/cultura-dimpresa\/26-racconti-per-rinascere\/","og_locale":"it_IT","og_type":"article","og_title":"26 racconti per rinascere - Fondazione Pirelli","og_description":"Raccolte in un libro le storie di aziende che possono essere esempi per tutti Storie d\u2019impresa, 26 per la precisione, unite da un intento che supera quello del profitto. E\u2019 quanto ha raccolto nel suo ultimo libro Francesco Morace (sociologo) raccontando le vicende di una serie di aziende italiane che possono essere d\u2019esempio per la [&hellip;]","og_url":"https:\/\/www.fondazionepirelli.org\/it\/cultura-dimpresa\/26-racconti-per-rinascere\/","og_site_name":"Fondazione Pirelli","article_published_time":"2022-04-26T09:28:34+00:00","og_image":[{"width":1906,"height":2988,"url":"https:\/\/wpsite-assets.fondazionepirelli.org\/wp-content\/uploads\/2022\/04\/26082606\/Lalfabeto-della-rinascita-1.jpg","type":"image\/jpeg"}],"author":"fondazionepirelli","twitter_card":"summary_large_image","twitter_misc":{"Scritto da":"fondazionepirelli","Tempo di lettura stimato":"2 minuti"},"schema":{"@context":"https:\/\/schema.org","@graph":[{"@type":"WebPage","@id":"https:\/\/www.fondazionepirelli.org\/it\/cultura-dimpresa\/26-racconti-per-rinascere\/","url":"https:\/\/www.fondazionepirelli.org\/it\/cultura-dimpresa\/26-racconti-per-rinascere\/","name":"26 racconti per rinascere - Fondazione Pirelli","isPartOf":{"@id":"https:\/\/www.fondazionepirelli.org\/it\/#website"},"primaryImageOfPage":{"@id":"https:\/\/www.fondazionepirelli.org\/it\/cultura-dimpresa\/26-racconti-per-rinascere\/#primaryimage"},"image":{"@id":"https:\/\/www.fondazionepirelli.org\/it\/cultura-dimpresa\/26-racconti-per-rinascere\/#primaryimage"},"thumbnailUrl":"https:\/\/wpsite-assets.fondazionepirelli.org\/wp-content\/uploads\/2022\/04\/26082606\/Lalfabeto-della-rinascita-1.jpg","datePublished":"2022-04-26T09:28:34+00:00","author":{"@id":"https:\/\/www.fondazionepirelli.org\/it\/#\/schema\/person\/c31fcf5937a0e6afa45497f3f8b6d7a0"},"breadcrumb":{"@id":"https:\/\/www.fondazionepirelli.org\/it\/cultura-dimpresa\/26-racconti-per-rinascere\/#breadcrumb"},"inLanguage":"it-IT","potentialAction":[{"@type":"ReadAction","target":["https:\/\/www.fondazionepirelli.org\/it\/cultura-dimpresa\/26-racconti-per-rinascere\/"]}]},{"@type":"ImageObject","inLanguage":"it-IT","@id":"https:\/\/www.fondazionepirelli.org\/it\/cultura-dimpresa\/26-racconti-per-rinascere\/#primaryimage","url":"https:\/\/wpsite-assets.fondazionepirelli.org\/wp-content\/uploads\/2022\/04\/26082606\/Lalfabeto-della-rinascita-1.jpg","contentUrl":"https:\/\/wpsite-assets.fondazionepirelli.org\/wp-content\/uploads\/2022\/04\/26082606\/Lalfabeto-della-rinascita-1.jpg","width":1906,"height":2988},{"@type":"BreadcrumbList","@id":"https:\/\/www.fondazionepirelli.org\/it\/cultura-dimpresa\/26-racconti-per-rinascere\/#breadcrumb","itemListElement":[{"@type":"ListItem","position":1,"name":"Home","item":"https:\/\/www.fondazionepirelli.org\/it\/"},{"@type":"ListItem","position":2,"name":"26 racconti per rinascere"}]},{"@type":"WebSite","@id":"https:\/\/www.fondazionepirelli.org\/it\/#website","url":"https:\/\/www.fondazionepirelli.org\/it\/","name":"Fondazione Pirelli","description":"","potentialAction":[{"@type":"SearchAction","target":{"@type":"EntryPoint","urlTemplate":"https:\/\/www.fondazionepirelli.org\/it\/?s={search_term_string}"},"query-input":{"@type":"PropertyValueSpecification","valueRequired":true,"valueName":"search_term_string"}}],"inLanguage":"it-IT"},{"@type":"Person","@id":"https:\/\/www.fondazionepirelli.org\/it\/#\/schema\/person\/c31fcf5937a0e6afa45497f3f8b6d7a0","name":"fondazionepirelli","image":{"@type":"ImageObject","inLanguage":"it-IT","@id":"https:\/\/www.fondazionepirelli.org\/it\/#\/schema\/person\/image\/","url":"https:\/\/secure.gravatar.com\/avatar\/9cb486421ce1d6eddbf6c4fb66841b4325b786695f7aedf1dde2222428218696?s=96&d=mm&r=g","contentUrl":"https:\/\/secure.gravatar.com\/avatar\/9cb486421ce1d6eddbf6c4fb66841b4325b786695f7aedf1dde2222428218696?s=96&d=mm&r=g","caption":"fondazionepirelli"},"url":"https:\/\/www.fondazionepirelli.org\/it\/author\/fondazionepirelli\/"}]}},"_links":{"self":[{"href":"https:\/\/www.fondazionepirelli.org\/it\/wp-json\/wp\/v2\/posts\/88957\/"}],"collection":[{"href":"https:\/\/www.fondazionepirelli.org\/it\/wp-json\/wp\/v2\/posts\/"}],"about":[{"href":"https:\/\/www.fondazionepirelli.org\/it\/wp-json\/wp\/v2\/types\/post\/"}],"author":[{"embeddable":true,"href":"https:\/\/www.fondazionepirelli.org\/it\/wp-json\/wp\/v2\/users\/9\/"}],"replies":[{"embeddable":true,"href":"https:\/\/www.fondazionepirelli.org\/it\/wp-json\/wp\/v2\/comments\/?post=88957"}],"version-history":[{"count":2,"href":"https:\/\/www.fondazionepirelli.org\/it\/wp-json\/wp\/v2\/posts\/88957\/revisions\/"}],"predecessor-version":[{"id":88974,"href":"https:\/\/www.fondazionepirelli.org\/it\/wp-json\/wp\/v2\/posts\/88957\/revisions\/88974\/"}],"wp:featuredmedia":[{"embeddable":true,"href":"https:\/\/www.fondazionepirelli.org\/it\/wp-json\/wp\/v2\/media\/88958\/"}],"wp:attachment":[{"href":"https:\/\/www.fondazionepirelli.org\/it\/wp-json\/wp\/v2\/media\/?parent=88957"}],"wp:term":[{"taxonomy":"category","embeddable":true,"href":"https:\/\/www.fondazionepirelli.org\/it\/wp-json\/wp\/v2\/categories\/?post=88957"},{"taxonomy":"post_tag","embeddable":true,"href":"https:\/\/www.fondazionepirelli.org\/it\/wp-json\/wp\/v2\/tags\/?post=88957"}],"curies":[{"name":"wp","href":"https:\/\/api.w.org\/{rel}","templated":true}]}}