{"id":89002,"date":"2022-04-27T10:48:38","date_gmt":"2022-04-27T09:48:38","guid":{"rendered":"https:\/\/www.fondazionepirelli.org\/?p=89002"},"modified":"2022-07-18T13:48:22","modified_gmt":"2022-07-18T12:48:22","slug":"140-anni-fa-nasceva-alberto-pirelli-uno-dei-protagonisti-della-storia-industriale-italiana","status":"publish","type":"post","link":"https:\/\/www.fondazionepirelli.org\/it\/archivio-storico\/140-anni-fa-nasceva-alberto-pirelli-uno-dei-protagonisti-della-storia-industriale-italiana\/","title":{"rendered":"140 anni fa nasceva Alberto Pirelli, uno dei protagonisti della storia industriale italiana"},"content":{"rendered":"<p>Il <strong>28 aprile 1882<\/strong> nasce a Milano Alberto Pirelli, secondo, dopo Piero nato nel 1881, degli otto figli di <strong>Giovanni Battista Pirelli<\/strong> e <strong>Maria Sormani<\/strong>. Dieci anni prima era sorta, per iniziativa paterna, la GB Pirelli &amp; C., fabbrica per la lavorazione della gomma elastica. Un destino segnato, quello dei due fratelli, nati e cresciuti all\u2019interno dello stabilimento. Il loro piano di studi superiori, infatti, \u00e8 pensato per prepararli al ruolo che dovrebbero ricoprire in azienda, con frequentazione di corsi al \u00a0<strong>Politecnico<\/strong> e all\u2019<strong>Universit\u00e0 Bocconi<\/strong> di Milano, all\u2019Universit\u00e0 di Genova dove conseguono entrambi la laurea in Giurisprudenza. Fin dall\u2019adolescenza affiancano l\u2019attivit\u00e0 del padre, partecipando a diverse campagne della nave posacavi <em>Citt\u00e0 di Milano<\/em> e ad alcuni viaggi di affari all\u2019estero.<\/p>\n<p>Nel 1904 Piero e Alberto Pirelli vengono ufficialmente associati al padre nella gerenza della societ\u00e0. L\u2019ingresso formale nella conduzione dell\u2019azienda coincide con un momento di forte espansione internazionale nel settore dei cavi elettrici e telegrafici e con l\u2019avvio della produzione massiccia di <strong>pneumatici,<\/strong> dopo un\u2019iniziale fase di sperimentazione. Per entrambi i fratelli sono anni di numerosi viaggi all\u2019estero, durante i quali visitano aziende, presentano la Pirelli nelle fiere internazionali, instaurano rapporti di affari. Alberto \u00e8 negli Stati Uniti, in Brasile, Canada, Argentina, e si dedica in particolare a stabilire importanti <strong>accordi di collaborazione<\/strong> nel settore elettrico, allora dominato da grandi aziende tedesche e americane. \u00c8 in questi anni che in lui cresce la consapevolezza dell\u2019importanza dei rapporti internazionali e della conoscenza dei mercati esteri e, grazie alle sue capacit\u00e0 diplomatiche e all\u2019ottima conoscenza delle lingue, diventa uno degli imprenditori italiani pi\u00f9 noti nel mondo.<\/p>\n<p>Alla fine della Prima Guerra Mondiale, le sue capacit\u00e0 e l\u2019esperienza accumulata in importanti trattative internazionali lo portano a ottenere un impegno pubblico di grande importanza: tra il 1919 e il 1932 \u00e8 infatti chiamato dal <strong>Governo italiano<\/strong> a un ruolo di primo piano nei negoziati internazionali sulle riparazioni di guerra tedesche e i debiti di guerra interalleati, esperienza che racconter\u00e0 nel volume \u201cDopoguerra 1919-1932. Note ed sperienze,\u201d uscito nel 1932. Tra i fratelli si stabilisce cos\u00ec una divisione dei compiti, Alberto pi\u00f9 proiettato verso le relazioni internazionali e gli incarichi pubblici, Piero pi\u00f9 dedicato agli aspetti organizzativi dell\u2019azienda e ai rapporti con i lavoratori.\u00a0 Negli anni Venti Alberto \u00e8 protagonista di alcune operazioni finanziarie volte a risanare i debiti del gruppo, partecipando al prestito americano guidato dalla <strong>Banca Morgan<\/strong>, e a consolidare gli interessi dell\u2019industria elettrica e telefonica in Italia. Resta tra gli imprenditori pi\u00f9 influenti per il Governo italiano e all\u2019estero per tutti gli anni Trenta e la sua attivit\u00e0 \u00e8 testimoniata sia nelle carte aziendali dell\u2019Archivio Storico sia nel suo Archivio Privato, conservato dalla Fondazione Pirelli. Nel 1927 gli viene affidata la presidenza della Camera di Commercio internazionale, carica di grande prestigio, e nel <strong>1935<\/strong> la presidenza dell\u2019<strong>Ispi<\/strong> \u2013 Istituto per gli Studi di Politica Internazionale, che aveva contribuito a fondare l\u2019anno prima. Tra le cariche ricoperte anche la presidenza di <strong>Assonime<\/strong>, l\u2019Associazione fra le societ\u00e0 anonime. Alla Liberazione, dopo la Seconda Guerra Mondiale, la Pirelli viene commissariata per un breve periodo, ma Alberto e il fratello Piero vengono presto reintegrati nei rispettivi ruoli di Amministratore delegato e Presidente, che ricoprivano dal 1932, anno della morte del padre.<\/p>\n<p>Nel 1946 Alberto vuole ripercorrere la storia del gruppo, che si accinge a celebrare i 75 anni di attivit\u00e0, ed \u00e8 autore del volume \u201cLa Pirelli. Vita di un\u2019azienda industriale\u201d. Nel 1956, alla morte del fratello Piero, assume il ruolo di <strong>Presidente<\/strong>, per poi passare il testimone al figlio Leopoldo nel 1965. Si spegne nel 1971 e sar\u00e0 ricordato come uno dei maggiori industriali e uomini di finanza che l\u2019Italia abbia avuto nella sua storia post unitaria.<\/p>\n","protected":false},"excerpt":{"rendered":"<p>Il 28 aprile 1882 nasce a Milano Alberto Pirelli, secondo, dopo Piero nato nel 1881, degli otto figli di Giovanni Battista Pirelli e Maria Sormani. Dieci anni prima era sorta, per iniziativa paterna, la GB Pirelli &amp; C., fabbrica per la lavorazione della gomma elastica. Un destino segnato, quello dei due fratelli, nati e cresciuti [&hellip;]<\/p>\n","protected":false},"author":9,"featured_media":89005,"comment_status":"open","ping_status":"open","sticky":false,"template":"","format":"standard","meta":{"footnotes":""},"categories":[126,62],"tags":[118],"class_list":["post-89002","post","type-post","status-publish","format-standard","has-post-thumbnail","hentry","category-archivio-storico","category-storie-dal-mondo-pirelli","tag-storia-aziendale"],"acf":[],"yoast_head":"<!-- This site is optimized with the Yoast SEO plugin v25.0 - https:\/\/yoast.com\/wordpress\/plugins\/seo\/ -->\n<title>140 anni fa nasceva Alberto Pirelli, uno dei protagonisti della storia industriale italiana - Fondazione Pirelli<\/title>\n<meta name=\"robots\" content=\"index, follow, max-snippet:-1, max-image-preview:large, max-video-preview:-1\" \/>\n<link rel=\"canonical\" href=\"https:\/\/www.fondazionepirelli.org\/it\/archivio-storico\/140-anni-fa-nasceva-alberto-pirelli-uno-dei-protagonisti-della-storia-industriale-italiana\/\" \/>\n<meta property=\"og:locale\" content=\"it_IT\" \/>\n<meta property=\"og:type\" content=\"article\" \/>\n<meta property=\"og:title\" content=\"140 anni fa nasceva Alberto Pirelli, uno dei protagonisti della storia industriale italiana - Fondazione Pirelli\" \/>\n<meta property=\"og:description\" content=\"Il 28 aprile 1882 nasce a Milano Alberto Pirelli, secondo, dopo Piero nato nel 1881, degli otto figli di Giovanni Battista Pirelli e Maria Sormani. Dieci anni prima era sorta, per iniziativa paterna, la GB Pirelli &amp; C., fabbrica per la lavorazione della gomma elastica. Un destino segnato, quello dei due fratelli, nati e cresciuti [&hellip;]\" \/>\n<meta property=\"og:url\" content=\"https:\/\/www.fondazionepirelli.org\/it\/archivio-storico\/140-anni-fa-nasceva-alberto-pirelli-uno-dei-protagonisti-della-storia-industriale-italiana\/\" \/>\n<meta property=\"og:site_name\" content=\"Fondazione Pirelli\" \/>\n<meta property=\"article:published_time\" content=\"2022-04-27T09:48:38+00:00\" \/>\n<meta property=\"article:modified_time\" content=\"2022-07-18T12:48:22+00:00\" \/>\n<meta property=\"og:image\" content=\"https:\/\/wpsite-assets.fondazionepirelli.org\/wp-content\/uploads\/2022\/04\/27104533\/Alberto-Pirelli-anni-Trenta_Fondazione-Pirelli-e1658148493249.jpg\" \/>\n\t<meta property=\"og:image:width\" content=\"200\" \/>\n\t<meta property=\"og:image:height\" content=\"269\" \/>\n\t<meta property=\"og:image:type\" content=\"image\/jpeg\" \/>\n<meta name=\"author\" content=\"fondazionepirelli\" \/>\n<meta name=\"twitter:card\" content=\"summary_large_image\" \/>\n<meta name=\"twitter:label1\" content=\"Scritto da\" \/>\n\t<meta name=\"twitter:data1\" content=\"fondazionepirelli\" \/>\n\t<meta name=\"twitter:label2\" content=\"Tempo di lettura stimato\" \/>\n\t<meta name=\"twitter:data2\" content=\"3 minuti\" \/>\n<script type=\"application\/ld+json\" class=\"yoast-schema-graph\">{\"@context\":\"https:\/\/schema.org\",\"@graph\":[{\"@type\":\"WebPage\",\"@id\":\"https:\/\/www.fondazionepirelli.org\/it\/archivio-storico\/140-anni-fa-nasceva-alberto-pirelli-uno-dei-protagonisti-della-storia-industriale-italiana\/\",\"url\":\"https:\/\/www.fondazionepirelli.org\/it\/archivio-storico\/140-anni-fa-nasceva-alberto-pirelli-uno-dei-protagonisti-della-storia-industriale-italiana\/\",\"name\":\"140 anni fa nasceva Alberto Pirelli, uno dei protagonisti della storia industriale italiana - Fondazione Pirelli\",\"isPartOf\":{\"@id\":\"https:\/\/www.fondazionepirelli.org\/it\/#website\"},\"primaryImageOfPage\":{\"@id\":\"https:\/\/www.fondazionepirelli.org\/it\/archivio-storico\/140-anni-fa-nasceva-alberto-pirelli-uno-dei-protagonisti-della-storia-industriale-italiana\/#primaryimage\"},\"image\":{\"@id\":\"https:\/\/www.fondazionepirelli.org\/it\/archivio-storico\/140-anni-fa-nasceva-alberto-pirelli-uno-dei-protagonisti-della-storia-industriale-italiana\/#primaryimage\"},\"thumbnailUrl\":\"https:\/\/wpsite-assets.fondazionepirelli.org\/wp-content\/uploads\/2022\/04\/27104533\/Alberto-Pirelli-anni-Trenta_Fondazione-Pirelli-e1658148493249.jpg\",\"datePublished\":\"2022-04-27T09:48:38+00:00\",\"dateModified\":\"2022-07-18T12:48:22+00:00\",\"author\":{\"@id\":\"https:\/\/www.fondazionepirelli.org\/it\/#\/schema\/person\/c31fcf5937a0e6afa45497f3f8b6d7a0\"},\"breadcrumb\":{\"@id\":\"https:\/\/www.fondazionepirelli.org\/it\/archivio-storico\/140-anni-fa-nasceva-alberto-pirelli-uno-dei-protagonisti-della-storia-industriale-italiana\/#breadcrumb\"},\"inLanguage\":\"it-IT\",\"potentialAction\":[{\"@type\":\"ReadAction\",\"target\":[\"https:\/\/www.fondazionepirelli.org\/it\/archivio-storico\/140-anni-fa-nasceva-alberto-pirelli-uno-dei-protagonisti-della-storia-industriale-italiana\/\"]}]},{\"@type\":\"ImageObject\",\"inLanguage\":\"it-IT\",\"@id\":\"https:\/\/www.fondazionepirelli.org\/it\/archivio-storico\/140-anni-fa-nasceva-alberto-pirelli-uno-dei-protagonisti-della-storia-industriale-italiana\/#primaryimage\",\"url\":\"https:\/\/wpsite-assets.fondazionepirelli.org\/wp-content\/uploads\/2022\/04\/27104533\/Alberto-Pirelli-anni-Trenta_Fondazione-Pirelli-e1658148493249.jpg\",\"contentUrl\":\"https:\/\/wpsite-assets.fondazionepirelli.org\/wp-content\/uploads\/2022\/04\/27104533\/Alberto-Pirelli-anni-Trenta_Fondazione-Pirelli-e1658148493249.jpg\",\"width\":200,\"height\":269},{\"@type\":\"BreadcrumbList\",\"@id\":\"https:\/\/www.fondazionepirelli.org\/it\/archivio-storico\/140-anni-fa-nasceva-alberto-pirelli-uno-dei-protagonisti-della-storia-industriale-italiana\/#breadcrumb\",\"itemListElement\":[{\"@type\":\"ListItem\",\"position\":1,\"name\":\"Home\",\"item\":\"https:\/\/www.fondazionepirelli.org\/it\/\"},{\"@type\":\"ListItem\",\"position\":2,\"name\":\"140 anni fa nasceva Alberto Pirelli, uno dei protagonisti della storia industriale italiana\"}]},{\"@type\":\"WebSite\",\"@id\":\"https:\/\/www.fondazionepirelli.org\/it\/#website\",\"url\":\"https:\/\/www.fondazionepirelli.org\/it\/\",\"name\":\"Fondazione Pirelli\",\"description\":\"\",\"potentialAction\":[{\"@type\":\"SearchAction\",\"target\":{\"@type\":\"EntryPoint\",\"urlTemplate\":\"https:\/\/www.fondazionepirelli.org\/it\/?s={search_term_string}\"},\"query-input\":{\"@type\":\"PropertyValueSpecification\",\"valueRequired\":true,\"valueName\":\"search_term_string\"}}],\"inLanguage\":\"it-IT\"},{\"@type\":\"Person\",\"@id\":\"https:\/\/www.fondazionepirelli.org\/it\/#\/schema\/person\/c31fcf5937a0e6afa45497f3f8b6d7a0\",\"name\":\"fondazionepirelli\",\"image\":{\"@type\":\"ImageObject\",\"inLanguage\":\"it-IT\",\"@id\":\"https:\/\/www.fondazionepirelli.org\/it\/#\/schema\/person\/image\/\",\"url\":\"https:\/\/secure.gravatar.com\/avatar\/9cb486421ce1d6eddbf6c4fb66841b4325b786695f7aedf1dde2222428218696?s=96&d=mm&r=g\",\"contentUrl\":\"https:\/\/secure.gravatar.com\/avatar\/9cb486421ce1d6eddbf6c4fb66841b4325b786695f7aedf1dde2222428218696?s=96&d=mm&r=g\",\"caption\":\"fondazionepirelli\"},\"url\":\"https:\/\/www.fondazionepirelli.org\/it\/author\/fondazionepirelli\/\"}]}<\/script>\n<!-- \/ Yoast SEO plugin. -->","yoast_head_json":{"title":"140 anni fa nasceva Alberto Pirelli, uno dei protagonisti della storia industriale italiana - Fondazione Pirelli","robots":{"index":"index","follow":"follow","max-snippet":"max-snippet:-1","max-image-preview":"max-image-preview:large","max-video-preview":"max-video-preview:-1"},"canonical":"https:\/\/www.fondazionepirelli.org\/it\/archivio-storico\/140-anni-fa-nasceva-alberto-pirelli-uno-dei-protagonisti-della-storia-industriale-italiana\/","og_locale":"it_IT","og_type":"article","og_title":"140 anni fa nasceva Alberto Pirelli, uno dei protagonisti della storia industriale italiana - Fondazione Pirelli","og_description":"Il 28 aprile 1882 nasce a Milano Alberto Pirelli, secondo, dopo Piero nato nel 1881, degli otto figli di Giovanni Battista Pirelli e Maria Sormani. Dieci anni prima era sorta, per iniziativa paterna, la GB Pirelli &amp; C., fabbrica per la lavorazione della gomma elastica. Un destino segnato, quello dei due fratelli, nati e cresciuti [&hellip;]","og_url":"https:\/\/www.fondazionepirelli.org\/it\/archivio-storico\/140-anni-fa-nasceva-alberto-pirelli-uno-dei-protagonisti-della-storia-industriale-italiana\/","og_site_name":"Fondazione Pirelli","article_published_time":"2022-04-27T09:48:38+00:00","article_modified_time":"2022-07-18T12:48:22+00:00","og_image":[{"width":200,"height":269,"url":"https:\/\/wpsite-assets.fondazionepirelli.org\/wp-content\/uploads\/2022\/04\/27104533\/Alberto-Pirelli-anni-Trenta_Fondazione-Pirelli-e1658148493249.jpg","type":"image\/jpeg"}],"author":"fondazionepirelli","twitter_card":"summary_large_image","twitter_misc":{"Scritto da":"fondazionepirelli","Tempo di lettura stimato":"3 minuti"},"schema":{"@context":"https:\/\/schema.org","@graph":[{"@type":"WebPage","@id":"https:\/\/www.fondazionepirelli.org\/it\/archivio-storico\/140-anni-fa-nasceva-alberto-pirelli-uno-dei-protagonisti-della-storia-industriale-italiana\/","url":"https:\/\/www.fondazionepirelli.org\/it\/archivio-storico\/140-anni-fa-nasceva-alberto-pirelli-uno-dei-protagonisti-della-storia-industriale-italiana\/","name":"140 anni fa nasceva Alberto Pirelli, uno dei protagonisti della storia industriale italiana - Fondazione Pirelli","isPartOf":{"@id":"https:\/\/www.fondazionepirelli.org\/it\/#website"},"primaryImageOfPage":{"@id":"https:\/\/www.fondazionepirelli.org\/it\/archivio-storico\/140-anni-fa-nasceva-alberto-pirelli-uno-dei-protagonisti-della-storia-industriale-italiana\/#primaryimage"},"image":{"@id":"https:\/\/www.fondazionepirelli.org\/it\/archivio-storico\/140-anni-fa-nasceva-alberto-pirelli-uno-dei-protagonisti-della-storia-industriale-italiana\/#primaryimage"},"thumbnailUrl":"https:\/\/wpsite-assets.fondazionepirelli.org\/wp-content\/uploads\/2022\/04\/27104533\/Alberto-Pirelli-anni-Trenta_Fondazione-Pirelli-e1658148493249.jpg","datePublished":"2022-04-27T09:48:38+00:00","dateModified":"2022-07-18T12:48:22+00:00","author":{"@id":"https:\/\/www.fondazionepirelli.org\/it\/#\/schema\/person\/c31fcf5937a0e6afa45497f3f8b6d7a0"},"breadcrumb":{"@id":"https:\/\/www.fondazionepirelli.org\/it\/archivio-storico\/140-anni-fa-nasceva-alberto-pirelli-uno-dei-protagonisti-della-storia-industriale-italiana\/#breadcrumb"},"inLanguage":"it-IT","potentialAction":[{"@type":"ReadAction","target":["https:\/\/www.fondazionepirelli.org\/it\/archivio-storico\/140-anni-fa-nasceva-alberto-pirelli-uno-dei-protagonisti-della-storia-industriale-italiana\/"]}]},{"@type":"ImageObject","inLanguage":"it-IT","@id":"https:\/\/www.fondazionepirelli.org\/it\/archivio-storico\/140-anni-fa-nasceva-alberto-pirelli-uno-dei-protagonisti-della-storia-industriale-italiana\/#primaryimage","url":"https:\/\/wpsite-assets.fondazionepirelli.org\/wp-content\/uploads\/2022\/04\/27104533\/Alberto-Pirelli-anni-Trenta_Fondazione-Pirelli-e1658148493249.jpg","contentUrl":"https:\/\/wpsite-assets.fondazionepirelli.org\/wp-content\/uploads\/2022\/04\/27104533\/Alberto-Pirelli-anni-Trenta_Fondazione-Pirelli-e1658148493249.jpg","width":200,"height":269},{"@type":"BreadcrumbList","@id":"https:\/\/www.fondazionepirelli.org\/it\/archivio-storico\/140-anni-fa-nasceva-alberto-pirelli-uno-dei-protagonisti-della-storia-industriale-italiana\/#breadcrumb","itemListElement":[{"@type":"ListItem","position":1,"name":"Home","item":"https:\/\/www.fondazionepirelli.org\/it\/"},{"@type":"ListItem","position":2,"name":"140 anni fa nasceva Alberto Pirelli, uno dei protagonisti della storia industriale italiana"}]},{"@type":"WebSite","@id":"https:\/\/www.fondazionepirelli.org\/it\/#website","url":"https:\/\/www.fondazionepirelli.org\/it\/","name":"Fondazione Pirelli","description":"","potentialAction":[{"@type":"SearchAction","target":{"@type":"EntryPoint","urlTemplate":"https:\/\/www.fondazionepirelli.org\/it\/?s={search_term_string}"},"query-input":{"@type":"PropertyValueSpecification","valueRequired":true,"valueName":"search_term_string"}}],"inLanguage":"it-IT"},{"@type":"Person","@id":"https:\/\/www.fondazionepirelli.org\/it\/#\/schema\/person\/c31fcf5937a0e6afa45497f3f8b6d7a0","name":"fondazionepirelli","image":{"@type":"ImageObject","inLanguage":"it-IT","@id":"https:\/\/www.fondazionepirelli.org\/it\/#\/schema\/person\/image\/","url":"https:\/\/secure.gravatar.com\/avatar\/9cb486421ce1d6eddbf6c4fb66841b4325b786695f7aedf1dde2222428218696?s=96&d=mm&r=g","contentUrl":"https:\/\/secure.gravatar.com\/avatar\/9cb486421ce1d6eddbf6c4fb66841b4325b786695f7aedf1dde2222428218696?s=96&d=mm&r=g","caption":"fondazionepirelli"},"url":"https:\/\/www.fondazionepirelli.org\/it\/author\/fondazionepirelli\/"}]}},"_links":{"self":[{"href":"https:\/\/www.fondazionepirelli.org\/it\/wp-json\/wp\/v2\/posts\/89002\/"}],"collection":[{"href":"https:\/\/www.fondazionepirelli.org\/it\/wp-json\/wp\/v2\/posts\/"}],"about":[{"href":"https:\/\/www.fondazionepirelli.org\/it\/wp-json\/wp\/v2\/types\/post\/"}],"author":[{"embeddable":true,"href":"https:\/\/www.fondazionepirelli.org\/it\/wp-json\/wp\/v2\/users\/9\/"}],"replies":[{"embeddable":true,"href":"https:\/\/www.fondazionepirelli.org\/it\/wp-json\/wp\/v2\/comments\/?post=89002"}],"version-history":[{"count":5,"href":"https:\/\/www.fondazionepirelli.org\/it\/wp-json\/wp\/v2\/posts\/89002\/revisions\/"}],"predecessor-version":[{"id":89060,"href":"https:\/\/www.fondazionepirelli.org\/it\/wp-json\/wp\/v2\/posts\/89002\/revisions\/89060\/"}],"wp:featuredmedia":[{"embeddable":true,"href":"https:\/\/www.fondazionepirelli.org\/it\/wp-json\/wp\/v2\/media\/89005\/"}],"wp:attachment":[{"href":"https:\/\/www.fondazionepirelli.org\/it\/wp-json\/wp\/v2\/media\/?parent=89002"}],"wp:term":[{"taxonomy":"category","embeddable":true,"href":"https:\/\/www.fondazionepirelli.org\/it\/wp-json\/wp\/v2\/categories\/?post=89002"},{"taxonomy":"post_tag","embeddable":true,"href":"https:\/\/www.fondazionepirelli.org\/it\/wp-json\/wp\/v2\/tags\/?post=89002"}],"curies":[{"name":"wp","href":"https:\/\/api.w.org\/{rel}","templated":true}]}}