{"id":89100,"date":"2022-05-03T08:47:25","date_gmt":"2022-05-03T07:47:25","guid":{"rendered":"https:\/\/www.fondazionepirelli.org\/?p=89100"},"modified":"2022-05-03T08:47:25","modified_gmt":"2022-05-03T07:47:25","slug":"premio-campiello-junior-scrivere-pubblicare-e-premiare-libri-per-bambini-e-costruire-granai-per-un-futuro-migliore","status":"publish","type":"post","link":"https:\/\/www.fondazionepirelli.org\/it\/cultura-dimpresa\/premio-campiello-junior-scrivere-pubblicare-e-premiare-libri-per-bambini-e-costruire-granai-per-un-futuro-migliore\/","title":{"rendered":"Premio Campiello Junior: scrivere, pubblicare e premiare  libri per bambini \u00e8 \u201ccostruire granai\u201d per un futuro migliore"},"content":{"rendered":"<p>Chiss\u00e0 se il mondo \u00e8 fatto davvero \u201cper finire in un bel libro\u201d, come sosteneva <strong>St\u00e9phane Mallarm\u00e9<\/strong>. Di certo esperienza e letteratura concordano nel sottolineare la centralit\u00e0 del racconto nella dimensione esistenziale di ogni persona. E nel riconoscersi nelle parole di <strong>Gabriel Garcia Marquez<\/strong>: \u201cLa vita non \u00e8 quella che si \u00e8 vissuta, ma quella che si ricorda e come la si ricorda per raccontarla\u201d. O in quelle di <strong>Umberto Eco<\/strong>: \u201cChi non legge, a 70 anni avr\u00e0 vissuto una sola vita: la propria. Chi legge avr\u00e0 vissuto 5000 anni: c&#8217;era quando Caino uccise Abele, quando Renzo spos\u00f2 Lucia, quando Leopardi ammirava l&#8217;infinito\u2026 perch\u00e9 la lettura \u00e8 un\u2019immortalit\u00e0 all&#8217;indietro\u201d.<\/p>\n<p>C\u2019\u00e8 saggezza, viaggiando tra le righe. E piacere. <strong>Memoria<\/strong>. E <strong>scoperta<\/strong>. Il filo della malinconia che dall\u2019ombra dei ricordi e dal dolore dell\u2019assenza spinge a creare immagini e parole che riempiono il vuoto. E il vento dell\u2019allegria che scompiglia i pensieri consueti e rimette in moto la vita. Perch\u00e9 hanno ali, le parole. E, contemporaneamente, forza di pietre. Fanno volare pensieri ed emozioni. E radicano le esperienze. Rivelano la sostanza delle cose. E aprono mondi che prima d\u2019essere nominati non c\u2019erano. Il racconto \u00e8 un viaggio. E ogni viaggio fa nascere racconti.<\/p>\n<p>Le parole, insomma, sono un gioco serissimo, come quelli che fanno i bambini. Ed \u00e8 proprio con i bambini che bisogna impegnarsi con generosit\u00e0, perch\u00e9 imparino presto, il pi\u00f9 presto possibile, la bellezza feconda del leggere e dunque immaginare, scoprire, progettare. Raccontare, appunto. E vivere.<\/p>\n<p>E\u2019 questo il contesto in cui \u00e8 nato il <strong>Premio Campiello Junior<\/strong>, promosso dalla <strong>Fondazione Campiello<\/strong> e della <strong>Fondazione Pirelli<\/strong>, per valorizzare scrittrici e scrittori di libri per bambini dai 10 ai 14 anni, arrivato adesso alla conclusione della sua prima edizione. Tre libri in finale (Chiara Carminati con \u201cUn pinguino a Trieste\u201d, Bompiani; Guido Quarzo e Anna Vivarelli con \u201cLa scatola dei sogni\u201d, EditorialeScienza e Antonella Sbuelz con \u201cQuesta notte non torno\u201d, Feltrinelli), selezionati da una Giuria presieduta da Roberto Piumini e poi affidati al voto della Giuria dei lettori composta da 160 giovanissimi lettori e lettrici (appunto secondo le regole del Premio Campiello). Premiazione il 6 maggio, nel Campus di H-Farm a Roncade (Treviso).<\/p>\n<p>Il senso dell\u2019iniziativa sta proprio nelle parole di<strong> Roberto Piumini<\/strong>: \u201cChi scrive per ragazzi, chi stampa libri per ragazzi, chi promuove o premia la letteratura per ragazzi, compie qualcosa di molto pi\u00f9 complesso, meritevole e rischioso di altri tipi di scrittura, edizione e promozione. Perch\u00e9 non si tratta, con questi lettori, di trasmettere temi esistenziali, culturali, o emozioni da collocare nella memoria, nel sistema di un gusto letterario, ma di dare linguaggio, parola conoscitiva ed emozionale: dare parola nel senso antropologicamente pi\u00f9 denso e delicato\u201d.<\/p>\n<p>Insiste Piumini: \u201cScrivere, pubblicare, promuovere narrazione per ragazzi, vuol dire fornire modi di conoscenza, affettivit\u00e0, identit\u00e0, immaginazione e scopo. Questo non si risolve, come nella letteratura dei tempi andati, con la descrizione di esempi e modelli, o la sapienza minacciosa delle esortazioni, ma col dono di un linguaggio ricco, che gioca e invita, creativamente ed energicamente, alla variet\u00e0 e alla possibilit\u00e0 del mondo\u201d.<\/p>\n<p>Spiega ancora Enrico Carraro, Presidente della Fondazione Campiello e di Confindustria Veneto: \u201cCon la Fondazione Pirelli abbiamo istituito il Campiello Junior con l\u2019obiettivo di valorizzare, ancora una volta, il <strong>talento degli scrittori<\/strong> e diffondere la lettura tra i ragazzi. Un nuovo progetto che ha confermato l\u2019impegno degli imprenditori del Veneto per i progetti culturali e, quindi, per lo sviluppo del Paese\u201d.<\/p>\n<p>Dal punto di vista della Fondazione Pirelli, \u201cil sostegno al Premio Campiello Junior intende stimolare la scrittura di libri per le bambine e i bambini, come strumenti che migliorano il piacere della scoperta, la conoscenza, la qualit\u00e0 della vita. E rientra nelle tante iniziative lanciate nel corso della nostra storia per le biblioteche aziendali, la diffusione della cultura, l\u2019affermazione di una \u2018civilt\u00e0 del libro\u2019 come parte indispensabile di una cittadinanza responsabile fin dalla pi\u00f9 giovane et\u00e0\u201d.<\/p>\n<p>Ecco il nodo culturale di fondo: il libro come strumento essenziale di conoscenza e di responsabilit\u00e0, di sviluppo umano, personale e sociale, di costruzione di un rapporto consapevole con le comunit\u00e0 in cui i bambini crescono e diventano adulti. Il piacere della lettura si coniuga con la definizione di una personalit\u00e0 critica. Perch\u00e9, appunto, il gioco delle parole stimola confronto, dialogo, apprezzamento dell\u2019altro, coscienza del valore dell\u2019individualit\u00e0 e della diversit\u00e0. L\u2019avventura raccontata nelle pagine dei libri arricchisce l\u2019esperienza del lettore fin da piccolo. E i protagonisti e le protagoniste di quei racconti rendono molto pi\u00f9 fertile la vita di ognuno di noi, insegnandoci a immaginare, costruire, esplorare nuovi mondi.<\/p>\n<p>Libri come fondamenta di una \u201ccitt\u00e0 dell\u2019uomo\u201d pi\u00f9 aperta, accogliente, civile. E biblioteche come deposito di esperienze, progetti, sogni. Come granai che custodiscono la base di un buon cibo del corpo e dell\u2019anima, per un migliore futuro.<\/p>\n<p>\u201cFondare biblioteche \u00e8 un po&#8217; come costruire ancora granai pubblici: ammassare riserve contro l&#8217;inverno dello spirito che da molti indizi, mio malgrado, vedo venire\u201d, scrive <strong>Marguerite Yourcenar<\/strong> nelle pagine di un libro fondamentale, \u201cMemorie di Adriano\u201d (la frase sta sul frontone interno d\u2019ingresso della Biblioteca Pirelli in Bicocca, a Milano). I rischi dell\u2019inverno dello spirito sono ricorrenti e in certi momenti, proprio come quelli che adesso stiamo vivendo, particolarmente inquietanti. Giocare con le parole dei libri, insieme ai nostri bambini, aiuta a costruire e tramandare, nonostante tutto, speranze.<\/p>\n","protected":false},"excerpt":{"rendered":"<p>Chiss\u00e0 se il mondo \u00e8 fatto davvero \u201cper finire in un bel libro\u201d, come sosteneva St\u00e9phane Mallarm\u00e9. Di certo esperienza e letteratura concordano nel sottolineare la centralit\u00e0 del racconto nella dimensione esistenziale di ogni persona. E nel riconoscersi nelle parole di Gabriel Garcia Marquez: \u201cLa vita non \u00e8 quella che si \u00e8 vissuta, ma quella [&hellip;]<\/p>\n","protected":false},"author":9,"featured_media":89114,"comment_status":"open","ping_status":"open","sticky":false,"template":"","format":"standard","meta":{"footnotes":""},"categories":[53,52],"tags":[],"class_list":["post-89100","post","type-post","status-publish","format-standard","has-post-thumbnail","hentry","category-blog","category-cultura-dimpresa"],"acf":[],"yoast_head":"<!-- This site is optimized with the Yoast SEO plugin v25.0 - https:\/\/yoast.com\/wordpress\/plugins\/seo\/ -->\n<title>Premio Campiello Junior: scrivere, pubblicare e premiare libri per bambini \u00e8 \u201ccostruire granai\u201d per un futuro migliore - Fondazione Pirelli<\/title>\n<meta name=\"robots\" content=\"index, follow, max-snippet:-1, max-image-preview:large, max-video-preview:-1\" \/>\n<link rel=\"canonical\" href=\"https:\/\/www.fondazionepirelli.org\/it\/cultura-dimpresa\/premio-campiello-junior-scrivere-pubblicare-e-premiare-libri-per-bambini-e-costruire-granai-per-un-futuro-migliore\/\" \/>\n<meta property=\"og:locale\" content=\"it_IT\" \/>\n<meta property=\"og:type\" content=\"article\" \/>\n<meta property=\"og:title\" content=\"Premio Campiello Junior: scrivere, pubblicare e premiare libri per bambini \u00e8 \u201ccostruire granai\u201d per un futuro migliore - Fondazione Pirelli\" \/>\n<meta property=\"og:description\" content=\"Chiss\u00e0 se il mondo \u00e8 fatto davvero \u201cper finire in un bel libro\u201d, come sosteneva St\u00e9phane Mallarm\u00e9. Di certo esperienza e letteratura concordano nel sottolineare la centralit\u00e0 del racconto nella dimensione esistenziale di ogni persona. E nel riconoscersi nelle parole di Gabriel Garcia Marquez: \u201cLa vita non \u00e8 quella che si \u00e8 vissuta, ma quella [&hellip;]\" \/>\n<meta property=\"og:url\" content=\"https:\/\/www.fondazionepirelli.org\/it\/cultura-dimpresa\/premio-campiello-junior-scrivere-pubblicare-e-premiare-libri-per-bambini-e-costruire-granai-per-un-futuro-migliore\/\" \/>\n<meta property=\"og:site_name\" content=\"Fondazione Pirelli\" \/>\n<meta property=\"article:published_time\" content=\"2022-05-03T07:47:25+00:00\" \/>\n<meta property=\"og:image\" content=\"https:\/\/wpsite-assets.fondazionepirelli.org\/wp-content\/uploads\/2022\/05\/03084613\/GettyImages-950603918.jpg\" \/>\n\t<meta property=\"og:image:width\" content=\"6921\" \/>\n\t<meta property=\"og:image:height\" content=\"4619\" \/>\n\t<meta property=\"og:image:type\" content=\"image\/jpeg\" \/>\n<meta name=\"author\" content=\"fondazionepirelli\" \/>\n<meta name=\"twitter:card\" content=\"summary_large_image\" \/>\n<meta name=\"twitter:label1\" content=\"Scritto da\" \/>\n\t<meta name=\"twitter:data1\" content=\"fondazionepirelli\" \/>\n\t<meta name=\"twitter:label2\" content=\"Tempo di lettura stimato\" \/>\n\t<meta name=\"twitter:data2\" content=\"4 minuti\" \/>\n<script type=\"application\/ld+json\" class=\"yoast-schema-graph\">{\"@context\":\"https:\/\/schema.org\",\"@graph\":[{\"@type\":\"WebPage\",\"@id\":\"https:\/\/www.fondazionepirelli.org\/it\/cultura-dimpresa\/premio-campiello-junior-scrivere-pubblicare-e-premiare-libri-per-bambini-e-costruire-granai-per-un-futuro-migliore\/\",\"url\":\"https:\/\/www.fondazionepirelli.org\/it\/cultura-dimpresa\/premio-campiello-junior-scrivere-pubblicare-e-premiare-libri-per-bambini-e-costruire-granai-per-un-futuro-migliore\/\",\"name\":\"Premio Campiello Junior: scrivere, pubblicare e premiare libri per bambini \u00e8 \u201ccostruire granai\u201d per un futuro migliore - Fondazione Pirelli\",\"isPartOf\":{\"@id\":\"https:\/\/www.fondazionepirelli.org\/it\/#website\"},\"primaryImageOfPage\":{\"@id\":\"https:\/\/www.fondazionepirelli.org\/it\/cultura-dimpresa\/premio-campiello-junior-scrivere-pubblicare-e-premiare-libri-per-bambini-e-costruire-granai-per-un-futuro-migliore\/#primaryimage\"},\"image\":{\"@id\":\"https:\/\/www.fondazionepirelli.org\/it\/cultura-dimpresa\/premio-campiello-junior-scrivere-pubblicare-e-premiare-libri-per-bambini-e-costruire-granai-per-un-futuro-migliore\/#primaryimage\"},\"thumbnailUrl\":\"https:\/\/wpsite-assets.fondazionepirelli.org\/wp-content\/uploads\/2022\/05\/03084613\/GettyImages-950603918.jpg\",\"datePublished\":\"2022-05-03T07:47:25+00:00\",\"author\":{\"@id\":\"https:\/\/www.fondazionepirelli.org\/it\/#\/schema\/person\/c31fcf5937a0e6afa45497f3f8b6d7a0\"},\"breadcrumb\":{\"@id\":\"https:\/\/www.fondazionepirelli.org\/it\/cultura-dimpresa\/premio-campiello-junior-scrivere-pubblicare-e-premiare-libri-per-bambini-e-costruire-granai-per-un-futuro-migliore\/#breadcrumb\"},\"inLanguage\":\"it-IT\",\"potentialAction\":[{\"@type\":\"ReadAction\",\"target\":[\"https:\/\/www.fondazionepirelli.org\/it\/cultura-dimpresa\/premio-campiello-junior-scrivere-pubblicare-e-premiare-libri-per-bambini-e-costruire-granai-per-un-futuro-migliore\/\"]}]},{\"@type\":\"ImageObject\",\"inLanguage\":\"it-IT\",\"@id\":\"https:\/\/www.fondazionepirelli.org\/it\/cultura-dimpresa\/premio-campiello-junior-scrivere-pubblicare-e-premiare-libri-per-bambini-e-costruire-granai-per-un-futuro-migliore\/#primaryimage\",\"url\":\"https:\/\/wpsite-assets.fondazionepirelli.org\/wp-content\/uploads\/2022\/05\/03084613\/GettyImages-950603918.jpg\",\"contentUrl\":\"https:\/\/wpsite-assets.fondazionepirelli.org\/wp-content\/uploads\/2022\/05\/03084613\/GettyImages-950603918.jpg\",\"width\":6921,\"height\":4619,\"caption\":\"Teacher reading fairy tales to children sitting in a circle at library. Top view of librarian sitting with five multiethnic children on floor. Teacher reading book to cute girls and young boys at school.\"},{\"@type\":\"BreadcrumbList\",\"@id\":\"https:\/\/www.fondazionepirelli.org\/it\/cultura-dimpresa\/premio-campiello-junior-scrivere-pubblicare-e-premiare-libri-per-bambini-e-costruire-granai-per-un-futuro-migliore\/#breadcrumb\",\"itemListElement\":[{\"@type\":\"ListItem\",\"position\":1,\"name\":\"Home\",\"item\":\"https:\/\/www.fondazionepirelli.org\/it\/\"},{\"@type\":\"ListItem\",\"position\":2,\"name\":\"Premio Campiello Junior: scrivere, pubblicare e premiare libri per bambini \u00e8 \u201ccostruire granai\u201d per un futuro migliore\"}]},{\"@type\":\"WebSite\",\"@id\":\"https:\/\/www.fondazionepirelli.org\/it\/#website\",\"url\":\"https:\/\/www.fondazionepirelli.org\/it\/\",\"name\":\"Fondazione Pirelli\",\"description\":\"\",\"potentialAction\":[{\"@type\":\"SearchAction\",\"target\":{\"@type\":\"EntryPoint\",\"urlTemplate\":\"https:\/\/www.fondazionepirelli.org\/it\/?s={search_term_string}\"},\"query-input\":{\"@type\":\"PropertyValueSpecification\",\"valueRequired\":true,\"valueName\":\"search_term_string\"}}],\"inLanguage\":\"it-IT\"},{\"@type\":\"Person\",\"@id\":\"https:\/\/www.fondazionepirelli.org\/it\/#\/schema\/person\/c31fcf5937a0e6afa45497f3f8b6d7a0\",\"name\":\"fondazionepirelli\",\"image\":{\"@type\":\"ImageObject\",\"inLanguage\":\"it-IT\",\"@id\":\"https:\/\/www.fondazionepirelli.org\/it\/#\/schema\/person\/image\/\",\"url\":\"https:\/\/secure.gravatar.com\/avatar\/9cb486421ce1d6eddbf6c4fb66841b4325b786695f7aedf1dde2222428218696?s=96&d=mm&r=g\",\"contentUrl\":\"https:\/\/secure.gravatar.com\/avatar\/9cb486421ce1d6eddbf6c4fb66841b4325b786695f7aedf1dde2222428218696?s=96&d=mm&r=g\",\"caption\":\"fondazionepirelli\"},\"url\":\"https:\/\/www.fondazionepirelli.org\/it\/author\/fondazionepirelli\/\"}]}<\/script>\n<!-- \/ Yoast SEO plugin. -->","yoast_head_json":{"title":"Premio Campiello Junior: scrivere, pubblicare e premiare libri per bambini \u00e8 \u201ccostruire granai\u201d per un futuro migliore - Fondazione Pirelli","robots":{"index":"index","follow":"follow","max-snippet":"max-snippet:-1","max-image-preview":"max-image-preview:large","max-video-preview":"max-video-preview:-1"},"canonical":"https:\/\/www.fondazionepirelli.org\/it\/cultura-dimpresa\/premio-campiello-junior-scrivere-pubblicare-e-premiare-libri-per-bambini-e-costruire-granai-per-un-futuro-migliore\/","og_locale":"it_IT","og_type":"article","og_title":"Premio Campiello Junior: scrivere, pubblicare e premiare libri per bambini \u00e8 \u201ccostruire granai\u201d per un futuro migliore - Fondazione Pirelli","og_description":"Chiss\u00e0 se il mondo \u00e8 fatto davvero \u201cper finire in un bel libro\u201d, come sosteneva St\u00e9phane Mallarm\u00e9. Di certo esperienza e letteratura concordano nel sottolineare la centralit\u00e0 del racconto nella dimensione esistenziale di ogni persona. E nel riconoscersi nelle parole di Gabriel Garcia Marquez: \u201cLa vita non \u00e8 quella che si \u00e8 vissuta, ma quella [&hellip;]","og_url":"https:\/\/www.fondazionepirelli.org\/it\/cultura-dimpresa\/premio-campiello-junior-scrivere-pubblicare-e-premiare-libri-per-bambini-e-costruire-granai-per-un-futuro-migliore\/","og_site_name":"Fondazione Pirelli","article_published_time":"2022-05-03T07:47:25+00:00","og_image":[{"width":6921,"height":4619,"url":"https:\/\/wpsite-assets.fondazionepirelli.org\/wp-content\/uploads\/2022\/05\/03084613\/GettyImages-950603918.jpg","type":"image\/jpeg"}],"author":"fondazionepirelli","twitter_card":"summary_large_image","twitter_misc":{"Scritto da":"fondazionepirelli","Tempo di lettura stimato":"4 minuti"},"schema":{"@context":"https:\/\/schema.org","@graph":[{"@type":"WebPage","@id":"https:\/\/www.fondazionepirelli.org\/it\/cultura-dimpresa\/premio-campiello-junior-scrivere-pubblicare-e-premiare-libri-per-bambini-e-costruire-granai-per-un-futuro-migliore\/","url":"https:\/\/www.fondazionepirelli.org\/it\/cultura-dimpresa\/premio-campiello-junior-scrivere-pubblicare-e-premiare-libri-per-bambini-e-costruire-granai-per-un-futuro-migliore\/","name":"Premio Campiello Junior: scrivere, pubblicare e premiare libri per bambini \u00e8 \u201ccostruire granai\u201d per un futuro migliore - Fondazione Pirelli","isPartOf":{"@id":"https:\/\/www.fondazionepirelli.org\/it\/#website"},"primaryImageOfPage":{"@id":"https:\/\/www.fondazionepirelli.org\/it\/cultura-dimpresa\/premio-campiello-junior-scrivere-pubblicare-e-premiare-libri-per-bambini-e-costruire-granai-per-un-futuro-migliore\/#primaryimage"},"image":{"@id":"https:\/\/www.fondazionepirelli.org\/it\/cultura-dimpresa\/premio-campiello-junior-scrivere-pubblicare-e-premiare-libri-per-bambini-e-costruire-granai-per-un-futuro-migliore\/#primaryimage"},"thumbnailUrl":"https:\/\/wpsite-assets.fondazionepirelli.org\/wp-content\/uploads\/2022\/05\/03084613\/GettyImages-950603918.jpg","datePublished":"2022-05-03T07:47:25+00:00","author":{"@id":"https:\/\/www.fondazionepirelli.org\/it\/#\/schema\/person\/c31fcf5937a0e6afa45497f3f8b6d7a0"},"breadcrumb":{"@id":"https:\/\/www.fondazionepirelli.org\/it\/cultura-dimpresa\/premio-campiello-junior-scrivere-pubblicare-e-premiare-libri-per-bambini-e-costruire-granai-per-un-futuro-migliore\/#breadcrumb"},"inLanguage":"it-IT","potentialAction":[{"@type":"ReadAction","target":["https:\/\/www.fondazionepirelli.org\/it\/cultura-dimpresa\/premio-campiello-junior-scrivere-pubblicare-e-premiare-libri-per-bambini-e-costruire-granai-per-un-futuro-migliore\/"]}]},{"@type":"ImageObject","inLanguage":"it-IT","@id":"https:\/\/www.fondazionepirelli.org\/it\/cultura-dimpresa\/premio-campiello-junior-scrivere-pubblicare-e-premiare-libri-per-bambini-e-costruire-granai-per-un-futuro-migliore\/#primaryimage","url":"https:\/\/wpsite-assets.fondazionepirelli.org\/wp-content\/uploads\/2022\/05\/03084613\/GettyImages-950603918.jpg","contentUrl":"https:\/\/wpsite-assets.fondazionepirelli.org\/wp-content\/uploads\/2022\/05\/03084613\/GettyImages-950603918.jpg","width":6921,"height":4619,"caption":"Teacher reading fairy tales to children sitting in a circle at library. Top view of librarian sitting with five multiethnic children on floor. Teacher reading book to cute girls and young boys at school."},{"@type":"BreadcrumbList","@id":"https:\/\/www.fondazionepirelli.org\/it\/cultura-dimpresa\/premio-campiello-junior-scrivere-pubblicare-e-premiare-libri-per-bambini-e-costruire-granai-per-un-futuro-migliore\/#breadcrumb","itemListElement":[{"@type":"ListItem","position":1,"name":"Home","item":"https:\/\/www.fondazionepirelli.org\/it\/"},{"@type":"ListItem","position":2,"name":"Premio Campiello Junior: scrivere, pubblicare e premiare libri per bambini \u00e8 \u201ccostruire granai\u201d per un futuro migliore"}]},{"@type":"WebSite","@id":"https:\/\/www.fondazionepirelli.org\/it\/#website","url":"https:\/\/www.fondazionepirelli.org\/it\/","name":"Fondazione Pirelli","description":"","potentialAction":[{"@type":"SearchAction","target":{"@type":"EntryPoint","urlTemplate":"https:\/\/www.fondazionepirelli.org\/it\/?s={search_term_string}"},"query-input":{"@type":"PropertyValueSpecification","valueRequired":true,"valueName":"search_term_string"}}],"inLanguage":"it-IT"},{"@type":"Person","@id":"https:\/\/www.fondazionepirelli.org\/it\/#\/schema\/person\/c31fcf5937a0e6afa45497f3f8b6d7a0","name":"fondazionepirelli","image":{"@type":"ImageObject","inLanguage":"it-IT","@id":"https:\/\/www.fondazionepirelli.org\/it\/#\/schema\/person\/image\/","url":"https:\/\/secure.gravatar.com\/avatar\/9cb486421ce1d6eddbf6c4fb66841b4325b786695f7aedf1dde2222428218696?s=96&d=mm&r=g","contentUrl":"https:\/\/secure.gravatar.com\/avatar\/9cb486421ce1d6eddbf6c4fb66841b4325b786695f7aedf1dde2222428218696?s=96&d=mm&r=g","caption":"fondazionepirelli"},"url":"https:\/\/www.fondazionepirelli.org\/it\/author\/fondazionepirelli\/"}]}},"_links":{"self":[{"href":"https:\/\/www.fondazionepirelli.org\/it\/wp-json\/wp\/v2\/posts\/89100\/"}],"collection":[{"href":"https:\/\/www.fondazionepirelli.org\/it\/wp-json\/wp\/v2\/posts\/"}],"about":[{"href":"https:\/\/www.fondazionepirelli.org\/it\/wp-json\/wp\/v2\/types\/post\/"}],"author":[{"embeddable":true,"href":"https:\/\/www.fondazionepirelli.org\/it\/wp-json\/wp\/v2\/users\/9\/"}],"replies":[{"embeddable":true,"href":"https:\/\/www.fondazionepirelli.org\/it\/wp-json\/wp\/v2\/comments\/?post=89100"}],"version-history":[{"count":2,"href":"https:\/\/www.fondazionepirelli.org\/it\/wp-json\/wp\/v2\/posts\/89100\/revisions\/"}],"predecessor-version":[{"id":89113,"href":"https:\/\/www.fondazionepirelli.org\/it\/wp-json\/wp\/v2\/posts\/89100\/revisions\/89113\/"}],"wp:featuredmedia":[{"embeddable":true,"href":"https:\/\/www.fondazionepirelli.org\/it\/wp-json\/wp\/v2\/media\/89114\/"}],"wp:attachment":[{"href":"https:\/\/www.fondazionepirelli.org\/it\/wp-json\/wp\/v2\/media\/?parent=89100"}],"wp:term":[{"taxonomy":"category","embeddable":true,"href":"https:\/\/www.fondazionepirelli.org\/it\/wp-json\/wp\/v2\/categories\/?post=89100"},{"taxonomy":"post_tag","embeddable":true,"href":"https:\/\/www.fondazionepirelli.org\/it\/wp-json\/wp\/v2\/tags\/?post=89100"}],"curies":[{"name":"wp","href":"https:\/\/api.w.org\/{rel}","templated":true}]}}