{"id":89438,"date":"2022-05-17T08:22:23","date_gmt":"2022-05-17T07:22:23","guid":{"rendered":"https:\/\/www.fondazionepirelli.org\/?p=89438"},"modified":"2022-05-17T08:22:23","modified_gmt":"2022-05-17T07:22:23","slug":"il-valore-degli-intellettuali-per-riscrivere-le-mappe-di-conoscenze-e-scelte-politiche-ed-economiche","status":"publish","type":"post","link":"https:\/\/www.fondazionepirelli.org\/it\/cultura-dimpresa\/il-valore-degli-intellettuali-per-riscrivere-le-mappe-di-conoscenze-e-scelte-politiche-ed-economiche\/","title":{"rendered":"Il valore degli intellettuali per riscrivere le mappe di conoscenze e scelte politiche ed economiche"},"content":{"rendered":"<p>\u201cNon bisogna lasciar giocare gli intellettuali con\/ i fiammiferi\u201d, scriveva nel 1946 <strong>Jacques Pr\u00e9vert<\/strong>. Perch\u00e9, \u201ccon tante chiacchiere generose sul lavoro\/ dei muratori\u201d, ecco che \u201cse lo si lascia solo\/ il mondo mentale\/ mente\/ monumentalmente\u201d. Era maestro d\u2019ironia, Pr\u00e9vert. Poeta sottile, capace di intensi versi d\u2019amore. E dissacrante critico delle ipocrisie sociali. Compresa l\u2019alterigia delle classi colte, gli intellettuali appunto, nei rapporti con i sentimenti \u201cpopolari\u201d. Ma era, proprio lui, un <strong>grande intellettuale<\/strong>. Capace di letture profonde di idee, passioni e sentimenti. E di indicazioni severe sulle scelte di vita. Tutt\u2019altro che un \u201cchierico\u201d conformista.<\/p>\n<p>Quei versi sugli intellettuali e i fiammiferi ricorrono nelle pagine di un libro lucido e rigoroso, scritto di recente da <strong>Sabino Cassese<\/strong>, uno dei migliori giuristi della cultura politica europea, pubblicato da Il Mulino nella stimolante collana \u201cParole controtempo\u201d e intitolato, appunto, \u201cIntellettuali\u201d.<\/p>\n<p>Nei \u201ctempi bui sia per gli intellettuali, sia per i mezzi di cui si valgono per farsi ascoltare\u201d perch\u00e9 \u201cse \u2018uno vale uno\u2019 non c\u2019\u00e8 differenza tra il sapiente e l\u2019ignorante\u201d, Cassese rilancia i <strong>valori dell\u2019impegno intellettuale<\/strong>, lo studio, la ricerca, la divulgazione del sapere e ne sottolinea l\u2019intreccio tra libert\u00e0 e responsabilit\u00e0. Proprio in stagioni cos\u00ec difficili, controverse, cariche di nuove sfide politiche, economiche e sociali e di antiche tensioni che si ripropongono in forme nuove (la crisi della globalizzazione, la pandemia, la guerra, i disastri ambientali, le sempre pi\u00f9 insopportabili disuguaglianze di diritti, condizioni di vita e opportunit\u00e0 di sviluppo) tocca agli intellettuali porre nel discorso pubblico domande di senso e perfezionare gli strumenti per le risposte.<\/p>\n<p>Il \u201ctrionfo del populismo\u201d, insiste Cassese, \u201cnutre il rifiuto degli intellettuali\u201d perch\u00e9 \u201cl\u2019atteggiamento populista e le forze politiche che lo suscitano o lo coltivano sono fondati su un falso egualitarismo che, a seconda dei casi, o dichiara di poter fare a meno degli intellettuali, spesso accusati di avere tradito le aspettative popolari o li relega in una posizione inferiore, oppure ne fa un uso strumentale\u201d.<\/p>\n<p>Una tendenza negativa, cui controbattere con riflessioni accurate sul lavoro intellettuale e sulla necessit\u00e0 di una vera e propria \u201cbattaglia delle idee\u201d contro le demagogie, la volgarit\u00e0 faziosa che dilaga in Tv e social media, la diffusione delle fake news, la svalutazione della conoscenza, i premi al demerito degli incompetenti irresponsabili.<\/p>\n<p>Bisogna tornare a studiare, leggere, scrivere, ricercare, approfondire problemi e punti di vista. Disegnare nuove mappe dei sapere. Lavorare sulla relazione <strong>tra memoria e futuro<\/strong>, radici e innovazione. E arricchire il capitale sociale delle competenze. Perch\u00e9 \u201cle \u00e9lite, i competenti, sono un ingrediente critico essenziale della democrazia\u201d.<\/p>\n<p>La sfida riguarda le professioni intellettuali (rileggere <strong>Max Weber<\/strong>). Ma anche il mondo politico ed economico, le organizzazioni sociali e le imprese, le strutture di associazione e rappresentanza. A nessuno sono consentite mediocrit\u00e0, ignoranza, approssimazioni.<\/p>\n<p>La vita economica e sociale non \u00e8 un talk show. E le complessit\u00e0 della \u201csociet\u00e0 del rischio\u201d richiedono risposte approfondite e articolate, pensieri lunghi, indagini rigorose sull\u2019evoluzione degli equilibri sociali e indicazioni sulle cose da fare, in termini di scelte politiche e strumenti di intervento. Un pensiero denso come strumento di lavoro. Una politica come dovere da <em>civil servants<\/em>.<\/p>\n<p>Racconta Cassese: \u201cFa parte della tradizione italiana il ruolo dei professori universitari come <em>public intellectuals <\/em>o <em>public moralists <\/em>(si pensi solo a Francesco Saverio Nitti, Gaetano Salvemini, Vilfredo Pareto, Luigi Einaudi). Proprio quando si contrappongono, sbagliando, popolo ed \u00e9lite, occorre che i membri dell\u2019\u00e9lite si facciano sentire, e non per restare prigionieri della contrapposizione, ma per mostrare di essere capaci di interpretare la societ\u00e0 in cui vivono (e, quindi, il popolo)\u201d. Bisogna, insomma, \u201creagire all\u2019esaurimento dell\u2019attitudine al dialogo, dovuto alla crisi dei partiti e alla possibilit\u00e0 illimitata di tutti di esprimersi attraverso il web\u201d.<\/p>\n<p>Cassese insiste sul \u201c<strong>metodo della riflessione<\/strong>\u201d. Ricorda la rivalutazione, proprio nella stagione della pandemia, dell\u2019importanza della scienza e della ricerca. Conosce bene il peso e il prestigio delle personalit\u00e0 della cultura e delle associazioni di studio e dibattito. Sottolinea il valore della scrittura e del \u201cdiscorso pubblico\u201d ben informato e dunque capace di critica. E sostiene: \u201cGli intellettuali debbono insegnare razionalit\u00e0 e dialogo, nonch\u00e9 far sperare in un possibile futuro migliore, che non vuol dire minor severit\u00e0 rispetto a quello che va storto, e proprio per questo vedere un futuro non nero\u201d. E, dunque \u201cnon abbandonare il proprio mestiere di studiosi, ma allargarlo, farvi partecipare un pubblico pi\u00f9 vasto, se si ha qualcosa da dire che interessi un tale pubblico. Ci\u00f2 richiede anche capacit\u00e0 di \u2018reinventarsi\u2019, ma senza tradire il proprio mestiere\u201d.<\/p>\n<p>In questa reinvenzione, serve rivalutare e <strong>rilanciare l\u2019importanza delle parole<\/strong>, dette e scritte, della chiarezza del linguaggio, del peso di ci\u00f2 che si dice e si fa. C\u2019\u00e8 bisogno di una \u201cecologia linguistica che restituisca alla parola il potere di illuminare, non di nascondere e sequestrare la realt\u00e0, che ci consenta di capire e leggere il mondo con occhi non affollati da giudizi n\u00e9 offuscati da pregiudizi; che ci insegni l\u2019arte dell\u2019imposizione dei nomi\u201d, come ricorda Ivano Dionigi, latinista, in \u201cBenedetta parola. La rivincita del tempo\u201d, Il Mulino. Una parola che chiarisce. Una parola che insegna. Una parola che crea il cambiamento del mondo.<\/p>\n<p>Una parola che ci guida attraverso la <strong>storia<\/strong>. Come, tanto per fare un solo nome, ci ha insegnato <strong>Ludwig Wittgenstein<\/strong>: \u201cLa nostra lingua \u00e8 come una vecchia citt\u00e0: un labirinto di viuzze e di larghi, di case vecchie e nuove, di palazzi ampliati in epoche diverse, e, intorno, la cintura dei nuovi quartieri periferici, le strade rettilinee, regolari, i caseggiati tutti uguali\u2026 Rappresentarsi una lingua significa rappresentarsi una forma di vita\u201d. Una fondamentale responsabilit\u00e0 intellettuale, lungo le nuove mappe della conoscenza, da riscoprire e, contemporaneamente, riscrivere.<\/p>","protected":false},"excerpt":{"rendered":"<p>\u201cNon bisogna lasciar giocare gli intellettuali con\/ i fiammiferi\u201d, scriveva nel 1946 Jacques Pr\u00e9vert. Perch\u00e9, \u201ccon tante chiacchiere generose sul lavoro\/ dei muratori\u201d, ecco che \u201cse lo si lascia solo\/ il mondo mentale\/ mente\/ monumentalmente\u201d. Era maestro d\u2019ironia, Pr\u00e9vert. Poeta sottile, capace di intensi versi d\u2019amore. E dissacrante critico delle ipocrisie sociali. Compresa l\u2019alterigia delle [&hellip;]<\/p>\n","protected":false},"author":9,"featured_media":89447,"comment_status":"open","ping_status":"open","sticky":false,"template":"","format":"standard","meta":{"footnotes":""},"categories":[53,52],"tags":[],"class_list":["post-89438","post","type-post","status-publish","format-standard","has-post-thumbnail","hentry","category-blog","category-cultura-dimpresa"],"acf":[],"yoast_head":"<!-- This site is optimized with the Yoast SEO plugin v25.0 - https:\/\/yoast.com\/wordpress\/plugins\/seo\/ -->\n<title>Il valore degli intellettuali per riscrivere le mappe di conoscenze e scelte politiche ed economiche - Fondazione Pirelli<\/title>\n<meta name=\"robots\" content=\"index, follow, max-snippet:-1, max-image-preview:large, max-video-preview:-1\" \/>\n<link rel=\"canonical\" href=\"https:\/\/www.fondazionepirelli.org\/it\/cultura-dimpresa\/il-valore-degli-intellettuali-per-riscrivere-le-mappe-di-conoscenze-e-scelte-politiche-ed-economiche\/\" \/>\n<meta property=\"og:locale\" content=\"it_IT\" \/>\n<meta property=\"og:type\" content=\"article\" \/>\n<meta property=\"og:title\" content=\"Il valore degli intellettuali per riscrivere le mappe di conoscenze e scelte politiche ed economiche - Fondazione Pirelli\" \/>\n<meta property=\"og:description\" content=\"\u201cNon bisogna lasciar giocare gli intellettuali con\/ i fiammiferi\u201d, scriveva nel 1946 Jacques Pr\u00e9vert. Perch\u00e9, \u201ccon tante chiacchiere generose sul lavoro\/ dei muratori\u201d, ecco che \u201cse lo si lascia solo\/ il mondo mentale\/ mente\/ monumentalmente\u201d. Era maestro d\u2019ironia, Pr\u00e9vert. Poeta sottile, capace di intensi versi d\u2019amore. E dissacrante critico delle ipocrisie sociali. Compresa l\u2019alterigia delle [&hellip;]\" \/>\n<meta property=\"og:url\" content=\"https:\/\/www.fondazionepirelli.org\/it\/cultura-dimpresa\/il-valore-degli-intellettuali-per-riscrivere-le-mappe-di-conoscenze-e-scelte-politiche-ed-economiche\/\" \/>\n<meta property=\"og:site_name\" content=\"Fondazione Pirelli\" \/>\n<meta property=\"article:published_time\" content=\"2022-05-17T07:22:23+00:00\" \/>\n<meta property=\"og:image\" content=\"https:\/\/wpsite-assets.fondazionepirelli.org\/wp-content\/uploads\/2022\/05\/17082215\/GettyImages-497388712.jpg\" \/>\n\t<meta property=\"og:image:width\" content=\"4778\" \/>\n\t<meta property=\"og:image:height\" content=\"3583\" \/>\n\t<meta property=\"og:image:type\" content=\"image\/jpeg\" \/>\n<meta name=\"author\" content=\"fondazionepirelli\" \/>\n<meta name=\"twitter:card\" content=\"summary_large_image\" \/>\n<meta name=\"twitter:label1\" content=\"Scritto da\" \/>\n\t<meta name=\"twitter:data1\" content=\"fondazionepirelli\" \/>\n\t<meta name=\"twitter:label2\" content=\"Tempo di lettura stimato\" \/>\n\t<meta name=\"twitter:data2\" content=\"5 minuti\" \/>\n<script type=\"application\/ld+json\" class=\"yoast-schema-graph\">{\"@context\":\"https:\/\/schema.org\",\"@graph\":[{\"@type\":\"WebPage\",\"@id\":\"https:\/\/www.fondazionepirelli.org\/it\/cultura-dimpresa\/il-valore-degli-intellettuali-per-riscrivere-le-mappe-di-conoscenze-e-scelte-politiche-ed-economiche\/\",\"url\":\"https:\/\/www.fondazionepirelli.org\/it\/cultura-dimpresa\/il-valore-degli-intellettuali-per-riscrivere-le-mappe-di-conoscenze-e-scelte-politiche-ed-economiche\/\",\"name\":\"Il valore degli intellettuali per riscrivere le mappe di conoscenze e scelte politiche ed economiche - Fondazione Pirelli\",\"isPartOf\":{\"@id\":\"https:\/\/www.fondazionepirelli.org\/it\/#website\"},\"primaryImageOfPage\":{\"@id\":\"https:\/\/www.fondazionepirelli.org\/it\/cultura-dimpresa\/il-valore-degli-intellettuali-per-riscrivere-le-mappe-di-conoscenze-e-scelte-politiche-ed-economiche\/#primaryimage\"},\"image\":{\"@id\":\"https:\/\/www.fondazionepirelli.org\/it\/cultura-dimpresa\/il-valore-degli-intellettuali-per-riscrivere-le-mappe-di-conoscenze-e-scelte-politiche-ed-economiche\/#primaryimage\"},\"thumbnailUrl\":\"https:\/\/wpsite-assets.fondazionepirelli.org\/wp-content\/uploads\/2022\/05\/17082215\/GettyImages-497388712.jpg\",\"datePublished\":\"2022-05-17T07:22:23+00:00\",\"author\":{\"@id\":\"https:\/\/www.fondazionepirelli.org\/it\/#\/schema\/person\/c31fcf5937a0e6afa45497f3f8b6d7a0\"},\"breadcrumb\":{\"@id\":\"https:\/\/www.fondazionepirelli.org\/it\/cultura-dimpresa\/il-valore-degli-intellettuali-per-riscrivere-le-mappe-di-conoscenze-e-scelte-politiche-ed-economiche\/#breadcrumb\"},\"inLanguage\":\"it-IT\",\"potentialAction\":[{\"@type\":\"ReadAction\",\"target\":[\"https:\/\/www.fondazionepirelli.org\/it\/cultura-dimpresa\/il-valore-degli-intellettuali-per-riscrivere-le-mappe-di-conoscenze-e-scelte-politiche-ed-economiche\/\"]}]},{\"@type\":\"ImageObject\",\"inLanguage\":\"it-IT\",\"@id\":\"https:\/\/www.fondazionepirelli.org\/it\/cultura-dimpresa\/il-valore-degli-intellettuali-per-riscrivere-le-mappe-di-conoscenze-e-scelte-politiche-ed-economiche\/#primaryimage\",\"url\":\"https:\/\/wpsite-assets.fondazionepirelli.org\/wp-content\/uploads\/2022\/05\/17082215\/GettyImages-497388712.jpg\",\"contentUrl\":\"https:\/\/wpsite-assets.fondazionepirelli.org\/wp-content\/uploads\/2022\/05\/17082215\/GettyImages-497388712.jpg\",\"width\":4778,\"height\":3583,\"caption\":\"Abstract vector illustration is showing a person which is using a diagram to visually organize information. Mind map is a graphic technique for visualizing connections between several ideas or pieces of information and it is represented as a central concept, and other ideas branch out of those (concept known as a spider diagram). Mind mapping is used in note taking, brainstorming, problem solving, and project planning. Its purpose is to focus attention, and to capture and frame knowledge to facilitate sharing of ideas and concepts. Illustration is nicely layered and it is easy for editing.\"},{\"@type\":\"BreadcrumbList\",\"@id\":\"https:\/\/www.fondazionepirelli.org\/it\/cultura-dimpresa\/il-valore-degli-intellettuali-per-riscrivere-le-mappe-di-conoscenze-e-scelte-politiche-ed-economiche\/#breadcrumb\",\"itemListElement\":[{\"@type\":\"ListItem\",\"position\":1,\"name\":\"Home\",\"item\":\"https:\/\/www.fondazionepirelli.org\/it\/\"},{\"@type\":\"ListItem\",\"position\":2,\"name\":\"Il valore degli intellettuali per riscrivere le mappe di conoscenze e scelte politiche ed economiche\"}]},{\"@type\":\"WebSite\",\"@id\":\"https:\/\/www.fondazionepirelli.org\/it\/#website\",\"url\":\"https:\/\/www.fondazionepirelli.org\/it\/\",\"name\":\"Fondazione Pirelli\",\"description\":\"\",\"potentialAction\":[{\"@type\":\"SearchAction\",\"target\":{\"@type\":\"EntryPoint\",\"urlTemplate\":\"https:\/\/www.fondazionepirelli.org\/it\/?s={search_term_string}\"},\"query-input\":{\"@type\":\"PropertyValueSpecification\",\"valueRequired\":true,\"valueName\":\"search_term_string\"}}],\"inLanguage\":\"it-IT\"},{\"@type\":\"Person\",\"@id\":\"https:\/\/www.fondazionepirelli.org\/it\/#\/schema\/person\/c31fcf5937a0e6afa45497f3f8b6d7a0\",\"name\":\"fondazionepirelli\",\"image\":{\"@type\":\"ImageObject\",\"inLanguage\":\"it-IT\",\"@id\":\"https:\/\/www.fondazionepirelli.org\/it\/#\/schema\/person\/image\/\",\"url\":\"https:\/\/secure.gravatar.com\/avatar\/9cb486421ce1d6eddbf6c4fb66841b4325b786695f7aedf1dde2222428218696?s=96&d=mm&r=g\",\"contentUrl\":\"https:\/\/secure.gravatar.com\/avatar\/9cb486421ce1d6eddbf6c4fb66841b4325b786695f7aedf1dde2222428218696?s=96&d=mm&r=g\",\"caption\":\"fondazionepirelli\"},\"url\":\"https:\/\/www.fondazionepirelli.org\/it\/author\/fondazionepirelli\/\"}]}<\/script>\n<!-- \/ Yoast SEO plugin. -->","yoast_head_json":{"title":"Il valore degli intellettuali per riscrivere le mappe di conoscenze e scelte politiche ed economiche - Fondazione Pirelli","robots":{"index":"index","follow":"follow","max-snippet":"max-snippet:-1","max-image-preview":"max-image-preview:large","max-video-preview":"max-video-preview:-1"},"canonical":"https:\/\/www.fondazionepirelli.org\/it\/cultura-dimpresa\/il-valore-degli-intellettuali-per-riscrivere-le-mappe-di-conoscenze-e-scelte-politiche-ed-economiche\/","og_locale":"it_IT","og_type":"article","og_title":"Il valore degli intellettuali per riscrivere le mappe di conoscenze e scelte politiche ed economiche - Fondazione Pirelli","og_description":"\u201cNon bisogna lasciar giocare gli intellettuali con\/ i fiammiferi\u201d, scriveva nel 1946 Jacques Pr\u00e9vert. Perch\u00e9, \u201ccon tante chiacchiere generose sul lavoro\/ dei muratori\u201d, ecco che \u201cse lo si lascia solo\/ il mondo mentale\/ mente\/ monumentalmente\u201d. Era maestro d\u2019ironia, Pr\u00e9vert. Poeta sottile, capace di intensi versi d\u2019amore. E dissacrante critico delle ipocrisie sociali. Compresa l\u2019alterigia delle [&hellip;]","og_url":"https:\/\/www.fondazionepirelli.org\/it\/cultura-dimpresa\/il-valore-degli-intellettuali-per-riscrivere-le-mappe-di-conoscenze-e-scelte-politiche-ed-economiche\/","og_site_name":"Fondazione Pirelli","article_published_time":"2022-05-17T07:22:23+00:00","og_image":[{"width":4778,"height":3583,"url":"https:\/\/wpsite-assets.fondazionepirelli.org\/wp-content\/uploads\/2022\/05\/17082215\/GettyImages-497388712.jpg","type":"image\/jpeg"}],"author":"fondazionepirelli","twitter_card":"summary_large_image","twitter_misc":{"Scritto da":"fondazionepirelli","Tempo di lettura stimato":"5 minuti"},"schema":{"@context":"https:\/\/schema.org","@graph":[{"@type":"WebPage","@id":"https:\/\/www.fondazionepirelli.org\/it\/cultura-dimpresa\/il-valore-degli-intellettuali-per-riscrivere-le-mappe-di-conoscenze-e-scelte-politiche-ed-economiche\/","url":"https:\/\/www.fondazionepirelli.org\/it\/cultura-dimpresa\/il-valore-degli-intellettuali-per-riscrivere-le-mappe-di-conoscenze-e-scelte-politiche-ed-economiche\/","name":"Il valore degli intellettuali per riscrivere le mappe di conoscenze e scelte politiche ed economiche - Fondazione Pirelli","isPartOf":{"@id":"https:\/\/www.fondazionepirelli.org\/it\/#website"},"primaryImageOfPage":{"@id":"https:\/\/www.fondazionepirelli.org\/it\/cultura-dimpresa\/il-valore-degli-intellettuali-per-riscrivere-le-mappe-di-conoscenze-e-scelte-politiche-ed-economiche\/#primaryimage"},"image":{"@id":"https:\/\/www.fondazionepirelli.org\/it\/cultura-dimpresa\/il-valore-degli-intellettuali-per-riscrivere-le-mappe-di-conoscenze-e-scelte-politiche-ed-economiche\/#primaryimage"},"thumbnailUrl":"https:\/\/wpsite-assets.fondazionepirelli.org\/wp-content\/uploads\/2022\/05\/17082215\/GettyImages-497388712.jpg","datePublished":"2022-05-17T07:22:23+00:00","author":{"@id":"https:\/\/www.fondazionepirelli.org\/it\/#\/schema\/person\/c31fcf5937a0e6afa45497f3f8b6d7a0"},"breadcrumb":{"@id":"https:\/\/www.fondazionepirelli.org\/it\/cultura-dimpresa\/il-valore-degli-intellettuali-per-riscrivere-le-mappe-di-conoscenze-e-scelte-politiche-ed-economiche\/#breadcrumb"},"inLanguage":"it-IT","potentialAction":[{"@type":"ReadAction","target":["https:\/\/www.fondazionepirelli.org\/it\/cultura-dimpresa\/il-valore-degli-intellettuali-per-riscrivere-le-mappe-di-conoscenze-e-scelte-politiche-ed-economiche\/"]}]},{"@type":"ImageObject","inLanguage":"it-IT","@id":"https:\/\/www.fondazionepirelli.org\/it\/cultura-dimpresa\/il-valore-degli-intellettuali-per-riscrivere-le-mappe-di-conoscenze-e-scelte-politiche-ed-economiche\/#primaryimage","url":"https:\/\/wpsite-assets.fondazionepirelli.org\/wp-content\/uploads\/2022\/05\/17082215\/GettyImages-497388712.jpg","contentUrl":"https:\/\/wpsite-assets.fondazionepirelli.org\/wp-content\/uploads\/2022\/05\/17082215\/GettyImages-497388712.jpg","width":4778,"height":3583,"caption":"Abstract vector illustration is showing a person which is using a diagram to visually organize information. Mind map is a graphic technique for visualizing connections between several ideas or pieces of information and it is represented as a central concept, and other ideas branch out of those (concept known as a spider diagram). Mind mapping is used in note taking, brainstorming, problem solving, and project planning. Its purpose is to focus attention, and to capture and frame knowledge to facilitate sharing of ideas and concepts. Illustration is nicely layered and it is easy for editing."},{"@type":"BreadcrumbList","@id":"https:\/\/www.fondazionepirelli.org\/it\/cultura-dimpresa\/il-valore-degli-intellettuali-per-riscrivere-le-mappe-di-conoscenze-e-scelte-politiche-ed-economiche\/#breadcrumb","itemListElement":[{"@type":"ListItem","position":1,"name":"Home","item":"https:\/\/www.fondazionepirelli.org\/it\/"},{"@type":"ListItem","position":2,"name":"Il valore degli intellettuali per riscrivere le mappe di conoscenze e scelte politiche ed economiche"}]},{"@type":"WebSite","@id":"https:\/\/www.fondazionepirelli.org\/it\/#website","url":"https:\/\/www.fondazionepirelli.org\/it\/","name":"Fondazione Pirelli","description":"","potentialAction":[{"@type":"SearchAction","target":{"@type":"EntryPoint","urlTemplate":"https:\/\/www.fondazionepirelli.org\/it\/?s={search_term_string}"},"query-input":{"@type":"PropertyValueSpecification","valueRequired":true,"valueName":"search_term_string"}}],"inLanguage":"it-IT"},{"@type":"Person","@id":"https:\/\/www.fondazionepirelli.org\/it\/#\/schema\/person\/c31fcf5937a0e6afa45497f3f8b6d7a0","name":"fondazionepirelli","image":{"@type":"ImageObject","inLanguage":"it-IT","@id":"https:\/\/www.fondazionepirelli.org\/it\/#\/schema\/person\/image\/","url":"https:\/\/secure.gravatar.com\/avatar\/9cb486421ce1d6eddbf6c4fb66841b4325b786695f7aedf1dde2222428218696?s=96&d=mm&r=g","contentUrl":"https:\/\/secure.gravatar.com\/avatar\/9cb486421ce1d6eddbf6c4fb66841b4325b786695f7aedf1dde2222428218696?s=96&d=mm&r=g","caption":"fondazionepirelli"},"url":"https:\/\/www.fondazionepirelli.org\/it\/author\/fondazionepirelli\/"}]}},"_links":{"self":[{"href":"https:\/\/www.fondazionepirelli.org\/it\/wp-json\/wp\/v2\/posts\/89438\/"}],"collection":[{"href":"https:\/\/www.fondazionepirelli.org\/it\/wp-json\/wp\/v2\/posts\/"}],"about":[{"href":"https:\/\/www.fondazionepirelli.org\/it\/wp-json\/wp\/v2\/types\/post\/"}],"author":[{"embeddable":true,"href":"https:\/\/www.fondazionepirelli.org\/it\/wp-json\/wp\/v2\/users\/9\/"}],"replies":[{"embeddable":true,"href":"https:\/\/www.fondazionepirelli.org\/it\/wp-json\/wp\/v2\/comments\/?post=89438"}],"version-history":[{"count":2,"href":"https:\/\/www.fondazionepirelli.org\/it\/wp-json\/wp\/v2\/posts\/89438\/revisions\/"}],"predecessor-version":[{"id":89440,"href":"https:\/\/www.fondazionepirelli.org\/it\/wp-json\/wp\/v2\/posts\/89438\/revisions\/89440\/"}],"wp:featuredmedia":[{"embeddable":true,"href":"https:\/\/www.fondazionepirelli.org\/it\/wp-json\/wp\/v2\/media\/89447\/"}],"wp:attachment":[{"href":"https:\/\/www.fondazionepirelli.org\/it\/wp-json\/wp\/v2\/media\/?parent=89438"}],"wp:term":[{"taxonomy":"category","embeddable":true,"href":"https:\/\/www.fondazionepirelli.org\/it\/wp-json\/wp\/v2\/categories\/?post=89438"},{"taxonomy":"post_tag","embeddable":true,"href":"https:\/\/www.fondazionepirelli.org\/it\/wp-json\/wp\/v2\/tags\/?post=89438"}],"curies":[{"name":"wp","href":"https:\/\/api.w.org\/{rel}","templated":true}]}}