{"id":89443,"date":"2022-05-17T08:22:42","date_gmt":"2022-05-17T07:22:42","guid":{"rendered":"https:\/\/www.fondazionepirelli.org\/?p=89443"},"modified":"2022-05-17T08:22:42","modified_gmt":"2022-05-17T07:22:42","slug":"narrare-un-futuro-migliore","status":"publish","type":"post","link":"https:\/\/www.fondazionepirelli.org\/it\/cultura-dimpresa\/narrare-un-futuro-migliore\/","title":{"rendered":"Narrare un futuro migliore"},"content":{"rendered":"<p><em>La possibilit\u00e0 di superare i problemi basata sulla creativit\u00e0 e la socialit\u00e0 degli essere umani<\/em><\/p>\n<p><strong>\u00a0<\/strong><\/p>\n<p>Creativit\u00e0, ingegno e socialit\u00e0 per affrontare, e superare, i nuovi (e vecchi) problemi di fronte ai quali si \u00e8 trovato il mondo dopo il Covid-19. Risposte solo in apparenza semplici, che Klaus Schwab e Thierry Malleret (fondatore e presidente esecutivo del World Economic Forum il primo, e managing partner di\u00a0<em>The Monthly Barometer <\/em>il secondo), propongono nel loro \u201cLa grande narrazione. Per un futuro migliore\u201d, un libro appena pubblicato in Italia che ha l\u2019ambizione di analizzare in un numero contenuto di pagine le sfide di fronte alle quali si trova il mondo dopo la pandemia e le possibili strade per superarle.<\/p>\n<p>Il libro riconosce che i problemi ai quali devono essere collettivamente trovate delle risposte sono gravi e molteplici. Le questioni fondamentali sono di natura economica, ambientale, geopolitica, sociale e tecnologica. Questioni, viene spiegato nelle limpide pagine del libro, caratterizzate da tratti comuni come la complessit\u00e0 e la velocit\u00e0 oltre che dalla probabile formazione di utopie e distopie.<\/p>\n<p>Schwab e Malleret, tuttavia, spiegano nella seconda parte del volume che le soluzioni esistono e sono alla nostra portata.\u00a0I due autori, seguono qui un percorso da sette tappe lungo il quale \u00e8 possibile, a loro parere, superare i problemi dell\u2019oggi. Nella seconda parte del testo, quindi, si parla di collaborazione e cooperazione, immaginazione e innovazione e poi ancora di moralit\u00e0 e valori, politiche pubbliche, resilienza, del ruolo delle aziende e della tecnologia. Tutti elementi di un unico cammino verso un futuro che possa essere migliore dell\u2019oggi. In questo senso, \u201cLa grande narrazione\u201d \u00e8 un libro ottimista che rifiuta categoricamente la negativit\u00e0 che permea troppe narrazioni apocalittiche. Schwab e Malleret, invece, sostengono che la creativit\u00e0, l&#8217;ingegnosit\u00e0 e la socialit\u00e0 innate negli esseri umani alla fine prevarranno.<\/p>\n<p>Scritto in modo comprensibile e vivace (e nato dalle conversazioni con 50 importanti esperti mondiali di vari ambiti dall&#8217;economia alle neuroscienze, dalle biotecnologie alla filosofia), il libro di Schwab e Malleret si legge velocemente ma deve essere letto attentamente. E magari riletto.<\/p>\n<p><strong>\u00a0<\/strong><\/p>\n<p><strong>\u00a0<\/strong><\/p>\n<p><strong>La grande narrazione. <\/strong><strong>Per un futuro migliore<\/strong><\/p>\n<p>Klaus Schwab , Thierry Malleret<\/p>\n<p>Franco Angeli, 2022<\/p>\n","protected":false},"excerpt":{"rendered":"<p>La possibilit\u00e0 di superare i problemi basata sulla creativit\u00e0 e la socialit\u00e0 degli essere umani \u00a0 Creativit\u00e0, ingegno e socialit\u00e0 per affrontare, e superare, i nuovi (e vecchi) problemi di fronte ai quali si \u00e8 trovato il mondo dopo il Covid-19. Risposte solo in apparenza semplici, che Klaus Schwab e Thierry Malleret (fondatore e presidente [&hellip;]<\/p>\n","protected":false},"author":9,"featured_media":89444,"comment_status":"open","ping_status":"open","sticky":false,"template":"","format":"standard","meta":{"footnotes":""},"categories":[52,58],"tags":[],"class_list":["post-89443","post","type-post","status-publish","format-standard","has-post-thumbnail","hentry","category-cultura-dimpresa","category-recensioni-libri"],"acf":[],"yoast_head":"<!-- This site is optimized with the Yoast SEO plugin v25.0 - https:\/\/yoast.com\/wordpress\/plugins\/seo\/ -->\n<title>Narrare un futuro migliore - Fondazione Pirelli<\/title>\n<meta name=\"robots\" content=\"index, follow, max-snippet:-1, max-image-preview:large, max-video-preview:-1\" \/>\n<link rel=\"canonical\" href=\"https:\/\/www.fondazionepirelli.org\/it\/cultura-dimpresa\/narrare-un-futuro-migliore\/\" \/>\n<meta property=\"og:locale\" content=\"it_IT\" \/>\n<meta property=\"og:type\" content=\"article\" \/>\n<meta property=\"og:title\" content=\"Narrare un futuro migliore - Fondazione Pirelli\" \/>\n<meta property=\"og:description\" content=\"La possibilit\u00e0 di superare i problemi basata sulla creativit\u00e0 e la socialit\u00e0 degli essere umani \u00a0 Creativit\u00e0, ingegno e socialit\u00e0 per affrontare, e superare, i nuovi (e vecchi) problemi di fronte ai quali si \u00e8 trovato il mondo dopo il Covid-19. Risposte solo in apparenza semplici, che Klaus Schwab e Thierry Malleret (fondatore e presidente [&hellip;]\" \/>\n<meta property=\"og:url\" content=\"https:\/\/www.fondazionepirelli.org\/it\/cultura-dimpresa\/narrare-un-futuro-migliore\/\" \/>\n<meta property=\"og:site_name\" content=\"Fondazione Pirelli\" \/>\n<meta property=\"article:published_time\" content=\"2022-05-17T07:22:42+00:00\" \/>\n<meta property=\"og:image\" content=\"https:\/\/wpsite-assets.fondazionepirelli.org\/wp-content\/uploads\/2022\/05\/17073902\/51YNnNGoy6L-e1652769550994.jpg\" \/>\n\t<meta property=\"og:image:width\" content=\"500\" \/>\n\t<meta property=\"og:image:height\" content=\"780\" \/>\n\t<meta property=\"og:image:type\" content=\"image\/jpeg\" \/>\n<meta name=\"author\" content=\"fondazionepirelli\" \/>\n<meta name=\"twitter:card\" content=\"summary_large_image\" \/>\n<meta name=\"twitter:label1\" content=\"Scritto da\" \/>\n\t<meta name=\"twitter:data1\" content=\"fondazionepirelli\" \/>\n\t<meta name=\"twitter:label2\" content=\"Tempo di lettura stimato\" \/>\n\t<meta name=\"twitter:data2\" content=\"2 minuti\" \/>\n<script type=\"application\/ld+json\" class=\"yoast-schema-graph\">{\"@context\":\"https:\/\/schema.org\",\"@graph\":[{\"@type\":\"WebPage\",\"@id\":\"https:\/\/www.fondazionepirelli.org\/it\/cultura-dimpresa\/narrare-un-futuro-migliore\/\",\"url\":\"https:\/\/www.fondazionepirelli.org\/it\/cultura-dimpresa\/narrare-un-futuro-migliore\/\",\"name\":\"Narrare un futuro migliore - Fondazione Pirelli\",\"isPartOf\":{\"@id\":\"https:\/\/www.fondazionepirelli.org\/it\/#website\"},\"primaryImageOfPage\":{\"@id\":\"https:\/\/www.fondazionepirelli.org\/it\/cultura-dimpresa\/narrare-un-futuro-migliore\/#primaryimage\"},\"image\":{\"@id\":\"https:\/\/www.fondazionepirelli.org\/it\/cultura-dimpresa\/narrare-un-futuro-migliore\/#primaryimage\"},\"thumbnailUrl\":\"https:\/\/wpsite-assets.fondazionepirelli.org\/wp-content\/uploads\/2022\/05\/17073902\/51YNnNGoy6L-e1652769550994.jpg\",\"datePublished\":\"2022-05-17T07:22:42+00:00\",\"author\":{\"@id\":\"https:\/\/www.fondazionepirelli.org\/it\/#\/schema\/person\/c31fcf5937a0e6afa45497f3f8b6d7a0\"},\"breadcrumb\":{\"@id\":\"https:\/\/www.fondazionepirelli.org\/it\/cultura-dimpresa\/narrare-un-futuro-migliore\/#breadcrumb\"},\"inLanguage\":\"it-IT\",\"potentialAction\":[{\"@type\":\"ReadAction\",\"target\":[\"https:\/\/www.fondazionepirelli.org\/it\/cultura-dimpresa\/narrare-un-futuro-migliore\/\"]}]},{\"@type\":\"ImageObject\",\"inLanguage\":\"it-IT\",\"@id\":\"https:\/\/www.fondazionepirelli.org\/it\/cultura-dimpresa\/narrare-un-futuro-migliore\/#primaryimage\",\"url\":\"https:\/\/wpsite-assets.fondazionepirelli.org\/wp-content\/uploads\/2022\/05\/17073902\/51YNnNGoy6L-e1652769550994.jpg\",\"contentUrl\":\"https:\/\/wpsite-assets.fondazionepirelli.org\/wp-content\/uploads\/2022\/05\/17073902\/51YNnNGoy6L-e1652769550994.jpg\",\"width\":500,\"height\":780},{\"@type\":\"BreadcrumbList\",\"@id\":\"https:\/\/www.fondazionepirelli.org\/it\/cultura-dimpresa\/narrare-un-futuro-migliore\/#breadcrumb\",\"itemListElement\":[{\"@type\":\"ListItem\",\"position\":1,\"name\":\"Home\",\"item\":\"https:\/\/www.fondazionepirelli.org\/it\/\"},{\"@type\":\"ListItem\",\"position\":2,\"name\":\"Narrare un futuro migliore\"}]},{\"@type\":\"WebSite\",\"@id\":\"https:\/\/www.fondazionepirelli.org\/it\/#website\",\"url\":\"https:\/\/www.fondazionepirelli.org\/it\/\",\"name\":\"Fondazione Pirelli\",\"description\":\"\",\"potentialAction\":[{\"@type\":\"SearchAction\",\"target\":{\"@type\":\"EntryPoint\",\"urlTemplate\":\"https:\/\/www.fondazionepirelli.org\/it\/?s={search_term_string}\"},\"query-input\":{\"@type\":\"PropertyValueSpecification\",\"valueRequired\":true,\"valueName\":\"search_term_string\"}}],\"inLanguage\":\"it-IT\"},{\"@type\":\"Person\",\"@id\":\"https:\/\/www.fondazionepirelli.org\/it\/#\/schema\/person\/c31fcf5937a0e6afa45497f3f8b6d7a0\",\"name\":\"fondazionepirelli\",\"image\":{\"@type\":\"ImageObject\",\"inLanguage\":\"it-IT\",\"@id\":\"https:\/\/www.fondazionepirelli.org\/it\/#\/schema\/person\/image\/\",\"url\":\"https:\/\/secure.gravatar.com\/avatar\/9cb486421ce1d6eddbf6c4fb66841b4325b786695f7aedf1dde2222428218696?s=96&d=mm&r=g\",\"contentUrl\":\"https:\/\/secure.gravatar.com\/avatar\/9cb486421ce1d6eddbf6c4fb66841b4325b786695f7aedf1dde2222428218696?s=96&d=mm&r=g\",\"caption\":\"fondazionepirelli\"},\"url\":\"https:\/\/www.fondazionepirelli.org\/it\/author\/fondazionepirelli\/\"}]}<\/script>\n<!-- \/ Yoast SEO plugin. -->","yoast_head_json":{"title":"Narrare un futuro migliore - Fondazione Pirelli","robots":{"index":"index","follow":"follow","max-snippet":"max-snippet:-1","max-image-preview":"max-image-preview:large","max-video-preview":"max-video-preview:-1"},"canonical":"https:\/\/www.fondazionepirelli.org\/it\/cultura-dimpresa\/narrare-un-futuro-migliore\/","og_locale":"it_IT","og_type":"article","og_title":"Narrare un futuro migliore - Fondazione Pirelli","og_description":"La possibilit\u00e0 di superare i problemi basata sulla creativit\u00e0 e la socialit\u00e0 degli essere umani \u00a0 Creativit\u00e0, ingegno e socialit\u00e0 per affrontare, e superare, i nuovi (e vecchi) problemi di fronte ai quali si \u00e8 trovato il mondo dopo il Covid-19. Risposte solo in apparenza semplici, che Klaus Schwab e Thierry Malleret (fondatore e presidente [&hellip;]","og_url":"https:\/\/www.fondazionepirelli.org\/it\/cultura-dimpresa\/narrare-un-futuro-migliore\/","og_site_name":"Fondazione Pirelli","article_published_time":"2022-05-17T07:22:42+00:00","og_image":[{"width":500,"height":780,"url":"https:\/\/wpsite-assets.fondazionepirelli.org\/wp-content\/uploads\/2022\/05\/17073902\/51YNnNGoy6L-e1652769550994.jpg","type":"image\/jpeg"}],"author":"fondazionepirelli","twitter_card":"summary_large_image","twitter_misc":{"Scritto da":"fondazionepirelli","Tempo di lettura stimato":"2 minuti"},"schema":{"@context":"https:\/\/schema.org","@graph":[{"@type":"WebPage","@id":"https:\/\/www.fondazionepirelli.org\/it\/cultura-dimpresa\/narrare-un-futuro-migliore\/","url":"https:\/\/www.fondazionepirelli.org\/it\/cultura-dimpresa\/narrare-un-futuro-migliore\/","name":"Narrare un futuro migliore - Fondazione Pirelli","isPartOf":{"@id":"https:\/\/www.fondazionepirelli.org\/it\/#website"},"primaryImageOfPage":{"@id":"https:\/\/www.fondazionepirelli.org\/it\/cultura-dimpresa\/narrare-un-futuro-migliore\/#primaryimage"},"image":{"@id":"https:\/\/www.fondazionepirelli.org\/it\/cultura-dimpresa\/narrare-un-futuro-migliore\/#primaryimage"},"thumbnailUrl":"https:\/\/wpsite-assets.fondazionepirelli.org\/wp-content\/uploads\/2022\/05\/17073902\/51YNnNGoy6L-e1652769550994.jpg","datePublished":"2022-05-17T07:22:42+00:00","author":{"@id":"https:\/\/www.fondazionepirelli.org\/it\/#\/schema\/person\/c31fcf5937a0e6afa45497f3f8b6d7a0"},"breadcrumb":{"@id":"https:\/\/www.fondazionepirelli.org\/it\/cultura-dimpresa\/narrare-un-futuro-migliore\/#breadcrumb"},"inLanguage":"it-IT","potentialAction":[{"@type":"ReadAction","target":["https:\/\/www.fondazionepirelli.org\/it\/cultura-dimpresa\/narrare-un-futuro-migliore\/"]}]},{"@type":"ImageObject","inLanguage":"it-IT","@id":"https:\/\/www.fondazionepirelli.org\/it\/cultura-dimpresa\/narrare-un-futuro-migliore\/#primaryimage","url":"https:\/\/wpsite-assets.fondazionepirelli.org\/wp-content\/uploads\/2022\/05\/17073902\/51YNnNGoy6L-e1652769550994.jpg","contentUrl":"https:\/\/wpsite-assets.fondazionepirelli.org\/wp-content\/uploads\/2022\/05\/17073902\/51YNnNGoy6L-e1652769550994.jpg","width":500,"height":780},{"@type":"BreadcrumbList","@id":"https:\/\/www.fondazionepirelli.org\/it\/cultura-dimpresa\/narrare-un-futuro-migliore\/#breadcrumb","itemListElement":[{"@type":"ListItem","position":1,"name":"Home","item":"https:\/\/www.fondazionepirelli.org\/it\/"},{"@type":"ListItem","position":2,"name":"Narrare un futuro migliore"}]},{"@type":"WebSite","@id":"https:\/\/www.fondazionepirelli.org\/it\/#website","url":"https:\/\/www.fondazionepirelli.org\/it\/","name":"Fondazione Pirelli","description":"","potentialAction":[{"@type":"SearchAction","target":{"@type":"EntryPoint","urlTemplate":"https:\/\/www.fondazionepirelli.org\/it\/?s={search_term_string}"},"query-input":{"@type":"PropertyValueSpecification","valueRequired":true,"valueName":"search_term_string"}}],"inLanguage":"it-IT"},{"@type":"Person","@id":"https:\/\/www.fondazionepirelli.org\/it\/#\/schema\/person\/c31fcf5937a0e6afa45497f3f8b6d7a0","name":"fondazionepirelli","image":{"@type":"ImageObject","inLanguage":"it-IT","@id":"https:\/\/www.fondazionepirelli.org\/it\/#\/schema\/person\/image\/","url":"https:\/\/secure.gravatar.com\/avatar\/9cb486421ce1d6eddbf6c4fb66841b4325b786695f7aedf1dde2222428218696?s=96&d=mm&r=g","contentUrl":"https:\/\/secure.gravatar.com\/avatar\/9cb486421ce1d6eddbf6c4fb66841b4325b786695f7aedf1dde2222428218696?s=96&d=mm&r=g","caption":"fondazionepirelli"},"url":"https:\/\/www.fondazionepirelli.org\/it\/author\/fondazionepirelli\/"}]}},"_links":{"self":[{"href":"https:\/\/www.fondazionepirelli.org\/it\/wp-json\/wp\/v2\/posts\/89443\/"}],"collection":[{"href":"https:\/\/www.fondazionepirelli.org\/it\/wp-json\/wp\/v2\/posts\/"}],"about":[{"href":"https:\/\/www.fondazionepirelli.org\/it\/wp-json\/wp\/v2\/types\/post\/"}],"author":[{"embeddable":true,"href":"https:\/\/www.fondazionepirelli.org\/it\/wp-json\/wp\/v2\/users\/9\/"}],"replies":[{"embeddable":true,"href":"https:\/\/www.fondazionepirelli.org\/it\/wp-json\/wp\/v2\/comments\/?post=89443"}],"version-history":[{"count":1,"href":"https:\/\/www.fondazionepirelli.org\/it\/wp-json\/wp\/v2\/posts\/89443\/revisions\/"}],"predecessor-version":[{"id":89446,"href":"https:\/\/www.fondazionepirelli.org\/it\/wp-json\/wp\/v2\/posts\/89443\/revisions\/89446\/"}],"wp:featuredmedia":[{"embeddable":true,"href":"https:\/\/www.fondazionepirelli.org\/it\/wp-json\/wp\/v2\/media\/89444\/"}],"wp:attachment":[{"href":"https:\/\/www.fondazionepirelli.org\/it\/wp-json\/wp\/v2\/media\/?parent=89443"}],"wp:term":[{"taxonomy":"category","embeddable":true,"href":"https:\/\/www.fondazionepirelli.org\/it\/wp-json\/wp\/v2\/categories\/?post=89443"},{"taxonomy":"post_tag","embeddable":true,"href":"https:\/\/www.fondazionepirelli.org\/it\/wp-json\/wp\/v2\/tags\/?post=89443"}],"curies":[{"name":"wp","href":"https:\/\/api.w.org\/{rel}","templated":true}]}}