{"id":89451,"date":"2022-05-17T16:42:07","date_gmt":"2022-05-17T15:42:07","guid":{"rendered":"https:\/\/www.fondazionepirelli.org\/?p=89451"},"modified":"2022-05-18T08:39:20","modified_gmt":"2022-05-18T07:39:20","slug":"raccontare-il-potere-dei-musei","status":"publish","type":"post","link":"https:\/\/www.fondazionepirelli.org\/it\/iniziative\/raccontare-il-potere-dei-musei\/","title":{"rendered":"Fondazione Pirelli e \u201cIl Potere dei Musei\u201d"},"content":{"rendered":"<p><em>Nella Giornata Internazionale dei Musei Fondazione Pirelli \u00e8 insieme a Icom per raccontare \u201cIl Potere dei Musei\u201d<\/em><\/p><p>Si celebra oggi la <strong>Giornata Internazionale dei Musei 2022<\/strong> istituita da <strong>ICOM<\/strong> International Council of Museum per diffondere maggior consapevolezza sul ruolo dei musei per lo sviluppo della societ\u00e0. Il messaggio portante di quest\u2019anno verte sul potere dei musei, sulla possibilit\u00e0 e capacit\u00e0 delle istituzioni museali di incidere positivamente nel contesto culturale e sociale in cui agiscono e di far crescere le comunit\u00e0 a cui si rivolgono, a partire dalla nuove generazioni.<\/p>\n<p>Anche la Fondazione Pirelli crede che la <strong>didattica museale<\/strong> possa ricoprire un ruolo chiave in questo processo di crescita sempre pi\u00f9 consapevole. I musei d\u2019impresa in generale, proprio per la lora natura ibrida di luoghi di conservazione e valorizzazione della memoria, ma allo stesso tempo osservatori privilegiati per guardare al futuro, possono infatti contribuire ad aprire nuove interessanti prospettive di dibattito soprattutto per i pi\u00f9 giovani.<\/p>\n<p>I diversi percorsi didattici e creativi proposti da <strong>Fondazione Pirelli Educational<\/strong>, rinnovati nei contenuti ogni anno scolastico, mirano a far conoscere a bambini e ragazzi il variegato mondo della cultura d\u2019impresa, fatta di ricerca, tecnologia, innovazione digitale, prodotti, persone, arte e comunicazione, sostenibilt\u00e0, welfare. Attraverso visite in presenza all\u2019Archivio Storico, alle mostre temporanee, ai centri produttivi e di Ricerca e Sviluppo aziendali o &#8211; a distanza &#8211; tramite contenuti multimediali, stumenti digitali come virtual tour, video, cataloghi online, i ragazzi sono guidati nell\u2019approfondimento di diversi argomenti come la storia dell\u2019evoluzione tecnologica, dei progressi scientifici e dei cambiamenti culturali, sociali e di costume del nostro Paese.<\/p>\n<p>L\u2019incontro con la storia pi\u00f9 antica e pi\u00f9 recente dell\u2019impresa ha per\u00f2 come scopo principale quello di far capire come il patrimonio storico aziendale e quindi in generale la storia d\u2019impresa possa essere una fucina di idee per progettare il nostro futuro. Traendo ispirazione da ci\u00f2 che \u00e8 stato fatto nel passato e grazie alla creativit\u00e0 dei ragazzi, il museo diventa un laboratorio da cui prendere ispirazione per progettare, ad esempio, una nuova campagna di comunicazione, realizzare nuovi prodotti o spazi produttivi, trovare nuove soluzioni per stili di vita pi\u00f9 sostenibili e, pi\u00f9 in generale, per orientare i ragazzi verso percorsi innovativi di sviluppo. L\u2019<strong>esperienza del museo e dell\u2019archivio aziendale<\/strong> costituisce quindi un potente strumento in grado di aiutare i giovani fruitori, ma non solo, ad affrontare le sfide del futuro in maniera pi\u00f9 consapevole e propositiva.<\/p>","protected":false},"excerpt":{"rendered":"<p>Nella Giornata Internazionale dei Musei Fondazione Pirelli \u00e8 insieme a Icom per raccontare \u201cIl Potere dei Musei\u201dSi celebra oggi la Giornata Internazionale dei Musei 2022 istituita da ICOM International Council of Museum per diffondere maggior consapevolezza sul ruolo dei musei per lo sviluppo della societ\u00e0. Il messaggio portante di quest\u2019anno verte sul potere dei musei, [&hellip;]<\/p>\n","protected":false},"author":9,"featured_media":89456,"comment_status":"open","ping_status":"open","sticky":false,"template":"","format":"standard","meta":{"footnotes":""},"categories":[59,60,79],"tags":[],"class_list":["post-89451","post","type-post","status-publish","format-standard","has-post-thumbnail","hentry","category-education","category-iniziative","category-le-collaborazioni"],"acf":[],"yoast_head":"<!-- This site is optimized with the Yoast SEO plugin v25.0 - https:\/\/yoast.com\/wordpress\/plugins\/seo\/ -->\n<title>Fondazione Pirelli e \u201cIl Potere dei Musei\u201d - Fondazione Pirelli<\/title>\n<meta name=\"robots\" content=\"index, follow, max-snippet:-1, max-image-preview:large, max-video-preview:-1\" \/>\n<link rel=\"canonical\" href=\"https:\/\/www.fondazionepirelli.org\/it\/iniziative\/raccontare-il-potere-dei-musei\/\" \/>\n<meta property=\"og:locale\" content=\"it_IT\" \/>\n<meta property=\"og:type\" content=\"article\" \/>\n<meta property=\"og:title\" content=\"Fondazione Pirelli e \u201cIl Potere dei Musei\u201d - Fondazione Pirelli\" \/>\n<meta property=\"og:description\" content=\"Nella Giornata Internazionale dei Musei Fondazione Pirelli \u00e8 insieme a Icom per raccontare \u201cIl Potere dei Musei\u201dSi celebra oggi la Giornata Internazionale dei Musei 2022 istituita da ICOM International Council of Museum per diffondere maggior consapevolezza sul ruolo dei musei per lo sviluppo della societ\u00e0. Il messaggio portante di quest\u2019anno verte sul potere dei musei, [&hellip;]\" \/>\n<meta property=\"og:url\" content=\"https:\/\/www.fondazionepirelli.org\/it\/iniziative\/raccontare-il-potere-dei-musei\/\" \/>\n<meta property=\"og:site_name\" content=\"Fondazione Pirelli\" \/>\n<meta property=\"article:published_time\" content=\"2022-05-17T15:42:07+00:00\" \/>\n<meta property=\"article:modified_time\" content=\"2022-05-18T07:39:20+00:00\" \/>\n<meta property=\"og:image\" content=\"https:\/\/wpsite-assets.fondazionepirelli.org\/wp-content\/uploads\/2022\/05\/17163937\/2_a-lezione-di-internazionalit%C3%A0-in-archivio.jpg.jpg\" \/>\n\t<meta property=\"og:image:width\" content=\"3214\" \/>\n\t<meta property=\"og:image:height\" content=\"2300\" \/>\n\t<meta property=\"og:image:type\" content=\"image\/jpeg\" \/>\n<meta name=\"author\" content=\"fondazionepirelli\" \/>\n<meta name=\"twitter:card\" content=\"summary_large_image\" \/>\n<meta name=\"twitter:label1\" content=\"Scritto da\" \/>\n\t<meta name=\"twitter:data1\" content=\"fondazionepirelli\" \/>\n\t<meta name=\"twitter:label2\" content=\"Tempo di lettura stimato\" \/>\n\t<meta name=\"twitter:data2\" content=\"2 minuti\" \/>\n<script type=\"application\/ld+json\" class=\"yoast-schema-graph\">{\"@context\":\"https:\/\/schema.org\",\"@graph\":[{\"@type\":\"WebPage\",\"@id\":\"https:\/\/www.fondazionepirelli.org\/it\/iniziative\/raccontare-il-potere-dei-musei\/\",\"url\":\"https:\/\/www.fondazionepirelli.org\/it\/iniziative\/raccontare-il-potere-dei-musei\/\",\"name\":\"Fondazione Pirelli e \u201cIl Potere dei Musei\u201d - Fondazione Pirelli\",\"isPartOf\":{\"@id\":\"https:\/\/www.fondazionepirelli.org\/it\/#website\"},\"primaryImageOfPage\":{\"@id\":\"https:\/\/www.fondazionepirelli.org\/it\/iniziative\/raccontare-il-potere-dei-musei\/#primaryimage\"},\"image\":{\"@id\":\"https:\/\/www.fondazionepirelli.org\/it\/iniziative\/raccontare-il-potere-dei-musei\/#primaryimage\"},\"thumbnailUrl\":\"https:\/\/wpsite-assets.fondazionepirelli.org\/wp-content\/uploads\/2022\/05\/17163937\/2_a-lezione-di-internazionalit%C3%A0-in-archivio.jpg.jpg\",\"datePublished\":\"2022-05-17T15:42:07+00:00\",\"dateModified\":\"2022-05-18T07:39:20+00:00\",\"author\":{\"@id\":\"https:\/\/www.fondazionepirelli.org\/it\/#\/schema\/person\/c31fcf5937a0e6afa45497f3f8b6d7a0\"},\"breadcrumb\":{\"@id\":\"https:\/\/www.fondazionepirelli.org\/it\/iniziative\/raccontare-il-potere-dei-musei\/#breadcrumb\"},\"inLanguage\":\"it-IT\",\"potentialAction\":[{\"@type\":\"ReadAction\",\"target\":[\"https:\/\/www.fondazionepirelli.org\/it\/iniziative\/raccontare-il-potere-dei-musei\/\"]}]},{\"@type\":\"ImageObject\",\"inLanguage\":\"it-IT\",\"@id\":\"https:\/\/www.fondazionepirelli.org\/it\/iniziative\/raccontare-il-potere-dei-musei\/#primaryimage\",\"url\":\"https:\/\/wpsite-assets.fondazionepirelli.org\/wp-content\/uploads\/2022\/05\/17163937\/2_a-lezione-di-internazionalit%C3%A0-in-archivio.jpg.jpg\",\"contentUrl\":\"https:\/\/wpsite-assets.fondazionepirelli.org\/wp-content\/uploads\/2022\/05\/17163937\/2_a-lezione-di-internazionalit%C3%A0-in-archivio.jpg.jpg\",\"width\":3214,\"height\":2300},{\"@type\":\"BreadcrumbList\",\"@id\":\"https:\/\/www.fondazionepirelli.org\/it\/iniziative\/raccontare-il-potere-dei-musei\/#breadcrumb\",\"itemListElement\":[{\"@type\":\"ListItem\",\"position\":1,\"name\":\"Home\",\"item\":\"https:\/\/www.fondazionepirelli.org\/it\/\"},{\"@type\":\"ListItem\",\"position\":2,\"name\":\"Fondazione Pirelli e \u201cIl Potere dei Musei\u201d\"}]},{\"@type\":\"WebSite\",\"@id\":\"https:\/\/www.fondazionepirelli.org\/it\/#website\",\"url\":\"https:\/\/www.fondazionepirelli.org\/it\/\",\"name\":\"Fondazione Pirelli\",\"description\":\"\",\"potentialAction\":[{\"@type\":\"SearchAction\",\"target\":{\"@type\":\"EntryPoint\",\"urlTemplate\":\"https:\/\/www.fondazionepirelli.org\/it\/?s={search_term_string}\"},\"query-input\":{\"@type\":\"PropertyValueSpecification\",\"valueRequired\":true,\"valueName\":\"search_term_string\"}}],\"inLanguage\":\"it-IT\"},{\"@type\":\"Person\",\"@id\":\"https:\/\/www.fondazionepirelli.org\/it\/#\/schema\/person\/c31fcf5937a0e6afa45497f3f8b6d7a0\",\"name\":\"fondazionepirelli\",\"image\":{\"@type\":\"ImageObject\",\"inLanguage\":\"it-IT\",\"@id\":\"https:\/\/www.fondazionepirelli.org\/it\/#\/schema\/person\/image\/\",\"url\":\"https:\/\/secure.gravatar.com\/avatar\/9cb486421ce1d6eddbf6c4fb66841b4325b786695f7aedf1dde2222428218696?s=96&d=mm&r=g\",\"contentUrl\":\"https:\/\/secure.gravatar.com\/avatar\/9cb486421ce1d6eddbf6c4fb66841b4325b786695f7aedf1dde2222428218696?s=96&d=mm&r=g\",\"caption\":\"fondazionepirelli\"},\"url\":\"https:\/\/www.fondazionepirelli.org\/it\/author\/fondazionepirelli\/\"}]}<\/script>\n<!-- \/ Yoast SEO plugin. -->","yoast_head_json":{"title":"Fondazione Pirelli e \u201cIl Potere dei Musei\u201d - Fondazione Pirelli","robots":{"index":"index","follow":"follow","max-snippet":"max-snippet:-1","max-image-preview":"max-image-preview:large","max-video-preview":"max-video-preview:-1"},"canonical":"https:\/\/www.fondazionepirelli.org\/it\/iniziative\/raccontare-il-potere-dei-musei\/","og_locale":"it_IT","og_type":"article","og_title":"Fondazione Pirelli e \u201cIl Potere dei Musei\u201d - Fondazione Pirelli","og_description":"Nella Giornata Internazionale dei Musei Fondazione Pirelli \u00e8 insieme a Icom per raccontare \u201cIl Potere dei Musei\u201dSi celebra oggi la Giornata Internazionale dei Musei 2022 istituita da ICOM International Council of Museum per diffondere maggior consapevolezza sul ruolo dei musei per lo sviluppo della societ\u00e0. Il messaggio portante di quest\u2019anno verte sul potere dei musei, [&hellip;]","og_url":"https:\/\/www.fondazionepirelli.org\/it\/iniziative\/raccontare-il-potere-dei-musei\/","og_site_name":"Fondazione Pirelli","article_published_time":"2022-05-17T15:42:07+00:00","article_modified_time":"2022-05-18T07:39:20+00:00","og_image":[{"width":3214,"height":2300,"url":"https:\/\/wpsite-assets.fondazionepirelli.org\/wp-content\/uploads\/2022\/05\/17163937\/2_a-lezione-di-internazionalit%C3%A0-in-archivio.jpg.jpg","type":"image\/jpeg"}],"author":"fondazionepirelli","twitter_card":"summary_large_image","twitter_misc":{"Scritto da":"fondazionepirelli","Tempo di lettura stimato":"2 minuti"},"schema":{"@context":"https:\/\/schema.org","@graph":[{"@type":"WebPage","@id":"https:\/\/www.fondazionepirelli.org\/it\/iniziative\/raccontare-il-potere-dei-musei\/","url":"https:\/\/www.fondazionepirelli.org\/it\/iniziative\/raccontare-il-potere-dei-musei\/","name":"Fondazione Pirelli e \u201cIl Potere dei Musei\u201d - Fondazione Pirelli","isPartOf":{"@id":"https:\/\/www.fondazionepirelli.org\/it\/#website"},"primaryImageOfPage":{"@id":"https:\/\/www.fondazionepirelli.org\/it\/iniziative\/raccontare-il-potere-dei-musei\/#primaryimage"},"image":{"@id":"https:\/\/www.fondazionepirelli.org\/it\/iniziative\/raccontare-il-potere-dei-musei\/#primaryimage"},"thumbnailUrl":"https:\/\/wpsite-assets.fondazionepirelli.org\/wp-content\/uploads\/2022\/05\/17163937\/2_a-lezione-di-internazionalit%C3%A0-in-archivio.jpg.jpg","datePublished":"2022-05-17T15:42:07+00:00","dateModified":"2022-05-18T07:39:20+00:00","author":{"@id":"https:\/\/www.fondazionepirelli.org\/it\/#\/schema\/person\/c31fcf5937a0e6afa45497f3f8b6d7a0"},"breadcrumb":{"@id":"https:\/\/www.fondazionepirelli.org\/it\/iniziative\/raccontare-il-potere-dei-musei\/#breadcrumb"},"inLanguage":"it-IT","potentialAction":[{"@type":"ReadAction","target":["https:\/\/www.fondazionepirelli.org\/it\/iniziative\/raccontare-il-potere-dei-musei\/"]}]},{"@type":"ImageObject","inLanguage":"it-IT","@id":"https:\/\/www.fondazionepirelli.org\/it\/iniziative\/raccontare-il-potere-dei-musei\/#primaryimage","url":"https:\/\/wpsite-assets.fondazionepirelli.org\/wp-content\/uploads\/2022\/05\/17163937\/2_a-lezione-di-internazionalit%C3%A0-in-archivio.jpg.jpg","contentUrl":"https:\/\/wpsite-assets.fondazionepirelli.org\/wp-content\/uploads\/2022\/05\/17163937\/2_a-lezione-di-internazionalit%C3%A0-in-archivio.jpg.jpg","width":3214,"height":2300},{"@type":"BreadcrumbList","@id":"https:\/\/www.fondazionepirelli.org\/it\/iniziative\/raccontare-il-potere-dei-musei\/#breadcrumb","itemListElement":[{"@type":"ListItem","position":1,"name":"Home","item":"https:\/\/www.fondazionepirelli.org\/it\/"},{"@type":"ListItem","position":2,"name":"Fondazione Pirelli e \u201cIl Potere dei Musei\u201d"}]},{"@type":"WebSite","@id":"https:\/\/www.fondazionepirelli.org\/it\/#website","url":"https:\/\/www.fondazionepirelli.org\/it\/","name":"Fondazione Pirelli","description":"","potentialAction":[{"@type":"SearchAction","target":{"@type":"EntryPoint","urlTemplate":"https:\/\/www.fondazionepirelli.org\/it\/?s={search_term_string}"},"query-input":{"@type":"PropertyValueSpecification","valueRequired":true,"valueName":"search_term_string"}}],"inLanguage":"it-IT"},{"@type":"Person","@id":"https:\/\/www.fondazionepirelli.org\/it\/#\/schema\/person\/c31fcf5937a0e6afa45497f3f8b6d7a0","name":"fondazionepirelli","image":{"@type":"ImageObject","inLanguage":"it-IT","@id":"https:\/\/www.fondazionepirelli.org\/it\/#\/schema\/person\/image\/","url":"https:\/\/secure.gravatar.com\/avatar\/9cb486421ce1d6eddbf6c4fb66841b4325b786695f7aedf1dde2222428218696?s=96&d=mm&r=g","contentUrl":"https:\/\/secure.gravatar.com\/avatar\/9cb486421ce1d6eddbf6c4fb66841b4325b786695f7aedf1dde2222428218696?s=96&d=mm&r=g","caption":"fondazionepirelli"},"url":"https:\/\/www.fondazionepirelli.org\/it\/author\/fondazionepirelli\/"}]}},"_links":{"self":[{"href":"https:\/\/www.fondazionepirelli.org\/it\/wp-json\/wp\/v2\/posts\/89451\/"}],"collection":[{"href":"https:\/\/www.fondazionepirelli.org\/it\/wp-json\/wp\/v2\/posts\/"}],"about":[{"href":"https:\/\/www.fondazionepirelli.org\/it\/wp-json\/wp\/v2\/types\/post\/"}],"author":[{"embeddable":true,"href":"https:\/\/www.fondazionepirelli.org\/it\/wp-json\/wp\/v2\/users\/9\/"}],"replies":[{"embeddable":true,"href":"https:\/\/www.fondazionepirelli.org\/it\/wp-json\/wp\/v2\/comments\/?post=89451"}],"version-history":[{"count":5,"href":"https:\/\/www.fondazionepirelli.org\/it\/wp-json\/wp\/v2\/posts\/89451\/revisions\/"}],"predecessor-version":[{"id":89464,"href":"https:\/\/www.fondazionepirelli.org\/it\/wp-json\/wp\/v2\/posts\/89451\/revisions\/89464\/"}],"wp:featuredmedia":[{"embeddable":true,"href":"https:\/\/www.fondazionepirelli.org\/it\/wp-json\/wp\/v2\/media\/89456\/"}],"wp:attachment":[{"href":"https:\/\/www.fondazionepirelli.org\/it\/wp-json\/wp\/v2\/media\/?parent=89451"}],"wp:term":[{"taxonomy":"category","embeddable":true,"href":"https:\/\/www.fondazionepirelli.org\/it\/wp-json\/wp\/v2\/categories\/?post=89451"},{"taxonomy":"post_tag","embeddable":true,"href":"https:\/\/www.fondazionepirelli.org\/it\/wp-json\/wp\/v2\/tags\/?post=89451"}],"curies":[{"name":"wp","href":"https:\/\/api.w.org\/{rel}","templated":true}]}}