{"id":89507,"date":"2022-05-24T13:46:21","date_gmt":"2022-05-24T12:46:21","guid":{"rendered":"https:\/\/www.fondazionepirelli.org\/?p=89507"},"modified":"2022-05-24T13:46:21","modified_gmt":"2022-05-24T12:46:21","slug":"lavventura-di-un-imprenditore","status":"publish","type":"post","link":"https:\/\/www.fondazionepirelli.org\/it\/cultura-dimpresa\/lavventura-di-un-imprenditore\/","title":{"rendered":"L\u2019avventura di un imprenditore"},"content":{"rendered":"<p><em>La vicenda umana e imprenditoriale di Adriano Olivetti raccontata a tutto tondo<\/em><\/p>\n<p><strong>\u00a0<\/strong><\/p>\n<p>Imprenditore e, quindi, prima di tutto, essere umano. Con tutte le sue contraddizioni, ma anche con tutti i suoi sogni e la forza di realizzarli. Un modello, ogni volta diverso, di capacit\u00e0 di intraprendere. Di fare impresa, appunto. Per questo, proprio l\u2019impresa e la sua cultura non possono essere concetti costretti solamente in ambiti teorici. L\u2019impresa, in altri termini, non \u00e8 solo organizzazione della produzione, tecnica e, oggi, automatismi e digitalizzazione. L\u2019impresa \u00e8 anche qualcosa d\u2019altro. Di molto altro. Qualcosa che pu\u00f2 essere compresa solo attraverso il racconto di vite di uomini (e donne) che le imprese le hanno pensate, realizzate e fatte crescere. E\u2019 il caso di Adriano Olivetti del quale adesso viene pubblicata una nuova biografia che prova a mettere per davvero insieme l\u2019uomo Adriano prima dell\u2019Olivetti imprenditore.<\/p>\n<p>\u201cAdriano Olivetti, un italiano del Novecento\u201d scritto da Paolo Bricco \u00e8 il risultato di un lungo lavoro di ricerca, analisi, interpretazione, racconto della vita di uno degli imprenditori che hanno insegnato a fare impresa a tutto il mondo. E dato lustro all\u2019Italia. Un mito, si \u00e8 spesso detto, ma anche semplicemente un uomo non tutto d\u2019un pezzo ma pieno di contraddizioni. Eppure geniale. Forse proprio per questo geniale.<\/p>\n<p>Bricco \u00e8 stato capace di ripercorrere la vita di Olivetti immersa nella vicenda industriale e sociale, politica e culturale dell&#8217;Italia tra la fine dell&#8217;Ottocento e il boom economico, senza per\u00f2 darne un\u2019immagine agiografica ma, anzi, cogliendone tutta la sua essenza umana. Da una parte, quindi, chi legge ripercorre le tappe dell\u2019uomo dedito ad un\u2019impresa altro dalla semplice organizzazione della produzione per far profitto; dall\u2019altra, nelle pagine di Bricco si colgono le contraddizioni, i conflitti e le generose incompiutezze dell\u2019essere umano Adriano. Nelle poco meno di 500 pagine (che comunque si leggono come un romanzo), si colgono cos\u00ec i legami profondi e tormentati con i famigliari, le due mogli e le altre donne amate; la passione per l&#8217;organizzazione scientifica del lavoro e l&#8217;attrazione per la spiritualit\u00e0, l&#8217;astrologia e la sapienza orientale; il complesso percorso dal socialismo di famiglia degli anni Venti all&#8217;adesione teorica al corporativismo e al suo concreto inserimento nella societ\u00e0 fascista degli anni Trenta; gli avventurosi rapporti, alla caduta del regime, con i servizi segreti inglesi e americani e la perpetua tentazione del demone della politica, con il fallimento della trasformazione del Movimento di Comunit\u00e0 in un partito tradizionale; l&#8217;identit\u00e0 dell&#8217;industriale che intuisce le nuove frontiere tecnologiche (l&#8217;elettronica) e che unifica il sapere umanistico e la cultura tecno-manifatturiera, senza per\u00f2 riuscire a superare i limiti del capitalismo famigliare. Un mondo, insomma, nel quale Adriano Olivetti \u00e8 il centro senza per\u00f2 esserne il protagonista assoluto. Perch\u00e9, si coglie bene nelle pagine di Bricco, nel ruolo di vero nucleo forte della storia c\u2019\u00e8 un\u2019utopia (in parte anche realizzata). Quella della fabbrica come un luogo bello in cui vivere e lavorare. Un luogo in cui tecnica e umanit\u00e0 si fondo con armonia. Un ambito \u201cche \u2013 come lo stesso Olivetti ebbe e a dire -, crede nei valori spirituali, nei valori della scienza, crede nei valori dell&#8217;arte, crede nei valori della cultura, crede, infine, che gli ideali di giustizia non possano essere estraniati dalle contese ancora ineliminate fra capitale e lavoro. Crede soprattutto nell&#8217;uomo, nella sua fiamma divina, nella sua possibilit\u00e0 di elevazione e di riscatto&#8221;. Utopia, si diceva, ma concreta. Che ha improntato di fatto tutta la vicenda della Olivetti e della quale ancora oggi si coglie molto.<\/p>\n<p>Il libro di Paolo Bricco racconta tutto questo, senza tralasciare nulla e dando ad ogni particolare il suo giusto spazio. Il frutto di dieci anni di ricerche e scrittura, \u00e8 una prova letteraria che si legge a tratti come un romanzo d\u2019avventura. Come, d\u2019altra parte, \u00e8 la vita di ogni buon imprenditore.<\/p><p><strong>Adriano Olivetti, un italiano del Novecento<\/strong><\/p>\n<p>Paolo Bricco<\/p>\n<p>Rizzoli, 2022<\/p>","protected":false},"excerpt":{"rendered":"<p>La vicenda umana e imprenditoriale di Adriano Olivetti raccontata a tutto tondo \u00a0 Imprenditore e, quindi, prima di tutto, essere umano. Con tutte le sue contraddizioni, ma anche con tutti i suoi sogni e la forza di realizzarli. Un modello, ogni volta diverso, di capacit\u00e0 di intraprendere. Di fare impresa, appunto. Per questo, proprio l\u2019impresa [&hellip;]<\/p>\n","protected":false},"author":9,"featured_media":89511,"comment_status":"open","ping_status":"open","sticky":false,"template":"","format":"standard","meta":{"footnotes":""},"categories":[52,58],"tags":[],"class_list":["post-89507","post","type-post","status-publish","format-standard","has-post-thumbnail","hentry","category-cultura-dimpresa","category-recensioni-libri"],"acf":[],"yoast_head":"<!-- This site is optimized with the Yoast SEO plugin v25.0 - https:\/\/yoast.com\/wordpress\/plugins\/seo\/ -->\n<title>L\u2019avventura di un imprenditore - Fondazione Pirelli<\/title>\n<meta name=\"robots\" content=\"index, follow, max-snippet:-1, max-image-preview:large, max-video-preview:-1\" \/>\n<link rel=\"canonical\" href=\"https:\/\/www.fondazionepirelli.org\/it\/cultura-dimpresa\/lavventura-di-un-imprenditore\/\" \/>\n<meta property=\"og:locale\" content=\"it_IT\" \/>\n<meta property=\"og:type\" content=\"article\" \/>\n<meta property=\"og:title\" content=\"L\u2019avventura di un imprenditore - Fondazione Pirelli\" \/>\n<meta property=\"og:description\" content=\"La vicenda umana e imprenditoriale di Adriano Olivetti raccontata a tutto tondo \u00a0 Imprenditore e, quindi, prima di tutto, essere umano. Con tutte le sue contraddizioni, ma anche con tutti i suoi sogni e la forza di realizzarli. Un modello, ogni volta diverso, di capacit\u00e0 di intraprendere. Di fare impresa, appunto. Per questo, proprio l\u2019impresa [&hellip;]\" \/>\n<meta property=\"og:url\" content=\"https:\/\/www.fondazionepirelli.org\/it\/cultura-dimpresa\/lavventura-di-un-imprenditore\/\" \/>\n<meta property=\"og:site_name\" content=\"Fondazione Pirelli\" \/>\n<meta property=\"article:published_time\" content=\"2022-05-24T12:46:21+00:00\" \/>\n<meta property=\"og:image\" content=\"https:\/\/wpsite-assets.fondazionepirelli.org\/wp-content\/uploads\/2022\/05\/23080044\/Bricco-Olivetti-72-dpi.jpg\" \/>\n\t<meta property=\"og:image:width\" content=\"425\" \/>\n\t<meta property=\"og:image:height\" content=\"675\" \/>\n\t<meta property=\"og:image:type\" content=\"image\/jpeg\" \/>\n<meta name=\"author\" content=\"fondazionepirelli\" \/>\n<meta name=\"twitter:card\" content=\"summary_large_image\" \/>\n<meta name=\"twitter:label1\" content=\"Scritto da\" \/>\n\t<meta name=\"twitter:data1\" content=\"fondazionepirelli\" \/>\n\t<meta name=\"twitter:label2\" content=\"Tempo di lettura stimato\" \/>\n\t<meta name=\"twitter:data2\" content=\"3 minuti\" \/>\n<script type=\"application\/ld+json\" class=\"yoast-schema-graph\">{\"@context\":\"https:\/\/schema.org\",\"@graph\":[{\"@type\":\"WebPage\",\"@id\":\"https:\/\/www.fondazionepirelli.org\/it\/cultura-dimpresa\/lavventura-di-un-imprenditore\/\",\"url\":\"https:\/\/www.fondazionepirelli.org\/it\/cultura-dimpresa\/lavventura-di-un-imprenditore\/\",\"name\":\"L\u2019avventura di un imprenditore - Fondazione Pirelli\",\"isPartOf\":{\"@id\":\"https:\/\/www.fondazionepirelli.org\/it\/#website\"},\"primaryImageOfPage\":{\"@id\":\"https:\/\/www.fondazionepirelli.org\/it\/cultura-dimpresa\/lavventura-di-un-imprenditore\/#primaryimage\"},\"image\":{\"@id\":\"https:\/\/www.fondazionepirelli.org\/it\/cultura-dimpresa\/lavventura-di-un-imprenditore\/#primaryimage\"},\"thumbnailUrl\":\"https:\/\/wpsite-assets.fondazionepirelli.org\/wp-content\/uploads\/2022\/05\/23080044\/Bricco-Olivetti-72-dpi.jpg\",\"datePublished\":\"2022-05-24T12:46:21+00:00\",\"author\":{\"@id\":\"https:\/\/www.fondazionepirelli.org\/it\/#\/schema\/person\/c31fcf5937a0e6afa45497f3f8b6d7a0\"},\"breadcrumb\":{\"@id\":\"https:\/\/www.fondazionepirelli.org\/it\/cultura-dimpresa\/lavventura-di-un-imprenditore\/#breadcrumb\"},\"inLanguage\":\"it-IT\",\"potentialAction\":[{\"@type\":\"ReadAction\",\"target\":[\"https:\/\/www.fondazionepirelli.org\/it\/cultura-dimpresa\/lavventura-di-un-imprenditore\/\"]}]},{\"@type\":\"ImageObject\",\"inLanguage\":\"it-IT\",\"@id\":\"https:\/\/www.fondazionepirelli.org\/it\/cultura-dimpresa\/lavventura-di-un-imprenditore\/#primaryimage\",\"url\":\"https:\/\/wpsite-assets.fondazionepirelli.org\/wp-content\/uploads\/2022\/05\/23080044\/Bricco-Olivetti-72-dpi.jpg\",\"contentUrl\":\"https:\/\/wpsite-assets.fondazionepirelli.org\/wp-content\/uploads\/2022\/05\/23080044\/Bricco-Olivetti-72-dpi.jpg\",\"width\":425,\"height\":675},{\"@type\":\"BreadcrumbList\",\"@id\":\"https:\/\/www.fondazionepirelli.org\/it\/cultura-dimpresa\/lavventura-di-un-imprenditore\/#breadcrumb\",\"itemListElement\":[{\"@type\":\"ListItem\",\"position\":1,\"name\":\"Home\",\"item\":\"https:\/\/www.fondazionepirelli.org\/it\/\"},{\"@type\":\"ListItem\",\"position\":2,\"name\":\"L\u2019avventura di un imprenditore\"}]},{\"@type\":\"WebSite\",\"@id\":\"https:\/\/www.fondazionepirelli.org\/it\/#website\",\"url\":\"https:\/\/www.fondazionepirelli.org\/it\/\",\"name\":\"Fondazione Pirelli\",\"description\":\"\",\"potentialAction\":[{\"@type\":\"SearchAction\",\"target\":{\"@type\":\"EntryPoint\",\"urlTemplate\":\"https:\/\/www.fondazionepirelli.org\/it\/?s={search_term_string}\"},\"query-input\":{\"@type\":\"PropertyValueSpecification\",\"valueRequired\":true,\"valueName\":\"search_term_string\"}}],\"inLanguage\":\"it-IT\"},{\"@type\":\"Person\",\"@id\":\"https:\/\/www.fondazionepirelli.org\/it\/#\/schema\/person\/c31fcf5937a0e6afa45497f3f8b6d7a0\",\"name\":\"fondazionepirelli\",\"image\":{\"@type\":\"ImageObject\",\"inLanguage\":\"it-IT\",\"@id\":\"https:\/\/www.fondazionepirelli.org\/it\/#\/schema\/person\/image\/\",\"url\":\"https:\/\/secure.gravatar.com\/avatar\/9cb486421ce1d6eddbf6c4fb66841b4325b786695f7aedf1dde2222428218696?s=96&d=mm&r=g\",\"contentUrl\":\"https:\/\/secure.gravatar.com\/avatar\/9cb486421ce1d6eddbf6c4fb66841b4325b786695f7aedf1dde2222428218696?s=96&d=mm&r=g\",\"caption\":\"fondazionepirelli\"},\"url\":\"https:\/\/www.fondazionepirelli.org\/it\/author\/fondazionepirelli\/\"}]}<\/script>\n<!-- \/ Yoast SEO plugin. -->","yoast_head_json":{"title":"L\u2019avventura di un imprenditore - Fondazione Pirelli","robots":{"index":"index","follow":"follow","max-snippet":"max-snippet:-1","max-image-preview":"max-image-preview:large","max-video-preview":"max-video-preview:-1"},"canonical":"https:\/\/www.fondazionepirelli.org\/it\/cultura-dimpresa\/lavventura-di-un-imprenditore\/","og_locale":"it_IT","og_type":"article","og_title":"L\u2019avventura di un imprenditore - Fondazione Pirelli","og_description":"La vicenda umana e imprenditoriale di Adriano Olivetti raccontata a tutto tondo \u00a0 Imprenditore e, quindi, prima di tutto, essere umano. Con tutte le sue contraddizioni, ma anche con tutti i suoi sogni e la forza di realizzarli. Un modello, ogni volta diverso, di capacit\u00e0 di intraprendere. Di fare impresa, appunto. Per questo, proprio l\u2019impresa [&hellip;]","og_url":"https:\/\/www.fondazionepirelli.org\/it\/cultura-dimpresa\/lavventura-di-un-imprenditore\/","og_site_name":"Fondazione Pirelli","article_published_time":"2022-05-24T12:46:21+00:00","og_image":[{"width":425,"height":675,"url":"https:\/\/wpsite-assets.fondazionepirelli.org\/wp-content\/uploads\/2022\/05\/23080044\/Bricco-Olivetti-72-dpi.jpg","type":"image\/jpeg"}],"author":"fondazionepirelli","twitter_card":"summary_large_image","twitter_misc":{"Scritto da":"fondazionepirelli","Tempo di lettura stimato":"3 minuti"},"schema":{"@context":"https:\/\/schema.org","@graph":[{"@type":"WebPage","@id":"https:\/\/www.fondazionepirelli.org\/it\/cultura-dimpresa\/lavventura-di-un-imprenditore\/","url":"https:\/\/www.fondazionepirelli.org\/it\/cultura-dimpresa\/lavventura-di-un-imprenditore\/","name":"L\u2019avventura di un imprenditore - Fondazione Pirelli","isPartOf":{"@id":"https:\/\/www.fondazionepirelli.org\/it\/#website"},"primaryImageOfPage":{"@id":"https:\/\/www.fondazionepirelli.org\/it\/cultura-dimpresa\/lavventura-di-un-imprenditore\/#primaryimage"},"image":{"@id":"https:\/\/www.fondazionepirelli.org\/it\/cultura-dimpresa\/lavventura-di-un-imprenditore\/#primaryimage"},"thumbnailUrl":"https:\/\/wpsite-assets.fondazionepirelli.org\/wp-content\/uploads\/2022\/05\/23080044\/Bricco-Olivetti-72-dpi.jpg","datePublished":"2022-05-24T12:46:21+00:00","author":{"@id":"https:\/\/www.fondazionepirelli.org\/it\/#\/schema\/person\/c31fcf5937a0e6afa45497f3f8b6d7a0"},"breadcrumb":{"@id":"https:\/\/www.fondazionepirelli.org\/it\/cultura-dimpresa\/lavventura-di-un-imprenditore\/#breadcrumb"},"inLanguage":"it-IT","potentialAction":[{"@type":"ReadAction","target":["https:\/\/www.fondazionepirelli.org\/it\/cultura-dimpresa\/lavventura-di-un-imprenditore\/"]}]},{"@type":"ImageObject","inLanguage":"it-IT","@id":"https:\/\/www.fondazionepirelli.org\/it\/cultura-dimpresa\/lavventura-di-un-imprenditore\/#primaryimage","url":"https:\/\/wpsite-assets.fondazionepirelli.org\/wp-content\/uploads\/2022\/05\/23080044\/Bricco-Olivetti-72-dpi.jpg","contentUrl":"https:\/\/wpsite-assets.fondazionepirelli.org\/wp-content\/uploads\/2022\/05\/23080044\/Bricco-Olivetti-72-dpi.jpg","width":425,"height":675},{"@type":"BreadcrumbList","@id":"https:\/\/www.fondazionepirelli.org\/it\/cultura-dimpresa\/lavventura-di-un-imprenditore\/#breadcrumb","itemListElement":[{"@type":"ListItem","position":1,"name":"Home","item":"https:\/\/www.fondazionepirelli.org\/it\/"},{"@type":"ListItem","position":2,"name":"L\u2019avventura di un imprenditore"}]},{"@type":"WebSite","@id":"https:\/\/www.fondazionepirelli.org\/it\/#website","url":"https:\/\/www.fondazionepirelli.org\/it\/","name":"Fondazione Pirelli","description":"","potentialAction":[{"@type":"SearchAction","target":{"@type":"EntryPoint","urlTemplate":"https:\/\/www.fondazionepirelli.org\/it\/?s={search_term_string}"},"query-input":{"@type":"PropertyValueSpecification","valueRequired":true,"valueName":"search_term_string"}}],"inLanguage":"it-IT"},{"@type":"Person","@id":"https:\/\/www.fondazionepirelli.org\/it\/#\/schema\/person\/c31fcf5937a0e6afa45497f3f8b6d7a0","name":"fondazionepirelli","image":{"@type":"ImageObject","inLanguage":"it-IT","@id":"https:\/\/www.fondazionepirelli.org\/it\/#\/schema\/person\/image\/","url":"https:\/\/secure.gravatar.com\/avatar\/9cb486421ce1d6eddbf6c4fb66841b4325b786695f7aedf1dde2222428218696?s=96&d=mm&r=g","contentUrl":"https:\/\/secure.gravatar.com\/avatar\/9cb486421ce1d6eddbf6c4fb66841b4325b786695f7aedf1dde2222428218696?s=96&d=mm&r=g","caption":"fondazionepirelli"},"url":"https:\/\/www.fondazionepirelli.org\/it\/author\/fondazionepirelli\/"}]}},"_links":{"self":[{"href":"https:\/\/www.fondazionepirelli.org\/it\/wp-json\/wp\/v2\/posts\/89507\/"}],"collection":[{"href":"https:\/\/www.fondazionepirelli.org\/it\/wp-json\/wp\/v2\/posts\/"}],"about":[{"href":"https:\/\/www.fondazionepirelli.org\/it\/wp-json\/wp\/v2\/types\/post\/"}],"author":[{"embeddable":true,"href":"https:\/\/www.fondazionepirelli.org\/it\/wp-json\/wp\/v2\/users\/9\/"}],"replies":[{"embeddable":true,"href":"https:\/\/www.fondazionepirelli.org\/it\/wp-json\/wp\/v2\/comments\/?post=89507"}],"version-history":[{"count":1,"href":"https:\/\/www.fondazionepirelli.org\/it\/wp-json\/wp\/v2\/posts\/89507\/revisions\/"}],"predecessor-version":[{"id":89508,"href":"https:\/\/www.fondazionepirelli.org\/it\/wp-json\/wp\/v2\/posts\/89507\/revisions\/89508\/"}],"wp:featuredmedia":[{"embeddable":true,"href":"https:\/\/www.fondazionepirelli.org\/it\/wp-json\/wp\/v2\/media\/89511\/"}],"wp:attachment":[{"href":"https:\/\/www.fondazionepirelli.org\/it\/wp-json\/wp\/v2\/media\/?parent=89507"}],"wp:term":[{"taxonomy":"category","embeddable":true,"href":"https:\/\/www.fondazionepirelli.org\/it\/wp-json\/wp\/v2\/categories\/?post=89507"},{"taxonomy":"post_tag","embeddable":true,"href":"https:\/\/www.fondazionepirelli.org\/it\/wp-json\/wp\/v2\/tags\/?post=89507"}],"curies":[{"name":"wp","href":"https:\/\/api.w.org\/{rel}","templated":true}]}}