{"id":89586,"date":"2022-05-30T15:20:26","date_gmt":"2022-05-30T14:20:26","guid":{"rendered":"https:\/\/www.fondazionepirelli.org\/?p=89586"},"modified":"2022-06-01T16:35:53","modified_gmt":"2022-06-01T15:35:53","slug":"fondazione-pirelli-al-festival-delleconomia-di-trento-2022","status":"publish","type":"post","link":"https:\/\/www.fondazionepirelli.org\/it\/iniziative\/le-collaborazioni\/fondazione-pirelli-al-festival-delleconomia-di-trento-2022\/","title":{"rendered":"Fondazione Pirelli al Festival dell\u2019Economia di Trento 2022"},"content":{"rendered":"<p>La Fondazione Pirelli parteciper\u00e0 al<strong> Festival dell\u2019Economia di Trento 2022<\/strong>, organizzato dalla <strong>Provincia autonoma di Trento<\/strong> e dal <strong>Gruppo 24 ORE<\/strong> in collaborazione con l\u2019<strong>Universit\u00e0 di Trento<\/strong> e il <strong>Comune di Trento<\/strong>, con due appuntamenti legati alla valorizzazione della cultura d\u2019impresa aziendale.<\/p>\n<p>Il <strong>3 giugno alle ore 17.00<\/strong>, presso la Biblioteca Comunale della citt\u00e0, <strong>Antonio Calabr\u00f2<\/strong>, Direttore della Fondazione Pirelli &#8211; insieme a <strong>Paolo Bricco<\/strong>, inviato de <strong>Il Sole 24 Ore<\/strong>, presenter\u00e0 il libro \u201c<strong>Una storia al futuro. Pirelli, 150 anni di industria, innovazione, cultura<\/strong>\u201d. Il nuovo volume, curato da Fondazione Pirelli ed edito da Marsilio, \u00e8 un racconto a pi\u00f9 voci delle principali innovazioni tecnologiche di Pirelli dalla fondazione dell\u2019azienda, nel 1872, fino ai giorni nostri.<\/p>\n<p>Alle ore <strong>19 e 30<\/strong> si proseguir\u00e0 con il concerto \u201c<strong>Il Canto della Fabbrica<\/strong>\u201d presso la Filarmonica, dove Il Maestro <strong>Salvatore Accardo<\/strong>, direttore e violino solista, insieme all\u2019<strong>Orchestra da Camera Italiana<\/strong>, eseguiranno il Concerto per pianoforte no. 1 di J.S. Bach &#8211; con <strong>Gile Bae<\/strong> come pianista solista &#8211; e il Quartetto in mi minore di Giuseppe Verdi. Fulcro del programma musicale della serata sar\u00e0 Il Canto della Fabbrica, il brano musicale ispirato ai ritmi della fabbrica digitale Pirelli di Settimo Torinese. Commissionato dalla Fondazione Pirelli nel 2017 al compositore <strong>Francesco Fiore<\/strong> per il violino del Maestro Accardo, \u00e8 un tentativo di rappresentazione in musica della fabbrica contemporanea &#8211; bella e cio\u00e8 ben progettata, luminosa, sicura, sostenibile &#8211; e delle sue pi\u00f9 recenti trasformazioni.<\/p>\n<p>Proprio oggi e domani,<strong> 1 e 2 giugno 2022<\/strong>, le note de \u201cIl Canto della Fabbrica\u201d risuoneranno anche all\u2019interno dell\u2019Auditorium dell\u2019Headquarters Pirelli a Milano dove il Maestro Salvatore Accardo, il primo violino Laura Gorna e gli orchestrali sono ospiti per le prove del concerto.<\/p>\n","protected":false},"excerpt":{"rendered":"<p>La Fondazione Pirelli parteciper\u00e0 al Festival dell\u2019Economia di Trento 2022, organizzato dalla Provincia autonoma di Trento e dal Gruppo 24 ORE in collaborazione con l\u2019Universit\u00e0 di Trento e il Comune di Trento, con due appuntamenti legati alla valorizzazione della cultura d\u2019impresa aziendale. Il 3 giugno alle ore 17.00, presso la Biblioteca Comunale della citt\u00e0, Antonio [&hellip;]<\/p>\n","protected":false},"author":9,"featured_media":89604,"comment_status":"open","ping_status":"open","sticky":false,"template":"","format":"standard","meta":{"footnotes":""},"categories":[60,79],"tags":[109,118],"class_list":["post-89586","post","type-post","status-publish","format-standard","has-post-thumbnail","hentry","category-iniziative","category-le-collaborazioni","tag-comunicare-limpresa","tag-storia-aziendale"],"acf":[],"yoast_head":"<!-- This site is optimized with the Yoast SEO plugin v25.0 - https:\/\/yoast.com\/wordpress\/plugins\/seo\/ -->\n<title>Fondazione Pirelli al Festival dell\u2019Economia di Trento 2022 - Fondazione Pirelli<\/title>\n<meta name=\"robots\" content=\"index, follow, max-snippet:-1, max-image-preview:large, max-video-preview:-1\" \/>\n<link rel=\"canonical\" href=\"https:\/\/www.fondazionepirelli.org\/it\/iniziative\/le-collaborazioni\/fondazione-pirelli-al-festival-delleconomia-di-trento-2022\/\" \/>\n<meta property=\"og:locale\" content=\"it_IT\" \/>\n<meta property=\"og:type\" content=\"article\" \/>\n<meta property=\"og:title\" content=\"Fondazione Pirelli al Festival dell\u2019Economia di Trento 2022 - Fondazione Pirelli\" \/>\n<meta property=\"og:description\" content=\"La Fondazione Pirelli parteciper\u00e0 al Festival dell\u2019Economia di Trento 2022, organizzato dalla Provincia autonoma di Trento e dal Gruppo 24 ORE in collaborazione con l\u2019Universit\u00e0 di Trento e il Comune di Trento, con due appuntamenti legati alla valorizzazione della cultura d\u2019impresa aziendale. Il 3 giugno alle ore 17.00, presso la Biblioteca Comunale della citt\u00e0, Antonio [&hellip;]\" \/>\n<meta property=\"og:url\" content=\"https:\/\/www.fondazionepirelli.org\/it\/iniziative\/le-collaborazioni\/fondazione-pirelli-al-festival-delleconomia-di-trento-2022\/\" \/>\n<meta property=\"og:site_name\" content=\"Fondazione Pirelli\" \/>\n<meta property=\"article:published_time\" content=\"2022-05-30T14:20:26+00:00\" \/>\n<meta property=\"article:modified_time\" content=\"2022-06-01T15:35:53+00:00\" \/>\n<meta property=\"og:image\" content=\"https:\/\/wpsite-assets.fondazionepirelli.org\/wp-content\/uploads\/2022\/05\/30154028\/MiTo-GG4-concerto-2039-_SQU9426.jpg\" \/>\n\t<meta property=\"og:image:width\" content=\"4800\" \/>\n\t<meta property=\"og:image:height\" content=\"3195\" \/>\n\t<meta property=\"og:image:type\" content=\"image\/jpeg\" \/>\n<meta name=\"author\" content=\"fondazionepirelli\" \/>\n<meta name=\"twitter:card\" content=\"summary_large_image\" \/>\n<meta name=\"twitter:label1\" content=\"Scritto da\" \/>\n\t<meta name=\"twitter:data1\" content=\"fondazionepirelli\" \/>\n\t<meta name=\"twitter:label2\" content=\"Tempo di lettura stimato\" \/>\n\t<meta name=\"twitter:data2\" content=\"1 minuto\" \/>\n<script type=\"application\/ld+json\" class=\"yoast-schema-graph\">{\"@context\":\"https:\/\/schema.org\",\"@graph\":[{\"@type\":\"WebPage\",\"@id\":\"https:\/\/www.fondazionepirelli.org\/it\/iniziative\/le-collaborazioni\/fondazione-pirelli-al-festival-delleconomia-di-trento-2022\/\",\"url\":\"https:\/\/www.fondazionepirelli.org\/it\/iniziative\/le-collaborazioni\/fondazione-pirelli-al-festival-delleconomia-di-trento-2022\/\",\"name\":\"Fondazione Pirelli al Festival dell\u2019Economia di Trento 2022 - Fondazione Pirelli\",\"isPartOf\":{\"@id\":\"https:\/\/www.fondazionepirelli.org\/it\/#website\"},\"primaryImageOfPage\":{\"@id\":\"https:\/\/www.fondazionepirelli.org\/it\/iniziative\/le-collaborazioni\/fondazione-pirelli-al-festival-delleconomia-di-trento-2022\/#primaryimage\"},\"image\":{\"@id\":\"https:\/\/www.fondazionepirelli.org\/it\/iniziative\/le-collaborazioni\/fondazione-pirelli-al-festival-delleconomia-di-trento-2022\/#primaryimage\"},\"thumbnailUrl\":\"https:\/\/wpsite-assets.fondazionepirelli.org\/wp-content\/uploads\/2022\/05\/30154028\/MiTo-GG4-concerto-2039-_SQU9426.jpg\",\"datePublished\":\"2022-05-30T14:20:26+00:00\",\"dateModified\":\"2022-06-01T15:35:53+00:00\",\"author\":{\"@id\":\"https:\/\/www.fondazionepirelli.org\/it\/#\/schema\/person\/c31fcf5937a0e6afa45497f3f8b6d7a0\"},\"breadcrumb\":{\"@id\":\"https:\/\/www.fondazionepirelli.org\/it\/iniziative\/le-collaborazioni\/fondazione-pirelli-al-festival-delleconomia-di-trento-2022\/#breadcrumb\"},\"inLanguage\":\"it-IT\",\"potentialAction\":[{\"@type\":\"ReadAction\",\"target\":[\"https:\/\/www.fondazionepirelli.org\/it\/iniziative\/le-collaborazioni\/fondazione-pirelli-al-festival-delleconomia-di-trento-2022\/\"]}]},{\"@type\":\"ImageObject\",\"inLanguage\":\"it-IT\",\"@id\":\"https:\/\/www.fondazionepirelli.org\/it\/iniziative\/le-collaborazioni\/fondazione-pirelli-al-festival-delleconomia-di-trento-2022\/#primaryimage\",\"url\":\"https:\/\/wpsite-assets.fondazionepirelli.org\/wp-content\/uploads\/2022\/05\/30154028\/MiTo-GG4-concerto-2039-_SQU9426.jpg\",\"contentUrl\":\"https:\/\/wpsite-assets.fondazionepirelli.org\/wp-content\/uploads\/2022\/05\/30154028\/MiTo-GG4-concerto-2039-_SQU9426.jpg\",\"width\":4800,\"height\":3195},{\"@type\":\"BreadcrumbList\",\"@id\":\"https:\/\/www.fondazionepirelli.org\/it\/iniziative\/le-collaborazioni\/fondazione-pirelli-al-festival-delleconomia-di-trento-2022\/#breadcrumb\",\"itemListElement\":[{\"@type\":\"ListItem\",\"position\":1,\"name\":\"Home\",\"item\":\"https:\/\/www.fondazionepirelli.org\/it\/\"},{\"@type\":\"ListItem\",\"position\":2,\"name\":\"Fondazione Pirelli al Festival dell\u2019Economia di Trento 2022\"}]},{\"@type\":\"WebSite\",\"@id\":\"https:\/\/www.fondazionepirelli.org\/it\/#website\",\"url\":\"https:\/\/www.fondazionepirelli.org\/it\/\",\"name\":\"Fondazione Pirelli\",\"description\":\"\",\"potentialAction\":[{\"@type\":\"SearchAction\",\"target\":{\"@type\":\"EntryPoint\",\"urlTemplate\":\"https:\/\/www.fondazionepirelli.org\/it\/?s={search_term_string}\"},\"query-input\":{\"@type\":\"PropertyValueSpecification\",\"valueRequired\":true,\"valueName\":\"search_term_string\"}}],\"inLanguage\":\"it-IT\"},{\"@type\":\"Person\",\"@id\":\"https:\/\/www.fondazionepirelli.org\/it\/#\/schema\/person\/c31fcf5937a0e6afa45497f3f8b6d7a0\",\"name\":\"fondazionepirelli\",\"image\":{\"@type\":\"ImageObject\",\"inLanguage\":\"it-IT\",\"@id\":\"https:\/\/www.fondazionepirelli.org\/it\/#\/schema\/person\/image\/\",\"url\":\"https:\/\/secure.gravatar.com\/avatar\/9cb486421ce1d6eddbf6c4fb66841b4325b786695f7aedf1dde2222428218696?s=96&d=mm&r=g\",\"contentUrl\":\"https:\/\/secure.gravatar.com\/avatar\/9cb486421ce1d6eddbf6c4fb66841b4325b786695f7aedf1dde2222428218696?s=96&d=mm&r=g\",\"caption\":\"fondazionepirelli\"},\"url\":\"https:\/\/www.fondazionepirelli.org\/it\/author\/fondazionepirelli\/\"}]}<\/script>\n<!-- \/ Yoast SEO plugin. -->","yoast_head_json":{"title":"Fondazione Pirelli al Festival dell\u2019Economia di Trento 2022 - Fondazione Pirelli","robots":{"index":"index","follow":"follow","max-snippet":"max-snippet:-1","max-image-preview":"max-image-preview:large","max-video-preview":"max-video-preview:-1"},"canonical":"https:\/\/www.fondazionepirelli.org\/it\/iniziative\/le-collaborazioni\/fondazione-pirelli-al-festival-delleconomia-di-trento-2022\/","og_locale":"it_IT","og_type":"article","og_title":"Fondazione Pirelli al Festival dell\u2019Economia di Trento 2022 - Fondazione Pirelli","og_description":"La Fondazione Pirelli parteciper\u00e0 al Festival dell\u2019Economia di Trento 2022, organizzato dalla Provincia autonoma di Trento e dal Gruppo 24 ORE in collaborazione con l\u2019Universit\u00e0 di Trento e il Comune di Trento, con due appuntamenti legati alla valorizzazione della cultura d\u2019impresa aziendale. Il 3 giugno alle ore 17.00, presso la Biblioteca Comunale della citt\u00e0, Antonio [&hellip;]","og_url":"https:\/\/www.fondazionepirelli.org\/it\/iniziative\/le-collaborazioni\/fondazione-pirelli-al-festival-delleconomia-di-trento-2022\/","og_site_name":"Fondazione Pirelli","article_published_time":"2022-05-30T14:20:26+00:00","article_modified_time":"2022-06-01T15:35:53+00:00","og_image":[{"width":4800,"height":3195,"url":"https:\/\/wpsite-assets.fondazionepirelli.org\/wp-content\/uploads\/2022\/05\/30154028\/MiTo-GG4-concerto-2039-_SQU9426.jpg","type":"image\/jpeg"}],"author":"fondazionepirelli","twitter_card":"summary_large_image","twitter_misc":{"Scritto da":"fondazionepirelli","Tempo di lettura stimato":"1 minuto"},"schema":{"@context":"https:\/\/schema.org","@graph":[{"@type":"WebPage","@id":"https:\/\/www.fondazionepirelli.org\/it\/iniziative\/le-collaborazioni\/fondazione-pirelli-al-festival-delleconomia-di-trento-2022\/","url":"https:\/\/www.fondazionepirelli.org\/it\/iniziative\/le-collaborazioni\/fondazione-pirelli-al-festival-delleconomia-di-trento-2022\/","name":"Fondazione Pirelli al Festival dell\u2019Economia di Trento 2022 - Fondazione Pirelli","isPartOf":{"@id":"https:\/\/www.fondazionepirelli.org\/it\/#website"},"primaryImageOfPage":{"@id":"https:\/\/www.fondazionepirelli.org\/it\/iniziative\/le-collaborazioni\/fondazione-pirelli-al-festival-delleconomia-di-trento-2022\/#primaryimage"},"image":{"@id":"https:\/\/www.fondazionepirelli.org\/it\/iniziative\/le-collaborazioni\/fondazione-pirelli-al-festival-delleconomia-di-trento-2022\/#primaryimage"},"thumbnailUrl":"https:\/\/wpsite-assets.fondazionepirelli.org\/wp-content\/uploads\/2022\/05\/30154028\/MiTo-GG4-concerto-2039-_SQU9426.jpg","datePublished":"2022-05-30T14:20:26+00:00","dateModified":"2022-06-01T15:35:53+00:00","author":{"@id":"https:\/\/www.fondazionepirelli.org\/it\/#\/schema\/person\/c31fcf5937a0e6afa45497f3f8b6d7a0"},"breadcrumb":{"@id":"https:\/\/www.fondazionepirelli.org\/it\/iniziative\/le-collaborazioni\/fondazione-pirelli-al-festival-delleconomia-di-trento-2022\/#breadcrumb"},"inLanguage":"it-IT","potentialAction":[{"@type":"ReadAction","target":["https:\/\/www.fondazionepirelli.org\/it\/iniziative\/le-collaborazioni\/fondazione-pirelli-al-festival-delleconomia-di-trento-2022\/"]}]},{"@type":"ImageObject","inLanguage":"it-IT","@id":"https:\/\/www.fondazionepirelli.org\/it\/iniziative\/le-collaborazioni\/fondazione-pirelli-al-festival-delleconomia-di-trento-2022\/#primaryimage","url":"https:\/\/wpsite-assets.fondazionepirelli.org\/wp-content\/uploads\/2022\/05\/30154028\/MiTo-GG4-concerto-2039-_SQU9426.jpg","contentUrl":"https:\/\/wpsite-assets.fondazionepirelli.org\/wp-content\/uploads\/2022\/05\/30154028\/MiTo-GG4-concerto-2039-_SQU9426.jpg","width":4800,"height":3195},{"@type":"BreadcrumbList","@id":"https:\/\/www.fondazionepirelli.org\/it\/iniziative\/le-collaborazioni\/fondazione-pirelli-al-festival-delleconomia-di-trento-2022\/#breadcrumb","itemListElement":[{"@type":"ListItem","position":1,"name":"Home","item":"https:\/\/www.fondazionepirelli.org\/it\/"},{"@type":"ListItem","position":2,"name":"Fondazione Pirelli al Festival dell\u2019Economia di Trento 2022"}]},{"@type":"WebSite","@id":"https:\/\/www.fondazionepirelli.org\/it\/#website","url":"https:\/\/www.fondazionepirelli.org\/it\/","name":"Fondazione Pirelli","description":"","potentialAction":[{"@type":"SearchAction","target":{"@type":"EntryPoint","urlTemplate":"https:\/\/www.fondazionepirelli.org\/it\/?s={search_term_string}"},"query-input":{"@type":"PropertyValueSpecification","valueRequired":true,"valueName":"search_term_string"}}],"inLanguage":"it-IT"},{"@type":"Person","@id":"https:\/\/www.fondazionepirelli.org\/it\/#\/schema\/person\/c31fcf5937a0e6afa45497f3f8b6d7a0","name":"fondazionepirelli","image":{"@type":"ImageObject","inLanguage":"it-IT","@id":"https:\/\/www.fondazionepirelli.org\/it\/#\/schema\/person\/image\/","url":"https:\/\/secure.gravatar.com\/avatar\/9cb486421ce1d6eddbf6c4fb66841b4325b786695f7aedf1dde2222428218696?s=96&d=mm&r=g","contentUrl":"https:\/\/secure.gravatar.com\/avatar\/9cb486421ce1d6eddbf6c4fb66841b4325b786695f7aedf1dde2222428218696?s=96&d=mm&r=g","caption":"fondazionepirelli"},"url":"https:\/\/www.fondazionepirelli.org\/it\/author\/fondazionepirelli\/"}]}},"_links":{"self":[{"href":"https:\/\/www.fondazionepirelli.org\/it\/wp-json\/wp\/v2\/posts\/89586\/"}],"collection":[{"href":"https:\/\/www.fondazionepirelli.org\/it\/wp-json\/wp\/v2\/posts\/"}],"about":[{"href":"https:\/\/www.fondazionepirelli.org\/it\/wp-json\/wp\/v2\/types\/post\/"}],"author":[{"embeddable":true,"href":"https:\/\/www.fondazionepirelli.org\/it\/wp-json\/wp\/v2\/users\/9\/"}],"replies":[{"embeddable":true,"href":"https:\/\/www.fondazionepirelli.org\/it\/wp-json\/wp\/v2\/comments\/?post=89586"}],"version-history":[{"count":12,"href":"https:\/\/www.fondazionepirelli.org\/it\/wp-json\/wp\/v2\/posts\/89586\/revisions\/"}],"predecessor-version":[{"id":89679,"href":"https:\/\/www.fondazionepirelli.org\/it\/wp-json\/wp\/v2\/posts\/89586\/revisions\/89679\/"}],"wp:featuredmedia":[{"embeddable":true,"href":"https:\/\/www.fondazionepirelli.org\/it\/wp-json\/wp\/v2\/media\/89604\/"}],"wp:attachment":[{"href":"https:\/\/www.fondazionepirelli.org\/it\/wp-json\/wp\/v2\/media\/?parent=89586"}],"wp:term":[{"taxonomy":"category","embeddable":true,"href":"https:\/\/www.fondazionepirelli.org\/it\/wp-json\/wp\/v2\/categories\/?post=89586"},{"taxonomy":"post_tag","embeddable":true,"href":"https:\/\/www.fondazionepirelli.org\/it\/wp-json\/wp\/v2\/tags\/?post=89586"}],"curies":[{"name":"wp","href":"https:\/\/api.w.org\/{rel}","templated":true}]}}