{"id":90003,"date":"2022-06-21T07:58:40","date_gmt":"2022-06-21T06:58:40","guid":{"rendered":"https:\/\/www.fondazionepirelli.org\/?p=90003"},"modified":"2022-06-21T15:22:32","modified_gmt":"2022-06-21T14:22:32","slug":"nella-stagione-della-crisi-raccontare-storie-per-una-piu-giusta-tessitura-del-mondo","status":"publish","type":"post","link":"https:\/\/www.fondazionepirelli.org\/it\/cultura-dimpresa\/blog\/nella-stagione-della-crisi-raccontare-storie-per-una-piu-giusta-tessitura-del-mondo\/","title":{"rendered":"Nella stagione della crisi raccontare storie per una pi\u00f9 giusta &#8220;tessitura del mondo&#8221;"},"content":{"rendered":"<p>Si vive di parole. E le parole hanno un\u2019anima. E le ali. Annunciano. Rimemorano. Definiscono il mondo. Creano. Non sono della stessa sostanza dei sogni. Ma pesano cos\u00ec tanto, sulla storia e sul destino degli uomini, da far muovere e forse cambiare le cose che vengono dette. Cambiano, sicuramente, chi le scrive. Siamo fatti delle nostre parole, appunto. Bisogna, proprio nel buio dei momenti di crisi peggiore e nello smarrimento delle emozioni e dei sentimenti, come succede ancora una volta in questi tempi inquieti e dolenti, provare a rileggerle, per capire da dove si viene e, consapevoli, riprovare a viaggiare verso il termine della notte. E a raccontare questo viaggio. Gi\u00e0, ecco le ali&#8230;<\/p>\n<p>Il viaggio lega luoghi e persone, intesse relazioni. Il racconto le fa vivere e le affida alla memoria e dunque al futuro. C\u2019\u00e8 una comune radice semantica tra tessitura, \u201ctessuto\u201d e \u201ctesto\u201d. Ed \u00e8 <strong>Papa Francesco<\/strong> a cogliere bene il segno di questo insieme di valori quando parla di \u201ctessitura del mondo\u201d nel suo messaggio per la <strong>Giornata mondiale delle Comunicazioni sociali<\/strong>, nel gennaio del 2020, scrivendo che \u201cil mondo stesso \u00e8 un tessuto e le storie che gli uomini raccontano sono i fili di questo tessuto, messo sempre a dura prova\u201d.<\/p>\n<p>Quel messaggio, nel corso del tempo, ha suscitato reazioni, commenti, interventi di approfondimento da parte di donne e uomini di cultura. \u201cL\u2019Osservatore Romano\u201d li ha raccolti, pubblicati e adesso riuniti in un denso e prezioso volume, curato da Andrea Monda, direttore del quotidiano della Santa Sede, edito dalla Libreria Editrice Vaticana e da Salani e intitolato, appunto, \u201c<strong>La tessitura del mondo<\/strong>\u201d, un \u201cDialogo a pi\u00f9 voci con i grandi protagonisti della cultura sul racconto come via di salvezza\u201d. Ne scrivono, tra gli altri, Roberto And\u00f2, Eraldo Affinati, Piero Boitani, Mario Botta, Giancarlo De Cataldo, Francesco De Gregori, Nicola Lagioia, David Mamet, Colum McCann, Daniel Mendelsohn, Edna O\u2019Brien, Renzo Piano, Annie Proux, Marilynne Robinson, Donna Tartt, Mariapia Veladiano, Sandro e Alessandro Zaccuri, donne e uomini segnati da culture ed esperienze intellettuali e religiose diverse ma tutti in sintonia sulla necessit\u00e0 di insistere sul confronto, sul dialogo, su una dialettica delle idee e delle emozioni in grado di \u201critessere\u201d una trama pi\u00f9 solida delle relazioni umane. Tessuto e testo, appunto. Racconto.<\/p>\n<p>Viviamo una stagione carica di rischi e incertezze, di degrado delle parole nel voc\u00eco che affolla confusamente i social media, di prevalenza dell\u2019oltranzismo demagogico in un discorso pubblico sempre pi\u00f9 impoverito e segnato dall\u2019ossessione del \u201cpoliticamente corretto\u201d e della <strong><em>cancel culture<\/em><\/strong>, di dominio crescente delle <em>fake news <\/em>e dell\u2019opinionismo fazioso e insultante in una vera e propria \u201cBabele infinita del web\u201d (Maurizio Ferraris, \u201cLa Stampa\u201d, 23 maggio).<\/p>\n<p>Viene in mente, opportunamente, il monito di Thomas Stearns Eliot: \u201cDov&#8217;\u00e8 la saggezza che abbiamo perso nella conoscenza? Dov&#8217;\u00e8 la conoscenza che abbiamo perso nell&#8217;informazione?\u201d. Oggi, potremmo aggiungere: dov\u2019\u00e8 mai l\u2019informazione, nel rumore di fondo provocato da un flusso ininterrotto di news senza gerarchia d\u2019importanza n\u00e9 contesti di inquadramento n\u00e9 guide di lettura e interpretazione? Marmellata mediatica, dicono i critici. Senza alcuna dolcezza n\u00e9 alcuna sapidit\u00e0 di comprensione.<\/p>\n<p>Il mondo, nella sua fascinosa e inquietante complessit\u00e0, \u00e8 schiacciato tra un <em>like <\/em>e un apodittico gioco di insulti o applausi, tra un tweet e un\u2019approssimativa <em>story <\/em>su Instagram. Tramontano giudizi critici e ragioni di comprensione e intervento. Ne risentono drammaticamente la convivenza civile e la qualit\u00e0 del capitale sociale di una comunit\u00e0, la fiducia su cui si fondano i processi di formazione e gli scambi di mercato e, in fin dei conti, la sostanza stessa della democrazia liberale.<\/p>\n<p>Serve recuperare \u201cil rigore etico della parola contro i girotondi delle chiacchiere\u201d (come suggerisce Massimo Recalcati citando il presidente della Repubblica Sergio Mattarella, \u201cla Repubblica\u201d, 31 gennaio). Pensare la letteratura ricca di racconti diversi come \u201cun ponte\u201d che mette in contatti mondi e sensibilit\u00e0, valori e interessi differenti. Valorizzare la capacit\u00e0 di essere \u201cscrittori di cose\u201d ben diversi dagli \u201cscrittori di parole\u201d (come amava dire Luigi Pirandello, in polemica con le inclinazioni retoriche di Gabriele D\u2019Annunzio). E insistere sulla qualit\u00e0 della scrittura, dell\u2019uso denso e pertinente delle parole stesse (fin dai primi passi della scuola dell\u2019obbligo).<\/p>\n<p>Bisogna tornare, anche lungo questa strada, a quella \u201ctessitura del mondo\u201d suggerita da Papa Francesco per ridare spazio ai valori spirituali e a una ricostruzione economica e sociale pi\u00f9 \u201cgiusta\u201d e \u201csostenibile\u201d.<\/p>\n<p>Scrive il Papa, nel messaggio sulle Comunicazioni sociali da cui siamo partiti: \u201cL\u2019uomo non \u00e8 solo l\u2019unico essere che ha bisogno di abiti per coprire la propria vulnerabilit\u00e0, ma \u00e8 anche l\u2019unico che ha bisogno di raccontarsi, di \u2018rivestirsi\u2019 di storie per custodire la propria vita\u201d. L\u2019uomo, insomma, \u201c\u00e8 un essere narrante perch\u00e9 \u00e8 un essere in divenire, che si scopre e si arricchisce nelle trame dei suoi giorni. Ma, fin dall\u2019inizio, il nostro racconto \u00e8 minacciato: nella storia serpeggia il male\u201d.<\/p>\n<p>La Sacra Scrittura, ricorda il Papa, \u00e8 una \u201cstoria di storie\u201d, con un Dio \u201cche \u00e8 creatore e nello stesso tempo narratore\u201d, ma anche figura centrale di un \u201cracconto\u201d attraverso cui Lo conosciamo. Per raccontare bisogna \u201cri-cordare\u201d e cio\u00e8 \u201cportare nel cuore\u201d. E la <strong>letteratura<\/strong> ne \u00e8 funzione fondamentale, come dimostrano le opere citate dal Papa, come \u201cLe Confessioni\u201d di sant\u2019Agostino ma anche \u201cI promessi sposi\u201d di Alessandro Manzoni e \u201cI fratelli Karamazov\u201d di F\u00ebdor Dostoevskij. Un lavoro intenso, per entrare dentro le pieghe dell\u2019animo umano, in tutti i suoi aspetti, anche i pi\u00f9 controversi. Cercando, nel racconto, una \u201credenzione\u201d.<\/p>\n<p>Infatti, \u201cnon si tratta di inseguire le logiche dello storytelling n\u00e9 di fare o farsi pubblicit\u00e0, ma di fare memoria di ci\u00f2 che siamo agli occhi di Dio, di testimoniare ci\u00f2 che lo Spirito scrive nei cuori, di rivelare a ciascuno che la sua storia contiene meraviglie stupende\u201d.<\/p>\n<p>Le parole di Papa Francesco hanno suscitato un lungo dibattito, sulle pagine dell\u2019Osservatore Romano. E dato una indicazione preziosa: costruire una narrazione umana profonda e popolare, andare contro quella che And\u00f2 chiama \u201cla dittatura dell\u2019ovvio\u201d, assumersi \u201cla responsabilit\u00e0 morale del comunicare facendo il controcanto delle reti sociali\u201d (Alessandro Zaccuri), fare s\u00ec \u201cche il male non accada senza testimoni\u201d e che \u201cla letteratura si faccia illuminazione e abbracci il mondo interno\u201d (Edna O\u2019Brien), \u201caccostarsi al mistero attraverso il mito\u201d (David Mamet), \u201cavere compassione e comprensione dei personaggi\u201d (Annie Proux), cercare \u201cuna nuova e pi\u00f9 consapevole connessione con se stessi, per sconfiggere la nevrosi dell\u2019uomo contemporaneo\u201d (Daniele Mencarelli) e \u201ccostruire, aggiungendo poesia\u201d (Renzo Piano). Vivere, insomma, vite \u201cintessute e ricamate di parole\u201d (Marcelo Figueroa) e sapere bene che \u201cuna storia \u00e8 buona quando \u00e8 vera\u201d (Daniel Mendelsohn).<\/p>\n<p>La sintesi sta in un giudizio di <strong>Donna Tartt<\/strong>: \u201cLe storie che raccontiamo e ri-raccontiamo e che tramandiamo gli uni agli altri sono tende sotto le quali riunirsi, vessilli da seguire in battaglia, funi indistruttibili per collegare i vivi e i morti, e l\u2019intreccio di queste vaste trame attraverso i secoli e le culture ci lega fortemente gli uni agli altri e alla storia, guidandoci attraverso le generazioni\u201d. Ancora una volta, si riconferma il legame tra memoria e futuro, ricostruzione delle radici e scrittura delle nuove mappe secondo cui rintracciare prospettive e valori di un avvenire migliore.<\/p>\n<p>Tante voci diverse meritano una chiosa conclusiva, come ha fatto appunto Papa Francesco nella postfazione: la relazione indissolubile tra \u201cdire\u201d e \u201cascoltare\u201d, il peso fondamentale del \u201csilenzio\u201d contro il chiasso mediatico quotidiano e, soprattutto la \u201ccompassione\u201d, nel suo aspetto interiore ma anche nella \u201cdimensione pubblica, sociale\u201d per cui \u201cil racconto si rivela come una forza della memoria, custode quindi del passato e, proprio per questo, un lievito di trasformazione per il futuro\u201d. L\u2019<strong>avvenire della memoria<\/strong>, appunto.<\/p><p><em>(Photo by Franco Origlia\/Getty Images)<\/em><\/p>\n","protected":false},"excerpt":{"rendered":"<p>Si vive di parole. E le parole hanno un\u2019anima. E le ali. Annunciano. Rimemorano. Definiscono il mondo. Creano. Non sono della stessa sostanza dei sogni. Ma pesano cos\u00ec tanto, sulla storia e sul destino degli uomini, da far muovere e forse cambiare le cose che vengono dette. Cambiano, sicuramente, chi le scrive. Siamo fatti delle [&hellip;]<\/p>\n","protected":false},"author":9,"featured_media":90006,"comment_status":"open","ping_status":"open","sticky":false,"template":"","format":"standard","meta":{"footnotes":""},"categories":[53,52],"tags":[],"class_list":["post-90003","post","type-post","status-publish","format-standard","has-post-thumbnail","hentry","category-blog","category-cultura-dimpresa"],"acf":[],"yoast_head":"<!-- This site is optimized with the Yoast SEO plugin v25.0 - https:\/\/yoast.com\/wordpress\/plugins\/seo\/ -->\n<title>Nella stagione della crisi raccontare storie per una pi\u00f9 giusta &quot;tessitura del mondo&quot; - Fondazione Pirelli<\/title>\n<meta name=\"robots\" content=\"index, follow, max-snippet:-1, max-image-preview:large, max-video-preview:-1\" \/>\n<link rel=\"canonical\" href=\"https:\/\/www.fondazionepirelli.org\/it\/cultura-dimpresa\/blog\/nella-stagione-della-crisi-raccontare-storie-per-una-piu-giusta-tessitura-del-mondo\/\" \/>\n<meta property=\"og:locale\" content=\"it_IT\" \/>\n<meta property=\"og:type\" content=\"article\" \/>\n<meta property=\"og:title\" content=\"Nella stagione della crisi raccontare storie per una pi\u00f9 giusta &quot;tessitura del mondo&quot; - Fondazione Pirelli\" \/>\n<meta property=\"og:description\" content=\"Si vive di parole. E le parole hanno un\u2019anima. E le ali. Annunciano. Rimemorano. Definiscono il mondo. Creano. Non sono della stessa sostanza dei sogni. Ma pesano cos\u00ec tanto, sulla storia e sul destino degli uomini, da far muovere e forse cambiare le cose che vengono dette. Cambiano, sicuramente, chi le scrive. Siamo fatti delle [&hellip;]\" \/>\n<meta property=\"og:url\" content=\"https:\/\/www.fondazionepirelli.org\/it\/cultura-dimpresa\/blog\/nella-stagione-della-crisi-raccontare-storie-per-una-piu-giusta-tessitura-del-mondo\/\" \/>\n<meta property=\"og:site_name\" content=\"Fondazione Pirelli\" \/>\n<meta property=\"article:published_time\" content=\"2022-06-21T06:58:40+00:00\" \/>\n<meta property=\"article:modified_time\" content=\"2022-06-21T14:22:32+00:00\" \/>\n<meta property=\"og:image\" content=\"https:\/\/wpsite-assets.fondazionepirelli.org\/wp-content\/uploads\/2022\/06\/21075830\/GettyImages-1218079787.jpg\" \/>\n\t<meta property=\"og:image:width\" content=\"4200\" \/>\n\t<meta property=\"og:image:height\" content=\"2800\" \/>\n\t<meta property=\"og:image:type\" content=\"image\/jpeg\" \/>\n<meta name=\"author\" content=\"fondazionepirelli\" \/>\n<meta name=\"twitter:card\" content=\"summary_large_image\" \/>\n<meta name=\"twitter:label1\" content=\"Scritto da\" \/>\n\t<meta name=\"twitter:data1\" content=\"fondazionepirelli\" \/>\n\t<meta name=\"twitter:label2\" content=\"Tempo di lettura stimato\" \/>\n\t<meta name=\"twitter:data2\" content=\"6 minuti\" \/>\n<script type=\"application\/ld+json\" class=\"yoast-schema-graph\">{\"@context\":\"https:\/\/schema.org\",\"@graph\":[{\"@type\":\"WebPage\",\"@id\":\"https:\/\/www.fondazionepirelli.org\/it\/cultura-dimpresa\/blog\/nella-stagione-della-crisi-raccontare-storie-per-una-piu-giusta-tessitura-del-mondo\/\",\"url\":\"https:\/\/www.fondazionepirelli.org\/it\/cultura-dimpresa\/blog\/nella-stagione-della-crisi-raccontare-storie-per-una-piu-giusta-tessitura-del-mondo\/\",\"name\":\"Nella stagione della crisi raccontare storie per una pi\u00f9 giusta \\\"tessitura del mondo\\\" - Fondazione Pirelli\",\"isPartOf\":{\"@id\":\"https:\/\/www.fondazionepirelli.org\/it\/#website\"},\"primaryImageOfPage\":{\"@id\":\"https:\/\/www.fondazionepirelli.org\/it\/cultura-dimpresa\/blog\/nella-stagione-della-crisi-raccontare-storie-per-una-piu-giusta-tessitura-del-mondo\/#primaryimage\"},\"image\":{\"@id\":\"https:\/\/www.fondazionepirelli.org\/it\/cultura-dimpresa\/blog\/nella-stagione-della-crisi-raccontare-storie-per-una-piu-giusta-tessitura-del-mondo\/#primaryimage\"},\"thumbnailUrl\":\"https:\/\/wpsite-assets.fondazionepirelli.org\/wp-content\/uploads\/2022\/06\/21075830\/GettyImages-1218079787.jpg\",\"datePublished\":\"2022-06-21T06:58:40+00:00\",\"dateModified\":\"2022-06-21T14:22:32+00:00\",\"author\":{\"@id\":\"https:\/\/www.fondazionepirelli.org\/it\/#\/schema\/person\/c31fcf5937a0e6afa45497f3f8b6d7a0\"},\"breadcrumb\":{\"@id\":\"https:\/\/www.fondazionepirelli.org\/it\/cultura-dimpresa\/blog\/nella-stagione-della-crisi-raccontare-storie-per-una-piu-giusta-tessitura-del-mondo\/#breadcrumb\"},\"inLanguage\":\"it-IT\",\"potentialAction\":[{\"@type\":\"ReadAction\",\"target\":[\"https:\/\/www.fondazionepirelli.org\/it\/cultura-dimpresa\/blog\/nella-stagione-della-crisi-raccontare-storie-per-una-piu-giusta-tessitura-del-mondo\/\"]}]},{\"@type\":\"ImageObject\",\"inLanguage\":\"it-IT\",\"@id\":\"https:\/\/www.fondazionepirelli.org\/it\/cultura-dimpresa\/blog\/nella-stagione-della-crisi-raccontare-storie-per-una-piu-giusta-tessitura-del-mondo\/#primaryimage\",\"url\":\"https:\/\/wpsite-assets.fondazionepirelli.org\/wp-content\/uploads\/2022\/06\/21075830\/GettyImages-1218079787.jpg\",\"contentUrl\":\"https:\/\/wpsite-assets.fondazionepirelli.org\/wp-content\/uploads\/2022\/06\/21075830\/GettyImages-1218079787.jpg\",\"width\":4200,\"height\":2800,\"caption\":\"VATICAN CITY, VATICAN - APRIL 10: Pope Francis attends the Stations of the Cross in an empty St. Peter's Square due coronavirus pandemic on April 10, 2020 in Vatican City, Vatican. The Via Crucis, or Way of the Cross, meditations for Good Friday this year have been prepared by prisoners, volunteers, family members and others, associated with a corrections facility in Northern Italy. (Photo by Franco Origlia\/Getty Images)\"},{\"@type\":\"BreadcrumbList\",\"@id\":\"https:\/\/www.fondazionepirelli.org\/it\/cultura-dimpresa\/blog\/nella-stagione-della-crisi-raccontare-storie-per-una-piu-giusta-tessitura-del-mondo\/#breadcrumb\",\"itemListElement\":[{\"@type\":\"ListItem\",\"position\":1,\"name\":\"Home\",\"item\":\"https:\/\/www.fondazionepirelli.org\/it\/\"},{\"@type\":\"ListItem\",\"position\":2,\"name\":\"Nella stagione della crisi raccontare storie per una pi\u00f9 giusta &#8220;tessitura del mondo&#8221;\"}]},{\"@type\":\"WebSite\",\"@id\":\"https:\/\/www.fondazionepirelli.org\/it\/#website\",\"url\":\"https:\/\/www.fondazionepirelli.org\/it\/\",\"name\":\"Fondazione Pirelli\",\"description\":\"\",\"potentialAction\":[{\"@type\":\"SearchAction\",\"target\":{\"@type\":\"EntryPoint\",\"urlTemplate\":\"https:\/\/www.fondazionepirelli.org\/it\/?s={search_term_string}\"},\"query-input\":{\"@type\":\"PropertyValueSpecification\",\"valueRequired\":true,\"valueName\":\"search_term_string\"}}],\"inLanguage\":\"it-IT\"},{\"@type\":\"Person\",\"@id\":\"https:\/\/www.fondazionepirelli.org\/it\/#\/schema\/person\/c31fcf5937a0e6afa45497f3f8b6d7a0\",\"name\":\"fondazionepirelli\",\"image\":{\"@type\":\"ImageObject\",\"inLanguage\":\"it-IT\",\"@id\":\"https:\/\/www.fondazionepirelli.org\/it\/#\/schema\/person\/image\/\",\"url\":\"https:\/\/secure.gravatar.com\/avatar\/9cb486421ce1d6eddbf6c4fb66841b4325b786695f7aedf1dde2222428218696?s=96&d=mm&r=g\",\"contentUrl\":\"https:\/\/secure.gravatar.com\/avatar\/9cb486421ce1d6eddbf6c4fb66841b4325b786695f7aedf1dde2222428218696?s=96&d=mm&r=g\",\"caption\":\"fondazionepirelli\"},\"url\":\"https:\/\/www.fondazionepirelli.org\/it\/author\/fondazionepirelli\/\"}]}<\/script>\n<!-- \/ Yoast SEO plugin. -->","yoast_head_json":{"title":"Nella stagione della crisi raccontare storie per una pi\u00f9 giusta \"tessitura del mondo\" - Fondazione Pirelli","robots":{"index":"index","follow":"follow","max-snippet":"max-snippet:-1","max-image-preview":"max-image-preview:large","max-video-preview":"max-video-preview:-1"},"canonical":"https:\/\/www.fondazionepirelli.org\/it\/cultura-dimpresa\/blog\/nella-stagione-della-crisi-raccontare-storie-per-una-piu-giusta-tessitura-del-mondo\/","og_locale":"it_IT","og_type":"article","og_title":"Nella stagione della crisi raccontare storie per una pi\u00f9 giusta \"tessitura del mondo\" - Fondazione Pirelli","og_description":"Si vive di parole. E le parole hanno un\u2019anima. E le ali. Annunciano. Rimemorano. Definiscono il mondo. Creano. Non sono della stessa sostanza dei sogni. Ma pesano cos\u00ec tanto, sulla storia e sul destino degli uomini, da far muovere e forse cambiare le cose che vengono dette. Cambiano, sicuramente, chi le scrive. Siamo fatti delle [&hellip;]","og_url":"https:\/\/www.fondazionepirelli.org\/it\/cultura-dimpresa\/blog\/nella-stagione-della-crisi-raccontare-storie-per-una-piu-giusta-tessitura-del-mondo\/","og_site_name":"Fondazione Pirelli","article_published_time":"2022-06-21T06:58:40+00:00","article_modified_time":"2022-06-21T14:22:32+00:00","og_image":[{"width":4200,"height":2800,"url":"https:\/\/wpsite-assets.fondazionepirelli.org\/wp-content\/uploads\/2022\/06\/21075830\/GettyImages-1218079787.jpg","type":"image\/jpeg"}],"author":"fondazionepirelli","twitter_card":"summary_large_image","twitter_misc":{"Scritto da":"fondazionepirelli","Tempo di lettura stimato":"6 minuti"},"schema":{"@context":"https:\/\/schema.org","@graph":[{"@type":"WebPage","@id":"https:\/\/www.fondazionepirelli.org\/it\/cultura-dimpresa\/blog\/nella-stagione-della-crisi-raccontare-storie-per-una-piu-giusta-tessitura-del-mondo\/","url":"https:\/\/www.fondazionepirelli.org\/it\/cultura-dimpresa\/blog\/nella-stagione-della-crisi-raccontare-storie-per-una-piu-giusta-tessitura-del-mondo\/","name":"Nella stagione della crisi raccontare storie per una pi\u00f9 giusta \"tessitura del mondo\" - Fondazione Pirelli","isPartOf":{"@id":"https:\/\/www.fondazionepirelli.org\/it\/#website"},"primaryImageOfPage":{"@id":"https:\/\/www.fondazionepirelli.org\/it\/cultura-dimpresa\/blog\/nella-stagione-della-crisi-raccontare-storie-per-una-piu-giusta-tessitura-del-mondo\/#primaryimage"},"image":{"@id":"https:\/\/www.fondazionepirelli.org\/it\/cultura-dimpresa\/blog\/nella-stagione-della-crisi-raccontare-storie-per-una-piu-giusta-tessitura-del-mondo\/#primaryimage"},"thumbnailUrl":"https:\/\/wpsite-assets.fondazionepirelli.org\/wp-content\/uploads\/2022\/06\/21075830\/GettyImages-1218079787.jpg","datePublished":"2022-06-21T06:58:40+00:00","dateModified":"2022-06-21T14:22:32+00:00","author":{"@id":"https:\/\/www.fondazionepirelli.org\/it\/#\/schema\/person\/c31fcf5937a0e6afa45497f3f8b6d7a0"},"breadcrumb":{"@id":"https:\/\/www.fondazionepirelli.org\/it\/cultura-dimpresa\/blog\/nella-stagione-della-crisi-raccontare-storie-per-una-piu-giusta-tessitura-del-mondo\/#breadcrumb"},"inLanguage":"it-IT","potentialAction":[{"@type":"ReadAction","target":["https:\/\/www.fondazionepirelli.org\/it\/cultura-dimpresa\/blog\/nella-stagione-della-crisi-raccontare-storie-per-una-piu-giusta-tessitura-del-mondo\/"]}]},{"@type":"ImageObject","inLanguage":"it-IT","@id":"https:\/\/www.fondazionepirelli.org\/it\/cultura-dimpresa\/blog\/nella-stagione-della-crisi-raccontare-storie-per-una-piu-giusta-tessitura-del-mondo\/#primaryimage","url":"https:\/\/wpsite-assets.fondazionepirelli.org\/wp-content\/uploads\/2022\/06\/21075830\/GettyImages-1218079787.jpg","contentUrl":"https:\/\/wpsite-assets.fondazionepirelli.org\/wp-content\/uploads\/2022\/06\/21075830\/GettyImages-1218079787.jpg","width":4200,"height":2800,"caption":"VATICAN CITY, VATICAN - APRIL 10: Pope Francis attends the Stations of the Cross in an empty St. Peter's Square due coronavirus pandemic on April 10, 2020 in Vatican City, Vatican. The Via Crucis, or Way of the Cross, meditations for Good Friday this year have been prepared by prisoners, volunteers, family members and others, associated with a corrections facility in Northern Italy. (Photo by Franco Origlia\/Getty Images)"},{"@type":"BreadcrumbList","@id":"https:\/\/www.fondazionepirelli.org\/it\/cultura-dimpresa\/blog\/nella-stagione-della-crisi-raccontare-storie-per-una-piu-giusta-tessitura-del-mondo\/#breadcrumb","itemListElement":[{"@type":"ListItem","position":1,"name":"Home","item":"https:\/\/www.fondazionepirelli.org\/it\/"},{"@type":"ListItem","position":2,"name":"Nella stagione della crisi raccontare storie per una pi\u00f9 giusta &#8220;tessitura del mondo&#8221;"}]},{"@type":"WebSite","@id":"https:\/\/www.fondazionepirelli.org\/it\/#website","url":"https:\/\/www.fondazionepirelli.org\/it\/","name":"Fondazione Pirelli","description":"","potentialAction":[{"@type":"SearchAction","target":{"@type":"EntryPoint","urlTemplate":"https:\/\/www.fondazionepirelli.org\/it\/?s={search_term_string}"},"query-input":{"@type":"PropertyValueSpecification","valueRequired":true,"valueName":"search_term_string"}}],"inLanguage":"it-IT"},{"@type":"Person","@id":"https:\/\/www.fondazionepirelli.org\/it\/#\/schema\/person\/c31fcf5937a0e6afa45497f3f8b6d7a0","name":"fondazionepirelli","image":{"@type":"ImageObject","inLanguage":"it-IT","@id":"https:\/\/www.fondazionepirelli.org\/it\/#\/schema\/person\/image\/","url":"https:\/\/secure.gravatar.com\/avatar\/9cb486421ce1d6eddbf6c4fb66841b4325b786695f7aedf1dde2222428218696?s=96&d=mm&r=g","contentUrl":"https:\/\/secure.gravatar.com\/avatar\/9cb486421ce1d6eddbf6c4fb66841b4325b786695f7aedf1dde2222428218696?s=96&d=mm&r=g","caption":"fondazionepirelli"},"url":"https:\/\/www.fondazionepirelli.org\/it\/author\/fondazionepirelli\/"}]}},"_links":{"self":[{"href":"https:\/\/www.fondazionepirelli.org\/it\/wp-json\/wp\/v2\/posts\/90003\/"}],"collection":[{"href":"https:\/\/www.fondazionepirelli.org\/it\/wp-json\/wp\/v2\/posts\/"}],"about":[{"href":"https:\/\/www.fondazionepirelli.org\/it\/wp-json\/wp\/v2\/types\/post\/"}],"author":[{"embeddable":true,"href":"https:\/\/www.fondazionepirelli.org\/it\/wp-json\/wp\/v2\/users\/9\/"}],"replies":[{"embeddable":true,"href":"https:\/\/www.fondazionepirelli.org\/it\/wp-json\/wp\/v2\/comments\/?post=90003"}],"version-history":[{"count":3,"href":"https:\/\/www.fondazionepirelli.org\/it\/wp-json\/wp\/v2\/posts\/90003\/revisions\/"}],"predecessor-version":[{"id":90008,"href":"https:\/\/www.fondazionepirelli.org\/it\/wp-json\/wp\/v2\/posts\/90003\/revisions\/90008\/"}],"wp:featuredmedia":[{"embeddable":true,"href":"https:\/\/www.fondazionepirelli.org\/it\/wp-json\/wp\/v2\/media\/90006\/"}],"wp:attachment":[{"href":"https:\/\/www.fondazionepirelli.org\/it\/wp-json\/wp\/v2\/media\/?parent=90003"}],"wp:term":[{"taxonomy":"category","embeddable":true,"href":"https:\/\/www.fondazionepirelli.org\/it\/wp-json\/wp\/v2\/categories\/?post=90003"},{"taxonomy":"post_tag","embeddable":true,"href":"https:\/\/www.fondazionepirelli.org\/it\/wp-json\/wp\/v2\/tags\/?post=90003"}],"curies":[{"name":"wp","href":"https:\/\/api.w.org\/{rel}","templated":true}]}}