{"id":90051,"date":"2022-06-28T11:10:41","date_gmt":"2022-06-28T10:10:41","guid":{"rendered":"https:\/\/www.fondazionepirelli.org\/?p=90051"},"modified":"2022-06-28T11:10:41","modified_gmt":"2022-06-28T10:10:41","slug":"storia-sincronica-per-capire-chi-siamo","status":"publish","type":"post","link":"https:\/\/www.fondazionepirelli.org\/it\/cultura-dimpresa\/storia-sincronica-per-capire-chi-siamo\/","title":{"rendered":"Storia sincronica per capire chi siamo"},"content":{"rendered":"<p><em>Un libro sugli inizi del Novecento come strumento per comprendere il presente e prepararsi meglio al futuro<\/em><\/p><p>Per capire cosa siamo oggi e cosa saremo domani, \u00e8 necessario anche sapere com\u2019eravamo ieri. Storia, dunque, a tutto tondo, come strumento essenziale per tutti. Storia raccontata non solo come mera sequenza di date, accordi diplomatici e grandi accadimenti, ma storia complessa (ma non per questo meno comprensibile), risultato di un insieme di sguardi e di approfondimenti in grado di guardare al passato da pi\u00f9 punti di vista. Storia di persone, donne e uomini, e di imprese, istituzioni. Storia come elemento culturale imprescindibile, per tutti. Che passa anche per buone letture come \u201cL&#8217;alba del Novecento. Alle radici della nostra cultura\u201d scritto da Fabio Fabbri e appena pubblicato.<br \/>\nIl libro racconta \u2013 perch\u00e9 questo \u00e8 il verbo da usare -, l\u2019alba del Novecento cio\u00e8 di quel ventennio, dal 1895 al 1914, nel quale in ogni campo del sapere umano si produsse una vera e propria \u201crivoluzione culturale\u201d che ha condotto ad oggi. Fabbri, con uno stile che si fa leggere ma che non manca di precisione, racconta usando pi\u00f9 fonti contemporaneamente, quei venti anni durante i quali il mondo, il nostro mondo, divent\u00f2 moderno: le radici della nostra cultura odierna.<br \/>\nIl libro quindi ripercorre non solo e non tanto la \u201cgrande storia\u201d ma i passaggi principali che la accompagnarono. Nel giro di pochissimi mesi del 1900, ad esempio, si pass\u00f2 dall\u2019inaugurazione della Esposizione Universale di Parigi alla pubblicazione de L\u2019interpretazione dei sogni di Freud o alla teoria dei quanti di Max Planck, fino al Concerto per pianoforte n. 2 di Sergej Rachmaninov. Allo stesso modo, nel 1913, mentre in Europa si scatenava la seconda guerra balcanica, a New Orleans il dodicenne Louis Armstrong gi\u00e0 intonava su una tromba i suoi primi temi musicali. Cos\u00ec il tragico naufragio del Titanic \u2013 che nell\u2019aprile 1912 gi\u00e0 segnava la fine di un\u2019epoca \u2013 si collega, quasi magicamente, al cupo incipit de La montagna incantata di Mann, \u201cil grande poema della morte\u201d iniziato quell\u2019anno. Oppure i colpi di cannone che dettero l\u2019avvio alla prima guerra mondiale rinviano alle riflessioni di Kafka che, proprio nell\u2019agosto1914, iniziava la stesura de Il processo.<br \/>\nPrecisa l\u2019autore nelle conclusioni di aver voluto scrivere una storia \u201caperta ai rapporti con le altre scienze, disponibile ad accettare ogni espressione intellettuale, con pari dignit\u00e0: una sincronia culturale, appunto, che significa essere aperti alla storia dell\u2019arte, della scienza, della letteratura, della psicoanalisi\u201d. Una storia che, a ben vedere, non pu\u00f2 che essere scritta e raccontata cos\u00ec, visto che l\u2019agire umano \u00e8 sempre frutto di pi\u00f9 elementi.<br \/>\nIl libro di Fabbri \u00e8 una lettura agevole, per chi legge, ma difficilissima da scrivere perch\u00e9 frutto di un impegno fortissimo per arrivare ad un racconto sincronico di quanto \u00e8 accaduto. E che fa capire perch\u00e9 oggi il nostro mondo \u00e8 cos\u00ec e non in un altro modo.<\/p><p><strong>L&#8217;alba del Novecento. Alle radici della nostra cultura<\/strong><br \/>\nFabio Fabbri<br \/>\nLaterza, 2022<\/p>\n","protected":false},"excerpt":{"rendered":"<p>Un libro sugli inizi del Novecento come strumento per comprendere il presente e prepararsi meglio al futuroPer capire cosa siamo oggi e cosa saremo domani, \u00e8 necessario anche sapere com\u2019eravamo ieri. Storia, dunque, a tutto tondo, come strumento essenziale per tutti. Storia raccontata non solo come mera sequenza di date, accordi diplomatici e grandi accadimenti, [&hellip;]<\/p>\n","protected":false},"author":9,"featured_media":90093,"comment_status":"open","ping_status":"open","sticky":false,"template":"","format":"standard","meta":{"footnotes":""},"categories":[52,58],"tags":[],"class_list":["post-90051","post","type-post","status-publish","format-standard","has-post-thumbnail","hentry","category-cultura-dimpresa","category-recensioni-libri"],"acf":[],"yoast_head":"<!-- This site is optimized with the Yoast SEO plugin v25.0 - https:\/\/yoast.com\/wordpress\/plugins\/seo\/ -->\n<title>Storia sincronica per capire chi siamo - Fondazione Pirelli<\/title>\n<meta name=\"robots\" content=\"index, follow, max-snippet:-1, max-image-preview:large, max-video-preview:-1\" \/>\n<link rel=\"canonical\" href=\"https:\/\/www.fondazionepirelli.org\/it\/cultura-dimpresa\/storia-sincronica-per-capire-chi-siamo\/\" \/>\n<meta property=\"og:locale\" content=\"it_IT\" \/>\n<meta property=\"og:type\" content=\"article\" \/>\n<meta property=\"og:title\" content=\"Storia sincronica per capire chi siamo - Fondazione Pirelli\" \/>\n<meta property=\"og:description\" content=\"Un libro sugli inizi del Novecento come strumento per comprendere il presente e prepararsi meglio al futuroPer capire cosa siamo oggi e cosa saremo domani, \u00e8 necessario anche sapere com\u2019eravamo ieri. Storia, dunque, a tutto tondo, come strumento essenziale per tutti. Storia raccontata non solo come mera sequenza di date, accordi diplomatici e grandi accadimenti, [&hellip;]\" \/>\n<meta property=\"og:url\" content=\"https:\/\/www.fondazionepirelli.org\/it\/cultura-dimpresa\/storia-sincronica-per-capire-chi-siamo\/\" \/>\n<meta property=\"og:site_name\" content=\"Fondazione Pirelli\" \/>\n<meta property=\"article:published_time\" content=\"2022-06-28T10:10:41+00:00\" \/>\n<meta property=\"og:image\" content=\"https:\/\/wpsite-assets.fondazionepirelli.org\/wp-content\/uploads\/2022\/06\/28071711\/9788858148426-e1656397043106.jpg\" \/>\n\t<meta property=\"og:image:width\" content=\"500\" \/>\n\t<meta property=\"og:image:height\" content=\"750\" \/>\n\t<meta property=\"og:image:type\" content=\"image\/jpeg\" \/>\n<meta name=\"author\" content=\"fondazionepirelli\" \/>\n<meta name=\"twitter:card\" content=\"summary_large_image\" \/>\n<meta name=\"twitter:label1\" content=\"Scritto da\" \/>\n\t<meta name=\"twitter:data1\" content=\"fondazionepirelli\" \/>\n\t<meta name=\"twitter:label2\" content=\"Tempo di lettura stimato\" \/>\n\t<meta name=\"twitter:data2\" content=\"2 minuti\" \/>\n<script type=\"application\/ld+json\" class=\"yoast-schema-graph\">{\"@context\":\"https:\/\/schema.org\",\"@graph\":[{\"@type\":\"WebPage\",\"@id\":\"https:\/\/www.fondazionepirelli.org\/it\/cultura-dimpresa\/storia-sincronica-per-capire-chi-siamo\/\",\"url\":\"https:\/\/www.fondazionepirelli.org\/it\/cultura-dimpresa\/storia-sincronica-per-capire-chi-siamo\/\",\"name\":\"Storia sincronica per capire chi siamo - Fondazione Pirelli\",\"isPartOf\":{\"@id\":\"https:\/\/www.fondazionepirelli.org\/it\/#website\"},\"primaryImageOfPage\":{\"@id\":\"https:\/\/www.fondazionepirelli.org\/it\/cultura-dimpresa\/storia-sincronica-per-capire-chi-siamo\/#primaryimage\"},\"image\":{\"@id\":\"https:\/\/www.fondazionepirelli.org\/it\/cultura-dimpresa\/storia-sincronica-per-capire-chi-siamo\/#primaryimage\"},\"thumbnailUrl\":\"https:\/\/wpsite-assets.fondazionepirelli.org\/wp-content\/uploads\/2022\/06\/28071711\/9788858148426-e1656397043106.jpg\",\"datePublished\":\"2022-06-28T10:10:41+00:00\",\"author\":{\"@id\":\"https:\/\/www.fondazionepirelli.org\/it\/#\/schema\/person\/c31fcf5937a0e6afa45497f3f8b6d7a0\"},\"breadcrumb\":{\"@id\":\"https:\/\/www.fondazionepirelli.org\/it\/cultura-dimpresa\/storia-sincronica-per-capire-chi-siamo\/#breadcrumb\"},\"inLanguage\":\"it-IT\",\"potentialAction\":[{\"@type\":\"ReadAction\",\"target\":[\"https:\/\/www.fondazionepirelli.org\/it\/cultura-dimpresa\/storia-sincronica-per-capire-chi-siamo\/\"]}]},{\"@type\":\"ImageObject\",\"inLanguage\":\"it-IT\",\"@id\":\"https:\/\/www.fondazionepirelli.org\/it\/cultura-dimpresa\/storia-sincronica-per-capire-chi-siamo\/#primaryimage\",\"url\":\"https:\/\/wpsite-assets.fondazionepirelli.org\/wp-content\/uploads\/2022\/06\/28071711\/9788858148426-e1656397043106.jpg\",\"contentUrl\":\"https:\/\/wpsite-assets.fondazionepirelli.org\/wp-content\/uploads\/2022\/06\/28071711\/9788858148426-e1656397043106.jpg\",\"width\":500,\"height\":750},{\"@type\":\"BreadcrumbList\",\"@id\":\"https:\/\/www.fondazionepirelli.org\/it\/cultura-dimpresa\/storia-sincronica-per-capire-chi-siamo\/#breadcrumb\",\"itemListElement\":[{\"@type\":\"ListItem\",\"position\":1,\"name\":\"Home\",\"item\":\"https:\/\/www.fondazionepirelli.org\/it\/\"},{\"@type\":\"ListItem\",\"position\":2,\"name\":\"Storia sincronica per capire chi siamo\"}]},{\"@type\":\"WebSite\",\"@id\":\"https:\/\/www.fondazionepirelli.org\/it\/#website\",\"url\":\"https:\/\/www.fondazionepirelli.org\/it\/\",\"name\":\"Fondazione Pirelli\",\"description\":\"\",\"potentialAction\":[{\"@type\":\"SearchAction\",\"target\":{\"@type\":\"EntryPoint\",\"urlTemplate\":\"https:\/\/www.fondazionepirelli.org\/it\/?s={search_term_string}\"},\"query-input\":{\"@type\":\"PropertyValueSpecification\",\"valueRequired\":true,\"valueName\":\"search_term_string\"}}],\"inLanguage\":\"it-IT\"},{\"@type\":\"Person\",\"@id\":\"https:\/\/www.fondazionepirelli.org\/it\/#\/schema\/person\/c31fcf5937a0e6afa45497f3f8b6d7a0\",\"name\":\"fondazionepirelli\",\"image\":{\"@type\":\"ImageObject\",\"inLanguage\":\"it-IT\",\"@id\":\"https:\/\/www.fondazionepirelli.org\/it\/#\/schema\/person\/image\/\",\"url\":\"https:\/\/secure.gravatar.com\/avatar\/9cb486421ce1d6eddbf6c4fb66841b4325b786695f7aedf1dde2222428218696?s=96&d=mm&r=g\",\"contentUrl\":\"https:\/\/secure.gravatar.com\/avatar\/9cb486421ce1d6eddbf6c4fb66841b4325b786695f7aedf1dde2222428218696?s=96&d=mm&r=g\",\"caption\":\"fondazionepirelli\"},\"url\":\"https:\/\/www.fondazionepirelli.org\/it\/author\/fondazionepirelli\/\"}]}<\/script>\n<!-- \/ Yoast SEO plugin. -->","yoast_head_json":{"title":"Storia sincronica per capire chi siamo - Fondazione Pirelli","robots":{"index":"index","follow":"follow","max-snippet":"max-snippet:-1","max-image-preview":"max-image-preview:large","max-video-preview":"max-video-preview:-1"},"canonical":"https:\/\/www.fondazionepirelli.org\/it\/cultura-dimpresa\/storia-sincronica-per-capire-chi-siamo\/","og_locale":"it_IT","og_type":"article","og_title":"Storia sincronica per capire chi siamo - Fondazione Pirelli","og_description":"Un libro sugli inizi del Novecento come strumento per comprendere il presente e prepararsi meglio al futuroPer capire cosa siamo oggi e cosa saremo domani, \u00e8 necessario anche sapere com\u2019eravamo ieri. Storia, dunque, a tutto tondo, come strumento essenziale per tutti. Storia raccontata non solo come mera sequenza di date, accordi diplomatici e grandi accadimenti, [&hellip;]","og_url":"https:\/\/www.fondazionepirelli.org\/it\/cultura-dimpresa\/storia-sincronica-per-capire-chi-siamo\/","og_site_name":"Fondazione Pirelli","article_published_time":"2022-06-28T10:10:41+00:00","og_image":[{"width":500,"height":750,"url":"https:\/\/wpsite-assets.fondazionepirelli.org\/wp-content\/uploads\/2022\/06\/28071711\/9788858148426-e1656397043106.jpg","type":"image\/jpeg"}],"author":"fondazionepirelli","twitter_card":"summary_large_image","twitter_misc":{"Scritto da":"fondazionepirelli","Tempo di lettura stimato":"2 minuti"},"schema":{"@context":"https:\/\/schema.org","@graph":[{"@type":"WebPage","@id":"https:\/\/www.fondazionepirelli.org\/it\/cultura-dimpresa\/storia-sincronica-per-capire-chi-siamo\/","url":"https:\/\/www.fondazionepirelli.org\/it\/cultura-dimpresa\/storia-sincronica-per-capire-chi-siamo\/","name":"Storia sincronica per capire chi siamo - Fondazione Pirelli","isPartOf":{"@id":"https:\/\/www.fondazionepirelli.org\/it\/#website"},"primaryImageOfPage":{"@id":"https:\/\/www.fondazionepirelli.org\/it\/cultura-dimpresa\/storia-sincronica-per-capire-chi-siamo\/#primaryimage"},"image":{"@id":"https:\/\/www.fondazionepirelli.org\/it\/cultura-dimpresa\/storia-sincronica-per-capire-chi-siamo\/#primaryimage"},"thumbnailUrl":"https:\/\/wpsite-assets.fondazionepirelli.org\/wp-content\/uploads\/2022\/06\/28071711\/9788858148426-e1656397043106.jpg","datePublished":"2022-06-28T10:10:41+00:00","author":{"@id":"https:\/\/www.fondazionepirelli.org\/it\/#\/schema\/person\/c31fcf5937a0e6afa45497f3f8b6d7a0"},"breadcrumb":{"@id":"https:\/\/www.fondazionepirelli.org\/it\/cultura-dimpresa\/storia-sincronica-per-capire-chi-siamo\/#breadcrumb"},"inLanguage":"it-IT","potentialAction":[{"@type":"ReadAction","target":["https:\/\/www.fondazionepirelli.org\/it\/cultura-dimpresa\/storia-sincronica-per-capire-chi-siamo\/"]}]},{"@type":"ImageObject","inLanguage":"it-IT","@id":"https:\/\/www.fondazionepirelli.org\/it\/cultura-dimpresa\/storia-sincronica-per-capire-chi-siamo\/#primaryimage","url":"https:\/\/wpsite-assets.fondazionepirelli.org\/wp-content\/uploads\/2022\/06\/28071711\/9788858148426-e1656397043106.jpg","contentUrl":"https:\/\/wpsite-assets.fondazionepirelli.org\/wp-content\/uploads\/2022\/06\/28071711\/9788858148426-e1656397043106.jpg","width":500,"height":750},{"@type":"BreadcrumbList","@id":"https:\/\/www.fondazionepirelli.org\/it\/cultura-dimpresa\/storia-sincronica-per-capire-chi-siamo\/#breadcrumb","itemListElement":[{"@type":"ListItem","position":1,"name":"Home","item":"https:\/\/www.fondazionepirelli.org\/it\/"},{"@type":"ListItem","position":2,"name":"Storia sincronica per capire chi siamo"}]},{"@type":"WebSite","@id":"https:\/\/www.fondazionepirelli.org\/it\/#website","url":"https:\/\/www.fondazionepirelli.org\/it\/","name":"Fondazione Pirelli","description":"","potentialAction":[{"@type":"SearchAction","target":{"@type":"EntryPoint","urlTemplate":"https:\/\/www.fondazionepirelli.org\/it\/?s={search_term_string}"},"query-input":{"@type":"PropertyValueSpecification","valueRequired":true,"valueName":"search_term_string"}}],"inLanguage":"it-IT"},{"@type":"Person","@id":"https:\/\/www.fondazionepirelli.org\/it\/#\/schema\/person\/c31fcf5937a0e6afa45497f3f8b6d7a0","name":"fondazionepirelli","image":{"@type":"ImageObject","inLanguage":"it-IT","@id":"https:\/\/www.fondazionepirelli.org\/it\/#\/schema\/person\/image\/","url":"https:\/\/secure.gravatar.com\/avatar\/9cb486421ce1d6eddbf6c4fb66841b4325b786695f7aedf1dde2222428218696?s=96&d=mm&r=g","contentUrl":"https:\/\/secure.gravatar.com\/avatar\/9cb486421ce1d6eddbf6c4fb66841b4325b786695f7aedf1dde2222428218696?s=96&d=mm&r=g","caption":"fondazionepirelli"},"url":"https:\/\/www.fondazionepirelli.org\/it\/author\/fondazionepirelli\/"}]}},"_links":{"self":[{"href":"https:\/\/www.fondazionepirelli.org\/it\/wp-json\/wp\/v2\/posts\/90051\/"}],"collection":[{"href":"https:\/\/www.fondazionepirelli.org\/it\/wp-json\/wp\/v2\/posts\/"}],"about":[{"href":"https:\/\/www.fondazionepirelli.org\/it\/wp-json\/wp\/v2\/types\/post\/"}],"author":[{"embeddable":true,"href":"https:\/\/www.fondazionepirelli.org\/it\/wp-json\/wp\/v2\/users\/9\/"}],"replies":[{"embeddable":true,"href":"https:\/\/www.fondazionepirelli.org\/it\/wp-json\/wp\/v2\/comments\/?post=90051"}],"version-history":[{"count":1,"href":"https:\/\/www.fondazionepirelli.org\/it\/wp-json\/wp\/v2\/posts\/90051\/revisions\/"}],"predecessor-version":[{"id":90052,"href":"https:\/\/www.fondazionepirelli.org\/it\/wp-json\/wp\/v2\/posts\/90051\/revisions\/90052\/"}],"wp:featuredmedia":[{"embeddable":true,"href":"https:\/\/www.fondazionepirelli.org\/it\/wp-json\/wp\/v2\/media\/90093\/"}],"wp:attachment":[{"href":"https:\/\/www.fondazionepirelli.org\/it\/wp-json\/wp\/v2\/media\/?parent=90051"}],"wp:term":[{"taxonomy":"category","embeddable":true,"href":"https:\/\/www.fondazionepirelli.org\/it\/wp-json\/wp\/v2\/categories\/?post=90051"},{"taxonomy":"post_tag","embeddable":true,"href":"https:\/\/www.fondazionepirelli.org\/it\/wp-json\/wp\/v2\/tags\/?post=90051"}],"curies":[{"name":"wp","href":"https:\/\/api.w.org\/{rel}","templated":true}]}}