{"id":90325,"date":"2022-07-12T08:57:49","date_gmt":"2022-07-12T07:57:49","guid":{"rendered":"https:\/\/www.fondazionepirelli.org\/?p=90325"},"modified":"2022-07-12T08:57:49","modified_gmt":"2022-07-12T07:57:49","slug":"sfide-globali-per-crescere-meglio","status":"publish","type":"post","link":"https:\/\/www.fondazionepirelli.org\/it\/cultura-dimpresa\/sfide-globali-per-crescere-meglio\/","title":{"rendered":"Sfide globali per crescere meglio"},"content":{"rendered":"<p><em>In un intervento di Banca d\u2019Italia la sintesi dei problemi da affrontare e delle strade da percorrere<\/em><\/p>\n<p><strong>\u00a0<\/strong><\/p>\n<p>Produrre e distribuire nell\u2019ambito di uno scenario complesso \u00e8 mutevole, nel quale, oltre ai vincoli economici consueti, occorre aver a che fare con gli effetti di cambiamenti di lungo periodo. \u00c8 quanto accade oggi (e non solo per le imprese ma, di fatto, per ogni componente di buona parte delle societ\u00e0 avanzate). Ed \u00e8 attorno a questo nodo di problemi che ragiona Piero Cipollone, vicedirettore di Banca d\u2019Italia, nel suo intervento \u201cTransizione energetica, finanza e clima: sfide e opportunit\u00e0\u201d.<\/p>\n<p>Cipollone inizia il suo ragionamento dal tema del cambiamento climatico e delle sue conseguenze sull\u2019economia e non solo. Ed \u00e8 dal cambiamento climatico che il vicedirettore di Banca d\u2019Italia arriva ad esaminare le politiche economiche adottate e quindi il ruolo delle banche centrali e della finanza alle prese con il difficile equilibrio tra efficienza ed efficacia economica e risposte alle esigenze di compatibilit\u00e0 con l\u2019ambiente.<\/p>\n<p>L\u2019intervento passa quindi ad esaminare le \u201csfide\u201d che il sistema economico e sociale si trova a dover sostenere. Prima di tutto l\u2019ampliamento degli strumenti della finanza sostenibile, poi quella dell\u2019affidabilit\u00e0 dei dati e quindi la necessit\u00e0 di dare risposte in tempi brevi ad una serie impellente di problemi. Cipollone, poi, insiste sulla necessit\u00e0 di curare anche la consapevolezza della situazione nella quale imprese e societ\u00e0 si trovano.<\/p>\n<p>Alla base di tutto, spiega Cipollone, la necessit\u00e0 di sviluppare una \u201cfinanza verde\u201d come espressione \u00a0matura di un modo diverso di intendere l\u2019economia e la cultura del produrre. Scrive Cipollone nelle sue conclusioni: \u201cLa finanza verde \u00e8 anche una sfida intellettuale, che\u00a0 richiede\u00a0 alle\u00a0 istituzioni\u00a0 finanziarie\u00a0 di\u00a0 aggiungere\u00a0 alle\u00a0 loro\u00a0 competenze\u00a0 tipiche nuove conoscenze e informazioni provenienti da altri campi scientifici\u201d. Ed \u00e8 proprio da questa apertura che deriva l\u2019interesse di quanto espresso nell\u2019indagine del vicedirettore di Banca d\u2019Italia oltre che naturalmente del tema affrontato. \u00c8 cio\u00e8 una nuova cultura del produrre, dell\u2019intendere le relazioni tra societ\u00e0 e imprese e tra politica, economia e societ\u00e0 quella che si delinea e che va accolta oltre che ragionata.<\/p><p><a href=\"https:\/\/wpsite-assets.fondazionepirelli.org\/wp-content\/uploads\/2022\/07\/11095833\/CIPOLLONE_21_giugno_2022.pdf\"><strong>Transizione energetica, finanza e clima: sfide e opportunit\u00e0<\/strong><\/a><\/p>\n<p>Piero Cipollone<\/p>\n<p>Banca d\u2019Italia, 21 giugno 2022<\/p>\n","protected":false},"excerpt":{"rendered":"<p>In un intervento di Banca d\u2019Italia la sintesi dei problemi da affrontare e delle strade da percorrere \u00a0 Produrre e distribuire nell\u2019ambito di uno scenario complesso \u00e8 mutevole, nel quale, oltre ai vincoli economici consueti, occorre aver a che fare con gli effetti di cambiamenti di lungo periodo. \u00c8 quanto accade oggi (e non solo [&hellip;]<\/p>\n","protected":false},"author":9,"featured_media":0,"comment_status":"open","ping_status":"open","sticky":false,"template":"","format":"standard","meta":{"footnotes":""},"categories":[54,52],"tags":[],"class_list":["post-90325","post","type-post","status-publish","format-standard","hentry","category-approfondimenti","category-cultura-dimpresa"],"acf":[],"yoast_head":"<!-- This site is optimized with the Yoast SEO plugin v25.0 - https:\/\/yoast.com\/wordpress\/plugins\/seo\/ -->\n<title>Sfide globali per crescere meglio - Fondazione Pirelli<\/title>\n<meta name=\"robots\" content=\"index, follow, max-snippet:-1, max-image-preview:large, max-video-preview:-1\" \/>\n<link rel=\"canonical\" href=\"https:\/\/www.fondazionepirelli.org\/it\/cultura-dimpresa\/sfide-globali-per-crescere-meglio\/\" \/>\n<meta property=\"og:locale\" content=\"it_IT\" \/>\n<meta property=\"og:type\" content=\"article\" \/>\n<meta property=\"og:title\" content=\"Sfide globali per crescere meglio - Fondazione Pirelli\" \/>\n<meta property=\"og:description\" content=\"In un intervento di Banca d\u2019Italia la sintesi dei problemi da affrontare e delle strade da percorrere \u00a0 Produrre e distribuire nell\u2019ambito di uno scenario complesso \u00e8 mutevole, nel quale, oltre ai vincoli economici consueti, occorre aver a che fare con gli effetti di cambiamenti di lungo periodo. \u00c8 quanto accade oggi (e non solo [&hellip;]\" \/>\n<meta property=\"og:url\" content=\"https:\/\/www.fondazionepirelli.org\/it\/cultura-dimpresa\/sfide-globali-per-crescere-meglio\/\" \/>\n<meta property=\"og:site_name\" content=\"Fondazione Pirelli\" \/>\n<meta property=\"article:published_time\" content=\"2022-07-12T07:57:49+00:00\" \/>\n<meta name=\"author\" content=\"fondazionepirelli\" \/>\n<meta name=\"twitter:card\" content=\"summary_large_image\" \/>\n<meta name=\"twitter:label1\" content=\"Scritto da\" \/>\n\t<meta name=\"twitter:data1\" content=\"fondazionepirelli\" \/>\n\t<meta name=\"twitter:label2\" content=\"Tempo di lettura stimato\" \/>\n\t<meta name=\"twitter:data2\" content=\"2 minuti\" \/>\n<script type=\"application\/ld+json\" class=\"yoast-schema-graph\">{\"@context\":\"https:\/\/schema.org\",\"@graph\":[{\"@type\":\"WebPage\",\"@id\":\"https:\/\/www.fondazionepirelli.org\/it\/cultura-dimpresa\/sfide-globali-per-crescere-meglio\/\",\"url\":\"https:\/\/www.fondazionepirelli.org\/it\/cultura-dimpresa\/sfide-globali-per-crescere-meglio\/\",\"name\":\"Sfide globali per crescere meglio - Fondazione Pirelli\",\"isPartOf\":{\"@id\":\"https:\/\/www.fondazionepirelli.org\/it\/#website\"},\"datePublished\":\"2022-07-12T07:57:49+00:00\",\"author\":{\"@id\":\"https:\/\/www.fondazionepirelli.org\/it\/#\/schema\/person\/c31fcf5937a0e6afa45497f3f8b6d7a0\"},\"breadcrumb\":{\"@id\":\"https:\/\/www.fondazionepirelli.org\/it\/cultura-dimpresa\/sfide-globali-per-crescere-meglio\/#breadcrumb\"},\"inLanguage\":\"it-IT\",\"potentialAction\":[{\"@type\":\"ReadAction\",\"target\":[\"https:\/\/www.fondazionepirelli.org\/it\/cultura-dimpresa\/sfide-globali-per-crescere-meglio\/\"]}]},{\"@type\":\"BreadcrumbList\",\"@id\":\"https:\/\/www.fondazionepirelli.org\/it\/cultura-dimpresa\/sfide-globali-per-crescere-meglio\/#breadcrumb\",\"itemListElement\":[{\"@type\":\"ListItem\",\"position\":1,\"name\":\"Home\",\"item\":\"https:\/\/www.fondazionepirelli.org\/it\/\"},{\"@type\":\"ListItem\",\"position\":2,\"name\":\"Sfide globali per crescere meglio\"}]},{\"@type\":\"WebSite\",\"@id\":\"https:\/\/www.fondazionepirelli.org\/it\/#website\",\"url\":\"https:\/\/www.fondazionepirelli.org\/it\/\",\"name\":\"Fondazione Pirelli\",\"description\":\"\",\"potentialAction\":[{\"@type\":\"SearchAction\",\"target\":{\"@type\":\"EntryPoint\",\"urlTemplate\":\"https:\/\/www.fondazionepirelli.org\/it\/?s={search_term_string}\"},\"query-input\":{\"@type\":\"PropertyValueSpecification\",\"valueRequired\":true,\"valueName\":\"search_term_string\"}}],\"inLanguage\":\"it-IT\"},{\"@type\":\"Person\",\"@id\":\"https:\/\/www.fondazionepirelli.org\/it\/#\/schema\/person\/c31fcf5937a0e6afa45497f3f8b6d7a0\",\"name\":\"fondazionepirelli\",\"image\":{\"@type\":\"ImageObject\",\"inLanguage\":\"it-IT\",\"@id\":\"https:\/\/www.fondazionepirelli.org\/it\/#\/schema\/person\/image\/\",\"url\":\"https:\/\/secure.gravatar.com\/avatar\/9cb486421ce1d6eddbf6c4fb66841b4325b786695f7aedf1dde2222428218696?s=96&d=mm&r=g\",\"contentUrl\":\"https:\/\/secure.gravatar.com\/avatar\/9cb486421ce1d6eddbf6c4fb66841b4325b786695f7aedf1dde2222428218696?s=96&d=mm&r=g\",\"caption\":\"fondazionepirelli\"},\"url\":\"https:\/\/www.fondazionepirelli.org\/it\/author\/fondazionepirelli\/\"}]}<\/script>\n<!-- \/ Yoast SEO plugin. -->","yoast_head_json":{"title":"Sfide globali per crescere meglio - Fondazione Pirelli","robots":{"index":"index","follow":"follow","max-snippet":"max-snippet:-1","max-image-preview":"max-image-preview:large","max-video-preview":"max-video-preview:-1"},"canonical":"https:\/\/www.fondazionepirelli.org\/it\/cultura-dimpresa\/sfide-globali-per-crescere-meglio\/","og_locale":"it_IT","og_type":"article","og_title":"Sfide globali per crescere meglio - Fondazione Pirelli","og_description":"In un intervento di Banca d\u2019Italia la sintesi dei problemi da affrontare e delle strade da percorrere \u00a0 Produrre e distribuire nell\u2019ambito di uno scenario complesso \u00e8 mutevole, nel quale, oltre ai vincoli economici consueti, occorre aver a che fare con gli effetti di cambiamenti di lungo periodo. \u00c8 quanto accade oggi (e non solo [&hellip;]","og_url":"https:\/\/www.fondazionepirelli.org\/it\/cultura-dimpresa\/sfide-globali-per-crescere-meglio\/","og_site_name":"Fondazione Pirelli","article_published_time":"2022-07-12T07:57:49+00:00","author":"fondazionepirelli","twitter_card":"summary_large_image","twitter_misc":{"Scritto da":"fondazionepirelli","Tempo di lettura stimato":"2 minuti"},"schema":{"@context":"https:\/\/schema.org","@graph":[{"@type":"WebPage","@id":"https:\/\/www.fondazionepirelli.org\/it\/cultura-dimpresa\/sfide-globali-per-crescere-meglio\/","url":"https:\/\/www.fondazionepirelli.org\/it\/cultura-dimpresa\/sfide-globali-per-crescere-meglio\/","name":"Sfide globali per crescere meglio - Fondazione Pirelli","isPartOf":{"@id":"https:\/\/www.fondazionepirelli.org\/it\/#website"},"datePublished":"2022-07-12T07:57:49+00:00","author":{"@id":"https:\/\/www.fondazionepirelli.org\/it\/#\/schema\/person\/c31fcf5937a0e6afa45497f3f8b6d7a0"},"breadcrumb":{"@id":"https:\/\/www.fondazionepirelli.org\/it\/cultura-dimpresa\/sfide-globali-per-crescere-meglio\/#breadcrumb"},"inLanguage":"it-IT","potentialAction":[{"@type":"ReadAction","target":["https:\/\/www.fondazionepirelli.org\/it\/cultura-dimpresa\/sfide-globali-per-crescere-meglio\/"]}]},{"@type":"BreadcrumbList","@id":"https:\/\/www.fondazionepirelli.org\/it\/cultura-dimpresa\/sfide-globali-per-crescere-meglio\/#breadcrumb","itemListElement":[{"@type":"ListItem","position":1,"name":"Home","item":"https:\/\/www.fondazionepirelli.org\/it\/"},{"@type":"ListItem","position":2,"name":"Sfide globali per crescere meglio"}]},{"@type":"WebSite","@id":"https:\/\/www.fondazionepirelli.org\/it\/#website","url":"https:\/\/www.fondazionepirelli.org\/it\/","name":"Fondazione Pirelli","description":"","potentialAction":[{"@type":"SearchAction","target":{"@type":"EntryPoint","urlTemplate":"https:\/\/www.fondazionepirelli.org\/it\/?s={search_term_string}"},"query-input":{"@type":"PropertyValueSpecification","valueRequired":true,"valueName":"search_term_string"}}],"inLanguage":"it-IT"},{"@type":"Person","@id":"https:\/\/www.fondazionepirelli.org\/it\/#\/schema\/person\/c31fcf5937a0e6afa45497f3f8b6d7a0","name":"fondazionepirelli","image":{"@type":"ImageObject","inLanguage":"it-IT","@id":"https:\/\/www.fondazionepirelli.org\/it\/#\/schema\/person\/image\/","url":"https:\/\/secure.gravatar.com\/avatar\/9cb486421ce1d6eddbf6c4fb66841b4325b786695f7aedf1dde2222428218696?s=96&d=mm&r=g","contentUrl":"https:\/\/secure.gravatar.com\/avatar\/9cb486421ce1d6eddbf6c4fb66841b4325b786695f7aedf1dde2222428218696?s=96&d=mm&r=g","caption":"fondazionepirelli"},"url":"https:\/\/www.fondazionepirelli.org\/it\/author\/fondazionepirelli\/"}]}},"_links":{"self":[{"href":"https:\/\/www.fondazionepirelli.org\/it\/wp-json\/wp\/v2\/posts\/90325\/"}],"collection":[{"href":"https:\/\/www.fondazionepirelli.org\/it\/wp-json\/wp\/v2\/posts\/"}],"about":[{"href":"https:\/\/www.fondazionepirelli.org\/it\/wp-json\/wp\/v2\/types\/post\/"}],"author":[{"embeddable":true,"href":"https:\/\/www.fondazionepirelli.org\/it\/wp-json\/wp\/v2\/users\/9\/"}],"replies":[{"embeddable":true,"href":"https:\/\/www.fondazionepirelli.org\/it\/wp-json\/wp\/v2\/comments\/?post=90325"}],"version-history":[{"count":1,"href":"https:\/\/www.fondazionepirelli.org\/it\/wp-json\/wp\/v2\/posts\/90325\/revisions\/"}],"predecessor-version":[{"id":90328,"href":"https:\/\/www.fondazionepirelli.org\/it\/wp-json\/wp\/v2\/posts\/90325\/revisions\/90328\/"}],"wp:attachment":[{"href":"https:\/\/www.fondazionepirelli.org\/it\/wp-json\/wp\/v2\/media\/?parent=90325"}],"wp:term":[{"taxonomy":"category","embeddable":true,"href":"https:\/\/www.fondazionepirelli.org\/it\/wp-json\/wp\/v2\/categories\/?post=90325"},{"taxonomy":"post_tag","embeddable":true,"href":"https:\/\/www.fondazionepirelli.org\/it\/wp-json\/wp\/v2\/tags\/?post=90325"}],"curies":[{"name":"wp","href":"https:\/\/api.w.org\/{rel}","templated":true}]}}