{"id":90343,"date":"2022-07-12T08:57:36","date_gmt":"2022-07-12T07:57:36","guid":{"rendered":"https:\/\/www.fondazionepirelli.org\/?p=90343"},"modified":"2022-07-12T08:57:36","modified_gmt":"2022-07-12T07:57:36","slug":"ecco-perche-fare-cultura-significa-un-buon-libro-e-unacciaieria-green","status":"publish","type":"post","link":"https:\/\/www.fondazionepirelli.org\/it\/cultura-dimpresa\/ecco-perche-fare-cultura-significa-un-buon-libro-e-unacciaieria-green\/","title":{"rendered":"Ecco perch\u00e9 fare cultura significa un buon libro e un\u2019acciaieria green"},"content":{"rendered":"<p>\u201cLa cultura non \u00e8 il superfluo, ma un elemento distintivo dell\u2019identit\u00e0 italiana\u201d. Sono parole del presidente della Repubblica Sergio Mattarella, nel suo discorso di insediamento al Quirinale. E sono state ricordate e ripetute la settimana scorsa, a Torino, durante gli <strong>Stati Generali della Cultura<\/strong> organizzati da \u201c<strong>Il Sole24Ore<\/strong>\u201d per ragionare con personalit\u00e0 delle istituzioni, delle imprese, delle strutture culturali e dell\u2019informazione, su come valorizzare il ricco patrimonio di conoscenze umanistiche e scientifiche del nostro Paese e farne leva di sviluppo sostenibile, ambientale e sociale.<\/p>\n<p>La nostra, infatti, \u00e8 una identit\u00e0 complessa, aperta, dialettica, frutto originale di sintesi tra componenti differenti e spesso contrastanti. Mediterranea e mitteleuropea. Fortemente segnata dalle radici greche e latine e comunque sensibile alle influenze di altri mondi. Conflittuale e inclusiva. Sensibile alla storia ma anche incline all\u2019innovazione. L\u2019avvenire della memoria ne \u00e8 un\u2019attitudine specifica, nella speranza che la memoria abbia un futuro (secondo l\u2019indimenticabile lezione di Leonardo Sciascia). La coniugazione tra senso della bellezza, creativit\u00e0, operosit\u00e0, intraprendenza e piacere per la qualit\u00e0 della vita \u00e8 la sua connotazione fondamentale.<\/p>\n<p>Sono temi forti, italiani ed europei, appunto. E sono per fortuna ricorrenti nel discorso pubblico (anche se purtroppo assai meno di quanto sarebbe necessario, nel contesto delle scelte politiche e di governo). Se ne \u00e8 discusso, appunto, agli Stati Generali di Torino, ma anche a Treia, bellissimo borgo marchigiano, per il Seminario annuale di <strong>Symbola<\/strong> concentrato sui temi della sostenibilit\u00e0 e in parecchi dei festival dedicati ai libri e alla cultura che, come ogni estate, affollano le agende di molte citt\u00e0 e localit\u00e0 turistiche un po\u2019 in tutta Italia.<\/p>\n<p><strong>Bellezza e cultura<\/strong>. Letteratura e scienza. Creativit\u00e0 artistica e conoscenze scientifiche. Consapevolezza delle radici (\u201cEssere stati \u00e8 condizione per essere\u201d, ci ha insegnato <strong>Fernand Braudel<\/strong>, uno dei massimi storici del Novecento) e sguardo lungimirante verso il cambiamento. \u201c<strong>Una storia al futuro<\/strong>\u201d, appunto, come indica il titolo essenziale del libro curato dalla Fondazione Pirelli, pubblicato da Marsilio e dedicato a raccontare i 150 anni di vita di una grande multinazionale italiana e le sue prospettive per il tempo che verr\u00e0 (con saggi e testimonianze, tra i tanti, di Ian McEwan, David Weinberger, Renzo Piano, Salvatore Accardo, Ernesto Ferrero, Monica Maggioni, Bruno Arpaia, Giuseppe Lupo, Maria Cristina Messa, Ferruccio Resta, Guido Saracco, etc.).<\/p>\n<p>Ecco il punto: <strong>il ruolo dell\u2019impresa<\/strong> come soggetto culturale, come attore creativo di cultura. L\u2019impresa mecenate, capace cio\u00e8 di farsi carico di investimenti per tutelare e valorizzare beni culturali, pubblici e privati. L\u2019impresa culturale, con competenze imprenditoriali e manageriali per la gestione di attivit\u00e0 culturali (musei, cinema, teatro, musica, arti figurative, editoria, etc.). E l\u2019impresa in generale, se cultura non \u00e8 solo un racconto, ma una formula chimica, la creazione di nuovi materiali, un processo produttivo, un nuovo prodotto o un servizio, un museo e un archivio storici d\u2019impresa come <em>asset <\/em>di competitivit\u00e0, un contratto di lavoro, una scelta originale di <em>governance, <\/em>la scoperta e l\u2019applicazione di nuovi linguaggi al marketing, alla pubblicit\u00e0, alla comunicazione.<\/p>\n<p>La cultura non come cosa, ma come un modo di fare le cose (lo testimoniava Angelo Guglielmi, intellettuale sofisticato e popolare, profondo innovatore della Tv).<\/p>\n<p>Cultura, per fare solo un esempio, \u00e8 anche la svolta sostenibile di un grande gruppo siderurgico come Arvedi, la prima<strong> acciaieria <\/strong><em><strong>green<\/strong> <\/em>al mondo, certificata a livello internazionale come <em>net zero emission<\/em>: \u201cUn emblema del successo, anche economico, che possono ottenere le aziende italiane che hanno un legame stretto con il proprio territorio e che hanno capito quanto sia strategico per il successo economico di un\u2019impresa puntare sul paradigma della sostenibilit\u00e0\u201d, sostiene Ermete Realacci, presidente di Symbola.<\/p>\n<p>Sostenibilit\u00e0 come scelta di produttivit\u00e0 e<strong> competitivit\u00e0<\/strong> su mercati globali sempre pi\u00f9 selettivi, come insieme di valori per produrre valore economico e responsabilit\u00e0 sociale. Buona cultura d\u2019impresa, appunto.<\/p>\n<p>E\u2019 indispensabile, infatti, una solida <strong>cultura politecnica<\/strong>, perch\u00e9 l\u2019Italia possa rifondare e rafforzare le basi del suo sviluppo, proprio in tempi di crisi radicali, di grandi mutazioni geopolitiche, di fratture industriali e sociali e di necessari cambi di paradigma economici e sociali, per fronteggiare la stagione dell\u2019incertezza e, andando oltre le fragilit\u00e0, costruire le condizioni per un\u2019economia pi\u00f9 giusta e solida, circolare e civile. Una cultura che ibrida i saperi umanistici e le conoscenze scientifiche. Un nuovo \u201cumanesimo industriale\u201d che, nelle evoluzioni verso l\u2019uso esteso dell\u2019Intelligenza Artificiale, si qualifica come \u201cumanesimo digitale\u201d.<\/p>\n<p>L\u2019impresa ne \u00e8 sempre al centro: <em>data driven<\/em> e cio\u00e8 guidata dall\u2019uso intelligente dei dati per la ricerca, la produzione, i servizi, la logistica, i rapporti con i mercati e i consumi, ha bisogno di algoritmi che siano scritti da ingegneri, neuroscienziati, statistici, filosofi, giuristi e, perch\u00e9 no? letterati che sappiano tenere insieme l\u2019efficienza dei risultati e la comprensione del senso e dei valori secondo cui muoversi. La matematica e l\u2019etica. La produttivit\u00e0 e l\u2019insieme degli effetti su cui l\u2019impresa fonda la sua originale legittimazione sociale. La sperimentazione. E il racconto. La sostenibilit\u00e0, appunto.<\/p>\n<p>Cos\u2019\u00e8 tutto questo se non cultura?<\/p>\n<p>La sfida che abbiamo dunque di fronte, come donne e uomini di cultura e d\u2019impresa, ma anche come cittadini\/spettatori\/amanti dell\u2019arte come espressione della bellezza non \u00e8 solo di imparare a convivere con l\u2019innovazione, ma soprattutto di essere parte attiva nella costruzione di nuovi meccanismi di partecipazione e fruizione delle attivit\u00e0 culturali, di stare dentro, con spirito sia critico che costruttivo, all\u2019individuazione di originali forme di cultura popolare: nuovi linguaggi, nuove modalit\u00e0 di costruzione dei processi culturali, nuovi rapporti tra memoria e tecnologie d\u2019avanguardia. Una nuova e migliore civilt\u00e0.<\/p>","protected":false},"excerpt":{"rendered":"<p>\u201cLa cultura non \u00e8 il superfluo, ma un elemento distintivo dell\u2019identit\u00e0 italiana\u201d. Sono parole del presidente della Repubblica Sergio Mattarella, nel suo discorso di insediamento al Quirinale. E sono state ricordate e ripetute la settimana scorsa, a Torino, durante gli Stati Generali della Cultura organizzati da \u201cIl Sole24Ore\u201d per ragionare con personalit\u00e0 delle istituzioni, delle [&hellip;]<\/p>\n","protected":false},"author":9,"featured_media":90347,"comment_status":"open","ping_status":"open","sticky":false,"template":"","format":"standard","meta":{"footnotes":""},"categories":[53,52],"tags":[],"class_list":["post-90343","post","type-post","status-publish","format-standard","has-post-thumbnail","hentry","category-blog","category-cultura-dimpresa"],"acf":[],"yoast_head":"<!-- This site is optimized with the Yoast SEO plugin v25.0 - https:\/\/yoast.com\/wordpress\/plugins\/seo\/ -->\n<title>Ecco perch\u00e9 fare cultura significa un buon libro e un\u2019acciaieria green - Fondazione Pirelli<\/title>\n<meta name=\"robots\" content=\"index, follow, max-snippet:-1, max-image-preview:large, max-video-preview:-1\" \/>\n<link rel=\"canonical\" href=\"https:\/\/www.fondazionepirelli.org\/it\/cultura-dimpresa\/ecco-perche-fare-cultura-significa-un-buon-libro-e-unacciaieria-green\/\" \/>\n<meta property=\"og:locale\" content=\"it_IT\" \/>\n<meta property=\"og:type\" content=\"article\" \/>\n<meta property=\"og:title\" content=\"Ecco perch\u00e9 fare cultura significa un buon libro e un\u2019acciaieria green - Fondazione Pirelli\" \/>\n<meta property=\"og:description\" content=\"\u201cLa cultura non \u00e8 il superfluo, ma un elemento distintivo dell\u2019identit\u00e0 italiana\u201d. Sono parole del presidente della Repubblica Sergio Mattarella, nel suo discorso di insediamento al Quirinale. E sono state ricordate e ripetute la settimana scorsa, a Torino, durante gli Stati Generali della Cultura organizzati da \u201cIl Sole24Ore\u201d per ragionare con personalit\u00e0 delle istituzioni, delle [&hellip;]\" \/>\n<meta property=\"og:url\" content=\"https:\/\/www.fondazionepirelli.org\/it\/cultura-dimpresa\/ecco-perche-fare-cultura-significa-un-buon-libro-e-unacciaieria-green\/\" \/>\n<meta property=\"og:site_name\" content=\"Fondazione Pirelli\" \/>\n<meta property=\"article:published_time\" content=\"2022-07-12T07:57:36+00:00\" \/>\n<meta property=\"og:image\" content=\"https:\/\/wpsite-assets.fondazionepirelli.org\/wp-content\/uploads\/2022\/07\/12085722\/GettyImages-1071657466.jpg\" \/>\n\t<meta property=\"og:image:width\" content=\"2121\" \/>\n\t<meta property=\"og:image:height\" content=\"1414\" \/>\n\t<meta property=\"og:image:type\" content=\"image\/jpeg\" \/>\n<meta name=\"author\" content=\"fondazionepirelli\" \/>\n<meta name=\"twitter:card\" content=\"summary_large_image\" \/>\n<meta name=\"twitter:label1\" content=\"Scritto da\" \/>\n\t<meta name=\"twitter:data1\" content=\"fondazionepirelli\" \/>\n\t<meta name=\"twitter:label2\" content=\"Tempo di lettura stimato\" \/>\n\t<meta name=\"twitter:data2\" content=\"5 minuti\" \/>\n<script type=\"application\/ld+json\" class=\"yoast-schema-graph\">{\"@context\":\"https:\/\/schema.org\",\"@graph\":[{\"@type\":\"WebPage\",\"@id\":\"https:\/\/www.fondazionepirelli.org\/it\/cultura-dimpresa\/ecco-perche-fare-cultura-significa-un-buon-libro-e-unacciaieria-green\/\",\"url\":\"https:\/\/www.fondazionepirelli.org\/it\/cultura-dimpresa\/ecco-perche-fare-cultura-significa-un-buon-libro-e-unacciaieria-green\/\",\"name\":\"Ecco perch\u00e9 fare cultura significa un buon libro e un\u2019acciaieria green - Fondazione Pirelli\",\"isPartOf\":{\"@id\":\"https:\/\/www.fondazionepirelli.org\/it\/#website\"},\"primaryImageOfPage\":{\"@id\":\"https:\/\/www.fondazionepirelli.org\/it\/cultura-dimpresa\/ecco-perche-fare-cultura-significa-un-buon-libro-e-unacciaieria-green\/#primaryimage\"},\"image\":{\"@id\":\"https:\/\/www.fondazionepirelli.org\/it\/cultura-dimpresa\/ecco-perche-fare-cultura-significa-un-buon-libro-e-unacciaieria-green\/#primaryimage\"},\"thumbnailUrl\":\"https:\/\/wpsite-assets.fondazionepirelli.org\/wp-content\/uploads\/2022\/07\/12085722\/GettyImages-1071657466.jpg\",\"datePublished\":\"2022-07-12T07:57:36+00:00\",\"author\":{\"@id\":\"https:\/\/www.fondazionepirelli.org\/it\/#\/schema\/person\/c31fcf5937a0e6afa45497f3f8b6d7a0\"},\"breadcrumb\":{\"@id\":\"https:\/\/www.fondazionepirelli.org\/it\/cultura-dimpresa\/ecco-perche-fare-cultura-significa-un-buon-libro-e-unacciaieria-green\/#breadcrumb\"},\"inLanguage\":\"it-IT\",\"potentialAction\":[{\"@type\":\"ReadAction\",\"target\":[\"https:\/\/www.fondazionepirelli.org\/it\/cultura-dimpresa\/ecco-perche-fare-cultura-significa-un-buon-libro-e-unacciaieria-green\/\"]}]},{\"@type\":\"ImageObject\",\"inLanguage\":\"it-IT\",\"@id\":\"https:\/\/www.fondazionepirelli.org\/it\/cultura-dimpresa\/ecco-perche-fare-cultura-significa-un-buon-libro-e-unacciaieria-green\/#primaryimage\",\"url\":\"https:\/\/wpsite-assets.fondazionepirelli.org\/wp-content\/uploads\/2022\/07\/12085722\/GettyImages-1071657466.jpg\",\"contentUrl\":\"https:\/\/wpsite-assets.fondazionepirelli.org\/wp-content\/uploads\/2022\/07\/12085722\/GettyImages-1071657466.jpg\",\"width\":2121,\"height\":1414,\"caption\":\"miniature woman looks at the infinity with the spyglass on a scale of books\"},{\"@type\":\"BreadcrumbList\",\"@id\":\"https:\/\/www.fondazionepirelli.org\/it\/cultura-dimpresa\/ecco-perche-fare-cultura-significa-un-buon-libro-e-unacciaieria-green\/#breadcrumb\",\"itemListElement\":[{\"@type\":\"ListItem\",\"position\":1,\"name\":\"Home\",\"item\":\"https:\/\/www.fondazionepirelli.org\/it\/\"},{\"@type\":\"ListItem\",\"position\":2,\"name\":\"Ecco perch\u00e9 fare cultura significa un buon libro e un\u2019acciaieria green\"}]},{\"@type\":\"WebSite\",\"@id\":\"https:\/\/www.fondazionepirelli.org\/it\/#website\",\"url\":\"https:\/\/www.fondazionepirelli.org\/it\/\",\"name\":\"Fondazione Pirelli\",\"description\":\"\",\"potentialAction\":[{\"@type\":\"SearchAction\",\"target\":{\"@type\":\"EntryPoint\",\"urlTemplate\":\"https:\/\/www.fondazionepirelli.org\/it\/?s={search_term_string}\"},\"query-input\":{\"@type\":\"PropertyValueSpecification\",\"valueRequired\":true,\"valueName\":\"search_term_string\"}}],\"inLanguage\":\"it-IT\"},{\"@type\":\"Person\",\"@id\":\"https:\/\/www.fondazionepirelli.org\/it\/#\/schema\/person\/c31fcf5937a0e6afa45497f3f8b6d7a0\",\"name\":\"fondazionepirelli\",\"image\":{\"@type\":\"ImageObject\",\"inLanguage\":\"it-IT\",\"@id\":\"https:\/\/www.fondazionepirelli.org\/it\/#\/schema\/person\/image\/\",\"url\":\"https:\/\/secure.gravatar.com\/avatar\/9cb486421ce1d6eddbf6c4fb66841b4325b786695f7aedf1dde2222428218696?s=96&d=mm&r=g\",\"contentUrl\":\"https:\/\/secure.gravatar.com\/avatar\/9cb486421ce1d6eddbf6c4fb66841b4325b786695f7aedf1dde2222428218696?s=96&d=mm&r=g\",\"caption\":\"fondazionepirelli\"},\"url\":\"https:\/\/www.fondazionepirelli.org\/it\/author\/fondazionepirelli\/\"}]}<\/script>\n<!-- \/ Yoast SEO plugin. -->","yoast_head_json":{"title":"Ecco perch\u00e9 fare cultura significa un buon libro e un\u2019acciaieria green - Fondazione Pirelli","robots":{"index":"index","follow":"follow","max-snippet":"max-snippet:-1","max-image-preview":"max-image-preview:large","max-video-preview":"max-video-preview:-1"},"canonical":"https:\/\/www.fondazionepirelli.org\/it\/cultura-dimpresa\/ecco-perche-fare-cultura-significa-un-buon-libro-e-unacciaieria-green\/","og_locale":"it_IT","og_type":"article","og_title":"Ecco perch\u00e9 fare cultura significa un buon libro e un\u2019acciaieria green - Fondazione Pirelli","og_description":"\u201cLa cultura non \u00e8 il superfluo, ma un elemento distintivo dell\u2019identit\u00e0 italiana\u201d. Sono parole del presidente della Repubblica Sergio Mattarella, nel suo discorso di insediamento al Quirinale. E sono state ricordate e ripetute la settimana scorsa, a Torino, durante gli Stati Generali della Cultura organizzati da \u201cIl Sole24Ore\u201d per ragionare con personalit\u00e0 delle istituzioni, delle [&hellip;]","og_url":"https:\/\/www.fondazionepirelli.org\/it\/cultura-dimpresa\/ecco-perche-fare-cultura-significa-un-buon-libro-e-unacciaieria-green\/","og_site_name":"Fondazione Pirelli","article_published_time":"2022-07-12T07:57:36+00:00","og_image":[{"width":2121,"height":1414,"url":"https:\/\/wpsite-assets.fondazionepirelli.org\/wp-content\/uploads\/2022\/07\/12085722\/GettyImages-1071657466.jpg","type":"image\/jpeg"}],"author":"fondazionepirelli","twitter_card":"summary_large_image","twitter_misc":{"Scritto da":"fondazionepirelli","Tempo di lettura stimato":"5 minuti"},"schema":{"@context":"https:\/\/schema.org","@graph":[{"@type":"WebPage","@id":"https:\/\/www.fondazionepirelli.org\/it\/cultura-dimpresa\/ecco-perche-fare-cultura-significa-un-buon-libro-e-unacciaieria-green\/","url":"https:\/\/www.fondazionepirelli.org\/it\/cultura-dimpresa\/ecco-perche-fare-cultura-significa-un-buon-libro-e-unacciaieria-green\/","name":"Ecco perch\u00e9 fare cultura significa un buon libro e un\u2019acciaieria green - Fondazione Pirelli","isPartOf":{"@id":"https:\/\/www.fondazionepirelli.org\/it\/#website"},"primaryImageOfPage":{"@id":"https:\/\/www.fondazionepirelli.org\/it\/cultura-dimpresa\/ecco-perche-fare-cultura-significa-un-buon-libro-e-unacciaieria-green\/#primaryimage"},"image":{"@id":"https:\/\/www.fondazionepirelli.org\/it\/cultura-dimpresa\/ecco-perche-fare-cultura-significa-un-buon-libro-e-unacciaieria-green\/#primaryimage"},"thumbnailUrl":"https:\/\/wpsite-assets.fondazionepirelli.org\/wp-content\/uploads\/2022\/07\/12085722\/GettyImages-1071657466.jpg","datePublished":"2022-07-12T07:57:36+00:00","author":{"@id":"https:\/\/www.fondazionepirelli.org\/it\/#\/schema\/person\/c31fcf5937a0e6afa45497f3f8b6d7a0"},"breadcrumb":{"@id":"https:\/\/www.fondazionepirelli.org\/it\/cultura-dimpresa\/ecco-perche-fare-cultura-significa-un-buon-libro-e-unacciaieria-green\/#breadcrumb"},"inLanguage":"it-IT","potentialAction":[{"@type":"ReadAction","target":["https:\/\/www.fondazionepirelli.org\/it\/cultura-dimpresa\/ecco-perche-fare-cultura-significa-un-buon-libro-e-unacciaieria-green\/"]}]},{"@type":"ImageObject","inLanguage":"it-IT","@id":"https:\/\/www.fondazionepirelli.org\/it\/cultura-dimpresa\/ecco-perche-fare-cultura-significa-un-buon-libro-e-unacciaieria-green\/#primaryimage","url":"https:\/\/wpsite-assets.fondazionepirelli.org\/wp-content\/uploads\/2022\/07\/12085722\/GettyImages-1071657466.jpg","contentUrl":"https:\/\/wpsite-assets.fondazionepirelli.org\/wp-content\/uploads\/2022\/07\/12085722\/GettyImages-1071657466.jpg","width":2121,"height":1414,"caption":"miniature woman looks at the infinity with the spyglass on a scale of books"},{"@type":"BreadcrumbList","@id":"https:\/\/www.fondazionepirelli.org\/it\/cultura-dimpresa\/ecco-perche-fare-cultura-significa-un-buon-libro-e-unacciaieria-green\/#breadcrumb","itemListElement":[{"@type":"ListItem","position":1,"name":"Home","item":"https:\/\/www.fondazionepirelli.org\/it\/"},{"@type":"ListItem","position":2,"name":"Ecco perch\u00e9 fare cultura significa un buon libro e un\u2019acciaieria green"}]},{"@type":"WebSite","@id":"https:\/\/www.fondazionepirelli.org\/it\/#website","url":"https:\/\/www.fondazionepirelli.org\/it\/","name":"Fondazione Pirelli","description":"","potentialAction":[{"@type":"SearchAction","target":{"@type":"EntryPoint","urlTemplate":"https:\/\/www.fondazionepirelli.org\/it\/?s={search_term_string}"},"query-input":{"@type":"PropertyValueSpecification","valueRequired":true,"valueName":"search_term_string"}}],"inLanguage":"it-IT"},{"@type":"Person","@id":"https:\/\/www.fondazionepirelli.org\/it\/#\/schema\/person\/c31fcf5937a0e6afa45497f3f8b6d7a0","name":"fondazionepirelli","image":{"@type":"ImageObject","inLanguage":"it-IT","@id":"https:\/\/www.fondazionepirelli.org\/it\/#\/schema\/person\/image\/","url":"https:\/\/secure.gravatar.com\/avatar\/9cb486421ce1d6eddbf6c4fb66841b4325b786695f7aedf1dde2222428218696?s=96&d=mm&r=g","contentUrl":"https:\/\/secure.gravatar.com\/avatar\/9cb486421ce1d6eddbf6c4fb66841b4325b786695f7aedf1dde2222428218696?s=96&d=mm&r=g","caption":"fondazionepirelli"},"url":"https:\/\/www.fondazionepirelli.org\/it\/author\/fondazionepirelli\/"}]}},"_links":{"self":[{"href":"https:\/\/www.fondazionepirelli.org\/it\/wp-json\/wp\/v2\/posts\/90343\/"}],"collection":[{"href":"https:\/\/www.fondazionepirelli.org\/it\/wp-json\/wp\/v2\/posts\/"}],"about":[{"href":"https:\/\/www.fondazionepirelli.org\/it\/wp-json\/wp\/v2\/types\/post\/"}],"author":[{"embeddable":true,"href":"https:\/\/www.fondazionepirelli.org\/it\/wp-json\/wp\/v2\/users\/9\/"}],"replies":[{"embeddable":true,"href":"https:\/\/www.fondazionepirelli.org\/it\/wp-json\/wp\/v2\/comments\/?post=90343"}],"version-history":[{"count":3,"href":"https:\/\/www.fondazionepirelli.org\/it\/wp-json\/wp\/v2\/posts\/90343\/revisions\/"}],"predecessor-version":[{"id":90346,"href":"https:\/\/www.fondazionepirelli.org\/it\/wp-json\/wp\/v2\/posts\/90343\/revisions\/90346\/"}],"wp:featuredmedia":[{"embeddable":true,"href":"https:\/\/www.fondazionepirelli.org\/it\/wp-json\/wp\/v2\/media\/90347\/"}],"wp:attachment":[{"href":"https:\/\/www.fondazionepirelli.org\/it\/wp-json\/wp\/v2\/media\/?parent=90343"}],"wp:term":[{"taxonomy":"category","embeddable":true,"href":"https:\/\/www.fondazionepirelli.org\/it\/wp-json\/wp\/v2\/categories\/?post=90343"},{"taxonomy":"post_tag","embeddable":true,"href":"https:\/\/www.fondazionepirelli.org\/it\/wp-json\/wp\/v2\/tags\/?post=90343"}],"curies":[{"name":"wp","href":"https:\/\/api.w.org\/{rel}","templated":true}]}}