{"id":90433,"date":"2022-07-19T07:20:36","date_gmt":"2022-07-19T06:20:36","guid":{"rendered":"https:\/\/www.fondazionepirelli.org\/?p=90433"},"modified":"2022-07-19T10:33:33","modified_gmt":"2022-07-19T09:33:33","slug":"la-difficolta-di-lavorare-in-modo-diverso","status":"publish","type":"post","link":"https:\/\/www.fondazionepirelli.org\/it\/cultura-dimpresa\/la-difficolta-di-lavorare-in-modo-diverso\/","title":{"rendered":"La difficolt\u00e0 di lavorare in modo diverso"},"content":{"rendered":"<p><em>Una ricerca appena pubblicata ragiona attorno alle piattaforme digitali di organizzazione del lavoro\u00a0 viste anche nei loro aspetti sociali<\/em><\/p><p>Digitalizzazione della produzione. E del lavoro dietro di questa. Non solo un mero passaggio tecnologico, ma qualcosa di pi\u00f9 complesso e profondo. Che va indagato per capirne meglio la portata e il futuro. Partendo dalla constatazione che qualsiasi tecnica ha, comunque e sempre, un fondamento sociale. E\u2019 da questo nodo di concetti che Marco Marrone (ricercatore in sociologia economica e del lavoro presso l\u2019universit\u00e0 del Salento), inizia la sua ricerca.<\/p>\n<p>\u201cLa piattaformizzazione dello spazio-tempo. Appunti per una teoria della relativit\u00e0 organizzativa\u201d, apparso da qualche settimana in <em>Labour and Law Issues<\/em>, rappresenta il tentativo di ragionare sistematicamente dal punto di vista sociale sulle diverse modalit\u00e0 di organizzazione del lavoro che, nel tempo, si sono susseguite nelle imprese. Marrone inizia per\u00f2 non dal passato ma dall&#8217;oggi ragionando sulle innovazioni organizzative introdotte dalle piattaforme digitali e \u201cagganciando\u201d la loro analisi all&#8217;evoluzione storica dell\u2019organizzazione del lavoro.<\/p>\n<p>\u201cDa questa prospettiva \u2013 scrive Marrone -, le piattaforme digitalizzate emergono non semplicemente come il risultato dei nuovi potenziali offerti dalle tecnologie digitali, ma come risultato di un processo sociale pi\u00f9 articolato e dinamico\u201d.<\/p>\n<p>L\u2019autore, quindi,\u00a0 traccia le evoluzioni dei vari modelli organizzativi che hanno avuto luogo nella sfera industriale (dal fordismo al capitalismo di rete, all&#8217;ascesa delle piattaforme digitali), mettendo in evidenza come queste trasformazioni rispondano a logiche sociali e politiche tutte con lo stesso obiettivo: \u201cIl controllo del lavoro\u201d. Secondo Marrone, le piattaforme digitali appaiono cos\u00ec come \u201cl&#8217;ultimo pezzo di queste trasformazioni, capaci di una rottura delle coordinate spazio\/temporali\u201d dei processi di produzione. In altri termini, per il ricercatore, oggi attraverso la digitalizzazione il lavoro risulta essere pi\u00f9 controllabile anche se pu\u00f2 essere dislocato in luoghi diversi da quelli tradizionali. Si delinea cos\u00ec una cultura del produrre radicalmente diversa dal passato che, tuttavia, non appare essere monolitica. \u201cLe piattaforme \u2013 scrive infatti Marrone -, non sembrano essere le uniche proprietarie del loro destino\u201d. Questa condizione si verifica sempre pi\u00f9 spesso in termini di \u201cmobilitazioni\u201d dei lavoratori che rivendicano autonomie e diritti. Realt\u00e0 che evidenziano quanto la digitalizzazione dell\u2019organizzazione del lavoro sia sottoposta a cambiamenti sia nella sostanza che nelle regole. La cultura dell\u2019organizzazione della produzione, quindi, continua ad essere quel risultato complesso di tecnica e umanit\u00e0 non esattamente determinabile e quindi assolutamente affascinante che caratterizza la vita delle imprese.<\/p><p><a href=\"https:\/\/wpsite-assets.fondazionepirelli.org\/wp-content\/uploads\/2022\/07\/18065936\/15101-Articolo-57610-2-10-20220704.pdf\"><strong>La piattaformizzazione dello spazio-tempo. Appunti per una teoria della relativit\u00e0 organizzativa<\/strong><\/a><\/p>\n<p>Marco Marrone Universit\u00e0 del Salento Ricercatore in Sociologia economica e del Lavoro<\/p>\n<p>Labour and Law Issues, vol. 8, n. 1, 2022<\/p>","protected":false},"excerpt":{"rendered":"<p>Una ricerca appena pubblicata ragiona attorno alle piattaforme digitali di organizzazione del lavoro\u00a0 viste anche nei loro aspetti socialiDigitalizzazione della produzione. E del lavoro dietro di questa. Non solo un mero passaggio tecnologico, ma qualcosa di pi\u00f9 complesso e profondo. Che va indagato per capirne meglio la portata e il futuro. Partendo dalla constatazione che [&hellip;]<\/p>\n","protected":false},"author":9,"featured_media":0,"comment_status":"open","ping_status":"open","sticky":false,"template":"","format":"standard","meta":{"footnotes":""},"categories":[54,52],"tags":[],"class_list":["post-90433","post","type-post","status-publish","format-standard","hentry","category-approfondimenti","category-cultura-dimpresa"],"acf":[],"yoast_head":"<!-- This site is optimized with the Yoast SEO plugin v25.0 - https:\/\/yoast.com\/wordpress\/plugins\/seo\/ -->\n<title>La difficolt\u00e0 di lavorare in modo diverso - Fondazione Pirelli<\/title>\n<meta name=\"robots\" content=\"index, follow, max-snippet:-1, max-image-preview:large, max-video-preview:-1\" \/>\n<link rel=\"canonical\" href=\"https:\/\/www.fondazionepirelli.org\/it\/cultura-dimpresa\/la-difficolta-di-lavorare-in-modo-diverso\/\" \/>\n<meta property=\"og:locale\" content=\"it_IT\" \/>\n<meta property=\"og:type\" content=\"article\" \/>\n<meta property=\"og:title\" content=\"La difficolt\u00e0 di lavorare in modo diverso - Fondazione Pirelli\" \/>\n<meta property=\"og:description\" content=\"Una ricerca appena pubblicata ragiona attorno alle piattaforme digitali di organizzazione del lavoro\u00a0 viste anche nei loro aspetti socialiDigitalizzazione della produzione. E del lavoro dietro di questa. Non solo un mero passaggio tecnologico, ma qualcosa di pi\u00f9 complesso e profondo. Che va indagato per capirne meglio la portata e il futuro. Partendo dalla constatazione che [&hellip;]\" \/>\n<meta property=\"og:url\" content=\"https:\/\/www.fondazionepirelli.org\/it\/cultura-dimpresa\/la-difficolta-di-lavorare-in-modo-diverso\/\" \/>\n<meta property=\"og:site_name\" content=\"Fondazione Pirelli\" \/>\n<meta property=\"article:published_time\" content=\"2022-07-19T06:20:36+00:00\" \/>\n<meta property=\"article:modified_time\" content=\"2022-07-19T09:33:33+00:00\" \/>\n<meta name=\"author\" content=\"fondazionepirelli\" \/>\n<meta name=\"twitter:card\" content=\"summary_large_image\" \/>\n<meta name=\"twitter:label1\" content=\"Scritto da\" \/>\n\t<meta name=\"twitter:data1\" content=\"fondazionepirelli\" \/>\n\t<meta name=\"twitter:label2\" content=\"Tempo di lettura stimato\" \/>\n\t<meta name=\"twitter:data2\" content=\"2 minuti\" \/>\n<script type=\"application\/ld+json\" class=\"yoast-schema-graph\">{\"@context\":\"https:\/\/schema.org\",\"@graph\":[{\"@type\":\"WebPage\",\"@id\":\"https:\/\/www.fondazionepirelli.org\/it\/cultura-dimpresa\/la-difficolta-di-lavorare-in-modo-diverso\/\",\"url\":\"https:\/\/www.fondazionepirelli.org\/it\/cultura-dimpresa\/la-difficolta-di-lavorare-in-modo-diverso\/\",\"name\":\"La difficolt\u00e0 di lavorare in modo diverso - Fondazione Pirelli\",\"isPartOf\":{\"@id\":\"https:\/\/www.fondazionepirelli.org\/it\/#website\"},\"datePublished\":\"2022-07-19T06:20:36+00:00\",\"dateModified\":\"2022-07-19T09:33:33+00:00\",\"author\":{\"@id\":\"https:\/\/www.fondazionepirelli.org\/it\/#\/schema\/person\/c31fcf5937a0e6afa45497f3f8b6d7a0\"},\"breadcrumb\":{\"@id\":\"https:\/\/www.fondazionepirelli.org\/it\/cultura-dimpresa\/la-difficolta-di-lavorare-in-modo-diverso\/#breadcrumb\"},\"inLanguage\":\"it-IT\",\"potentialAction\":[{\"@type\":\"ReadAction\",\"target\":[\"https:\/\/www.fondazionepirelli.org\/it\/cultura-dimpresa\/la-difficolta-di-lavorare-in-modo-diverso\/\"]}]},{\"@type\":\"BreadcrumbList\",\"@id\":\"https:\/\/www.fondazionepirelli.org\/it\/cultura-dimpresa\/la-difficolta-di-lavorare-in-modo-diverso\/#breadcrumb\",\"itemListElement\":[{\"@type\":\"ListItem\",\"position\":1,\"name\":\"Home\",\"item\":\"https:\/\/www.fondazionepirelli.org\/it\/\"},{\"@type\":\"ListItem\",\"position\":2,\"name\":\"La difficolt\u00e0 di lavorare in modo diverso\"}]},{\"@type\":\"WebSite\",\"@id\":\"https:\/\/www.fondazionepirelli.org\/it\/#website\",\"url\":\"https:\/\/www.fondazionepirelli.org\/it\/\",\"name\":\"Fondazione Pirelli\",\"description\":\"\",\"potentialAction\":[{\"@type\":\"SearchAction\",\"target\":{\"@type\":\"EntryPoint\",\"urlTemplate\":\"https:\/\/www.fondazionepirelli.org\/it\/?s={search_term_string}\"},\"query-input\":{\"@type\":\"PropertyValueSpecification\",\"valueRequired\":true,\"valueName\":\"search_term_string\"}}],\"inLanguage\":\"it-IT\"},{\"@type\":\"Person\",\"@id\":\"https:\/\/www.fondazionepirelli.org\/it\/#\/schema\/person\/c31fcf5937a0e6afa45497f3f8b6d7a0\",\"name\":\"fondazionepirelli\",\"image\":{\"@type\":\"ImageObject\",\"inLanguage\":\"it-IT\",\"@id\":\"https:\/\/www.fondazionepirelli.org\/it\/#\/schema\/person\/image\/\",\"url\":\"https:\/\/secure.gravatar.com\/avatar\/9cb486421ce1d6eddbf6c4fb66841b4325b786695f7aedf1dde2222428218696?s=96&d=mm&r=g\",\"contentUrl\":\"https:\/\/secure.gravatar.com\/avatar\/9cb486421ce1d6eddbf6c4fb66841b4325b786695f7aedf1dde2222428218696?s=96&d=mm&r=g\",\"caption\":\"fondazionepirelli\"},\"url\":\"https:\/\/www.fondazionepirelli.org\/it\/author\/fondazionepirelli\/\"}]}<\/script>\n<!-- \/ Yoast SEO plugin. -->","yoast_head_json":{"title":"La difficolt\u00e0 di lavorare in modo diverso - Fondazione Pirelli","robots":{"index":"index","follow":"follow","max-snippet":"max-snippet:-1","max-image-preview":"max-image-preview:large","max-video-preview":"max-video-preview:-1"},"canonical":"https:\/\/www.fondazionepirelli.org\/it\/cultura-dimpresa\/la-difficolta-di-lavorare-in-modo-diverso\/","og_locale":"it_IT","og_type":"article","og_title":"La difficolt\u00e0 di lavorare in modo diverso - Fondazione Pirelli","og_description":"Una ricerca appena pubblicata ragiona attorno alle piattaforme digitali di organizzazione del lavoro\u00a0 viste anche nei loro aspetti socialiDigitalizzazione della produzione. E del lavoro dietro di questa. Non solo un mero passaggio tecnologico, ma qualcosa di pi\u00f9 complesso e profondo. Che va indagato per capirne meglio la portata e il futuro. Partendo dalla constatazione che [&hellip;]","og_url":"https:\/\/www.fondazionepirelli.org\/it\/cultura-dimpresa\/la-difficolta-di-lavorare-in-modo-diverso\/","og_site_name":"Fondazione Pirelli","article_published_time":"2022-07-19T06:20:36+00:00","article_modified_time":"2022-07-19T09:33:33+00:00","author":"fondazionepirelli","twitter_card":"summary_large_image","twitter_misc":{"Scritto da":"fondazionepirelli","Tempo di lettura stimato":"2 minuti"},"schema":{"@context":"https:\/\/schema.org","@graph":[{"@type":"WebPage","@id":"https:\/\/www.fondazionepirelli.org\/it\/cultura-dimpresa\/la-difficolta-di-lavorare-in-modo-diverso\/","url":"https:\/\/www.fondazionepirelli.org\/it\/cultura-dimpresa\/la-difficolta-di-lavorare-in-modo-diverso\/","name":"La difficolt\u00e0 di lavorare in modo diverso - Fondazione Pirelli","isPartOf":{"@id":"https:\/\/www.fondazionepirelli.org\/it\/#website"},"datePublished":"2022-07-19T06:20:36+00:00","dateModified":"2022-07-19T09:33:33+00:00","author":{"@id":"https:\/\/www.fondazionepirelli.org\/it\/#\/schema\/person\/c31fcf5937a0e6afa45497f3f8b6d7a0"},"breadcrumb":{"@id":"https:\/\/www.fondazionepirelli.org\/it\/cultura-dimpresa\/la-difficolta-di-lavorare-in-modo-diverso\/#breadcrumb"},"inLanguage":"it-IT","potentialAction":[{"@type":"ReadAction","target":["https:\/\/www.fondazionepirelli.org\/it\/cultura-dimpresa\/la-difficolta-di-lavorare-in-modo-diverso\/"]}]},{"@type":"BreadcrumbList","@id":"https:\/\/www.fondazionepirelli.org\/it\/cultura-dimpresa\/la-difficolta-di-lavorare-in-modo-diverso\/#breadcrumb","itemListElement":[{"@type":"ListItem","position":1,"name":"Home","item":"https:\/\/www.fondazionepirelli.org\/it\/"},{"@type":"ListItem","position":2,"name":"La difficolt\u00e0 di lavorare in modo diverso"}]},{"@type":"WebSite","@id":"https:\/\/www.fondazionepirelli.org\/it\/#website","url":"https:\/\/www.fondazionepirelli.org\/it\/","name":"Fondazione Pirelli","description":"","potentialAction":[{"@type":"SearchAction","target":{"@type":"EntryPoint","urlTemplate":"https:\/\/www.fondazionepirelli.org\/it\/?s={search_term_string}"},"query-input":{"@type":"PropertyValueSpecification","valueRequired":true,"valueName":"search_term_string"}}],"inLanguage":"it-IT"},{"@type":"Person","@id":"https:\/\/www.fondazionepirelli.org\/it\/#\/schema\/person\/c31fcf5937a0e6afa45497f3f8b6d7a0","name":"fondazionepirelli","image":{"@type":"ImageObject","inLanguage":"it-IT","@id":"https:\/\/www.fondazionepirelli.org\/it\/#\/schema\/person\/image\/","url":"https:\/\/secure.gravatar.com\/avatar\/9cb486421ce1d6eddbf6c4fb66841b4325b786695f7aedf1dde2222428218696?s=96&d=mm&r=g","contentUrl":"https:\/\/secure.gravatar.com\/avatar\/9cb486421ce1d6eddbf6c4fb66841b4325b786695f7aedf1dde2222428218696?s=96&d=mm&r=g","caption":"fondazionepirelli"},"url":"https:\/\/www.fondazionepirelli.org\/it\/author\/fondazionepirelli\/"}]}},"_links":{"self":[{"href":"https:\/\/www.fondazionepirelli.org\/it\/wp-json\/wp\/v2\/posts\/90433\/"}],"collection":[{"href":"https:\/\/www.fondazionepirelli.org\/it\/wp-json\/wp\/v2\/posts\/"}],"about":[{"href":"https:\/\/www.fondazionepirelli.org\/it\/wp-json\/wp\/v2\/types\/post\/"}],"author":[{"embeddable":true,"href":"https:\/\/www.fondazionepirelli.org\/it\/wp-json\/wp\/v2\/users\/9\/"}],"replies":[{"embeddable":true,"href":"https:\/\/www.fondazionepirelli.org\/it\/wp-json\/wp\/v2\/comments\/?post=90433"}],"version-history":[{"count":2,"href":"https:\/\/www.fondazionepirelli.org\/it\/wp-json\/wp\/v2\/posts\/90433\/revisions\/"}],"predecessor-version":[{"id":90492,"href":"https:\/\/www.fondazionepirelli.org\/it\/wp-json\/wp\/v2\/posts\/90433\/revisions\/90492\/"}],"wp:attachment":[{"href":"https:\/\/www.fondazionepirelli.org\/it\/wp-json\/wp\/v2\/media\/?parent=90433"}],"wp:term":[{"taxonomy":"category","embeddable":true,"href":"https:\/\/www.fondazionepirelli.org\/it\/wp-json\/wp\/v2\/categories\/?post=90433"},{"taxonomy":"post_tag","embeddable":true,"href":"https:\/\/www.fondazionepirelli.org\/it\/wp-json\/wp\/v2\/tags\/?post=90433"}],"curies":[{"name":"wp","href":"https:\/\/api.w.org\/{rel}","templated":true}]}}