{"id":90437,"date":"2022-07-19T07:20:26","date_gmt":"2022-07-19T06:20:26","guid":{"rendered":"https:\/\/www.fondazionepirelli.org\/?p=90437"},"modified":"2022-07-19T10:56:48","modified_gmt":"2022-07-19T09:56:48","slug":"per-evitare-i-guasti-di-un-paese-senza-serve-insistere-sul-buon-governo-draghi","status":"publish","type":"post","link":"https:\/\/www.fondazionepirelli.org\/it\/cultura-dimpresa\/per-evitare-i-guasti-di-un-paese-senza-serve-insistere-sul-buon-governo-draghi\/","title":{"rendered":"Per evitare i guasti di un \u201cPaese senza\u2026\u201d serve insistere sul buon governo Draghi"},"content":{"rendered":"<p>\u201c<strong>Un Paese senza<\/strong>\u201d, aveva scritto <strong>Alberto Arbasino<\/strong>, nel <strong>1980<\/strong>, per Garzanti, cercando di fare i conti con i difficili anni Settanta, tra violenza politica (le bombe neofasciste, il terrorismo delle Brigate Rosse) e crisi sociale, fratture della vita democratica (il rapimento e l\u2019omicidio di Aldo Moro, per interrompere il dialogo Dc-Pci intenzionato a rinnovare profondamente la politica italiana) e smarrimenti culturali. Lo riscrisse dieci anni dopo, nel 1990, in condizioni di crisi aggravata, dopo la futilit\u00e0 di una stagione carica di promesse poi deluse (l\u2019avvio della modernizzazione benestante) e l\u2019emergere di nuove fratture (l\u2019irrisolto declino della politica, l\u2019esplosione del debito pubblico ai danni delle nuove generazioni). Un testo comunque lucido, critico, severo.<\/p>\n<p>\u201cUn Paese senza\u201d, dunque. E cio\u00e8 \u201cUn Paese senza memoria\/ Un Paese senza storia\/ Un Paese senza passato\/ Un Paese senza esperienza\/ Un Paese senza grandezza\/ Un Paese senza dignit\u00e0\/ Un Paese senza realt\u00e0\/ Un Paese senza motivazioni\/ Un Paese senza programmi\/ Un Paese senza progetti\/ Un Paese senza testa\/ Un Paese senza gambe\/ Un Paese senza conoscenze\/ Un Paese senza senso\/ Un Paese senza sapere\/ Un Paese senza sapersi vedere\/ Un Paese senza guardarsi\/ Un Paese senza capirsi\/ Un Paese senza avvenire?\u201d.<\/p>\n<p>Vale la pena, proprio in questi nostri giorni cos\u00ec difficili e controversi, rileggere quelle pagine di Arbasino, dense di sapida ironia e mirabile passione civile, per ragionare con consapevolezza di memoria e bisogno di fiducia nel futuro sul passaggio stretto che l\u2019attualit\u00e0 politica ci costringe ad affrontare: le nubi di crisi sul<strong> governo Draghi<\/strong>, proprio mentre l\u2019Italia, questo nostro comunque amato \u201cPaese senza\u201d, deve affrontare tensioni economiche e sociali ed emergenze climatiche, lampi di guerra nel cuore dell\u2019Europa e una transizione energetica che ha implicazioni geopolitiche e complessit\u00e0 ambientali.<\/p>\n<p>Le severe denunce civili sui limiti e le contraddizioni dell\u2019identit\u00e0 italiana sono parte essenziale della nostra storia letteraria, da Dante a Machiavelli e Guicciardini, da Leopardi a Manzoni e Carducci, da D\u2019Azeglio a Croce, da Gobetti a Gramsci. Eppure proprio quelle righe di Arbasino sul Paese \u201csenza programmi\u201d, \u201csenza conoscenze\u201d, \u201csenza guardarsi\u201d, \u201csenza capirsi\u201d fotografano con esattezza profetica il contesto di una certa presenza politica populista e sciatta che, \u201csenza sapere\u201d, si muove contro gli interessi e i valori generali degli italiani in nome di piccoli interessi di parte e di congrega, di volatili consensi, di miserie di potere.<\/p>\n<p>Finiremo per ritrovarci \u201c<strong>senza avvenire<\/strong>\u201d proprio mentre l\u2019Europa si prepara a ridiscutere le regole del Patto di stabilit\u00e0, abbiamo preso l\u2019impegno su 200 miliardi di fondi Ue da spendere bene per rinnovare e riformare il Paese e possiamo giocare un ruolo di primo piano nella ridefinizione degli equilibri geopolitici nel Mediterraneo e nel mondo? Il pericolo \u00e8 grave.<\/p>\n<p>La rottura della maggioranza che regge il governo Draghi, decisa dai Cinque Stelle capitanati da Conte ha determinato una drammatica torsione della situazione politica e portato il presidente del Consiglio all&#8217;annuncio delle dimissioni. Si vivono giorni carichi di preoccupazione. Il futuro immediato \u00e8 quanto mai incerto.<\/p>\n<p>Il Quirinale, punto di riferimento essenziale per tutti gli italiani che hanno a cuore il destino del Paese, lavora per la stabilit\u00e0 delle istituzioni e del Paese, perch\u00e9 prevalga il senso di responsabilit\u00e0.<\/p>\n<p>E proprio in momenti cos\u00ec duri, \u00e8 necessario dare peso e spazio agli appelli che vengono da tutto il mondo economico, dagli oltre 1500 sindaci delle grandi e piccole citt\u00e0, dalla Chiesa, da parecchi rettori delle principali universit\u00e0, da una lunga fila di personalit\u00e0 della cultura e della societ\u00e0 civile oltre che dalla Commissione UE di Bruxelles e dai governi nelle capitali dei paesi europei e negli Usa. Affinch\u00e9 il governo Draghi vada avanti si muove \u201cil partito del Pil\u201d (Confindustria in prima fila, con tutte le associazioni di territorio e di categoria). E un quotidiano battagliero come \u201cIl Foglio\u201d rispolvera in prima pagina, per la continuit\u00e0 di governo, quel \u201c<strong>Whatever it takes<\/strong>\u201d con cui Draghi, appunto, da presidente della BCE, salv\u00f2 l\u2019euro (e dunque la Ue e l\u2019Italia appesantita dal debito pubblico).<\/p>\n<p>\u201cMa \u00e8 l\u2019ora dei doveri\u201d, ha titolato in prima pagina, domenica, \u201cAvvenire\u201d, il quotidiano della CEI, la Conferenza Episcopale Italiana. E in quel \u201cMa\u201d c\u2019\u00e8 tutta la forza di una critica severa per chi cincischia in valutazioni partigiane, rancori personali, invidie, furbizie di propaganda, visioni politiche anguste. I \u201cdoveri\u201d sono quelli dell\u2019interesse generale. Cui il presidente della Repubblica Mattarella e il presidente del Consiglio Draghi hanno fatto e continuano, responsabilmente, a fare riferimento.<\/p>\n<p>L\u2019Italia e gli italiani, infatti, nonostante i limiti e i guasti del \u201cPaese senza\u201d, le inclinazioni clientelari e le scuse del \u201ctengo famiglia\u201d, sono migliori del ritratto negativo che, anche per loro complicit\u00e0, ne viene comunemente fatto. E meritano un migliore racconto di se stessi. Hanno affrontato la pandemia con grande spirito di solidariet\u00e0 e senso civico. Le imprese, gi\u00e0 dopo la Grande Crisi finanziaria del 2008, hanno investito, innovato, esportato, creato lavoro e benessere, tanto da garantire anche un eccellente \u201crimbalzo\u201d del Pil (il pi\u00f9 forte in Europa) dopo i mesi durissimi del lock down. Il \u201ccapitale sociale\u201d \u00e8 positivo. E pure sui temi della sostenibilit\u00e0, ambientale e sociale, il mondo economico si muove con maggiore impegno e migliore efficacia che nel resto dell\u2019Europa (lo testimonia il documento di Symbola su \u201cL\u2019Italia in dieci selfie\u201d, parlando di economia circolare, energia rinnovabile, qualit\u00e0 di prodotti e produzioni, relazioni virtuose tra imprese e territori). Con un\u2019autorevole conferma proprio nelle parole del presidente Mattarella: \u201cLa nostra economia \u00e8 pi\u00f9 forte quando ha alle spalle una rete robusta di solidariet\u00e0, un sistema di imprese coscienti della propria funzione sociale, un retroterra di legalit\u00e0, conoscenze diffuse, passioni civili\u201d.<\/p>\n<p>Oltre Arbasino, nelle riletture \u00e8 necessario tornare con la memoria pure alle parole di <strong>Eugenio Scalfari<\/strong>, maestro laico di buona informazione come stimolo indispensabile per una politica di qualit\u00e0: \u201cPer fortuna, c\u2019\u00e8 anche un Paese che cresce e nonostante tutto \u00e8 pi\u00f9 robusto dei pesi che si porta sulle spalle\u201d, aveva scritto nell&#8217;editoriale del primo numero de \u201cla Repubblica\u201d, il 14 gennaio del 1976. Una lezione che resta.<\/p>\n<p>Un \u201cPaese con\u201d, potremmo dunque dire, seguendo Scalfari e capovolgendo in speranza la lucidit\u00e0 critica di Arbasino.<\/p>\n<p>Ecco, proprio quest\u2019Italia merita fiducia. Una strategia di progresso e sviluppo, senza avventure. Una storia declinata al futuro.<\/p>\n<p>Un buon governo, dunque. \u201cWhatever it takes\u201d.<\/p><p>(photo by Massimo Di Vita\/Archivio Massimo Di Vita\/Mondadori Portfolio via Getty Images)<\/p>\n","protected":false},"excerpt":{"rendered":"<p>\u201cUn Paese senza\u201d, aveva scritto Alberto Arbasino, nel 1980, per Garzanti, cercando di fare i conti con i difficili anni Settanta, tra violenza politica (le bombe neofasciste, il terrorismo delle Brigate Rosse) e crisi sociale, fratture della vita democratica (il rapimento e l\u2019omicidio di Aldo Moro, per interrompere il dialogo Dc-Pci intenzionato a rinnovare profondamente [&hellip;]<\/p>\n","protected":false},"author":9,"featured_media":90445,"comment_status":"open","ping_status":"open","sticky":false,"template":"","format":"standard","meta":{"footnotes":""},"categories":[53,52],"tags":[],"class_list":["post-90437","post","type-post","status-publish","format-standard","has-post-thumbnail","hentry","category-blog","category-cultura-dimpresa"],"acf":[],"yoast_head":"<!-- This site is optimized with the Yoast SEO plugin v25.0 - https:\/\/yoast.com\/wordpress\/plugins\/seo\/ -->\n<title>Per evitare i guasti di un \u201cPaese senza\u2026\u201d serve insistere sul buon governo Draghi - Fondazione Pirelli<\/title>\n<meta name=\"robots\" content=\"index, follow, max-snippet:-1, max-image-preview:large, max-video-preview:-1\" \/>\n<link rel=\"canonical\" href=\"https:\/\/www.fondazionepirelli.org\/it\/cultura-dimpresa\/per-evitare-i-guasti-di-un-paese-senza-serve-insistere-sul-buon-governo-draghi\/\" \/>\n<meta property=\"og:locale\" content=\"it_IT\" \/>\n<meta property=\"og:type\" content=\"article\" \/>\n<meta property=\"og:title\" content=\"Per evitare i guasti di un \u201cPaese senza\u2026\u201d serve insistere sul buon governo Draghi - Fondazione Pirelli\" \/>\n<meta property=\"og:description\" content=\"\u201cUn Paese senza\u201d, aveva scritto Alberto Arbasino, nel 1980, per Garzanti, cercando di fare i conti con i difficili anni Settanta, tra violenza politica (le bombe neofasciste, il terrorismo delle Brigate Rosse) e crisi sociale, fratture della vita democratica (il rapimento e l\u2019omicidio di Aldo Moro, per interrompere il dialogo Dc-Pci intenzionato a rinnovare profondamente [&hellip;]\" \/>\n<meta property=\"og:url\" content=\"https:\/\/127.0.0.1\/it\/cultura-dimpresa\/per-evitare-i-guasti-di-un-paese-senza-serve-insistere-sul-buon-governo-draghi\/\" \/>\n<meta property=\"og:site_name\" content=\"Fondazione Pirelli\" \/>\n<meta property=\"article:published_time\" content=\"2022-07-19T06:20:26+00:00\" \/>\n<meta property=\"article:modified_time\" content=\"2022-07-19T09:56:48+00:00\" \/>\n<meta property=\"og:image\" content=\"https:\/\/wpsite-assets.fondazionepirelli.org\/wp-content\/uploads\/2022\/07\/18121238\/arbasino.jpg\" \/>\n\t<meta property=\"og:image:width\" content=\"1100\" \/>\n\t<meta property=\"og:image:height\" content=\"697\" \/>\n\t<meta property=\"og:image:type\" content=\"image\/jpeg\" \/>\n<meta name=\"author\" content=\"fondazionepirelli\" \/>\n<meta name=\"twitter:card\" content=\"summary_large_image\" \/>\n<meta name=\"twitter:label1\" content=\"Scritto da\" \/>\n\t<meta name=\"twitter:data1\" content=\"fondazionepirelli\" \/>\n\t<meta name=\"twitter:label2\" content=\"Tempo di lettura stimato\" \/>\n\t<meta name=\"twitter:data2\" content=\"5 minuti\" \/>\n<script type=\"application\/ld+json\" class=\"yoast-schema-graph\">{\"@context\":\"https:\/\/schema.org\",\"@graph\":[{\"@type\":\"WebPage\",\"@id\":\"https:\/\/127.0.0.1\/it\/cultura-dimpresa\/per-evitare-i-guasti-di-un-paese-senza-serve-insistere-sul-buon-governo-draghi\/\",\"url\":\"https:\/\/127.0.0.1\/it\/cultura-dimpresa\/per-evitare-i-guasti-di-un-paese-senza-serve-insistere-sul-buon-governo-draghi\/\",\"name\":\"Per evitare i guasti di un \u201cPaese senza\u2026\u201d serve insistere sul buon governo Draghi - Fondazione Pirelli\",\"isPartOf\":{\"@id\":\"https:\/\/www.fondazionepirelli.org\/it\/#website\"},\"primaryImageOfPage\":{\"@id\":\"https:\/\/127.0.0.1\/it\/cultura-dimpresa\/per-evitare-i-guasti-di-un-paese-senza-serve-insistere-sul-buon-governo-draghi\/#primaryimage\"},\"image\":{\"@id\":\"https:\/\/127.0.0.1\/it\/cultura-dimpresa\/per-evitare-i-guasti-di-un-paese-senza-serve-insistere-sul-buon-governo-draghi\/#primaryimage\"},\"thumbnailUrl\":\"https:\/\/wpsite-assets.fondazionepirelli.org\/wp-content\/uploads\/2022\/07\/18121238\/arbasino.jpg\",\"datePublished\":\"2022-07-19T06:20:26+00:00\",\"dateModified\":\"2022-07-19T09:56:48+00:00\",\"author\":{\"@id\":\"https:\/\/www.fondazionepirelli.org\/it\/#\/schema\/person\/c31fcf5937a0e6afa45497f3f8b6d7a0\"},\"breadcrumb\":{\"@id\":\"https:\/\/127.0.0.1\/it\/cultura-dimpresa\/per-evitare-i-guasti-di-un-paese-senza-serve-insistere-sul-buon-governo-draghi\/#breadcrumb\"},\"inLanguage\":\"it-IT\",\"potentialAction\":[{\"@type\":\"ReadAction\",\"target\":[\"https:\/\/127.0.0.1\/it\/cultura-dimpresa\/per-evitare-i-guasti-di-un-paese-senza-serve-insistere-sul-buon-governo-draghi\/\"]}]},{\"@type\":\"ImageObject\",\"inLanguage\":\"it-IT\",\"@id\":\"https:\/\/127.0.0.1\/it\/cultura-dimpresa\/per-evitare-i-guasti-di-un-paese-senza-serve-insistere-sul-buon-governo-draghi\/#primaryimage\",\"url\":\"https:\/\/wpsite-assets.fondazionepirelli.org\/wp-content\/uploads\/2022\/07\/18121238\/arbasino.jpg\",\"contentUrl\":\"https:\/\/wpsite-assets.fondazionepirelli.org\/wp-content\/uploads\/2022\/07\/18121238\/arbasino.jpg\",\"width\":1100,\"height\":697},{\"@type\":\"BreadcrumbList\",\"@id\":\"https:\/\/127.0.0.1\/it\/cultura-dimpresa\/per-evitare-i-guasti-di-un-paese-senza-serve-insistere-sul-buon-governo-draghi\/#breadcrumb\",\"itemListElement\":[{\"@type\":\"ListItem\",\"position\":1,\"name\":\"Home\",\"item\":\"https:\/\/www.fondazionepirelli.org\/it\/\"},{\"@type\":\"ListItem\",\"position\":2,\"name\":\"Per evitare i guasti di un \u201cPaese senza\u2026\u201d serve insistere sul buon governo Draghi\"}]},{\"@type\":\"WebSite\",\"@id\":\"https:\/\/www.fondazionepirelli.org\/it\/#website\",\"url\":\"https:\/\/www.fondazionepirelli.org\/it\/\",\"name\":\"Fondazione Pirelli\",\"description\":\"\",\"potentialAction\":[{\"@type\":\"SearchAction\",\"target\":{\"@type\":\"EntryPoint\",\"urlTemplate\":\"https:\/\/www.fondazionepirelli.org\/it\/?s={search_term_string}\"},\"query-input\":{\"@type\":\"PropertyValueSpecification\",\"valueRequired\":true,\"valueName\":\"search_term_string\"}}],\"inLanguage\":\"it-IT\"},{\"@type\":\"Person\",\"@id\":\"https:\/\/www.fondazionepirelli.org\/it\/#\/schema\/person\/c31fcf5937a0e6afa45497f3f8b6d7a0\",\"name\":\"fondazionepirelli\",\"image\":{\"@type\":\"ImageObject\",\"inLanguage\":\"it-IT\",\"@id\":\"https:\/\/www.fondazionepirelli.org\/it\/#\/schema\/person\/image\/\",\"url\":\"https:\/\/secure.gravatar.com\/avatar\/9cb486421ce1d6eddbf6c4fb66841b4325b786695f7aedf1dde2222428218696?s=96&d=mm&r=g\",\"contentUrl\":\"https:\/\/secure.gravatar.com\/avatar\/9cb486421ce1d6eddbf6c4fb66841b4325b786695f7aedf1dde2222428218696?s=96&d=mm&r=g\",\"caption\":\"fondazionepirelli\"},\"url\":\"https:\/\/www.fondazionepirelli.org\/it\/author\/fondazionepirelli\/\"}]}<\/script>\n<!-- \/ Yoast SEO plugin. -->","yoast_head_json":{"title":"Per evitare i guasti di un \u201cPaese senza\u2026\u201d serve insistere sul buon governo Draghi - Fondazione Pirelli","robots":{"index":"index","follow":"follow","max-snippet":"max-snippet:-1","max-image-preview":"max-image-preview:large","max-video-preview":"max-video-preview:-1"},"canonical":"https:\/\/www.fondazionepirelli.org\/it\/cultura-dimpresa\/per-evitare-i-guasti-di-un-paese-senza-serve-insistere-sul-buon-governo-draghi\/","og_locale":"it_IT","og_type":"article","og_title":"Per evitare i guasti di un \u201cPaese senza\u2026\u201d serve insistere sul buon governo Draghi - Fondazione Pirelli","og_description":"\u201cUn Paese senza\u201d, aveva scritto Alberto Arbasino, nel 1980, per Garzanti, cercando di fare i conti con i difficili anni Settanta, tra violenza politica (le bombe neofasciste, il terrorismo delle Brigate Rosse) e crisi sociale, fratture della vita democratica (il rapimento e l\u2019omicidio di Aldo Moro, per interrompere il dialogo Dc-Pci intenzionato a rinnovare profondamente [&hellip;]","og_url":"https:\/\/127.0.0.1\/it\/cultura-dimpresa\/per-evitare-i-guasti-di-un-paese-senza-serve-insistere-sul-buon-governo-draghi\/","og_site_name":"Fondazione Pirelli","article_published_time":"2022-07-19T06:20:26+00:00","article_modified_time":"2022-07-19T09:56:48+00:00","og_image":[{"width":1100,"height":697,"url":"https:\/\/wpsite-assets.fondazionepirelli.org\/wp-content\/uploads\/2022\/07\/18121238\/arbasino.jpg","type":"image\/jpeg"}],"author":"fondazionepirelli","twitter_card":"summary_large_image","twitter_misc":{"Scritto da":"fondazionepirelli","Tempo di lettura stimato":"5 minuti"},"schema":{"@context":"https:\/\/schema.org","@graph":[{"@type":"WebPage","@id":"https:\/\/127.0.0.1\/it\/cultura-dimpresa\/per-evitare-i-guasti-di-un-paese-senza-serve-insistere-sul-buon-governo-draghi\/","url":"https:\/\/127.0.0.1\/it\/cultura-dimpresa\/per-evitare-i-guasti-di-un-paese-senza-serve-insistere-sul-buon-governo-draghi\/","name":"Per evitare i guasti di un \u201cPaese senza\u2026\u201d serve insistere sul buon governo Draghi - Fondazione Pirelli","isPartOf":{"@id":"https:\/\/www.fondazionepirelli.org\/it\/#website"},"primaryImageOfPage":{"@id":"https:\/\/127.0.0.1\/it\/cultura-dimpresa\/per-evitare-i-guasti-di-un-paese-senza-serve-insistere-sul-buon-governo-draghi\/#primaryimage"},"image":{"@id":"https:\/\/127.0.0.1\/it\/cultura-dimpresa\/per-evitare-i-guasti-di-un-paese-senza-serve-insistere-sul-buon-governo-draghi\/#primaryimage"},"thumbnailUrl":"https:\/\/wpsite-assets.fondazionepirelli.org\/wp-content\/uploads\/2022\/07\/18121238\/arbasino.jpg","datePublished":"2022-07-19T06:20:26+00:00","dateModified":"2022-07-19T09:56:48+00:00","author":{"@id":"https:\/\/www.fondazionepirelli.org\/it\/#\/schema\/person\/c31fcf5937a0e6afa45497f3f8b6d7a0"},"breadcrumb":{"@id":"https:\/\/127.0.0.1\/it\/cultura-dimpresa\/per-evitare-i-guasti-di-un-paese-senza-serve-insistere-sul-buon-governo-draghi\/#breadcrumb"},"inLanguage":"it-IT","potentialAction":[{"@type":"ReadAction","target":["https:\/\/127.0.0.1\/it\/cultura-dimpresa\/per-evitare-i-guasti-di-un-paese-senza-serve-insistere-sul-buon-governo-draghi\/"]}]},{"@type":"ImageObject","inLanguage":"it-IT","@id":"https:\/\/127.0.0.1\/it\/cultura-dimpresa\/per-evitare-i-guasti-di-un-paese-senza-serve-insistere-sul-buon-governo-draghi\/#primaryimage","url":"https:\/\/wpsite-assets.fondazionepirelli.org\/wp-content\/uploads\/2022\/07\/18121238\/arbasino.jpg","contentUrl":"https:\/\/wpsite-assets.fondazionepirelli.org\/wp-content\/uploads\/2022\/07\/18121238\/arbasino.jpg","width":1100,"height":697},{"@type":"BreadcrumbList","@id":"https:\/\/127.0.0.1\/it\/cultura-dimpresa\/per-evitare-i-guasti-di-un-paese-senza-serve-insistere-sul-buon-governo-draghi\/#breadcrumb","itemListElement":[{"@type":"ListItem","position":1,"name":"Home","item":"https:\/\/www.fondazionepirelli.org\/it\/"},{"@type":"ListItem","position":2,"name":"Per evitare i guasti di un \u201cPaese senza\u2026\u201d serve insistere sul buon governo Draghi"}]},{"@type":"WebSite","@id":"https:\/\/www.fondazionepirelli.org\/it\/#website","url":"https:\/\/www.fondazionepirelli.org\/it\/","name":"Fondazione Pirelli","description":"","potentialAction":[{"@type":"SearchAction","target":{"@type":"EntryPoint","urlTemplate":"https:\/\/www.fondazionepirelli.org\/it\/?s={search_term_string}"},"query-input":{"@type":"PropertyValueSpecification","valueRequired":true,"valueName":"search_term_string"}}],"inLanguage":"it-IT"},{"@type":"Person","@id":"https:\/\/www.fondazionepirelli.org\/it\/#\/schema\/person\/c31fcf5937a0e6afa45497f3f8b6d7a0","name":"fondazionepirelli","image":{"@type":"ImageObject","inLanguage":"it-IT","@id":"https:\/\/www.fondazionepirelli.org\/it\/#\/schema\/person\/image\/","url":"https:\/\/secure.gravatar.com\/avatar\/9cb486421ce1d6eddbf6c4fb66841b4325b786695f7aedf1dde2222428218696?s=96&d=mm&r=g","contentUrl":"https:\/\/secure.gravatar.com\/avatar\/9cb486421ce1d6eddbf6c4fb66841b4325b786695f7aedf1dde2222428218696?s=96&d=mm&r=g","caption":"fondazionepirelli"},"url":"https:\/\/www.fondazionepirelli.org\/it\/author\/fondazionepirelli\/"}]}},"_links":{"self":[{"href":"https:\/\/www.fondazionepirelli.org\/it\/wp-json\/wp\/v2\/posts\/90437\/"}],"collection":[{"href":"https:\/\/www.fondazionepirelli.org\/it\/wp-json\/wp\/v2\/posts\/"}],"about":[{"href":"https:\/\/www.fondazionepirelli.org\/it\/wp-json\/wp\/v2\/types\/post\/"}],"author":[{"embeddable":true,"href":"https:\/\/www.fondazionepirelli.org\/it\/wp-json\/wp\/v2\/users\/9\/"}],"replies":[{"embeddable":true,"href":"https:\/\/www.fondazionepirelli.org\/it\/wp-json\/wp\/v2\/comments\/?post=90437"}],"version-history":[{"count":12,"href":"https:\/\/www.fondazionepirelli.org\/it\/wp-json\/wp\/v2\/posts\/90437\/revisions\/"}],"predecessor-version":[{"id":90495,"href":"https:\/\/www.fondazionepirelli.org\/it\/wp-json\/wp\/v2\/posts\/90437\/revisions\/90495\/"}],"wp:featuredmedia":[{"embeddable":true,"href":"https:\/\/www.fondazionepirelli.org\/it\/wp-json\/wp\/v2\/media\/90445\/"}],"wp:attachment":[{"href":"https:\/\/www.fondazionepirelli.org\/it\/wp-json\/wp\/v2\/media\/?parent=90437"}],"wp:term":[{"taxonomy":"category","embeddable":true,"href":"https:\/\/www.fondazionepirelli.org\/it\/wp-json\/wp\/v2\/categories\/?post=90437"},{"taxonomy":"post_tag","embeddable":true,"href":"https:\/\/www.fondazionepirelli.org\/it\/wp-json\/wp\/v2\/tags\/?post=90437"}],"curies":[{"name":"wp","href":"https:\/\/api.w.org\/{rel}","templated":true}]}}