{"id":90884,"date":"2022-07-26T07:40:06","date_gmt":"2022-07-26T06:40:06","guid":{"rendered":"https:\/\/www.fondazionepirelli.org\/?p=90884"},"modified":"2022-07-26T07:40:06","modified_gmt":"2022-07-26T06:40:06","slug":"ecco-la-riforma-per-gli-its-formazione-high-tech-per-lavoro-ai-giovani-e-competitivita-delle-imprese","status":"publish","type":"post","link":"https:\/\/www.fondazionepirelli.org\/it\/cultura-dimpresa\/ecco-la-riforma-per-gli-its-formazione-high-tech-per-lavoro-ai-giovani-e-competitivita-delle-imprese\/","title":{"rendered":"Ecco la riforma per gli Its: formazione high tech per lavoro ai giovani e competitivit\u00e0 delle imprese"},"content":{"rendered":"<p>Tra le eredit\u00e0 pi\u00f9 significative del <strong>governo Draghi<\/strong> c\u2019\u00e8 la riforma degli Its, gli <strong>Istituti Tecnologi Superiori,<\/strong> strutture formative indispensabili per venire incontro alle esigenze di lavoro qualificato delle imprese nel mondo della <em>digital economy<\/em>. La legge \u00e8 stata definitivamente approvata a met\u00e0 luglio dalla Camera dei deputati, all\u2019unanimit\u00e0. Adesso, per essere compiutamente operativa, ha bisogno di 19 provvedimenti di attuazione, tra cui 17 decreti, con il concorso di pi\u00f9 ministeri e delle regioni. E la speranza \u00e8 che l\u2019inopportuna crisi di governo e le tensioni di una campagna elettorale tanto breve quanto carica di polemiche e scontri non rallenti scelte politiche e amministrative indispensabili per dare risposte di lavoro e carriera a migliaia di ragazze e ragazzi e garantire alle imprese, proprio in una situazione economica cos\u00ec difficile, a un passo dalla recessione, competenze indispensabili a reggere la concorrenza, stare sul mercato, crescere.<\/p>\n<p>Il ministro dell\u2019Istruzione Patrizio Bianchi e i tecnici del ministero, la ministra degli Affari regionali Mariastella Gelmini e i responsabili della Conferenza delle Regioni sono al lavoro per evitare blocchi. Varr\u00e0 la pena seguirne il lavoro e sostenerne la tempestiva attivit\u00e0.<\/p>\n<p>La legge, dunque. I finanziamenti pubblici (con un fondo apposito da <strong>48,3 milioni<\/strong> a partire dal 2022 e con i fondi del Pnrr, 1,5 miliardi in cinque anni) saranno legati a una programmazione triennale, per dare stabilit\u00e0 all\u2019offerta formativa e premieranno la qualit\u00e0 dei percorsi (niente finanziamenti a pioggia, dunque, tanto cari a una deriva egualitarista che da troppo tempo deprime l\u2019istruzione).<\/p>\n<p>Le aziende saranno il cardine degli <strong>Its Academy<\/strong> (fin dal nome, Academy appunto, che richiama le strutture formative d\u2019impresa), con docenti che vengono dal mondo per lavoro \u201cper almeno il 60% del monte ore complessivo\u201d. Stage e tirocini aziendali dovranno rappresentare \u201calmeno il 35%\u201d del percorso di formazione e potranno essere svolti anche all\u2019estero, con borse di studio. La presidenza di ognuna delle Fondazioni Its sar\u00e0 espressione delle imprese fondatrici e partecipanti. E per le imprese che investono negli Its \u00e8 previsto un credito d\u2019imposta del 30%, che sale al 60% nelle province con maggior tasso di disoccupazione.<\/p>\n<p>La legge apre anche agli Its multi-regionali e multi-settoriali, seguendo cos\u00ec le tendenze del mondo produttivo a organizzarsi per reti e filiere che investono territori e specializzazioni diverse e convergenti. E adesso bisogner\u00e0 (con i provvedimenti di attuazione) definire anche le nuove aree tecnologiche di formazione (ferme sinora al 2008) secondo le pi\u00f9 aggiornate dimensioni produttive della chimica e della meccatronica, delle scienze della vita, della cybersecurity, delle tante applicazioni dell\u2019Intelligenza Artificiale, etc.<\/p>\n<p>E\u2019 \u201cun rilancio decisivo per agganciare innovazione e ripresa\u201d, commenta <strong>Giovanni Brugnol<\/strong>i, vicepresidente di Confindustria per il Capitale Umano, imprenditore tessile nella dinamica area industriale di Varese, anni di impegno dedicati appunto a promuovere la formazione professionale di alto livello (compresi i corsi della Liuc, la Libera Universit\u00e0 di Castellanza). E \u201cfinalmente, dal boom economico degli anni Cinquanta e Sessanta, le imprese tornano centrali come luoghi di formazione per i nostri giovani, co-progettando i percorsi di specializzazione e fornendo i propri esperti come tutor\u201d (Il Sole24Ore, 13 luglio).<\/p>\n<p>La previsione \u00e8 che si cresca rapidamente, dagli attuali 121 Its con 21mila studenti a dimensioni molto pi\u00f9 corpose. Dando risposte sia al mondo economico che agli studenti e alle loro famiglie: in media, l\u201980% delle ragazze e dei ragazzi che escono da un Its trovano lavoro nell\u2019arco di un anno (con punte del 100% nei territori di maggiore e pi\u00f9 sofisticata industrializzazione) e nel 91% dei casi proprio nel loro settore di specializzazione.<\/p>\n<p>C\u2019\u00e8 ancora un altro aspetto della riforma, da sottolineare: \u201cLa formula flessibile degli Its, capace di continui adattamenti: se tra quattro anni, per esempio, cambia l\u2019industria, allora si aggiornano rapidamente i percorsi e si iniziano subito a formare le nuove competenze necessarie\u201d, spiega Brugnoli.<\/p>\n<p>Ecco il punto chiave della riforma: perch\u00e9 l\u2019industria manifatturiera italiana possa continuare a competere in mercati sempre pi\u00f9 esigenti, anche nella stagione della \u201criglobalizzazione selettiva\u201d (\u201cReinventing globalisation\u201d, ha titolato in copertina \u201cThe Economist\u201d del 18 giugno), sono indispensabili risorse umane in grado di essere a proprio agio con le trasformazioni tecnologiche, ibridando conoscenze e competenze diverse. Serve dunque una formazione high tech capace di aggiornamento e miglioramento continui (\u201cImparare a imparare\u201d, dicono gli esperti) su una base tecnologica e scientifica di livello e con un rapporto stretto con i processi di lavoro.<\/p>\n<p>Gli Its e i corsi Stem delle universit\u00e0 (<em>science<\/em>, <em>technology<\/em>, <em>engineering<\/em>, <em>mathematics<\/em>, cui andrebbe aggiunta la <em>a <\/em>di <em>arts<\/em>, i saperi umanistici, diventando cos\u00ec Steam) sono gli strumenti indispensabili. Come indica, peraltro, il Pnrr, secondo le prescrizioni del Recovery Fund Next Generation Eu. Un punto fermo delle possibilit\u00e0 di sviluppo. Da difendere e tradurre severamente in investimenti e riforme, anche e soprattutto in questi durissimi tempi di crisi.<\/p><p>(foto Getty images)<\/p>\n","protected":false},"excerpt":{"rendered":"<p>Tra le eredit\u00e0 pi\u00f9 significative del governo Draghi c\u2019\u00e8 la riforma degli Its, gli Istituti Tecnologi Superiori, strutture formative indispensabili per venire incontro alle esigenze di lavoro qualificato delle imprese nel mondo della digital economy. La legge \u00e8 stata definitivamente approvata a met\u00e0 luglio dalla Camera dei deputati, all\u2019unanimit\u00e0. Adesso, per essere compiutamente operativa, ha [&hellip;]<\/p>\n","protected":false},"author":9,"featured_media":90887,"comment_status":"open","ping_status":"open","sticky":false,"template":"","format":"standard","meta":{"footnotes":""},"categories":[53,52],"tags":[],"class_list":["post-90884","post","type-post","status-publish","format-standard","has-post-thumbnail","hentry","category-blog","category-cultura-dimpresa"],"acf":[],"yoast_head":"<!-- This site is optimized with the Yoast SEO plugin v25.0 - https:\/\/yoast.com\/wordpress\/plugins\/seo\/ -->\n<title>Ecco la riforma per gli Its: formazione high tech per lavoro ai giovani e competitivit\u00e0 delle imprese - Fondazione Pirelli<\/title>\n<meta name=\"robots\" content=\"index, follow, max-snippet:-1, max-image-preview:large, max-video-preview:-1\" \/>\n<link rel=\"canonical\" href=\"https:\/\/www.fondazionepirelli.org\/it\/cultura-dimpresa\/ecco-la-riforma-per-gli-its-formazione-high-tech-per-lavoro-ai-giovani-e-competitivita-delle-imprese\/\" \/>\n<meta property=\"og:locale\" content=\"it_IT\" \/>\n<meta property=\"og:type\" content=\"article\" \/>\n<meta property=\"og:title\" content=\"Ecco la riforma per gli Its: formazione high tech per lavoro ai giovani e competitivit\u00e0 delle imprese - Fondazione Pirelli\" \/>\n<meta property=\"og:description\" content=\"Tra le eredit\u00e0 pi\u00f9 significative del governo Draghi c\u2019\u00e8 la riforma degli Its, gli Istituti Tecnologi Superiori, strutture formative indispensabili per venire incontro alle esigenze di lavoro qualificato delle imprese nel mondo della digital economy. La legge \u00e8 stata definitivamente approvata a met\u00e0 luglio dalla Camera dei deputati, all\u2019unanimit\u00e0. Adesso, per essere compiutamente operativa, ha [&hellip;]\" \/>\n<meta property=\"og:url\" content=\"https:\/\/127.0.0.1\/it\/cultura-dimpresa\/ecco-la-riforma-per-gli-its-formazione-high-tech-per-lavoro-ai-giovani-e-competitivita-delle-imprese\/\" \/>\n<meta property=\"og:site_name\" content=\"Fondazione Pirelli\" \/>\n<meta property=\"article:published_time\" content=\"2022-07-26T06:40:06+00:00\" \/>\n<meta property=\"og:image\" content=\"https:\/\/wpsite-assets.fondazionepirelli.org\/wp-content\/uploads\/2022\/07\/26073941\/GettyImages-1213441993-1.jpg\" \/>\n\t<meta property=\"og:image:width\" content=\"7360\" \/>\n\t<meta property=\"og:image:height\" content=\"4912\" \/>\n\t<meta property=\"og:image:type\" content=\"image\/jpeg\" \/>\n<meta name=\"author\" content=\"fondazionepirelli\" \/>\n<meta name=\"twitter:card\" content=\"summary_large_image\" \/>\n<meta name=\"twitter:label1\" content=\"Scritto da\" \/>\n\t<meta name=\"twitter:data1\" content=\"fondazionepirelli\" \/>\n\t<meta name=\"twitter:label2\" content=\"Tempo di lettura stimato\" \/>\n\t<meta name=\"twitter:data2\" content=\"4 minuti\" \/>\n<script type=\"application\/ld+json\" class=\"yoast-schema-graph\">{\"@context\":\"https:\/\/schema.org\",\"@graph\":[{\"@type\":\"WebPage\",\"@id\":\"https:\/\/127.0.0.1\/it\/cultura-dimpresa\/ecco-la-riforma-per-gli-its-formazione-high-tech-per-lavoro-ai-giovani-e-competitivita-delle-imprese\/\",\"url\":\"https:\/\/127.0.0.1\/it\/cultura-dimpresa\/ecco-la-riforma-per-gli-its-formazione-high-tech-per-lavoro-ai-giovani-e-competitivita-delle-imprese\/\",\"name\":\"Ecco la riforma per gli Its: formazione high tech per lavoro ai giovani e competitivit\u00e0 delle imprese - Fondazione Pirelli\",\"isPartOf\":{\"@id\":\"https:\/\/www.fondazionepirelli.org\/it\/#website\"},\"primaryImageOfPage\":{\"@id\":\"https:\/\/127.0.0.1\/it\/cultura-dimpresa\/ecco-la-riforma-per-gli-its-formazione-high-tech-per-lavoro-ai-giovani-e-competitivita-delle-imprese\/#primaryimage\"},\"image\":{\"@id\":\"https:\/\/127.0.0.1\/it\/cultura-dimpresa\/ecco-la-riforma-per-gli-its-formazione-high-tech-per-lavoro-ai-giovani-e-competitivita-delle-imprese\/#primaryimage\"},\"thumbnailUrl\":\"https:\/\/wpsite-assets.fondazionepirelli.org\/wp-content\/uploads\/2022\/07\/26073941\/GettyImages-1213441993-1.jpg\",\"datePublished\":\"2022-07-26T06:40:06+00:00\",\"author\":{\"@id\":\"https:\/\/www.fondazionepirelli.org\/it\/#\/schema\/person\/c31fcf5937a0e6afa45497f3f8b6d7a0\"},\"breadcrumb\":{\"@id\":\"https:\/\/127.0.0.1\/it\/cultura-dimpresa\/ecco-la-riforma-per-gli-its-formazione-high-tech-per-lavoro-ai-giovani-e-competitivita-delle-imprese\/#breadcrumb\"},\"inLanguage\":\"it-IT\",\"potentialAction\":[{\"@type\":\"ReadAction\",\"target\":[\"https:\/\/127.0.0.1\/it\/cultura-dimpresa\/ecco-la-riforma-per-gli-its-formazione-high-tech-per-lavoro-ai-giovani-e-competitivita-delle-imprese\/\"]}]},{\"@type\":\"ImageObject\",\"inLanguage\":\"it-IT\",\"@id\":\"https:\/\/127.0.0.1\/it\/cultura-dimpresa\/ecco-la-riforma-per-gli-its-formazione-high-tech-per-lavoro-ai-giovani-e-competitivita-delle-imprese\/#primaryimage\",\"url\":\"https:\/\/wpsite-assets.fondazionepirelli.org\/wp-content\/uploads\/2022\/07\/26073941\/GettyImages-1213441993-1.jpg\",\"contentUrl\":\"https:\/\/wpsite-assets.fondazionepirelli.org\/wp-content\/uploads\/2022\/07\/26073941\/GettyImages-1213441993-1.jpg\",\"width\":7360,\"height\":4912,\"caption\":\"Engineering students working in the lab, a student is using a voltage and current tester, another student in the background is using a 3D printer\"},{\"@type\":\"BreadcrumbList\",\"@id\":\"https:\/\/127.0.0.1\/it\/cultura-dimpresa\/ecco-la-riforma-per-gli-its-formazione-high-tech-per-lavoro-ai-giovani-e-competitivita-delle-imprese\/#breadcrumb\",\"itemListElement\":[{\"@type\":\"ListItem\",\"position\":1,\"name\":\"Home\",\"item\":\"https:\/\/www.fondazionepirelli.org\/it\/\"},{\"@type\":\"ListItem\",\"position\":2,\"name\":\"Ecco la riforma per gli Its: formazione high tech per lavoro ai giovani e competitivit\u00e0 delle imprese\"}]},{\"@type\":\"WebSite\",\"@id\":\"https:\/\/www.fondazionepirelli.org\/it\/#website\",\"url\":\"https:\/\/www.fondazionepirelli.org\/it\/\",\"name\":\"Fondazione Pirelli\",\"description\":\"\",\"potentialAction\":[{\"@type\":\"SearchAction\",\"target\":{\"@type\":\"EntryPoint\",\"urlTemplate\":\"https:\/\/www.fondazionepirelli.org\/it\/?s={search_term_string}\"},\"query-input\":{\"@type\":\"PropertyValueSpecification\",\"valueRequired\":true,\"valueName\":\"search_term_string\"}}],\"inLanguage\":\"it-IT\"},{\"@type\":\"Person\",\"@id\":\"https:\/\/www.fondazionepirelli.org\/it\/#\/schema\/person\/c31fcf5937a0e6afa45497f3f8b6d7a0\",\"name\":\"fondazionepirelli\",\"image\":{\"@type\":\"ImageObject\",\"inLanguage\":\"it-IT\",\"@id\":\"https:\/\/www.fondazionepirelli.org\/it\/#\/schema\/person\/image\/\",\"url\":\"https:\/\/secure.gravatar.com\/avatar\/9cb486421ce1d6eddbf6c4fb66841b4325b786695f7aedf1dde2222428218696?s=96&d=mm&r=g\",\"contentUrl\":\"https:\/\/secure.gravatar.com\/avatar\/9cb486421ce1d6eddbf6c4fb66841b4325b786695f7aedf1dde2222428218696?s=96&d=mm&r=g\",\"caption\":\"fondazionepirelli\"},\"url\":\"https:\/\/www.fondazionepirelli.org\/it\/author\/fondazionepirelli\/\"}]}<\/script>\n<!-- \/ Yoast SEO plugin. -->","yoast_head_json":{"title":"Ecco la riforma per gli Its: formazione high tech per lavoro ai giovani e competitivit\u00e0 delle imprese - Fondazione Pirelli","robots":{"index":"index","follow":"follow","max-snippet":"max-snippet:-1","max-image-preview":"max-image-preview:large","max-video-preview":"max-video-preview:-1"},"canonical":"https:\/\/www.fondazionepirelli.org\/it\/cultura-dimpresa\/ecco-la-riforma-per-gli-its-formazione-high-tech-per-lavoro-ai-giovani-e-competitivita-delle-imprese\/","og_locale":"it_IT","og_type":"article","og_title":"Ecco la riforma per gli Its: formazione high tech per lavoro ai giovani e competitivit\u00e0 delle imprese - Fondazione Pirelli","og_description":"Tra le eredit\u00e0 pi\u00f9 significative del governo Draghi c\u2019\u00e8 la riforma degli Its, gli Istituti Tecnologi Superiori, strutture formative indispensabili per venire incontro alle esigenze di lavoro qualificato delle imprese nel mondo della digital economy. La legge \u00e8 stata definitivamente approvata a met\u00e0 luglio dalla Camera dei deputati, all\u2019unanimit\u00e0. Adesso, per essere compiutamente operativa, ha [&hellip;]","og_url":"https:\/\/127.0.0.1\/it\/cultura-dimpresa\/ecco-la-riforma-per-gli-its-formazione-high-tech-per-lavoro-ai-giovani-e-competitivita-delle-imprese\/","og_site_name":"Fondazione Pirelli","article_published_time":"2022-07-26T06:40:06+00:00","og_image":[{"width":7360,"height":4912,"url":"https:\/\/wpsite-assets.fondazionepirelli.org\/wp-content\/uploads\/2022\/07\/26073941\/GettyImages-1213441993-1.jpg","type":"image\/jpeg"}],"author":"fondazionepirelli","twitter_card":"summary_large_image","twitter_misc":{"Scritto da":"fondazionepirelli","Tempo di lettura stimato":"4 minuti"},"schema":{"@context":"https:\/\/schema.org","@graph":[{"@type":"WebPage","@id":"https:\/\/127.0.0.1\/it\/cultura-dimpresa\/ecco-la-riforma-per-gli-its-formazione-high-tech-per-lavoro-ai-giovani-e-competitivita-delle-imprese\/","url":"https:\/\/127.0.0.1\/it\/cultura-dimpresa\/ecco-la-riforma-per-gli-its-formazione-high-tech-per-lavoro-ai-giovani-e-competitivita-delle-imprese\/","name":"Ecco la riforma per gli Its: formazione high tech per lavoro ai giovani e competitivit\u00e0 delle imprese - Fondazione Pirelli","isPartOf":{"@id":"https:\/\/www.fondazionepirelli.org\/it\/#website"},"primaryImageOfPage":{"@id":"https:\/\/127.0.0.1\/it\/cultura-dimpresa\/ecco-la-riforma-per-gli-its-formazione-high-tech-per-lavoro-ai-giovani-e-competitivita-delle-imprese\/#primaryimage"},"image":{"@id":"https:\/\/127.0.0.1\/it\/cultura-dimpresa\/ecco-la-riforma-per-gli-its-formazione-high-tech-per-lavoro-ai-giovani-e-competitivita-delle-imprese\/#primaryimage"},"thumbnailUrl":"https:\/\/wpsite-assets.fondazionepirelli.org\/wp-content\/uploads\/2022\/07\/26073941\/GettyImages-1213441993-1.jpg","datePublished":"2022-07-26T06:40:06+00:00","author":{"@id":"https:\/\/www.fondazionepirelli.org\/it\/#\/schema\/person\/c31fcf5937a0e6afa45497f3f8b6d7a0"},"breadcrumb":{"@id":"https:\/\/127.0.0.1\/it\/cultura-dimpresa\/ecco-la-riforma-per-gli-its-formazione-high-tech-per-lavoro-ai-giovani-e-competitivita-delle-imprese\/#breadcrumb"},"inLanguage":"it-IT","potentialAction":[{"@type":"ReadAction","target":["https:\/\/127.0.0.1\/it\/cultura-dimpresa\/ecco-la-riforma-per-gli-its-formazione-high-tech-per-lavoro-ai-giovani-e-competitivita-delle-imprese\/"]}]},{"@type":"ImageObject","inLanguage":"it-IT","@id":"https:\/\/127.0.0.1\/it\/cultura-dimpresa\/ecco-la-riforma-per-gli-its-formazione-high-tech-per-lavoro-ai-giovani-e-competitivita-delle-imprese\/#primaryimage","url":"https:\/\/wpsite-assets.fondazionepirelli.org\/wp-content\/uploads\/2022\/07\/26073941\/GettyImages-1213441993-1.jpg","contentUrl":"https:\/\/wpsite-assets.fondazionepirelli.org\/wp-content\/uploads\/2022\/07\/26073941\/GettyImages-1213441993-1.jpg","width":7360,"height":4912,"caption":"Engineering students working in the lab, a student is using a voltage and current tester, another student in the background is using a 3D printer"},{"@type":"BreadcrumbList","@id":"https:\/\/127.0.0.1\/it\/cultura-dimpresa\/ecco-la-riforma-per-gli-its-formazione-high-tech-per-lavoro-ai-giovani-e-competitivita-delle-imprese\/#breadcrumb","itemListElement":[{"@type":"ListItem","position":1,"name":"Home","item":"https:\/\/www.fondazionepirelli.org\/it\/"},{"@type":"ListItem","position":2,"name":"Ecco la riforma per gli Its: formazione high tech per lavoro ai giovani e competitivit\u00e0 delle imprese"}]},{"@type":"WebSite","@id":"https:\/\/www.fondazionepirelli.org\/it\/#website","url":"https:\/\/www.fondazionepirelli.org\/it\/","name":"Fondazione Pirelli","description":"","potentialAction":[{"@type":"SearchAction","target":{"@type":"EntryPoint","urlTemplate":"https:\/\/www.fondazionepirelli.org\/it\/?s={search_term_string}"},"query-input":{"@type":"PropertyValueSpecification","valueRequired":true,"valueName":"search_term_string"}}],"inLanguage":"it-IT"},{"@type":"Person","@id":"https:\/\/www.fondazionepirelli.org\/it\/#\/schema\/person\/c31fcf5937a0e6afa45497f3f8b6d7a0","name":"fondazionepirelli","image":{"@type":"ImageObject","inLanguage":"it-IT","@id":"https:\/\/www.fondazionepirelli.org\/it\/#\/schema\/person\/image\/","url":"https:\/\/secure.gravatar.com\/avatar\/9cb486421ce1d6eddbf6c4fb66841b4325b786695f7aedf1dde2222428218696?s=96&d=mm&r=g","contentUrl":"https:\/\/secure.gravatar.com\/avatar\/9cb486421ce1d6eddbf6c4fb66841b4325b786695f7aedf1dde2222428218696?s=96&d=mm&r=g","caption":"fondazionepirelli"},"url":"https:\/\/www.fondazionepirelli.org\/it\/author\/fondazionepirelli\/"}]}},"_links":{"self":[{"href":"https:\/\/www.fondazionepirelli.org\/it\/wp-json\/wp\/v2\/posts\/90884\/"}],"collection":[{"href":"https:\/\/www.fondazionepirelli.org\/it\/wp-json\/wp\/v2\/posts\/"}],"about":[{"href":"https:\/\/www.fondazionepirelli.org\/it\/wp-json\/wp\/v2\/types\/post\/"}],"author":[{"embeddable":true,"href":"https:\/\/www.fondazionepirelli.org\/it\/wp-json\/wp\/v2\/users\/9\/"}],"replies":[{"embeddable":true,"href":"https:\/\/www.fondazionepirelli.org\/it\/wp-json\/wp\/v2\/comments\/?post=90884"}],"version-history":[{"count":3,"href":"https:\/\/www.fondazionepirelli.org\/it\/wp-json\/wp\/v2\/posts\/90884\/revisions\/"}],"predecessor-version":[{"id":90889,"href":"https:\/\/www.fondazionepirelli.org\/it\/wp-json\/wp\/v2\/posts\/90884\/revisions\/90889\/"}],"wp:featuredmedia":[{"embeddable":true,"href":"https:\/\/www.fondazionepirelli.org\/it\/wp-json\/wp\/v2\/media\/90887\/"}],"wp:attachment":[{"href":"https:\/\/www.fondazionepirelli.org\/it\/wp-json\/wp\/v2\/media\/?parent=90884"}],"wp:term":[{"taxonomy":"category","embeddable":true,"href":"https:\/\/www.fondazionepirelli.org\/it\/wp-json\/wp\/v2\/categories\/?post=90884"},{"taxonomy":"post_tag","embeddable":true,"href":"https:\/\/www.fondazionepirelli.org\/it\/wp-json\/wp\/v2\/tags\/?post=90884"}],"curies":[{"name":"wp","href":"https:\/\/api.w.org\/{rel}","templated":true}]}}