{"id":90901,"date":"2022-08-01T09:13:51","date_gmt":"2022-08-01T08:13:51","guid":{"rendered":"https:\/\/www.fondazionepirelli.org\/?p=90901"},"modified":"2022-09-13T11:08:05","modified_gmt":"2022-09-13T10:08:05","slug":"le-priorita-e-i-valori-delle-imprese-per-il-nuovo-governo-europa-debito-pubblico-da-ridurre-e-pnrr-da-attuare","status":"publish","type":"post","link":"https:\/\/www.fondazionepirelli.org\/it\/cultura-dimpresa\/le-priorita-e-i-valori-delle-imprese-per-il-nuovo-governo-europa-debito-pubblico-da-ridurre-e-pnrr-da-attuare\/","title":{"rendered":"Le priorit\u00e0 e i valori delle imprese per il nuovo governo: Europa, debito pubblico da ridurre e Pnrr da attuare"},"content":{"rendered":"<p><strong>Parola d\u2019impresa<\/strong>. Noi siamo <strong>Europa<\/strong>. Europei la nostra valuta e il nostro principale mercato di riferimento. Europee le regole istituzionali e le scelte politiche indispensabili per poter investire e crescere. Europei i valori (la democrazia liberale, la sostenibilit\u00e0 ambientale e sociale, la ricerca della competitivit\u00e0 legata alla solidariet\u00e0, l\u2019attenzione per le persone, l\u2019impegno per la ricerca scientifica e la qualit\u00e0) cui si ispirano i nostri impegni di attori sociali che costruiscono benessere e lavoro.<\/p>\n<p>Le imprese italiane, nell\u2019arco di un biennio drammatico, hanno affrontato la<strong> pandemia<\/strong> da Covid19 e un drastico <strong>rallentamento economico<\/strong>, la guerra in Ucraina e la crisi energetica, i \u201ccolli di bottiglia\u201d di una globalizzazione tutta da ripensare, l\u2019inflazione e, adesso, i rischi di recessione. Hanno vissuto con preoccupazione la sconsiderata crisi del governo Draghi per colpa di forze politiche miopi e irresponsabili. Temono le conseguenze di una recessione in arrivo in parecchie aree del mondo. E dunque, in un documento approvato nei giorni scorsi dal Consiglio generale di <strong>Confindustria,<\/strong> indicano in 18 punti una strategia di resistenza e ripresa che guarda agli interessi generali del Paese e insiste sugli interventi indispensabili per garantire sviluppo, redditi, occupazione. Una vera e propria \u201cagenda di priorit\u00e0\u201d rivolta al Governo che si former\u00e0 dopo le prossime elezioni politiche e che \u201crappresenta una strategia d\u2019azione per la prossima legislatura\u201d.<br \/>\nSi comincia con un preambolo molto politico, appunto nella cornice dei valori e degli interessi della Ue, messa in discussione da ombre populiste e sovraniste che incombono sull\u2019attuale politica italiana: \u201cLa visione di Confindustria resta saldamente ancorata alla scelta europea e a quella occidentale della NATO. Siamo convinti, oggi pi\u00f9 che mai, che all\u2019Italia serva una finanza pubblica che non torni a essere a rischio, una spedita attuazione del <strong>PNRR <\/strong>con una nuova stagione di riforme, incisive, per dare risposta al crescere della povert\u00e0 e del disagio sociale\u201d.<br \/>\nL\u2019industria, infatti, va considerata \u201cun asset strategico di sicurezza nazionale\u201d: senza industria non c\u2019\u00e8 crescita, n\u00e9 coesione sociale. E\u2019 una convinzione, confermata dai numeri e dai successi di questi anni (come dicono anche i dati ISTAT su una crescita acquisita del <strong>Pil<\/strong> del 3,4% nel \u201822, tra le migliori in Europa). E costituisce la premessa delle proposte avanzate: \u201cSenza un\u2019azione riformista non migliorer\u00e0 la produttivit\u00e0 e la qualit\u00e0 della spesa pubblica, non si attrarranno capitali, non si dar\u00e0 risposta ai 10 milioni di italiani a rischio povert\u00e0, non s\u2019invertir\u00e0 la curva demografica, non si difender\u00e0 la crescita dell\u2019industria italiana nelle catene globali del valore\u201d.<\/p>\n<p>Il primo dei <strong>18 punti<\/strong>, dunque, insiste sulla \u201cferma adesione ai principi e ai valori europei\u201d: \u201cLa pandemia e la guerra hanno confermato che le soluzioni alle grandi sfide globali del nostro tempo sono europee e non nazionali. L\u2019Europa e il mercato interno, di cui bisogna preservare il corretto e uniforme funzionamento, sono l\u2019orizzonte imprescindibile per chi produce e la prospettiva entro cui rafforzare e incentivare la ricostituzione delle filiere strategiche, anche nazionali, nel contesto delle twin transition. I passi avanti verso un debito comune europeo a fini solidaristici e verso una comune politica energetica, la recente adozione da parte della BCE del TPI, la condivisione delle sanzioni adottate verso la Russia a seguito dell\u2019invasione in Ucraina, costituiscono sviluppi essenziali in un percorso di necessario rafforzamento delle istituzioni europee in cui l\u2019Italia deve considerarsi irrevocabilmente impegnata, senza alcuna concessione ai sovranismi\u201d.<br \/>\nIl secondo punto conferma la scelta delle imprese nei confronti dei \u201c<strong>valori atlantici<\/strong>\u201d, con un riferimento esplicito alla Nato e all\u2019Occidente, legando libert\u00e0 democratiche con libert\u00e0 di mercato, cultura dei diritti e dei doveri con la migliore cultura d\u2019impresa di cui appunto le nostre manifatture e i nostri servizi sono esemplari nel mondo (la sostenibilit\u00e0 ne \u00e8 rappresentazione emblematica).<br \/>\n\u201cL\u2019irresponsabile crisi politica che ha posto termine al Governo di solidariet\u00e0 nazionale guidato dal Presidente Draghi ha aperto una crepa nella solidariet\u00e0 occidentale, messa alla prova dall\u2019invasione russa in Ucraina\u201d, dice il documento. Dunque, \u201cil Governo che nascer\u00e0 dopo l\u2019esito delle urne deve scongiurare ogni equivoco in proposito, e ribadire la linea di assoluta fermezza e condivisione delle misure politiche, militari ed economiche assunte in sede NATO e di concerto con gli USA\u201d.<\/p>\n<p>L\u2019orizzonte \u00e8 quello di un impegno in sede internazionale \u201cper scongiurare il ritorno a un mondo diviso in due blocchi, che non corrisponde agli interessi di un paese trasformatore ed esportatore come l\u2019Italia\u201d. Infatti, \u201cla piena libert\u00e0 di accesso a energia, commodities e tecnologie deve rappresentare lo sforzo comune dei Paesi democratici nell\u2019interesse mondiale a una globalizzazione i cui benefici investano tutti. In questo contesto, l\u2019Italia deve valorizzare la propria centralit\u00e0 nel Mediterraneo e il ruolo di interlocuzione attiva con tutti gli attori internazionali\u201d.<br \/>\nIn una campagna elettorale che gi\u00e0 s\u2019annuncia carica di promesse costose e irrealizzabili (pensioni, contributi, vantaggi per una categoria o l\u2019altra) e rischia di fare entrare in scena una sorta di partito trasversale del \u201cforza debito\u201d, Confindustria ricorda che \u201cnegli ultimi 10 anni governi di vario orientamento politico hanno accresciuto il debito pubblico italiano dal 120% al 150% del Pil. Molto pi\u00f9 rispetto agli altri Paesi dell\u2019Unione Europea, e la pandemia non c\u2019\u00e8 stata solo in Italia. La spesa pubblica italiana \u00e8 stata maggiore della media dell\u2019area euro in ciascuno dei 10 anni considerati. E abbiamo aumentato il deficit nonostante una pressione fiscale maggiore della media. Il fatto che sulla scadenza a 2 anni lo Stato italiano paghi oggi un prestito il 25% in pi\u00f9 della Grecia deve far riflettere\u201d.<\/p>\n<p>Il <strong>nuovo Governo<\/strong>, perci\u00f2, \u201cdovr\u00e0 considerarsi obbligato a perseguire l\u2019equilibrio strutturale dei conti pubblici\u201d.<br \/>\nPolitiche di bilancio che non rispettino i vincoli \u201cvengono vanificate dalle tensioni sul mercato dei titoli di Stato\u201d (i mercati stanno indicando una tendenza a una maggiore affidabilit\u00e0 dei titoli della Grecia). Tutte le forze politiche, quindi, \u201cdevono avere ben presente che l\u2019eventuale attivazione dello scudo anti-spread, recentemente introdotto dalla BCE, \u00e8 condizionata al rispetto degli impegni assunti con l\u2019UE in termini di aggiustamento dei conti pubblici e di attuazione delle riforme, comprese quelle del PNRR, oltre al risanamento degli squilibri macroeconomici strutturali\u201d.<\/p>\n<p>Sempre nella cornice Ue, \u201cquesto assetto dovrebbe impegnare il futuro governo alla necessaria revisione delle regole del <strong>Patto di Stabilit\u00e0 e Crescita<\/strong>, in cui vincoli pi\u00f9 stringenti sui conti pubblici nazionali dovrebbero essere bilanciati dalla disponibilit\u00e0 di una capacit\u00e0 fiscale adeguata a livello europeo, da utilizzare per mitigare gli effetti di eventuali crisi e per accrescere gli investimenti pubblici\u201d.<br \/>\nLe imprese di Confindustria si muovono in quello che Giovanni Orsina chiama \u201cil perimetro della seriet\u00e0\u201d (La Stampa 25 luglio): lealt\u00e0 atlantica, volont\u00e0 di partecipare costruttivamente alla vita della Ue, determinazione a non destabilizzare l\u2019euro. E dunque realizzazione del Pnrr, come strumento indispensabile per non sprecare un\u2019occasione straordinaria per riformare e modernizzare l\u2019Italia europea, approntando finalmente i nodi della bassa crescita strutturare e della palude della scarsa produttivit\u00e0.<\/p>\n<p>Per quel che riguarda appunto il Pnrr, si insiste su un punto essenziale: un sistema di monitoraggio efficace per verificare lo stato di attuazione del Piano, tra provvedimenti, decreti di attuazione, gare, spesa dei fondi, sia a livello centrale che da parte delle Regioni e dei comuni. Un monitoraggio su cui Confindustria si impegna, come strumento di chiarezza e ricostruzione di efficienza e fiducia.<br \/>\nLe altre priorit\u00e0 riguardano il <strong>welfare<\/strong> \u201cequo e sostenibile\u201d, la scuola e l\u2019universit\u00e0, le politiche attive del lavoro per sostenere la transizione verso l\u2019economia digitale e i valori ambientali, i salari da fare crescere con gli strumenti della contrattazione collettiva e da legare dunque alla crescita della produttivit\u00e0, il fisco, la patrimonializzazione delle imprese, la ricerca scientifica e il trasferimento tecnologico, la sanit\u00e0 efficiente ed efficace, l\u2019energia e l\u2019ambiente, le infrastrutture, i trasporti e la logistica per \u201cla mobilit\u00e0 sostenibile\u201d, la finanza del lo sviluppo, le scelte di politica economica e sociale per \u201cinvertire la deriva demografica\u201d.<\/p>\n<p>Europa come <strong>orizzonte<\/strong>, dunque. Buon governo, come strumento, al di l\u00e0 del voc\u00eco d\u2019una demagogica campagna elettorale. E <strong>sviluppo sostenibile<\/strong> come obiettivo, guardando soprattutto alle nuove generazioni. Per le imprese, essere protagoniste del mercato aperto e ben regolato e delle tendenze a \u201cReinventing globalisation\u201d (per dirla con la copertina di met\u00e0 giugno di \u201cThe Economist\u201d) vuol dire farsi carico di un grande senso di responsabilit\u00e0 generale. E pretenderne, a buon diritto altrettanta dal governo che verr\u00e0.<\/p><p>(foto Getty images)<\/p>\n","protected":false},"excerpt":{"rendered":"<p>Parola d\u2019impresa. Noi siamo Europa. Europei la nostra valuta e il nostro principale mercato di riferimento. Europee le regole istituzionali e le scelte politiche indispensabili per poter investire e crescere. Europei i valori (la democrazia liberale, la sostenibilit\u00e0 ambientale e sociale, la ricerca della competitivit\u00e0 legata alla solidariet\u00e0, l\u2019attenzione per le persone, l\u2019impegno per la [&hellip;]<\/p>\n","protected":false},"author":9,"featured_media":90941,"comment_status":"open","ping_status":"open","sticky":false,"template":"","format":"standard","meta":{"footnotes":""},"categories":[53,52],"tags":[],"class_list":["post-90901","post","type-post","status-publish","format-standard","has-post-thumbnail","hentry","category-blog","category-cultura-dimpresa"],"acf":[],"yoast_head":"<!-- This site is optimized with the Yoast SEO plugin v25.0 - https:\/\/yoast.com\/wordpress\/plugins\/seo\/ -->\n<title>Le priorit\u00e0 e i valori delle imprese per il nuovo governo: Europa, debito pubblico da ridurre e Pnrr da attuare - Fondazione Pirelli<\/title>\n<meta name=\"robots\" content=\"index, follow, max-snippet:-1, max-image-preview:large, max-video-preview:-1\" \/>\n<link rel=\"canonical\" href=\"https:\/\/www.fondazionepirelli.org\/it\/cultura-dimpresa\/le-priorita-e-i-valori-delle-imprese-per-il-nuovo-governo-europa-debito-pubblico-da-ridurre-e-pnrr-da-attuare\/\" \/>\n<meta property=\"og:locale\" content=\"it_IT\" \/>\n<meta property=\"og:type\" content=\"article\" \/>\n<meta property=\"og:title\" content=\"Le priorit\u00e0 e i valori delle imprese per il nuovo governo: Europa, debito pubblico da ridurre e Pnrr da attuare - Fondazione Pirelli\" \/>\n<meta property=\"og:description\" content=\"Parola d\u2019impresa. Noi siamo Europa. Europei la nostra valuta e il nostro principale mercato di riferimento. Europee le regole istituzionali e le scelte politiche indispensabili per poter investire e crescere. Europei i valori (la democrazia liberale, la sostenibilit\u00e0 ambientale e sociale, la ricerca della competitivit\u00e0 legata alla solidariet\u00e0, l\u2019attenzione per le persone, l\u2019impegno per la [&hellip;]\" \/>\n<meta property=\"og:url\" content=\"https:\/\/127.0.0.1\/it\/cultura-dimpresa\/le-priorita-e-i-valori-delle-imprese-per-il-nuovo-governo-europa-debito-pubblico-da-ridurre-e-pnrr-da-attuare\/\" \/>\n<meta property=\"og:site_name\" content=\"Fondazione Pirelli\" \/>\n<meta property=\"article:published_time\" content=\"2022-08-01T08:13:51+00:00\" \/>\n<meta property=\"article:modified_time\" content=\"2022-09-13T10:08:05+00:00\" \/>\n<meta property=\"og:image\" content=\"https:\/\/wpsite-assets.fondazionepirelli.org\/wp-content\/uploads\/2022\/08\/01091052\/GettyImages-954353288.jpg\" \/>\n\t<meta property=\"og:image:width\" content=\"5000\" \/>\n\t<meta property=\"og:image:height\" content=\"2813\" \/>\n\t<meta property=\"og:image:type\" content=\"image\/jpeg\" \/>\n<meta name=\"author\" content=\"fondazionepirelli\" \/>\n<meta name=\"twitter:card\" content=\"summary_large_image\" \/>\n<meta name=\"twitter:label1\" content=\"Scritto da\" \/>\n\t<meta name=\"twitter:data1\" content=\"fondazionepirelli\" \/>\n\t<meta name=\"twitter:label2\" content=\"Tempo di lettura stimato\" \/>\n\t<meta name=\"twitter:data2\" content=\"7 minuti\" \/>\n<script type=\"application\/ld+json\" class=\"yoast-schema-graph\">{\"@context\":\"https:\/\/schema.org\",\"@graph\":[{\"@type\":\"WebPage\",\"@id\":\"https:\/\/127.0.0.1\/it\/cultura-dimpresa\/le-priorita-e-i-valori-delle-imprese-per-il-nuovo-governo-europa-debito-pubblico-da-ridurre-e-pnrr-da-attuare\/\",\"url\":\"https:\/\/127.0.0.1\/it\/cultura-dimpresa\/le-priorita-e-i-valori-delle-imprese-per-il-nuovo-governo-europa-debito-pubblico-da-ridurre-e-pnrr-da-attuare\/\",\"name\":\"Le priorit\u00e0 e i valori delle imprese per il nuovo governo: Europa, debito pubblico da ridurre e Pnrr da attuare - Fondazione Pirelli\",\"isPartOf\":{\"@id\":\"https:\/\/www.fondazionepirelli.org\/it\/#website\"},\"primaryImageOfPage\":{\"@id\":\"https:\/\/127.0.0.1\/it\/cultura-dimpresa\/le-priorita-e-i-valori-delle-imprese-per-il-nuovo-governo-europa-debito-pubblico-da-ridurre-e-pnrr-da-attuare\/#primaryimage\"},\"image\":{\"@id\":\"https:\/\/127.0.0.1\/it\/cultura-dimpresa\/le-priorita-e-i-valori-delle-imprese-per-il-nuovo-governo-europa-debito-pubblico-da-ridurre-e-pnrr-da-attuare\/#primaryimage\"},\"thumbnailUrl\":\"https:\/\/wpsite-assets.fondazionepirelli.org\/wp-content\/uploads\/2022\/08\/01091052\/GettyImages-954353288.jpg\",\"datePublished\":\"2022-08-01T08:13:51+00:00\",\"dateModified\":\"2022-09-13T10:08:05+00:00\",\"author\":{\"@id\":\"https:\/\/www.fondazionepirelli.org\/it\/#\/schema\/person\/c31fcf5937a0e6afa45497f3f8b6d7a0\"},\"breadcrumb\":{\"@id\":\"https:\/\/127.0.0.1\/it\/cultura-dimpresa\/le-priorita-e-i-valori-delle-imprese-per-il-nuovo-governo-europa-debito-pubblico-da-ridurre-e-pnrr-da-attuare\/#breadcrumb\"},\"inLanguage\":\"it-IT\",\"potentialAction\":[{\"@type\":\"ReadAction\",\"target\":[\"https:\/\/127.0.0.1\/it\/cultura-dimpresa\/le-priorita-e-i-valori-delle-imprese-per-il-nuovo-governo-europa-debito-pubblico-da-ridurre-e-pnrr-da-attuare\/\"]}]},{\"@type\":\"ImageObject\",\"inLanguage\":\"it-IT\",\"@id\":\"https:\/\/127.0.0.1\/it\/cultura-dimpresa\/le-priorita-e-i-valori-delle-imprese-per-il-nuovo-governo-europa-debito-pubblico-da-ridurre-e-pnrr-da-attuare\/#primaryimage\",\"url\":\"https:\/\/wpsite-assets.fondazionepirelli.org\/wp-content\/uploads\/2022\/08\/01091052\/GettyImages-954353288.jpg\",\"contentUrl\":\"https:\/\/wpsite-assets.fondazionepirelli.org\/wp-content\/uploads\/2022\/08\/01091052\/GettyImages-954353288.jpg\",\"width\":5000,\"height\":2813,\"caption\":\"Industrial 4.0 Cyber Physical Systems concept . Wireframe Gears with black background. 3d rendering.\"},{\"@type\":\"BreadcrumbList\",\"@id\":\"https:\/\/127.0.0.1\/it\/cultura-dimpresa\/le-priorita-e-i-valori-delle-imprese-per-il-nuovo-governo-europa-debito-pubblico-da-ridurre-e-pnrr-da-attuare\/#breadcrumb\",\"itemListElement\":[{\"@type\":\"ListItem\",\"position\":1,\"name\":\"Home\",\"item\":\"https:\/\/www.fondazionepirelli.org\/it\/\"},{\"@type\":\"ListItem\",\"position\":2,\"name\":\"Le priorit\u00e0 e i valori delle imprese per il nuovo governo: Europa, debito pubblico da ridurre e Pnrr da attuare\"}]},{\"@type\":\"WebSite\",\"@id\":\"https:\/\/www.fondazionepirelli.org\/it\/#website\",\"url\":\"https:\/\/www.fondazionepirelli.org\/it\/\",\"name\":\"Fondazione Pirelli\",\"description\":\"\",\"potentialAction\":[{\"@type\":\"SearchAction\",\"target\":{\"@type\":\"EntryPoint\",\"urlTemplate\":\"https:\/\/www.fondazionepirelli.org\/it\/?s={search_term_string}\"},\"query-input\":{\"@type\":\"PropertyValueSpecification\",\"valueRequired\":true,\"valueName\":\"search_term_string\"}}],\"inLanguage\":\"it-IT\"},{\"@type\":\"Person\",\"@id\":\"https:\/\/www.fondazionepirelli.org\/it\/#\/schema\/person\/c31fcf5937a0e6afa45497f3f8b6d7a0\",\"name\":\"fondazionepirelli\",\"image\":{\"@type\":\"ImageObject\",\"inLanguage\":\"it-IT\",\"@id\":\"https:\/\/www.fondazionepirelli.org\/it\/#\/schema\/person\/image\/\",\"url\":\"https:\/\/secure.gravatar.com\/avatar\/9cb486421ce1d6eddbf6c4fb66841b4325b786695f7aedf1dde2222428218696?s=96&d=mm&r=g\",\"contentUrl\":\"https:\/\/secure.gravatar.com\/avatar\/9cb486421ce1d6eddbf6c4fb66841b4325b786695f7aedf1dde2222428218696?s=96&d=mm&r=g\",\"caption\":\"fondazionepirelli\"},\"url\":\"https:\/\/www.fondazionepirelli.org\/it\/author\/fondazionepirelli\/\"}]}<\/script>\n<!-- \/ Yoast SEO plugin. -->","yoast_head_json":{"title":"Le priorit\u00e0 e i valori delle imprese per il nuovo governo: Europa, debito pubblico da ridurre e Pnrr da attuare - Fondazione Pirelli","robots":{"index":"index","follow":"follow","max-snippet":"max-snippet:-1","max-image-preview":"max-image-preview:large","max-video-preview":"max-video-preview:-1"},"canonical":"https:\/\/www.fondazionepirelli.org\/it\/cultura-dimpresa\/le-priorita-e-i-valori-delle-imprese-per-il-nuovo-governo-europa-debito-pubblico-da-ridurre-e-pnrr-da-attuare\/","og_locale":"it_IT","og_type":"article","og_title":"Le priorit\u00e0 e i valori delle imprese per il nuovo governo: Europa, debito pubblico da ridurre e Pnrr da attuare - Fondazione Pirelli","og_description":"Parola d\u2019impresa. Noi siamo Europa. Europei la nostra valuta e il nostro principale mercato di riferimento. Europee le regole istituzionali e le scelte politiche indispensabili per poter investire e crescere. Europei i valori (la democrazia liberale, la sostenibilit\u00e0 ambientale e sociale, la ricerca della competitivit\u00e0 legata alla solidariet\u00e0, l\u2019attenzione per le persone, l\u2019impegno per la [&hellip;]","og_url":"https:\/\/127.0.0.1\/it\/cultura-dimpresa\/le-priorita-e-i-valori-delle-imprese-per-il-nuovo-governo-europa-debito-pubblico-da-ridurre-e-pnrr-da-attuare\/","og_site_name":"Fondazione Pirelli","article_published_time":"2022-08-01T08:13:51+00:00","article_modified_time":"2022-09-13T10:08:05+00:00","og_image":[{"width":5000,"height":2813,"url":"https:\/\/wpsite-assets.fondazionepirelli.org\/wp-content\/uploads\/2022\/08\/01091052\/GettyImages-954353288.jpg","type":"image\/jpeg"}],"author":"fondazionepirelli","twitter_card":"summary_large_image","twitter_misc":{"Scritto da":"fondazionepirelli","Tempo di lettura stimato":"7 minuti"},"schema":{"@context":"https:\/\/schema.org","@graph":[{"@type":"WebPage","@id":"https:\/\/127.0.0.1\/it\/cultura-dimpresa\/le-priorita-e-i-valori-delle-imprese-per-il-nuovo-governo-europa-debito-pubblico-da-ridurre-e-pnrr-da-attuare\/","url":"https:\/\/127.0.0.1\/it\/cultura-dimpresa\/le-priorita-e-i-valori-delle-imprese-per-il-nuovo-governo-europa-debito-pubblico-da-ridurre-e-pnrr-da-attuare\/","name":"Le priorit\u00e0 e i valori delle imprese per il nuovo governo: Europa, debito pubblico da ridurre e Pnrr da attuare - Fondazione Pirelli","isPartOf":{"@id":"https:\/\/www.fondazionepirelli.org\/it\/#website"},"primaryImageOfPage":{"@id":"https:\/\/127.0.0.1\/it\/cultura-dimpresa\/le-priorita-e-i-valori-delle-imprese-per-il-nuovo-governo-europa-debito-pubblico-da-ridurre-e-pnrr-da-attuare\/#primaryimage"},"image":{"@id":"https:\/\/127.0.0.1\/it\/cultura-dimpresa\/le-priorita-e-i-valori-delle-imprese-per-il-nuovo-governo-europa-debito-pubblico-da-ridurre-e-pnrr-da-attuare\/#primaryimage"},"thumbnailUrl":"https:\/\/wpsite-assets.fondazionepirelli.org\/wp-content\/uploads\/2022\/08\/01091052\/GettyImages-954353288.jpg","datePublished":"2022-08-01T08:13:51+00:00","dateModified":"2022-09-13T10:08:05+00:00","author":{"@id":"https:\/\/www.fondazionepirelli.org\/it\/#\/schema\/person\/c31fcf5937a0e6afa45497f3f8b6d7a0"},"breadcrumb":{"@id":"https:\/\/127.0.0.1\/it\/cultura-dimpresa\/le-priorita-e-i-valori-delle-imprese-per-il-nuovo-governo-europa-debito-pubblico-da-ridurre-e-pnrr-da-attuare\/#breadcrumb"},"inLanguage":"it-IT","potentialAction":[{"@type":"ReadAction","target":["https:\/\/127.0.0.1\/it\/cultura-dimpresa\/le-priorita-e-i-valori-delle-imprese-per-il-nuovo-governo-europa-debito-pubblico-da-ridurre-e-pnrr-da-attuare\/"]}]},{"@type":"ImageObject","inLanguage":"it-IT","@id":"https:\/\/127.0.0.1\/it\/cultura-dimpresa\/le-priorita-e-i-valori-delle-imprese-per-il-nuovo-governo-europa-debito-pubblico-da-ridurre-e-pnrr-da-attuare\/#primaryimage","url":"https:\/\/wpsite-assets.fondazionepirelli.org\/wp-content\/uploads\/2022\/08\/01091052\/GettyImages-954353288.jpg","contentUrl":"https:\/\/wpsite-assets.fondazionepirelli.org\/wp-content\/uploads\/2022\/08\/01091052\/GettyImages-954353288.jpg","width":5000,"height":2813,"caption":"Industrial 4.0 Cyber Physical Systems concept . Wireframe Gears with black background. 3d rendering."},{"@type":"BreadcrumbList","@id":"https:\/\/127.0.0.1\/it\/cultura-dimpresa\/le-priorita-e-i-valori-delle-imprese-per-il-nuovo-governo-europa-debito-pubblico-da-ridurre-e-pnrr-da-attuare\/#breadcrumb","itemListElement":[{"@type":"ListItem","position":1,"name":"Home","item":"https:\/\/www.fondazionepirelli.org\/it\/"},{"@type":"ListItem","position":2,"name":"Le priorit\u00e0 e i valori delle imprese per il nuovo governo: Europa, debito pubblico da ridurre e Pnrr da attuare"}]},{"@type":"WebSite","@id":"https:\/\/www.fondazionepirelli.org\/it\/#website","url":"https:\/\/www.fondazionepirelli.org\/it\/","name":"Fondazione Pirelli","description":"","potentialAction":[{"@type":"SearchAction","target":{"@type":"EntryPoint","urlTemplate":"https:\/\/www.fondazionepirelli.org\/it\/?s={search_term_string}"},"query-input":{"@type":"PropertyValueSpecification","valueRequired":true,"valueName":"search_term_string"}}],"inLanguage":"it-IT"},{"@type":"Person","@id":"https:\/\/www.fondazionepirelli.org\/it\/#\/schema\/person\/c31fcf5937a0e6afa45497f3f8b6d7a0","name":"fondazionepirelli","image":{"@type":"ImageObject","inLanguage":"it-IT","@id":"https:\/\/www.fondazionepirelli.org\/it\/#\/schema\/person\/image\/","url":"https:\/\/secure.gravatar.com\/avatar\/9cb486421ce1d6eddbf6c4fb66841b4325b786695f7aedf1dde2222428218696?s=96&d=mm&r=g","contentUrl":"https:\/\/secure.gravatar.com\/avatar\/9cb486421ce1d6eddbf6c4fb66841b4325b786695f7aedf1dde2222428218696?s=96&d=mm&r=g","caption":"fondazionepirelli"},"url":"https:\/\/www.fondazionepirelli.org\/it\/author\/fondazionepirelli\/"}]}},"_links":{"self":[{"href":"https:\/\/www.fondazionepirelli.org\/it\/wp-json\/wp\/v2\/posts\/90901\/"}],"collection":[{"href":"https:\/\/www.fondazionepirelli.org\/it\/wp-json\/wp\/v2\/posts\/"}],"about":[{"href":"https:\/\/www.fondazionepirelli.org\/it\/wp-json\/wp\/v2\/types\/post\/"}],"author":[{"embeddable":true,"href":"https:\/\/www.fondazionepirelli.org\/it\/wp-json\/wp\/v2\/users\/9\/"}],"replies":[{"embeddable":true,"href":"https:\/\/www.fondazionepirelli.org\/it\/wp-json\/wp\/v2\/comments\/?post=90901"}],"version-history":[{"count":3,"href":"https:\/\/www.fondazionepirelli.org\/it\/wp-json\/wp\/v2\/posts\/90901\/revisions\/"}],"predecessor-version":[{"id":91873,"href":"https:\/\/www.fondazionepirelli.org\/it\/wp-json\/wp\/v2\/posts\/90901\/revisions\/91873\/"}],"wp:featuredmedia":[{"embeddable":true,"href":"https:\/\/www.fondazionepirelli.org\/it\/wp-json\/wp\/v2\/media\/90941\/"}],"wp:attachment":[{"href":"https:\/\/www.fondazionepirelli.org\/it\/wp-json\/wp\/v2\/media\/?parent=90901"}],"wp:term":[{"taxonomy":"category","embeddable":true,"href":"https:\/\/www.fondazionepirelli.org\/it\/wp-json\/wp\/v2\/categories\/?post=90901"},{"taxonomy":"post_tag","embeddable":true,"href":"https:\/\/www.fondazionepirelli.org\/it\/wp-json\/wp\/v2\/tags\/?post=90901"}],"curies":[{"name":"wp","href":"https:\/\/api.w.org\/{rel}","templated":true}]}}