{"id":91312,"date":"2022-08-25T13:06:57","date_gmt":"2022-08-25T12:06:57","guid":{"rendered":"https:\/\/www.fondazionepirelli.org\/?p=91312"},"modified":"2022-09-01T13:39:27","modified_gmt":"2022-09-01T12:39:27","slug":"sulle-strade-del-successo-gli-esordi-di-pirelli-nelle-competizioni","status":"publish","type":"post","link":"https:\/\/www.fondazionepirelli.org\/it\/iniziative\/sulle-strade-del-successo-gli-esordi-di-pirelli-nelle-competizioni\/","title":{"rendered":"Sulle strade del successo, gli esordi di Pirelli nelle competizioni"},"content":{"rendered":"<p><strong>Aprile 1904<\/strong>, parte la Carovana automobilistica Milano-Roma organizzata dall\u2019Automobile Club di Milano. Grande prova per la <strong>Pirelli<\/strong> per testare sulle vetture Eisenach e sulle Isotta Fraschini i pneumatici <strong>Ercole<\/strong>, primo modello brevettato nel 1901 dall\u2019azienda. L\u2019anno successivo si disputa la corsa \u201c<strong>Susa-Moncenisio<\/strong>\u201d: monta gomme Pirelli la Marchand di Giuseppe Tamagni che fa una buona gara, finita troppo presto, per\u00f2, per la rottura del cambio. Va meglio alla Darracq di Bruno Corbetta, terza in Categoria 2, e alla piccola Peugeot B\u00e9b\u00e9 di Giovanni Piena, seconda in Categoria 3. I testimoni raccontano che tagliano il traguardo \u201ccon pneus intatti\u201d: \u201cpneus\u201d Pirelli, naturalmente.<\/p>\n<p>Fin dai suoi albori la\u00a0storia dell\u2019automobilismo sportivo\u00a0\u00e8 segnata dalla presenza della\u00a0P lunga. Marzo 1906, nasce la \u201cSettimana Automobilistica di Sanremo\u201d, Tamagni \u00e8 di nuovo pronto al via sulla Marchand gommata con pneumatici Ercole, e vince nella categoria 1. Per Pirelli \u00e8 il primo vero successo nelle competizioni automobilistiche. Il 1907 segna l\u2019avvio delle grandi imprese internazionali: la Itala gommata Pirelli trionfa\u00a0nel<strong> <a href=\"https:\/\/www.fondazionepirelli.org\/it\/iniziative\/storie-dal-mondo-pirelli\/1907-2017-la-pechino-parigi-compie-110-anni\/\">raid Pechino-Parigi<\/a>.<\/strong> Il clamore dell\u2019impresa si diffonde rapidamente e l\u2019anno successivo la Pirelli affronta la\u00a0<strong>New York-Parigi<\/strong>, quasi un giro del mondo, equipaggiando la <strong>Z\u00fcst\u00a0<\/strong>di Emilio \u201cGiulio\u201d Sirtori. Al suo fianco, il giornalista Antonio Scarfoglio, firma de <em>Il Mattino<\/em> di Napoli. Si parte da New-York per correre coast-to-coast verso San Francisco, puntare verso l\u2019Alaska, attraversare l\u2019Oceano e, dalla Siberia, raggiungere il traguardo a Parigi.<\/p>\n<p>La mattina del <strong>12 luglio 1913<\/strong>, al Grand Prix dell\u2019Automobile Club de France, c\u2019\u00e8 anche Alberto Pirelli ad Amiens: sul Circuito di Picardie, <strong>Jacques Boillot<\/strong> non \u00e8 tra i favoriti, eppure taglia il traguardo per primo. Secondo, Louis Goux: entrambi su Peugeot con \u201cPneumatiques Pirelli\u201d. Il 1913 \u00e8 un anno formidabile: tra il mare del golfo di Palermo e i tornanti delle Madonie si corre la <strong>Targa Florio,<\/strong> prova durissima per i piloti, per le auto e i loro equipaggiamenti. \u00c8 sul podio <strong>Felice Nazzaro<\/strong>, vincitore a bordo della Fiat gommata Pirelli. Lo stesso giorno Boillot trionfa nella corsa di velocit\u00e0 al Meeting de la Sarthe a Le Mans. Negli anni Venti si susseguono le vittorie nelle corse auto di tutto il mondo, e la storia della Pirelli si intreccia a quella di un circuito che si appresta oggi a raggiungere il traguardo di un secolo di vita: l\u2019Autodromo di Monza.<\/p><p><strong><a href=\"https:\/\/www.fondazionepirelli.org\/it\/mostra\/il-circuito-di-monza-e-la-pirelli-due-compleanni-da-ricordare\/\">Torna alla pagina principale<\/a><\/strong><\/p>\n","protected":false},"excerpt":{"rendered":"<p>Aprile 1904, parte la Carovana automobilistica Milano-Roma organizzata dall\u2019Automobile Club di Milano. Grande prova per la Pirelli per testare sulle vetture Eisenach e sulle Isotta Fraschini i pneumatici Ercole, primo modello brevettato nel 1901 dall\u2019azienda. L\u2019anno successivo si disputa la corsa \u201cSusa-Moncenisio\u201d: monta gomme Pirelli la Marchand di Giuseppe Tamagni che fa una buona gara, [&hellip;]<\/p>\n","protected":false},"author":9,"featured_media":91315,"comment_status":"open","ping_status":"open","sticky":false,"template":"","format":"standard","meta":{"footnotes":""},"categories":[60,77],"tags":[],"class_list":["post-91312","post","type-post","status-publish","format-standard","has-post-thumbnail","hentry","category-iniziative","category-le-mostre"],"acf":[],"yoast_head":"<!-- This site is optimized with the Yoast SEO plugin v25.0 - https:\/\/yoast.com\/wordpress\/plugins\/seo\/ -->\n<title>Sulle strade del successo, gli esordi di Pirelli nelle competizioni - Fondazione Pirelli<\/title>\n<meta name=\"robots\" content=\"index, follow, max-snippet:-1, max-image-preview:large, max-video-preview:-1\" \/>\n<link rel=\"canonical\" href=\"https:\/\/www.fondazionepirelli.org\/it\/iniziative\/sulle-strade-del-successo-gli-esordi-di-pirelli-nelle-competizioni\/\" \/>\n<meta property=\"og:locale\" content=\"it_IT\" \/>\n<meta property=\"og:type\" content=\"article\" \/>\n<meta property=\"og:title\" content=\"Sulle strade del successo, gli esordi di Pirelli nelle competizioni - Fondazione Pirelli\" \/>\n<meta property=\"og:description\" content=\"Aprile 1904, parte la Carovana automobilistica Milano-Roma organizzata dall\u2019Automobile Club di Milano. Grande prova per la Pirelli per testare sulle vetture Eisenach e sulle Isotta Fraschini i pneumatici Ercole, primo modello brevettato nel 1901 dall\u2019azienda. L\u2019anno successivo si disputa la corsa \u201cSusa-Moncenisio\u201d: monta gomme Pirelli la Marchand di Giuseppe Tamagni che fa una buona gara, [&hellip;]\" \/>\n<meta property=\"og:url\" content=\"https:\/\/127.0.0.1\/it\/iniziative\/sulle-strade-del-successo-gli-esordi-di-pirelli-nelle-competizioni\/\" \/>\n<meta property=\"og:site_name\" content=\"Fondazione Pirelli\" \/>\n<meta property=\"article:published_time\" content=\"2022-08-25T12:06:57+00:00\" \/>\n<meta property=\"article:modified_time\" content=\"2022-09-01T12:39:27+00:00\" \/>\n<meta property=\"og:image\" content=\"https:\/\/wpsite-assets.fondazionepirelli.org\/wp-content\/uploads\/2022\/08\/25081048\/GP_1913_Alberto_Pirelli_14777-e1661411471563.jpg\" \/>\n\t<meta property=\"og:image:width\" content=\"629\" \/>\n\t<meta property=\"og:image:height\" content=\"465\" \/>\n\t<meta property=\"og:image:type\" content=\"image\/jpeg\" \/>\n<meta name=\"author\" content=\"fondazionepirelli\" \/>\n<meta name=\"twitter:card\" content=\"summary_large_image\" \/>\n<meta name=\"twitter:label1\" content=\"Scritto da\" \/>\n\t<meta name=\"twitter:data1\" content=\"fondazionepirelli\" \/>\n\t<meta name=\"twitter:label2\" content=\"Tempo di lettura stimato\" \/>\n\t<meta name=\"twitter:data2\" content=\"2 minuti\" \/>\n<script type=\"application\/ld+json\" class=\"yoast-schema-graph\">{\"@context\":\"https:\/\/schema.org\",\"@graph\":[{\"@type\":\"WebPage\",\"@id\":\"https:\/\/127.0.0.1\/it\/iniziative\/sulle-strade-del-successo-gli-esordi-di-pirelli-nelle-competizioni\/\",\"url\":\"https:\/\/127.0.0.1\/it\/iniziative\/sulle-strade-del-successo-gli-esordi-di-pirelli-nelle-competizioni\/\",\"name\":\"Sulle strade del successo, gli esordi di Pirelli nelle competizioni - Fondazione Pirelli\",\"isPartOf\":{\"@id\":\"https:\/\/www.fondazionepirelli.org\/it\/#website\"},\"primaryImageOfPage\":{\"@id\":\"https:\/\/127.0.0.1\/it\/iniziative\/sulle-strade-del-successo-gli-esordi-di-pirelli-nelle-competizioni\/#primaryimage\"},\"image\":{\"@id\":\"https:\/\/127.0.0.1\/it\/iniziative\/sulle-strade-del-successo-gli-esordi-di-pirelli-nelle-competizioni\/#primaryimage\"},\"thumbnailUrl\":\"https:\/\/wpsite-assets.fondazionepirelli.org\/wp-content\/uploads\/2022\/08\/25081048\/GP_1913_Alberto_Pirelli_14777-e1661411471563.jpg\",\"datePublished\":\"2022-08-25T12:06:57+00:00\",\"dateModified\":\"2022-09-01T12:39:27+00:00\",\"author\":{\"@id\":\"https:\/\/www.fondazionepirelli.org\/it\/#\/schema\/person\/c31fcf5937a0e6afa45497f3f8b6d7a0\"},\"breadcrumb\":{\"@id\":\"https:\/\/127.0.0.1\/it\/iniziative\/sulle-strade-del-successo-gli-esordi-di-pirelli-nelle-competizioni\/#breadcrumb\"},\"inLanguage\":\"it-IT\",\"potentialAction\":[{\"@type\":\"ReadAction\",\"target\":[\"https:\/\/127.0.0.1\/it\/iniziative\/sulle-strade-del-successo-gli-esordi-di-pirelli-nelle-competizioni\/\"]}]},{\"@type\":\"ImageObject\",\"inLanguage\":\"it-IT\",\"@id\":\"https:\/\/127.0.0.1\/it\/iniziative\/sulle-strade-del-successo-gli-esordi-di-pirelli-nelle-competizioni\/#primaryimage\",\"url\":\"https:\/\/wpsite-assets.fondazionepirelli.org\/wp-content\/uploads\/2022\/08\/25081048\/GP_1913_Alberto_Pirelli_14777-e1661411471563.jpg\",\"contentUrl\":\"https:\/\/wpsite-assets.fondazionepirelli.org\/wp-content\/uploads\/2022\/08\/25081048\/GP_1913_Alberto_Pirelli_14777-e1661411471563.jpg\",\"width\":629,\"height\":465},{\"@type\":\"BreadcrumbList\",\"@id\":\"https:\/\/127.0.0.1\/it\/iniziative\/sulle-strade-del-successo-gli-esordi-di-pirelli-nelle-competizioni\/#breadcrumb\",\"itemListElement\":[{\"@type\":\"ListItem\",\"position\":1,\"name\":\"Home\",\"item\":\"https:\/\/www.fondazionepirelli.org\/it\/\"},{\"@type\":\"ListItem\",\"position\":2,\"name\":\"Sulle strade del successo, gli esordi di Pirelli nelle competizioni\"}]},{\"@type\":\"WebSite\",\"@id\":\"https:\/\/www.fondazionepirelli.org\/it\/#website\",\"url\":\"https:\/\/www.fondazionepirelli.org\/it\/\",\"name\":\"Fondazione Pirelli\",\"description\":\"\",\"potentialAction\":[{\"@type\":\"SearchAction\",\"target\":{\"@type\":\"EntryPoint\",\"urlTemplate\":\"https:\/\/www.fondazionepirelli.org\/it\/?s={search_term_string}\"},\"query-input\":{\"@type\":\"PropertyValueSpecification\",\"valueRequired\":true,\"valueName\":\"search_term_string\"}}],\"inLanguage\":\"it-IT\"},{\"@type\":\"Person\",\"@id\":\"https:\/\/www.fondazionepirelli.org\/it\/#\/schema\/person\/c31fcf5937a0e6afa45497f3f8b6d7a0\",\"name\":\"fondazionepirelli\",\"image\":{\"@type\":\"ImageObject\",\"inLanguage\":\"it-IT\",\"@id\":\"https:\/\/www.fondazionepirelli.org\/it\/#\/schema\/person\/image\/\",\"url\":\"https:\/\/secure.gravatar.com\/avatar\/9cb486421ce1d6eddbf6c4fb66841b4325b786695f7aedf1dde2222428218696?s=96&d=mm&r=g\",\"contentUrl\":\"https:\/\/secure.gravatar.com\/avatar\/9cb486421ce1d6eddbf6c4fb66841b4325b786695f7aedf1dde2222428218696?s=96&d=mm&r=g\",\"caption\":\"fondazionepirelli\"},\"url\":\"https:\/\/www.fondazionepirelli.org\/it\/author\/fondazionepirelli\/\"}]}<\/script>\n<!-- \/ Yoast SEO plugin. -->","yoast_head_json":{"title":"Sulle strade del successo, gli esordi di Pirelli nelle competizioni - Fondazione Pirelli","robots":{"index":"index","follow":"follow","max-snippet":"max-snippet:-1","max-image-preview":"max-image-preview:large","max-video-preview":"max-video-preview:-1"},"canonical":"https:\/\/www.fondazionepirelli.org\/it\/iniziative\/sulle-strade-del-successo-gli-esordi-di-pirelli-nelle-competizioni\/","og_locale":"it_IT","og_type":"article","og_title":"Sulle strade del successo, gli esordi di Pirelli nelle competizioni - Fondazione Pirelli","og_description":"Aprile 1904, parte la Carovana automobilistica Milano-Roma organizzata dall\u2019Automobile Club di Milano. Grande prova per la Pirelli per testare sulle vetture Eisenach e sulle Isotta Fraschini i pneumatici Ercole, primo modello brevettato nel 1901 dall\u2019azienda. L\u2019anno successivo si disputa la corsa \u201cSusa-Moncenisio\u201d: monta gomme Pirelli la Marchand di Giuseppe Tamagni che fa una buona gara, [&hellip;]","og_url":"https:\/\/127.0.0.1\/it\/iniziative\/sulle-strade-del-successo-gli-esordi-di-pirelli-nelle-competizioni\/","og_site_name":"Fondazione Pirelli","article_published_time":"2022-08-25T12:06:57+00:00","article_modified_time":"2022-09-01T12:39:27+00:00","og_image":[{"width":629,"height":465,"url":"https:\/\/wpsite-assets.fondazionepirelli.org\/wp-content\/uploads\/2022\/08\/25081048\/GP_1913_Alberto_Pirelli_14777-e1661411471563.jpg","type":"image\/jpeg"}],"author":"fondazionepirelli","twitter_card":"summary_large_image","twitter_misc":{"Scritto da":"fondazionepirelli","Tempo di lettura stimato":"2 minuti"},"schema":{"@context":"https:\/\/schema.org","@graph":[{"@type":"WebPage","@id":"https:\/\/127.0.0.1\/it\/iniziative\/sulle-strade-del-successo-gli-esordi-di-pirelli-nelle-competizioni\/","url":"https:\/\/127.0.0.1\/it\/iniziative\/sulle-strade-del-successo-gli-esordi-di-pirelli-nelle-competizioni\/","name":"Sulle strade del successo, gli esordi di Pirelli nelle competizioni - Fondazione Pirelli","isPartOf":{"@id":"https:\/\/www.fondazionepirelli.org\/it\/#website"},"primaryImageOfPage":{"@id":"https:\/\/127.0.0.1\/it\/iniziative\/sulle-strade-del-successo-gli-esordi-di-pirelli-nelle-competizioni\/#primaryimage"},"image":{"@id":"https:\/\/127.0.0.1\/it\/iniziative\/sulle-strade-del-successo-gli-esordi-di-pirelli-nelle-competizioni\/#primaryimage"},"thumbnailUrl":"https:\/\/wpsite-assets.fondazionepirelli.org\/wp-content\/uploads\/2022\/08\/25081048\/GP_1913_Alberto_Pirelli_14777-e1661411471563.jpg","datePublished":"2022-08-25T12:06:57+00:00","dateModified":"2022-09-01T12:39:27+00:00","author":{"@id":"https:\/\/www.fondazionepirelli.org\/it\/#\/schema\/person\/c31fcf5937a0e6afa45497f3f8b6d7a0"},"breadcrumb":{"@id":"https:\/\/127.0.0.1\/it\/iniziative\/sulle-strade-del-successo-gli-esordi-di-pirelli-nelle-competizioni\/#breadcrumb"},"inLanguage":"it-IT","potentialAction":[{"@type":"ReadAction","target":["https:\/\/127.0.0.1\/it\/iniziative\/sulle-strade-del-successo-gli-esordi-di-pirelli-nelle-competizioni\/"]}]},{"@type":"ImageObject","inLanguage":"it-IT","@id":"https:\/\/127.0.0.1\/it\/iniziative\/sulle-strade-del-successo-gli-esordi-di-pirelli-nelle-competizioni\/#primaryimage","url":"https:\/\/wpsite-assets.fondazionepirelli.org\/wp-content\/uploads\/2022\/08\/25081048\/GP_1913_Alberto_Pirelli_14777-e1661411471563.jpg","contentUrl":"https:\/\/wpsite-assets.fondazionepirelli.org\/wp-content\/uploads\/2022\/08\/25081048\/GP_1913_Alberto_Pirelli_14777-e1661411471563.jpg","width":629,"height":465},{"@type":"BreadcrumbList","@id":"https:\/\/127.0.0.1\/it\/iniziative\/sulle-strade-del-successo-gli-esordi-di-pirelli-nelle-competizioni\/#breadcrumb","itemListElement":[{"@type":"ListItem","position":1,"name":"Home","item":"https:\/\/www.fondazionepirelli.org\/it\/"},{"@type":"ListItem","position":2,"name":"Sulle strade del successo, gli esordi di Pirelli nelle competizioni"}]},{"@type":"WebSite","@id":"https:\/\/www.fondazionepirelli.org\/it\/#website","url":"https:\/\/www.fondazionepirelli.org\/it\/","name":"Fondazione Pirelli","description":"","potentialAction":[{"@type":"SearchAction","target":{"@type":"EntryPoint","urlTemplate":"https:\/\/www.fondazionepirelli.org\/it\/?s={search_term_string}"},"query-input":{"@type":"PropertyValueSpecification","valueRequired":true,"valueName":"search_term_string"}}],"inLanguage":"it-IT"},{"@type":"Person","@id":"https:\/\/www.fondazionepirelli.org\/it\/#\/schema\/person\/c31fcf5937a0e6afa45497f3f8b6d7a0","name":"fondazionepirelli","image":{"@type":"ImageObject","inLanguage":"it-IT","@id":"https:\/\/www.fondazionepirelli.org\/it\/#\/schema\/person\/image\/","url":"https:\/\/secure.gravatar.com\/avatar\/9cb486421ce1d6eddbf6c4fb66841b4325b786695f7aedf1dde2222428218696?s=96&d=mm&r=g","contentUrl":"https:\/\/secure.gravatar.com\/avatar\/9cb486421ce1d6eddbf6c4fb66841b4325b786695f7aedf1dde2222428218696?s=96&d=mm&r=g","caption":"fondazionepirelli"},"url":"https:\/\/www.fondazionepirelli.org\/it\/author\/fondazionepirelli\/"}]}},"_links":{"self":[{"href":"https:\/\/www.fondazionepirelli.org\/it\/wp-json\/wp\/v2\/posts\/91312\/"}],"collection":[{"href":"https:\/\/www.fondazionepirelli.org\/it\/wp-json\/wp\/v2\/posts\/"}],"about":[{"href":"https:\/\/www.fondazionepirelli.org\/it\/wp-json\/wp\/v2\/types\/post\/"}],"author":[{"embeddable":true,"href":"https:\/\/www.fondazionepirelli.org\/it\/wp-json\/wp\/v2\/users\/9\/"}],"replies":[{"embeddable":true,"href":"https:\/\/www.fondazionepirelli.org\/it\/wp-json\/wp\/v2\/comments\/?post=91312"}],"version-history":[{"count":10,"href":"https:\/\/www.fondazionepirelli.org\/it\/wp-json\/wp\/v2\/posts\/91312\/revisions\/"}],"predecessor-version":[{"id":91726,"href":"https:\/\/www.fondazionepirelli.org\/it\/wp-json\/wp\/v2\/posts\/91312\/revisions\/91726\/"}],"wp:featuredmedia":[{"embeddable":true,"href":"https:\/\/www.fondazionepirelli.org\/it\/wp-json\/wp\/v2\/media\/91315\/"}],"wp:attachment":[{"href":"https:\/\/www.fondazionepirelli.org\/it\/wp-json\/wp\/v2\/media\/?parent=91312"}],"wp:term":[{"taxonomy":"category","embeddable":true,"href":"https:\/\/www.fondazionepirelli.org\/it\/wp-json\/wp\/v2\/categories\/?post=91312"},{"taxonomy":"post_tag","embeddable":true,"href":"https:\/\/www.fondazionepirelli.org\/it\/wp-json\/wp\/v2\/tags\/?post=91312"}],"curies":[{"name":"wp","href":"https:\/\/api.w.org\/{rel}","templated":true}]}}