{"id":91549,"date":"2022-08-30T11:19:52","date_gmt":"2022-08-30T10:19:52","guid":{"rendered":"https:\/\/www.fondazionepirelli.org\/?p=91549"},"modified":"2022-08-30T11:19:52","modified_gmt":"2022-08-30T10:19:52","slug":"ascoltare-le-imprese-produttivita-e-innovazione-e-non-spesa-pubblica-per-leconomia-assistita","status":"publish","type":"post","link":"https:\/\/www.fondazionepirelli.org\/it\/cultura-dimpresa\/ascoltare-le-imprese-produttivita-e-innovazione-e-non-spesa-pubblica-per-leconomia-assistita\/","title":{"rendered":"Ascoltare le imprese: produttivit\u00e0 e innovazione e non spesa pubblica per l\u2019economia assistita\u00a0"},"content":{"rendered":"<p>Andiamo a passi incerti e dolorosi verso \u201cl\u2019inverno del nostro scontento\u201d, per dirla con le parole del \u201cRiccardo III\u201d di Shakespeare e del drammatico romanzo di John Steinbeck. Un autunno e un inverno in cui rischiamo \u201cun uragano\u201d o \u201cuno tsunami\u201d, secondo i giudizi ricorrenti nei discorsi di banchieri, imprenditori e personalit\u00e0 dell\u2019<strong>economia internazionale<\/strong>.<\/p>\n<p>La vecchia globalizzazione \u00e8 entrata in crisi da tempo, la \u201c<strong>ri-globalizzazione selettiva<\/strong>\u201d \u00e8 un processo in corso, carico di incognite e di turbolenze inedite. E stiamo entrando nelle strettoie d\u2019una crisi segnata da <strong>recessione<\/strong> e <strong>alta inflazione<\/strong>, dall\u2019insostenibile prezzo del gas e dell\u2019energia in generale e dalle crescenti <strong>tensioni geopolitiche<\/strong> (a cominciare dalla oramai lunga e\u00a0 devastante guerra in Ucraina), dai rischi di nuove <strong>speculazioni finanziarie<\/strong> (soprattutto sull\u2019Italia, come ha rivelato il Financial Times) e dalle preoccupazioni diffuse sul lavoro, sui redditi delle famiglie e sui conti delle imprese.<\/p>\n<p>Ecco, le imprese italiane. Mettiamoci, adesso, dal loro punto di vista, come motore fondamentale dello <strong>sviluppo economico<\/strong>, dell\u2019occupazione e dei salari. E proviamo a ragionare sul loro ruolo di fronte alle minacce di crisi economica e sociale, rese ancora pi\u00f9 cariche di tensioni di fronte a una campagna elettorale, per il voto del 25 settembre, in cui molto si parla di diritti, sussidi, sostegni economici, aumento di salari e pensioni e mirabolanti promesse tutte a carico dei conti pubblici (il partito trasversale del \u201cforza debito\u201d) e pochissimo, invece, di produttivit\u00e0, competitivit\u00e0, innovazione, investimenti privati, nuovi lavori. Di come <strong>distribuire ricchezza<\/strong> e quasi mai di come produrla. La campagna elettorale delle demagogie e non della responsabilit\u00e0, dopo le mosse improvvide di chi ha determinato la fine anticipata del governo Draghi, con tutto il carico delle conseguenze negative per l\u2019Italia e gli italiani.<\/p>\n<p>Le campagne elettorali, si sa, sono occasioni in cui si \u00e8 particolarmente inclini alla propaganda, alle promesse, alla raccolta la pi\u00f9 ampia possibile dei consensi e quasi mai al racconto della verit\u00e0 (bisognerebbe essere dei veri statisti con un forte senso dell\u2019etica politica, per farlo: figure purtroppo rarissime, in questi tempi critici). Ma \u00e8 altrettanto vero che proprio la costruzione del consenso per poter governare bene ha bisogno di grande chiarezza negli annunci e nella definizione dei programmi, nella indicazione degli equilibri politici, economici e sociali del futuro. Anche perch\u00e9, in ogni campagna elettorale, si parla certamente con gli elettori ma anche con i mercati, con chi investe nel nostro Paese, con chi detiene il nostro debito e con tutti i soggetti istituzionali ed economici alle cui valutazioni \u00e8 legato il nostro futuro. A cominciare da una puntuale attuazione del Pnrr, con le riforme e le scelte di investimento concordate con la Ue (senza cedere alla pericolosa tentazione di rimettere tutto in discussione).<\/p>\n<p>Sono queste, d\u2019altronde, le condizioni delle societ\u00e0 complesse e delle economie interconnesse, delle istituzioni di cui si fa parte (a cominciare dalla Ue e dalla Bce, dal Fondo Monetario internazionale e dalla Nato), dei sistemi di relazione che assicurano collaborazione, cooperazione e sviluppo. Ma anche le conseguenze dell\u2019essere un\u2019economia di mercato, una societ\u00e0 aperta, una comunit\u00e0 dialogante con un ruolo di rilievo nel consesso internazionale.<\/p>\n<p>Le imprese italiane, oramai da tempo, vivono di mercato e sui mercati internazionali. Nel corso degli ultimi vent\u2019anni e, con particolare vigore, dopo la Grande <strong>Crisi finanziaria del 2008<\/strong>, hanno investito, innovato, trasformato prodotti e sistemi di produzione, puntando su alti standard di qualit\u00e0 e sostenibilit\u00e0 ambientale e sociale (molte le testimonianze, dalle cartiere Burgo ristrutturate per l\u2019autonomia energetica alle \u201cacciaierie verdi\u201d del gruppo Arvedi, per citare solo due tra i tanti esempi possibili). Legate in distretti e filiere, le manifatture hanno superato parte dei limiti legati alle dimensioni e alla strutturale sottocapitalizzazione. E sono state attente a utilizzare bene gli incentivi e le misure fiscali dei governi che si sono succeduti (eccezion fatta per il governo Conte 1 giallo-verde, nettamente anti-impresa) per le trasformazioni digitali secondo i paradigmi di<strong> Industria 4.0<\/strong>. Sono diventate, insomma, sempre pi\u00f9 dinamiche, resilienti e flessibili, grazie anche a una diffusa \u201c<strong>cultura politecnica<\/strong>\u201d che ha saputo coniugare memoria e futuro, sapienza umanistica (bellezza e qualit\u00e0) e conoscenze scientifiche, radici storiche nei territori produttivi e attitudini alla competitivit\u00e0 internazionale. Hanno esportato, conquistato posizioni di eccellenza nelle nicchie globali a maggior valore aggiunto. E affrontato con spirito imprenditoriale innovativo la <em>twin transition <\/em>ambientale e digitale.<\/p>\n<p>La conferma di una tendenza cos\u00ec rilevante arriva anche dalle parole di Gregorio De Felice, capo economista di Intesa San Paolo: \u201cL\u2019industria italiana meglio della tedesca. Siamo diventati pi\u00f9 bravi a produrre beni di medio-alta qualit\u00e0 e abbiamo <strong>filiere pi\u00f9 resilienti<\/strong>\u201d (la Repubblica, 24 agosto).<\/p>\n<p>Le <strong>imprese<\/strong> sono, insomma, attori sociali con un forte ruolo positivo, per creare ricchezza, lavoro, benessere diffuso, futuro sostenibile per le nuove generazioni. E hanno tutto il diritto di venire considerate, da chi governa (Draghi lo sa bene) e soprattutto da chi governer\u00e0, interlocutori essenziali per la crescita economica di lungo periodo (lo documentano i 18 punti del documento discusso alla fine di luglio dal Consiglio generale di Confindustria, di cui abbiamo parlato in questo blog).<\/p>\n<p>Inflazione e crisi energetica mettono naturalmente in grandissima difficolt\u00e0 il mondo produttivo. E sono necessarie misure urgenti per affrontare l\u2019emergenza. Chi conosce il nostro mondo manifatturiero, comunque, sa bene che al suo interno ci sono risorse straordinarie per fare da pilastri della ripresa, proprio com\u2019\u00e8 gi\u00e0 successo dopo la fase pi\u00f9 acuta della pandemia, con la crescita economica maggiore d\u2019Europa.<\/p>\n<p>Ha dunque ragione chi (Ferruccio de Bortoli, Corriere della Sera, 29 agosto) sollecita \u201cil giorno delle imprese\u201d, con \u201cuna tregua nel dibattito elettorale sulla spesa pubblica, per discutere solo di aziende, competenze, studio, ricerca, innovazione, competitivit\u00e0\u201d e affrontare, con sguardo lungimirante, \u201cla parte pi\u00f9 faticosa della costruzione di una societ\u00e0 futura\u201d. Sviluppo e non assistenzialismo, investimenti produttivi e non sussidi ai danni di un gi\u00e0 altissimo debito pubblico. Mercato e concorrenza secondo qualit\u00e0 e sostenibilit\u00e0 e non statalismo economico. Facendo tesoro proprio dell\u2019applauditissimo discorso di Draghi al Meeting di Rimini: \u201cIl nostro posto \u00e8 al centro dell\u2019Europa. Sovranismo e protezionismo non fanno l\u2019interesse del Paese\u201d.<\/p>\n<p>Le imprese ne sono attivamente consapevoli. Sarebbe indispensabile lo imparassero anche la maggior parte dei politici.<\/p>\n","protected":false},"excerpt":{"rendered":"<p>Andiamo a passi incerti e dolorosi verso \u201cl\u2019inverno del nostro scontento\u201d, per dirla con le parole del \u201cRiccardo III\u201d di Shakespeare e del drammatico romanzo di John Steinbeck. Un autunno e un inverno in cui rischiamo \u201cun uragano\u201d o \u201cuno tsunami\u201d, secondo i giudizi ricorrenti nei discorsi di banchieri, imprenditori e personalit\u00e0 dell\u2019economia internazionale. La [&hellip;]<\/p>\n","protected":false},"author":9,"featured_media":91625,"comment_status":"open","ping_status":"open","sticky":false,"template":"","format":"standard","meta":{"footnotes":""},"categories":[53,52],"tags":[],"class_list":["post-91549","post","type-post","status-publish","format-standard","has-post-thumbnail","hentry","category-blog","category-cultura-dimpresa"],"acf":[],"yoast_head":"<!-- This site is optimized with the Yoast SEO plugin v25.0 - https:\/\/yoast.com\/wordpress\/plugins\/seo\/ -->\n<title>Ascoltare le imprese: produttivit\u00e0 e innovazione e non spesa pubblica per l\u2019economia assistita\u00a0 - Fondazione Pirelli<\/title>\n<meta name=\"robots\" content=\"index, follow, max-snippet:-1, max-image-preview:large, max-video-preview:-1\" \/>\n<link rel=\"canonical\" href=\"https:\/\/www.fondazionepirelli.org\/it\/cultura-dimpresa\/ascoltare-le-imprese-produttivita-e-innovazione-e-non-spesa-pubblica-per-leconomia-assistita\/\" \/>\n<meta property=\"og:locale\" content=\"it_IT\" \/>\n<meta property=\"og:type\" content=\"article\" \/>\n<meta property=\"og:title\" content=\"Ascoltare le imprese: produttivit\u00e0 e innovazione e non spesa pubblica per l\u2019economia assistita\u00a0 - Fondazione Pirelli\" \/>\n<meta property=\"og:description\" content=\"Andiamo a passi incerti e dolorosi verso \u201cl\u2019inverno del nostro scontento\u201d, per dirla con le parole del \u201cRiccardo III\u201d di Shakespeare e del drammatico romanzo di John Steinbeck. Un autunno e un inverno in cui rischiamo \u201cun uragano\u201d o \u201cuno tsunami\u201d, secondo i giudizi ricorrenti nei discorsi di banchieri, imprenditori e personalit\u00e0 dell\u2019economia internazionale. La [&hellip;]\" \/>\n<meta property=\"og:url\" content=\"https:\/\/127.0.0.1\/it\/cultura-dimpresa\/ascoltare-le-imprese-produttivita-e-innovazione-e-non-spesa-pubblica-per-leconomia-assistita\/\" \/>\n<meta property=\"og:site_name\" content=\"Fondazione Pirelli\" \/>\n<meta property=\"article:published_time\" content=\"2022-08-30T10:19:52+00:00\" \/>\n<meta property=\"og:image\" content=\"https:\/\/wpsite-assets.fondazionepirelli.org\/wp-content\/uploads\/2022\/08\/30111946\/GettyImages-1359697257.jpg\" \/>\n\t<meta property=\"og:image:width\" content=\"5660\" \/>\n\t<meta property=\"og:image:height\" content=\"3774\" \/>\n\t<meta property=\"og:image:type\" content=\"image\/jpeg\" \/>\n<meta name=\"author\" content=\"fondazionepirelli\" \/>\n<meta name=\"twitter:card\" content=\"summary_large_image\" \/>\n<meta name=\"twitter:label1\" content=\"Scritto da\" \/>\n\t<meta name=\"twitter:data1\" content=\"fondazionepirelli\" \/>\n\t<meta name=\"twitter:label2\" content=\"Tempo di lettura stimato\" \/>\n\t<meta name=\"twitter:data2\" content=\"5 minuti\" \/>\n<script type=\"application\/ld+json\" class=\"yoast-schema-graph\">{\"@context\":\"https:\/\/schema.org\",\"@graph\":[{\"@type\":\"WebPage\",\"@id\":\"https:\/\/127.0.0.1\/it\/cultura-dimpresa\/ascoltare-le-imprese-produttivita-e-innovazione-e-non-spesa-pubblica-per-leconomia-assistita\/\",\"url\":\"https:\/\/127.0.0.1\/it\/cultura-dimpresa\/ascoltare-le-imprese-produttivita-e-innovazione-e-non-spesa-pubblica-per-leconomia-assistita\/\",\"name\":\"Ascoltare le imprese: produttivit\u00e0 e innovazione e non spesa pubblica per l\u2019economia assistita\u00a0 - Fondazione Pirelli\",\"isPartOf\":{\"@id\":\"https:\/\/www.fondazionepirelli.org\/it\/#website\"},\"primaryImageOfPage\":{\"@id\":\"https:\/\/127.0.0.1\/it\/cultura-dimpresa\/ascoltare-le-imprese-produttivita-e-innovazione-e-non-spesa-pubblica-per-leconomia-assistita\/#primaryimage\"},\"image\":{\"@id\":\"https:\/\/127.0.0.1\/it\/cultura-dimpresa\/ascoltare-le-imprese-produttivita-e-innovazione-e-non-spesa-pubblica-per-leconomia-assistita\/#primaryimage\"},\"thumbnailUrl\":\"https:\/\/wpsite-assets.fondazionepirelli.org\/wp-content\/uploads\/2022\/08\/30111946\/GettyImages-1359697257.jpg\",\"datePublished\":\"2022-08-30T10:19:52+00:00\",\"author\":{\"@id\":\"https:\/\/www.fondazionepirelli.org\/it\/#\/schema\/person\/c31fcf5937a0e6afa45497f3f8b6d7a0\"},\"breadcrumb\":{\"@id\":\"https:\/\/127.0.0.1\/it\/cultura-dimpresa\/ascoltare-le-imprese-produttivita-e-innovazione-e-non-spesa-pubblica-per-leconomia-assistita\/#breadcrumb\"},\"inLanguage\":\"it-IT\",\"potentialAction\":[{\"@type\":\"ReadAction\",\"target\":[\"https:\/\/127.0.0.1\/it\/cultura-dimpresa\/ascoltare-le-imprese-produttivita-e-innovazione-e-non-spesa-pubblica-per-leconomia-assistita\/\"]}]},{\"@type\":\"ImageObject\",\"inLanguage\":\"it-IT\",\"@id\":\"https:\/\/127.0.0.1\/it\/cultura-dimpresa\/ascoltare-le-imprese-produttivita-e-innovazione-e-non-spesa-pubblica-per-leconomia-assistita\/#primaryimage\",\"url\":\"https:\/\/wpsite-assets.fondazionepirelli.org\/wp-content\/uploads\/2022\/08\/30111946\/GettyImages-1359697257.jpg\",\"contentUrl\":\"https:\/\/wpsite-assets.fondazionepirelli.org\/wp-content\/uploads\/2022\/08\/30111946\/GettyImages-1359697257.jpg\",\"width\":5660,\"height\":3774,\"caption\":\"Automatic industrial robotic robot working, industry 4.0 and technology concept\"},{\"@type\":\"BreadcrumbList\",\"@id\":\"https:\/\/127.0.0.1\/it\/cultura-dimpresa\/ascoltare-le-imprese-produttivita-e-innovazione-e-non-spesa-pubblica-per-leconomia-assistita\/#breadcrumb\",\"itemListElement\":[{\"@type\":\"ListItem\",\"position\":1,\"name\":\"Home\",\"item\":\"https:\/\/www.fondazionepirelli.org\/it\/\"},{\"@type\":\"ListItem\",\"position\":2,\"name\":\"Ascoltare le imprese: produttivit\u00e0 e innovazione e non spesa pubblica per l\u2019economia assistita\u00a0\"}]},{\"@type\":\"WebSite\",\"@id\":\"https:\/\/www.fondazionepirelli.org\/it\/#website\",\"url\":\"https:\/\/www.fondazionepirelli.org\/it\/\",\"name\":\"Fondazione Pirelli\",\"description\":\"\",\"potentialAction\":[{\"@type\":\"SearchAction\",\"target\":{\"@type\":\"EntryPoint\",\"urlTemplate\":\"https:\/\/www.fondazionepirelli.org\/it\/?s={search_term_string}\"},\"query-input\":{\"@type\":\"PropertyValueSpecification\",\"valueRequired\":true,\"valueName\":\"search_term_string\"}}],\"inLanguage\":\"it-IT\"},{\"@type\":\"Person\",\"@id\":\"https:\/\/www.fondazionepirelli.org\/it\/#\/schema\/person\/c31fcf5937a0e6afa45497f3f8b6d7a0\",\"name\":\"fondazionepirelli\",\"image\":{\"@type\":\"ImageObject\",\"inLanguage\":\"it-IT\",\"@id\":\"https:\/\/www.fondazionepirelli.org\/it\/#\/schema\/person\/image\/\",\"url\":\"https:\/\/secure.gravatar.com\/avatar\/9cb486421ce1d6eddbf6c4fb66841b4325b786695f7aedf1dde2222428218696?s=96&d=mm&r=g\",\"contentUrl\":\"https:\/\/secure.gravatar.com\/avatar\/9cb486421ce1d6eddbf6c4fb66841b4325b786695f7aedf1dde2222428218696?s=96&d=mm&r=g\",\"caption\":\"fondazionepirelli\"},\"url\":\"https:\/\/www.fondazionepirelli.org\/it\/author\/fondazionepirelli\/\"}]}<\/script>\n<!-- \/ Yoast SEO plugin. -->","yoast_head_json":{"title":"Ascoltare le imprese: produttivit\u00e0 e innovazione e non spesa pubblica per l\u2019economia assistita\u00a0 - Fondazione Pirelli","robots":{"index":"index","follow":"follow","max-snippet":"max-snippet:-1","max-image-preview":"max-image-preview:large","max-video-preview":"max-video-preview:-1"},"canonical":"https:\/\/www.fondazionepirelli.org\/it\/cultura-dimpresa\/ascoltare-le-imprese-produttivita-e-innovazione-e-non-spesa-pubblica-per-leconomia-assistita\/","og_locale":"it_IT","og_type":"article","og_title":"Ascoltare le imprese: produttivit\u00e0 e innovazione e non spesa pubblica per l\u2019economia assistita\u00a0 - Fondazione Pirelli","og_description":"Andiamo a passi incerti e dolorosi verso \u201cl\u2019inverno del nostro scontento\u201d, per dirla con le parole del \u201cRiccardo III\u201d di Shakespeare e del drammatico romanzo di John Steinbeck. Un autunno e un inverno in cui rischiamo \u201cun uragano\u201d o \u201cuno tsunami\u201d, secondo i giudizi ricorrenti nei discorsi di banchieri, imprenditori e personalit\u00e0 dell\u2019economia internazionale. La [&hellip;]","og_url":"https:\/\/127.0.0.1\/it\/cultura-dimpresa\/ascoltare-le-imprese-produttivita-e-innovazione-e-non-spesa-pubblica-per-leconomia-assistita\/","og_site_name":"Fondazione Pirelli","article_published_time":"2022-08-30T10:19:52+00:00","og_image":[{"width":5660,"height":3774,"url":"https:\/\/wpsite-assets.fondazionepirelli.org\/wp-content\/uploads\/2022\/08\/30111946\/GettyImages-1359697257.jpg","type":"image\/jpeg"}],"author":"fondazionepirelli","twitter_card":"summary_large_image","twitter_misc":{"Scritto da":"fondazionepirelli","Tempo di lettura stimato":"5 minuti"},"schema":{"@context":"https:\/\/schema.org","@graph":[{"@type":"WebPage","@id":"https:\/\/127.0.0.1\/it\/cultura-dimpresa\/ascoltare-le-imprese-produttivita-e-innovazione-e-non-spesa-pubblica-per-leconomia-assistita\/","url":"https:\/\/127.0.0.1\/it\/cultura-dimpresa\/ascoltare-le-imprese-produttivita-e-innovazione-e-non-spesa-pubblica-per-leconomia-assistita\/","name":"Ascoltare le imprese: produttivit\u00e0 e innovazione e non spesa pubblica per l\u2019economia assistita\u00a0 - Fondazione Pirelli","isPartOf":{"@id":"https:\/\/www.fondazionepirelli.org\/it\/#website"},"primaryImageOfPage":{"@id":"https:\/\/127.0.0.1\/it\/cultura-dimpresa\/ascoltare-le-imprese-produttivita-e-innovazione-e-non-spesa-pubblica-per-leconomia-assistita\/#primaryimage"},"image":{"@id":"https:\/\/127.0.0.1\/it\/cultura-dimpresa\/ascoltare-le-imprese-produttivita-e-innovazione-e-non-spesa-pubblica-per-leconomia-assistita\/#primaryimage"},"thumbnailUrl":"https:\/\/wpsite-assets.fondazionepirelli.org\/wp-content\/uploads\/2022\/08\/30111946\/GettyImages-1359697257.jpg","datePublished":"2022-08-30T10:19:52+00:00","author":{"@id":"https:\/\/www.fondazionepirelli.org\/it\/#\/schema\/person\/c31fcf5937a0e6afa45497f3f8b6d7a0"},"breadcrumb":{"@id":"https:\/\/127.0.0.1\/it\/cultura-dimpresa\/ascoltare-le-imprese-produttivita-e-innovazione-e-non-spesa-pubblica-per-leconomia-assistita\/#breadcrumb"},"inLanguage":"it-IT","potentialAction":[{"@type":"ReadAction","target":["https:\/\/127.0.0.1\/it\/cultura-dimpresa\/ascoltare-le-imprese-produttivita-e-innovazione-e-non-spesa-pubblica-per-leconomia-assistita\/"]}]},{"@type":"ImageObject","inLanguage":"it-IT","@id":"https:\/\/127.0.0.1\/it\/cultura-dimpresa\/ascoltare-le-imprese-produttivita-e-innovazione-e-non-spesa-pubblica-per-leconomia-assistita\/#primaryimage","url":"https:\/\/wpsite-assets.fondazionepirelli.org\/wp-content\/uploads\/2022\/08\/30111946\/GettyImages-1359697257.jpg","contentUrl":"https:\/\/wpsite-assets.fondazionepirelli.org\/wp-content\/uploads\/2022\/08\/30111946\/GettyImages-1359697257.jpg","width":5660,"height":3774,"caption":"Automatic industrial robotic robot working, industry 4.0 and technology concept"},{"@type":"BreadcrumbList","@id":"https:\/\/127.0.0.1\/it\/cultura-dimpresa\/ascoltare-le-imprese-produttivita-e-innovazione-e-non-spesa-pubblica-per-leconomia-assistita\/#breadcrumb","itemListElement":[{"@type":"ListItem","position":1,"name":"Home","item":"https:\/\/www.fondazionepirelli.org\/it\/"},{"@type":"ListItem","position":2,"name":"Ascoltare le imprese: produttivit\u00e0 e innovazione e non spesa pubblica per l\u2019economia assistita\u00a0"}]},{"@type":"WebSite","@id":"https:\/\/www.fondazionepirelli.org\/it\/#website","url":"https:\/\/www.fondazionepirelli.org\/it\/","name":"Fondazione Pirelli","description":"","potentialAction":[{"@type":"SearchAction","target":{"@type":"EntryPoint","urlTemplate":"https:\/\/www.fondazionepirelli.org\/it\/?s={search_term_string}"},"query-input":{"@type":"PropertyValueSpecification","valueRequired":true,"valueName":"search_term_string"}}],"inLanguage":"it-IT"},{"@type":"Person","@id":"https:\/\/www.fondazionepirelli.org\/it\/#\/schema\/person\/c31fcf5937a0e6afa45497f3f8b6d7a0","name":"fondazionepirelli","image":{"@type":"ImageObject","inLanguage":"it-IT","@id":"https:\/\/www.fondazionepirelli.org\/it\/#\/schema\/person\/image\/","url":"https:\/\/secure.gravatar.com\/avatar\/9cb486421ce1d6eddbf6c4fb66841b4325b786695f7aedf1dde2222428218696?s=96&d=mm&r=g","contentUrl":"https:\/\/secure.gravatar.com\/avatar\/9cb486421ce1d6eddbf6c4fb66841b4325b786695f7aedf1dde2222428218696?s=96&d=mm&r=g","caption":"fondazionepirelli"},"url":"https:\/\/www.fondazionepirelli.org\/it\/author\/fondazionepirelli\/"}]}},"_links":{"self":[{"href":"https:\/\/www.fondazionepirelli.org\/it\/wp-json\/wp\/v2\/posts\/91549\/"}],"collection":[{"href":"https:\/\/www.fondazionepirelli.org\/it\/wp-json\/wp\/v2\/posts\/"}],"about":[{"href":"https:\/\/www.fondazionepirelli.org\/it\/wp-json\/wp\/v2\/types\/post\/"}],"author":[{"embeddable":true,"href":"https:\/\/www.fondazionepirelli.org\/it\/wp-json\/wp\/v2\/users\/9\/"}],"replies":[{"embeddable":true,"href":"https:\/\/www.fondazionepirelli.org\/it\/wp-json\/wp\/v2\/comments\/?post=91549"}],"version-history":[{"count":2,"href":"https:\/\/www.fondazionepirelli.org\/it\/wp-json\/wp\/v2\/posts\/91549\/revisions\/"}],"predecessor-version":[{"id":91599,"href":"https:\/\/www.fondazionepirelli.org\/it\/wp-json\/wp\/v2\/posts\/91549\/revisions\/91599\/"}],"wp:featuredmedia":[{"embeddable":true,"href":"https:\/\/www.fondazionepirelli.org\/it\/wp-json\/wp\/v2\/media\/91625\/"}],"wp:attachment":[{"href":"https:\/\/www.fondazionepirelli.org\/it\/wp-json\/wp\/v2\/media\/?parent=91549"}],"wp:term":[{"taxonomy":"category","embeddable":true,"href":"https:\/\/www.fondazionepirelli.org\/it\/wp-json\/wp\/v2\/categories\/?post=91549"},{"taxonomy":"post_tag","embeddable":true,"href":"https:\/\/www.fondazionepirelli.org\/it\/wp-json\/wp\/v2\/tags\/?post=91549"}],"curies":[{"name":"wp","href":"https:\/\/api.w.org\/{rel}","templated":true}]}}