{"id":91756,"date":"2022-09-05T11:35:28","date_gmt":"2022-09-05T10:35:28","guid":{"rendered":"https:\/\/www.fondazionepirelli.org\/?p=91756"},"modified":"2022-09-05T11:35:28","modified_gmt":"2022-09-05T10:35:28","slug":"imprese-recuperate","status":"publish","type":"post","link":"https:\/\/www.fondazionepirelli.org\/it\/cultura-dimpresa\/imprese-recuperate\/","title":{"rendered":"\u201cImprese recuperate\u201d"},"content":{"rendered":"<p><em>In un libro appena pubblicato il racconto di un modo diverso di fare impresa<\/em><\/p>\n<p><strong>Fare impresa<\/strong> in modo diverso. \u00c8 il caso rappresentato da quelle che sono state definite come \u201cimprese recuperate\u201d che in Italia, dallo scoppio della crisi economico-finanziaria del 2008 a oggi, sono arrivate ad essere diverse decine e possono rappresentare non solo un fenomeno esemplare di diversa cultura d\u2019impresa, anche un metodo da applicare in numerose situazioni di crisi d\u2019impresa.<\/p>\n<p>Ad indagare sulle \u201cimprese recuperate\u201d, ci hanno pensato i componenti del Collettivo di Ricerca Sociale nell\u2019ambito di un lavoro di ricerca finanziato dal Dipartimento di Sociologia e Ricerca Sociale dell\u2019Universit\u00e0 Milano-Bicocca, nell&#8217;ambito delle attivit\u00e0 scientifiche del Progetto di Eccellenza 2018-2022. A dare forma di libro ai risultati dell\u2019indagine hanno lavorato Romolo Calcagno (dottore di ricerca in Sociologia e scienze sociali applicate presso l\u2019Universit\u00e0 di Roma Sapienza) e Leonard Mazzone (assegnista di ricerca in Filosofia sociale e politica all\u2019Universit\u00e0 Milano-Bicocca).<\/p>\n<p>L\u2019indagine ha cercato di mettere ordine nelle azioni di \u201crecupero\u201d delle aziende andate in crisi dal 2008 ad oggi e rinate in forma cooperativistica \u201cgrazie \u2013 viene e spiegato dai due curatori -, alla sinergia fra comunit\u00e0 solidali di lavoratori e lavoratrici e istituzioni pubbliche\u201d. Gli stessi sintetizzano quanto accaduto come \u201cun fenomeno esemplare e potenzialmente contagioso di reazione solidale\u201d ad una serie di effetti negativi dell\u2019evoluzione economica che spingono \u201cuna porzione crescente di risorse, umane e non, a diventare scarti\u201d. Oltre a riutilizzare e a ridare valore a queste risorse, viene ancora sottolineato, \u201cle imprese recuperate forniscono un esempio paradigmatico delle azioni di reciprocit\u00e0 solidale con cui la societ\u00e0 pu\u00f2 reagire alle derive obsolescenti del mercato a partire dai luoghi di lavoro\u201d.<\/p>\n<p>Il libro \u00e8 quindi la sintesi, da un lato, di quanto accaduto e, dall\u2019altro, la storia dei diversi casi che hanno visto protagonisti imprese, lavoratori e territori. Dopo una prima parte dedicata all\u2019inquadramento storico e normativo del tema (il \u201crecupero\u201d delle imprese \u00e8 basato sulla \u201cLegge Marcora\u201d), gli autori approfondiscono 15 casi di \u201cimprese recuperate\u201d per cercare poi di capire cosa accada realmente in queste particolari forme di organizzazione della produzione e, quindi, provare a formulare una serie di proposte operative per migliorare i risultati di quanto intrapreso.<\/p>\n<p>Il libro di Calcagno e Mazzone \u00e8 certamente la storia di una serie di casi particolari, cos\u00ec come particolari possono essere per alcuni aspetti l\u2019approccio analitico, le basi teoriche di interpretazione della realt\u00e0 e i risultati della stessa analisi; ma la fatica letteraria e di ricerca raccontate, forniscono elementi inconsueti per migliorare la conoscenza dell\u2019evoluzione del sistema industriale italiano la cui cultura del produrre non appare monolitica ma, invece, variegata e vivace.<\/p><p><strong>Le imprese recuperate in Italia. Da un lavoro di inchiesta del Collettivo di Ricerca Sociale<\/strong><\/p>\n<p>Romolo Calcagno, Leonard Mazzone<\/p>\n<p>Castelvecchi Editore, 2022<\/p>\n","protected":false},"excerpt":{"rendered":"<p>In un libro appena pubblicato il racconto di un modo diverso di fare impresa Fare impresa in modo diverso. \u00c8 il caso rappresentato da quelle che sono state definite come \u201cimprese recuperate\u201d che in Italia, dallo scoppio della crisi economico-finanziaria del 2008 a oggi, sono arrivate ad essere diverse decine e possono rappresentare non solo [&hellip;]<\/p>\n","protected":false},"author":9,"featured_media":91757,"comment_status":"open","ping_status":"open","sticky":false,"template":"","format":"standard","meta":{"footnotes":""},"categories":[52,58],"tags":[],"class_list":["post-91756","post","type-post","status-publish","format-standard","has-post-thumbnail","hentry","category-cultura-dimpresa","category-recensioni-libri"],"acf":[],"yoast_head":"<!-- This site is optimized with the Yoast SEO plugin v25.0 - https:\/\/yoast.com\/wordpress\/plugins\/seo\/ -->\n<title>\u201cImprese recuperate\u201d - Fondazione Pirelli<\/title>\n<meta name=\"robots\" content=\"index, follow, max-snippet:-1, max-image-preview:large, max-video-preview:-1\" \/>\n<link rel=\"canonical\" href=\"https:\/\/www.fondazionepirelli.org\/it\/cultura-dimpresa\/imprese-recuperate\/\" \/>\n<meta property=\"og:locale\" content=\"it_IT\" \/>\n<meta property=\"og:type\" content=\"article\" \/>\n<meta property=\"og:title\" content=\"\u201cImprese recuperate\u201d - Fondazione Pirelli\" \/>\n<meta property=\"og:description\" content=\"In un libro appena pubblicato il racconto di un modo diverso di fare impresa Fare impresa in modo diverso. \u00c8 il caso rappresentato da quelle che sono state definite come \u201cimprese recuperate\u201d che in Italia, dallo scoppio della crisi economico-finanziaria del 2008 a oggi, sono arrivate ad essere diverse decine e possono rappresentare non solo [&hellip;]\" \/>\n<meta property=\"og:url\" content=\"https:\/\/www.fondazionepirelli.org\/it\/cultura-dimpresa\/imprese-recuperate\/\" \/>\n<meta property=\"og:site_name\" content=\"Fondazione Pirelli\" \/>\n<meta property=\"article:published_time\" content=\"2022-09-05T10:35:28+00:00\" \/>\n<meta property=\"og:image\" content=\"https:\/\/wpsite-assets.fondazionepirelli.org\/wp-content\/uploads\/2022\/09\/05113329\/9788832908374_0_536_0_75.jpg\" \/>\n\t<meta property=\"og:image:width\" content=\"536\" \/>\n\t<meta property=\"og:image:height\" content=\"757\" \/>\n\t<meta property=\"og:image:type\" content=\"image\/jpeg\" \/>\n<meta name=\"author\" content=\"fondazionepirelli\" \/>\n<meta name=\"twitter:card\" content=\"summary_large_image\" \/>\n<meta name=\"twitter:label1\" content=\"Scritto da\" \/>\n\t<meta name=\"twitter:data1\" content=\"fondazionepirelli\" \/>\n\t<meta name=\"twitter:label2\" content=\"Tempo di lettura stimato\" \/>\n\t<meta name=\"twitter:data2\" content=\"2 minuti\" \/>\n<script type=\"application\/ld+json\" class=\"yoast-schema-graph\">{\"@context\":\"https:\/\/schema.org\",\"@graph\":[{\"@type\":\"WebPage\",\"@id\":\"https:\/\/www.fondazionepirelli.org\/it\/cultura-dimpresa\/imprese-recuperate\/\",\"url\":\"https:\/\/www.fondazionepirelli.org\/it\/cultura-dimpresa\/imprese-recuperate\/\",\"name\":\"\u201cImprese recuperate\u201d - Fondazione Pirelli\",\"isPartOf\":{\"@id\":\"https:\/\/www.fondazionepirelli.org\/it\/#website\"},\"primaryImageOfPage\":{\"@id\":\"https:\/\/www.fondazionepirelli.org\/it\/cultura-dimpresa\/imprese-recuperate\/#primaryimage\"},\"image\":{\"@id\":\"https:\/\/www.fondazionepirelli.org\/it\/cultura-dimpresa\/imprese-recuperate\/#primaryimage\"},\"thumbnailUrl\":\"https:\/\/wpsite-assets.fondazionepirelli.org\/wp-content\/uploads\/2022\/09\/05113329\/9788832908374_0_536_0_75.jpg\",\"datePublished\":\"2022-09-05T10:35:28+00:00\",\"author\":{\"@id\":\"https:\/\/www.fondazionepirelli.org\/it\/#\/schema\/person\/c31fcf5937a0e6afa45497f3f8b6d7a0\"},\"breadcrumb\":{\"@id\":\"https:\/\/www.fondazionepirelli.org\/it\/cultura-dimpresa\/imprese-recuperate\/#breadcrumb\"},\"inLanguage\":\"it-IT\",\"potentialAction\":[{\"@type\":\"ReadAction\",\"target\":[\"https:\/\/www.fondazionepirelli.org\/it\/cultura-dimpresa\/imprese-recuperate\/\"]}]},{\"@type\":\"ImageObject\",\"inLanguage\":\"it-IT\",\"@id\":\"https:\/\/www.fondazionepirelli.org\/it\/cultura-dimpresa\/imprese-recuperate\/#primaryimage\",\"url\":\"https:\/\/wpsite-assets.fondazionepirelli.org\/wp-content\/uploads\/2022\/09\/05113329\/9788832908374_0_536_0_75.jpg\",\"contentUrl\":\"https:\/\/wpsite-assets.fondazionepirelli.org\/wp-content\/uploads\/2022\/09\/05113329\/9788832908374_0_536_0_75.jpg\",\"width\":536,\"height\":757},{\"@type\":\"BreadcrumbList\",\"@id\":\"https:\/\/www.fondazionepirelli.org\/it\/cultura-dimpresa\/imprese-recuperate\/#breadcrumb\",\"itemListElement\":[{\"@type\":\"ListItem\",\"position\":1,\"name\":\"Home\",\"item\":\"https:\/\/www.fondazionepirelli.org\/it\/\"},{\"@type\":\"ListItem\",\"position\":2,\"name\":\"\u201cImprese recuperate\u201d\"}]},{\"@type\":\"WebSite\",\"@id\":\"https:\/\/www.fondazionepirelli.org\/it\/#website\",\"url\":\"https:\/\/www.fondazionepirelli.org\/it\/\",\"name\":\"Fondazione Pirelli\",\"description\":\"\",\"potentialAction\":[{\"@type\":\"SearchAction\",\"target\":{\"@type\":\"EntryPoint\",\"urlTemplate\":\"https:\/\/www.fondazionepirelli.org\/it\/?s={search_term_string}\"},\"query-input\":{\"@type\":\"PropertyValueSpecification\",\"valueRequired\":true,\"valueName\":\"search_term_string\"}}],\"inLanguage\":\"it-IT\"},{\"@type\":\"Person\",\"@id\":\"https:\/\/www.fondazionepirelli.org\/it\/#\/schema\/person\/c31fcf5937a0e6afa45497f3f8b6d7a0\",\"name\":\"fondazionepirelli\",\"image\":{\"@type\":\"ImageObject\",\"inLanguage\":\"it-IT\",\"@id\":\"https:\/\/www.fondazionepirelli.org\/it\/#\/schema\/person\/image\/\",\"url\":\"https:\/\/secure.gravatar.com\/avatar\/9cb486421ce1d6eddbf6c4fb66841b4325b786695f7aedf1dde2222428218696?s=96&d=mm&r=g\",\"contentUrl\":\"https:\/\/secure.gravatar.com\/avatar\/9cb486421ce1d6eddbf6c4fb66841b4325b786695f7aedf1dde2222428218696?s=96&d=mm&r=g\",\"caption\":\"fondazionepirelli\"},\"url\":\"https:\/\/www.fondazionepirelli.org\/it\/author\/fondazionepirelli\/\"}]}<\/script>\n<!-- \/ Yoast SEO plugin. -->","yoast_head_json":{"title":"\u201cImprese recuperate\u201d - Fondazione Pirelli","robots":{"index":"index","follow":"follow","max-snippet":"max-snippet:-1","max-image-preview":"max-image-preview:large","max-video-preview":"max-video-preview:-1"},"canonical":"https:\/\/www.fondazionepirelli.org\/it\/cultura-dimpresa\/imprese-recuperate\/","og_locale":"it_IT","og_type":"article","og_title":"\u201cImprese recuperate\u201d - Fondazione Pirelli","og_description":"In un libro appena pubblicato il racconto di un modo diverso di fare impresa Fare impresa in modo diverso. \u00c8 il caso rappresentato da quelle che sono state definite come \u201cimprese recuperate\u201d che in Italia, dallo scoppio della crisi economico-finanziaria del 2008 a oggi, sono arrivate ad essere diverse decine e possono rappresentare non solo [&hellip;]","og_url":"https:\/\/www.fondazionepirelli.org\/it\/cultura-dimpresa\/imprese-recuperate\/","og_site_name":"Fondazione Pirelli","article_published_time":"2022-09-05T10:35:28+00:00","og_image":[{"width":536,"height":757,"url":"https:\/\/wpsite-assets.fondazionepirelli.org\/wp-content\/uploads\/2022\/09\/05113329\/9788832908374_0_536_0_75.jpg","type":"image\/jpeg"}],"author":"fondazionepirelli","twitter_card":"summary_large_image","twitter_misc":{"Scritto da":"fondazionepirelli","Tempo di lettura stimato":"2 minuti"},"schema":{"@context":"https:\/\/schema.org","@graph":[{"@type":"WebPage","@id":"https:\/\/www.fondazionepirelli.org\/it\/cultura-dimpresa\/imprese-recuperate\/","url":"https:\/\/www.fondazionepirelli.org\/it\/cultura-dimpresa\/imprese-recuperate\/","name":"\u201cImprese recuperate\u201d - Fondazione Pirelli","isPartOf":{"@id":"https:\/\/www.fondazionepirelli.org\/it\/#website"},"primaryImageOfPage":{"@id":"https:\/\/www.fondazionepirelli.org\/it\/cultura-dimpresa\/imprese-recuperate\/#primaryimage"},"image":{"@id":"https:\/\/www.fondazionepirelli.org\/it\/cultura-dimpresa\/imprese-recuperate\/#primaryimage"},"thumbnailUrl":"https:\/\/wpsite-assets.fondazionepirelli.org\/wp-content\/uploads\/2022\/09\/05113329\/9788832908374_0_536_0_75.jpg","datePublished":"2022-09-05T10:35:28+00:00","author":{"@id":"https:\/\/www.fondazionepirelli.org\/it\/#\/schema\/person\/c31fcf5937a0e6afa45497f3f8b6d7a0"},"breadcrumb":{"@id":"https:\/\/www.fondazionepirelli.org\/it\/cultura-dimpresa\/imprese-recuperate\/#breadcrumb"},"inLanguage":"it-IT","potentialAction":[{"@type":"ReadAction","target":["https:\/\/www.fondazionepirelli.org\/it\/cultura-dimpresa\/imprese-recuperate\/"]}]},{"@type":"ImageObject","inLanguage":"it-IT","@id":"https:\/\/www.fondazionepirelli.org\/it\/cultura-dimpresa\/imprese-recuperate\/#primaryimage","url":"https:\/\/wpsite-assets.fondazionepirelli.org\/wp-content\/uploads\/2022\/09\/05113329\/9788832908374_0_536_0_75.jpg","contentUrl":"https:\/\/wpsite-assets.fondazionepirelli.org\/wp-content\/uploads\/2022\/09\/05113329\/9788832908374_0_536_0_75.jpg","width":536,"height":757},{"@type":"BreadcrumbList","@id":"https:\/\/www.fondazionepirelli.org\/it\/cultura-dimpresa\/imprese-recuperate\/#breadcrumb","itemListElement":[{"@type":"ListItem","position":1,"name":"Home","item":"https:\/\/www.fondazionepirelli.org\/it\/"},{"@type":"ListItem","position":2,"name":"\u201cImprese recuperate\u201d"}]},{"@type":"WebSite","@id":"https:\/\/www.fondazionepirelli.org\/it\/#website","url":"https:\/\/www.fondazionepirelli.org\/it\/","name":"Fondazione Pirelli","description":"","potentialAction":[{"@type":"SearchAction","target":{"@type":"EntryPoint","urlTemplate":"https:\/\/www.fondazionepirelli.org\/it\/?s={search_term_string}"},"query-input":{"@type":"PropertyValueSpecification","valueRequired":true,"valueName":"search_term_string"}}],"inLanguage":"it-IT"},{"@type":"Person","@id":"https:\/\/www.fondazionepirelli.org\/it\/#\/schema\/person\/c31fcf5937a0e6afa45497f3f8b6d7a0","name":"fondazionepirelli","image":{"@type":"ImageObject","inLanguage":"it-IT","@id":"https:\/\/www.fondazionepirelli.org\/it\/#\/schema\/person\/image\/","url":"https:\/\/secure.gravatar.com\/avatar\/9cb486421ce1d6eddbf6c4fb66841b4325b786695f7aedf1dde2222428218696?s=96&d=mm&r=g","contentUrl":"https:\/\/secure.gravatar.com\/avatar\/9cb486421ce1d6eddbf6c4fb66841b4325b786695f7aedf1dde2222428218696?s=96&d=mm&r=g","caption":"fondazionepirelli"},"url":"https:\/\/www.fondazionepirelli.org\/it\/author\/fondazionepirelli\/"}]}},"_links":{"self":[{"href":"https:\/\/www.fondazionepirelli.org\/it\/wp-json\/wp\/v2\/posts\/91756\/"}],"collection":[{"href":"https:\/\/www.fondazionepirelli.org\/it\/wp-json\/wp\/v2\/posts\/"}],"about":[{"href":"https:\/\/www.fondazionepirelli.org\/it\/wp-json\/wp\/v2\/types\/post\/"}],"author":[{"embeddable":true,"href":"https:\/\/www.fondazionepirelli.org\/it\/wp-json\/wp\/v2\/users\/9\/"}],"replies":[{"embeddable":true,"href":"https:\/\/www.fondazionepirelli.org\/it\/wp-json\/wp\/v2\/comments\/?post=91756"}],"version-history":[{"count":1,"href":"https:\/\/www.fondazionepirelli.org\/it\/wp-json\/wp\/v2\/posts\/91756\/revisions\/"}],"predecessor-version":[{"id":91759,"href":"https:\/\/www.fondazionepirelli.org\/it\/wp-json\/wp\/v2\/posts\/91756\/revisions\/91759\/"}],"wp:featuredmedia":[{"embeddable":true,"href":"https:\/\/www.fondazionepirelli.org\/it\/wp-json\/wp\/v2\/media\/91757\/"}],"wp:attachment":[{"href":"https:\/\/www.fondazionepirelli.org\/it\/wp-json\/wp\/v2\/media\/?parent=91756"}],"wp:term":[{"taxonomy":"category","embeddable":true,"href":"https:\/\/www.fondazionepirelli.org\/it\/wp-json\/wp\/v2\/categories\/?post=91756"},{"taxonomy":"post_tag","embeddable":true,"href":"https:\/\/www.fondazionepirelli.org\/it\/wp-json\/wp\/v2\/tags\/?post=91756"}],"curies":[{"name":"wp","href":"https:\/\/api.w.org\/{rel}","templated":true}]}}