{"id":92013,"date":"2022-09-20T09:31:51","date_gmt":"2022-09-20T08:31:51","guid":{"rendered":"https:\/\/www.fondazionepirelli.org\/?p=92013"},"modified":"2022-09-20T09:31:51","modified_gmt":"2022-09-20T08:31:51","slug":"rileggere-larticolo-9-della-costituzione-su-cultura-scienza-e-ambiente-per-fare-dellitalia-il-centro-dun-nuovo-bauhaus","status":"publish","type":"post","link":"https:\/\/www.fondazionepirelli.org\/it\/cultura-dimpresa\/rileggere-larticolo-9-della-costituzione-su-cultura-scienza-e-ambiente-per-fare-dellitalia-il-centro-dun-nuovo-bauhaus\/","title":{"rendered":"Rileggere l\u2019articolo 9 della Costituzione su cultura, scienza e ambiente per fare dell\u2019Italia il centro d\u2019un nuovo Bauhaus"},"content":{"rendered":"<p>Rileggere l\u2019articolo 9 della <strong>Costituzione<\/strong>, per ragionare sulle strategie e sulla qualit\u00e0 dello sviluppo economico e sociale del nostro Paese. E riflettere sull&#8217;attualit\u00e0 dell\u2019impegno formale e solenne secondo cui \u201cla Repubblica promuove lo sviluppo della cultura e la ricerca scientifica e tecnica\u201d e \u201ctutela il paesaggio e il patrimonio storico e artistico della Nazione\u201d. Un impegno aggiornato, di recente, nel febbraio di quest\u2019anno, aggiungendo che \u201cla Repubblica tutela l&#8217;ambiente e l&#8217;ecosistema, protegge le biodiversit\u00e0 e gli animali, promuove lo sviluppo sostenibile, anche nell&#8217;interesse delle future generazioni\u201d.<\/p>\n<p>Delle valenze tradizionali e rinnovate dell\u2019articolo 9 si \u00e8 sentita chiara l\u2019eco durante la presentazione del Rapporto \u201cIo sono cultura 2022 &#8211; L\u2019Italia della qualit\u00e0 e della bellezza sfida la crisi\u201d, curato da <strong>Symbola<\/strong> e Unioncamere e discusso al MAXXI di Roma, ragionando sul valore economico del sistema produttivo culturale e creativo (88,6 miliardi, con capacit\u00e0 di attivazione di 252 miliardi e con 1,5 milioni di occupati) e sull&#8217;importanza dei processi e dei prodotti culturali per la competitivit\u00e0 e la crescita delle imprese italiane sui mercati internazionali. Stimolando anche la crescita della qualit\u00e0 e dell\u2019efficienza delle imprese culturali e creative.<\/p>\n<p>La strategia di fondo \u00e8 impegnativa: fare dell\u2019Italia, come sostiene <strong>Ermete Realacci<\/strong>, presidente di Symbola, \u201cla protagonista della nuovo Bauhaus fortemente voluto dalla Commissione Ue, per rinsaldare i legami tra il mondo della cultura e della creativit\u00e0 e i mondi della produzione, della scienza e della tecnologia, orientandoli alla transizione ecologica indicata dal Next Generation Ue\u201d<\/p>\n<p>Ecco l\u2019importanza della rilettura dell\u2019articolo 9 della Costituzione. Perch\u00e9? Per capire meglio, vale la pena fare un passo indietro nella storia.<\/p>\n<p>Quell&#8217;articolo sta tra i dodici \u201cPrincipi fondamentali\u201d. Durante i lavori dell\u2019Assemblea Costituente, nel 1946- \u201847, vi avevano dedicato profonda e competente attenzione Concetto Marchesi, uno dei maggiori latinisti del Novecento, comunista e Costantino Mortati, costituzionalista di grande competenza (sui suoi libri si sono formate generazioni di giuristi sino alla fine degli anni Sessanta), democristiano e il giovane, brillantissimo Aldo Moro. E al termine di un lungo e travagliato dibattito, si era arrivati a una formulazione originale, che non si ritrova in altre costituzioni novecentesche ma fa rivivere comunque i temi culturali, estetici ed etici della carta della Repubblica di Weimar (per cercare di saperne e capirne di pi\u00f9 si pu\u00f2 riprendere in mano il libro pubblicato nel 2018 da Carocci e curato da Tomaso Montanari nell&#8217;interessante collana dedicata appunto ai \u201cPrincipi fondamentali\u201d costituzionali).<\/p>\n<p>\u00c8 una formulazione che tiene insieme cultura umanistica e scienza, bellezza e tecnologia, patrimonio storico e artistico e, appunto, paesaggio: una vera e propria \u201ccultura politecnica\u201d. E apre la strada per una serie di augurabili scelte politiche in chiave di sviluppo sostenibile e di attuazione dei principi ESG (<em>enviromental, social <\/em>e <em>governance<\/em>), secondo le indicazioni dell\u2019Accordo di Parigi del 2015 per affrontare le conseguenze dei cambiamenti climatici.<\/p>\n<p>L\u2019articolo 9, appunto per queste caratteristiche, nel corso del tempo ha acquisito una crescente attualit\u00e0 (nonostante la drammatica incuria dell\u2019ambiente e del paesaggio, di cui continuiamo a subire le drammatiche conseguenze). E proprio oggi, con la nuova formulazione e nel contesto di una maggiore sensibilit\u00e0 internazionale, rilancia la sua forza normativa e programmatica, adatto com&#8217;\u00e8 alla nuova stagione della \u201c<strong>economia della conoscenza<\/strong>\u201d, della sostenibilit\u00e0 ambientale e sociali, della doppia transizione <em>green <\/em>e <em>digital<\/em> su cui rilanciare la collaborazione tra istituzioni pubbliche, imprese private e strutture del \u201cterzo settore\u201d.<\/p>\n<p>Le imprese italiane sono strette tra fratture e incertezze vecchie (la stagnante produttivit\u00e0 di sistema solo in parte compensata dalla produttivit\u00e0 della manifattura di qualit\u00e0, le crescenti carenze politiche e amministrative, l\u2019\u201cinverno demografico\u201d che incide negativamente sul PIL, la bassa scolarit\u00e0 generale sino al numero dei laureati nettamente al di sotto delle necessit\u00e0 del paese e dei confronti con gli altri paesi UE) e nuove (la crisi energetica, l\u2019inflazione, le ombre di recessione legate alla guerra in Ucraina e alle tensioni geopolitiche). Esprimono grandi preoccupazioni per il futuro. Eppure, come in tutte le crisi precedenti (dalla Grande Crisi finanziaria del 2008 alla pandemia da Covid19), sanno di poter contare sulla straordinaria capacit\u00e0 adattativa della propria intraprendenza, su una flessibilit\u00e0 innovativa che investe processi e prodotti, su una resilienza che non \u00e8 ripiegamento assistenziale e protezionistico ma forza di rapido ed efficace adattamento alle mutate condizioni di mercato.<\/p>\n<p>Il radicamento in territori ricchi di conoscenze legate al \u201cfare, e fare bene\u201d, la \u201ccultura politecnica\u201d del design e della qualit\u00e0, la vocazione internazionale, la capacit\u00e0 di coinvolgimento produttivo delle persone legate all&#8217;idea dell\u2019impresa come comunit\u00e0 responsabile sono valori forti, proprio in tempi di transizione e di nuove sfide. E le capacit\u00e0 di concepire l\u2019ambiente e la cultura come risorse, la bellezza come indicazione di qualit\u00e0, la storia come riferimento di futuro sono connotazioni su cui fare affidamento.<\/p>\n<p>Le politiche industriali nazionali ed europee per <strong>Industria 4.0<\/strong> hanno agevolato questo processo di innovazione e competitivit\u00e0. E si spera che adesso il governo che verr\u00e0 continui su questa strada, nell&#8217;interesse italiano nel contesto UE.<\/p>\n<p>La sostenibilit\u00e0 ambientale e sociale \u00e8 vissuta dalle imprese non come vincolo, ma come <em>asset <\/em>di competitivit\u00e0, con primati di livello europeo. La ricerca scientifica applicata rafforza la produttivit\u00e0 di distretti, reti, filiere produttive, <em>supply chain. <\/em>L\u2019impegno delle fondazioni che innervano i territori stimola, con l\u2019apertura degli ITS (Istituti tecnici superiori), i processi formativi in linea con le esigenze delle imprese.<\/p>\n<p>Questo quadro di riferimento &#8211; si \u00e8 detto durante il dibattito su \u201cIo sono cultura\u201d &#8211; stimola le imprese a investire sulle attivit\u00e0 culturali, non tanto in termini di mecenatismo (sempre comunque benvenuto) quanto soprattutto nella considerazione della cultura come strumento produttivo, elemento distintivo di prodotti e servizi, insistendo su una vera e propria \u201ccultura politecnica del made in Italy\u201d fondata su bellezza e qualit\u00e0, design, scienza, tecnologia e funzionalit\u00e0. Una cultura che connota meccanica e meccatronica, <em>automotive <\/em>e chimica, aerospazio e cantieristica navale, oltre che i settori tradizionali (arredamento, agroindustria, abbigliamento).<\/p>\n<p>Il saper fare \u00e8 essenziale. Ma non basta. Serve una svolta anche nel saper raccontare. Produrre. E rappresentare. Costruire un nuovo racconto dell\u2019Italia manifatturiera e produttiva. E stimolare, proprio riprendendo in mano le indicazioni strategiche dell\u2019articolo 9 della Costituzione, una nuova e profonda valorizzazione delle qualit\u00e0 del sistema Paese. Ricordando che \u201cl\u2019Italia deve fare bene l\u2019Italia\u201d, come ama dire Symbola. E dando corpo a quella straordinaria idea del \u201cpatriottismo dolce\u201d che aveva connotato la presidenza della Repubblica sotto la guida di Carlo Azeglio Ciampi, nel 150\u00b0 anniversario dell\u2019Unit\u00e0 d\u2019Italia.<\/p>","protected":false},"excerpt":{"rendered":"<p>Rileggere l\u2019articolo 9 della Costituzione, per ragionare sulle strategie e sulla qualit\u00e0 dello sviluppo economico e sociale del nostro Paese. E riflettere sull&#8217;attualit\u00e0 dell\u2019impegno formale e solenne secondo cui \u201cla Repubblica promuove lo sviluppo della cultura e la ricerca scientifica e tecnica\u201d e \u201ctutela il paesaggio e il patrimonio storico e artistico della Nazione\u201d. Un [&hellip;]<\/p>\n","protected":false},"author":9,"featured_media":92058,"comment_status":"open","ping_status":"open","sticky":false,"template":"","format":"standard","meta":{"footnotes":""},"categories":[53,52],"tags":[],"class_list":["post-92013","post","type-post","status-publish","format-standard","has-post-thumbnail","hentry","category-blog","category-cultura-dimpresa"],"acf":[],"yoast_head":"<!-- This site is optimized with the Yoast SEO plugin v25.0 - https:\/\/yoast.com\/wordpress\/plugins\/seo\/ -->\n<title>Rileggere l\u2019articolo 9 della Costituzione su cultura, scienza e ambiente per fare dell\u2019Italia il centro d\u2019un nuovo Bauhaus - Fondazione Pirelli<\/title>\n<meta name=\"robots\" content=\"index, follow, max-snippet:-1, max-image-preview:large, max-video-preview:-1\" \/>\n<link rel=\"canonical\" href=\"https:\/\/www.fondazionepirelli.org\/it\/cultura-dimpresa\/rileggere-larticolo-9-della-costituzione-su-cultura-scienza-e-ambiente-per-fare-dellitalia-il-centro-dun-nuovo-bauhaus\/\" \/>\n<meta property=\"og:locale\" content=\"it_IT\" \/>\n<meta property=\"og:type\" content=\"article\" \/>\n<meta property=\"og:title\" content=\"Rileggere l\u2019articolo 9 della Costituzione su cultura, scienza e ambiente per fare dell\u2019Italia il centro d\u2019un nuovo Bauhaus - Fondazione Pirelli\" \/>\n<meta property=\"og:description\" content=\"Rileggere l\u2019articolo 9 della Costituzione, per ragionare sulle strategie e sulla qualit\u00e0 dello sviluppo economico e sociale del nostro Paese. E riflettere sull&#8217;attualit\u00e0 dell\u2019impegno formale e solenne secondo cui \u201cla Repubblica promuove lo sviluppo della cultura e la ricerca scientifica e tecnica\u201d e \u201ctutela il paesaggio e il patrimonio storico e artistico della Nazione\u201d. Un [&hellip;]\" \/>\n<meta property=\"og:url\" content=\"https:\/\/127.0.0.1\/it\/cultura-dimpresa\/rileggere-larticolo-9-della-costituzione-su-cultura-scienza-e-ambiente-per-fare-dellitalia-il-centro-dun-nuovo-bauhaus\/\" \/>\n<meta property=\"og:site_name\" content=\"Fondazione Pirelli\" \/>\n<meta property=\"article:published_time\" content=\"2022-09-20T08:31:51+00:00\" \/>\n<meta property=\"og:image\" content=\"https:\/\/wpsite-assets.fondazionepirelli.org\/wp-content\/uploads\/2022\/09\/20093136\/GettyImages-1321364970-1.jpg\" \/>\n\t<meta property=\"og:image:width\" content=\"6720\" \/>\n\t<meta property=\"og:image:height\" content=\"4480\" \/>\n\t<meta property=\"og:image:type\" content=\"image\/jpeg\" \/>\n<meta name=\"author\" content=\"fondazionepirelli\" \/>\n<meta name=\"twitter:card\" content=\"summary_large_image\" \/>\n<meta name=\"twitter:label1\" content=\"Scritto da\" \/>\n\t<meta name=\"twitter:data1\" content=\"fondazionepirelli\" \/>\n\t<meta name=\"twitter:label2\" content=\"Tempo di lettura stimato\" \/>\n\t<meta name=\"twitter:data2\" content=\"5 minuti\" \/>\n<script type=\"application\/ld+json\" class=\"yoast-schema-graph\">{\"@context\":\"https:\/\/schema.org\",\"@graph\":[{\"@type\":\"WebPage\",\"@id\":\"https:\/\/127.0.0.1\/it\/cultura-dimpresa\/rileggere-larticolo-9-della-costituzione-su-cultura-scienza-e-ambiente-per-fare-dellitalia-il-centro-dun-nuovo-bauhaus\/\",\"url\":\"https:\/\/127.0.0.1\/it\/cultura-dimpresa\/rileggere-larticolo-9-della-costituzione-su-cultura-scienza-e-ambiente-per-fare-dellitalia-il-centro-dun-nuovo-bauhaus\/\",\"name\":\"Rileggere l\u2019articolo 9 della Costituzione su cultura, scienza e ambiente per fare dell\u2019Italia il centro d\u2019un nuovo Bauhaus - Fondazione Pirelli\",\"isPartOf\":{\"@id\":\"https:\/\/www.fondazionepirelli.org\/it\/#website\"},\"primaryImageOfPage\":{\"@id\":\"https:\/\/127.0.0.1\/it\/cultura-dimpresa\/rileggere-larticolo-9-della-costituzione-su-cultura-scienza-e-ambiente-per-fare-dellitalia-il-centro-dun-nuovo-bauhaus\/#primaryimage\"},\"image\":{\"@id\":\"https:\/\/127.0.0.1\/it\/cultura-dimpresa\/rileggere-larticolo-9-della-costituzione-su-cultura-scienza-e-ambiente-per-fare-dellitalia-il-centro-dun-nuovo-bauhaus\/#primaryimage\"},\"thumbnailUrl\":\"https:\/\/wpsite-assets.fondazionepirelli.org\/wp-content\/uploads\/2022\/09\/20093136\/GettyImages-1321364970-1.jpg\",\"datePublished\":\"2022-09-20T08:31:51+00:00\",\"author\":{\"@id\":\"https:\/\/www.fondazionepirelli.org\/it\/#\/schema\/person\/c31fcf5937a0e6afa45497f3f8b6d7a0\"},\"breadcrumb\":{\"@id\":\"https:\/\/127.0.0.1\/it\/cultura-dimpresa\/rileggere-larticolo-9-della-costituzione-su-cultura-scienza-e-ambiente-per-fare-dellitalia-il-centro-dun-nuovo-bauhaus\/#breadcrumb\"},\"inLanguage\":\"it-IT\",\"potentialAction\":[{\"@type\":\"ReadAction\",\"target\":[\"https:\/\/127.0.0.1\/it\/cultura-dimpresa\/rileggere-larticolo-9-della-costituzione-su-cultura-scienza-e-ambiente-per-fare-dellitalia-il-centro-dun-nuovo-bauhaus\/\"]}]},{\"@type\":\"ImageObject\",\"inLanguage\":\"it-IT\",\"@id\":\"https:\/\/127.0.0.1\/it\/cultura-dimpresa\/rileggere-larticolo-9-della-costituzione-su-cultura-scienza-e-ambiente-per-fare-dellitalia-il-centro-dun-nuovo-bauhaus\/#primaryimage\",\"url\":\"https:\/\/wpsite-assets.fondazionepirelli.org\/wp-content\/uploads\/2022\/09\/20093136\/GettyImages-1321364970-1.jpg\",\"contentUrl\":\"https:\/\/wpsite-assets.fondazionepirelli.org\/wp-content\/uploads\/2022\/09\/20093136\/GettyImages-1321364970-1.jpg\",\"width\":6720,\"height\":4480,\"caption\":\"Study of the legal component for the development of a business process.\"},{\"@type\":\"BreadcrumbList\",\"@id\":\"https:\/\/127.0.0.1\/it\/cultura-dimpresa\/rileggere-larticolo-9-della-costituzione-su-cultura-scienza-e-ambiente-per-fare-dellitalia-il-centro-dun-nuovo-bauhaus\/#breadcrumb\",\"itemListElement\":[{\"@type\":\"ListItem\",\"position\":1,\"name\":\"Home\",\"item\":\"https:\/\/www.fondazionepirelli.org\/it\/\"},{\"@type\":\"ListItem\",\"position\":2,\"name\":\"Rileggere l\u2019articolo 9 della Costituzione su cultura, scienza e ambiente per fare dell\u2019Italia il centro d\u2019un nuovo Bauhaus\"}]},{\"@type\":\"WebSite\",\"@id\":\"https:\/\/www.fondazionepirelli.org\/it\/#website\",\"url\":\"https:\/\/www.fondazionepirelli.org\/it\/\",\"name\":\"Fondazione Pirelli\",\"description\":\"\",\"potentialAction\":[{\"@type\":\"SearchAction\",\"target\":{\"@type\":\"EntryPoint\",\"urlTemplate\":\"https:\/\/www.fondazionepirelli.org\/it\/?s={search_term_string}\"},\"query-input\":{\"@type\":\"PropertyValueSpecification\",\"valueRequired\":true,\"valueName\":\"search_term_string\"}}],\"inLanguage\":\"it-IT\"},{\"@type\":\"Person\",\"@id\":\"https:\/\/www.fondazionepirelli.org\/it\/#\/schema\/person\/c31fcf5937a0e6afa45497f3f8b6d7a0\",\"name\":\"fondazionepirelli\",\"image\":{\"@type\":\"ImageObject\",\"inLanguage\":\"it-IT\",\"@id\":\"https:\/\/www.fondazionepirelli.org\/it\/#\/schema\/person\/image\/\",\"url\":\"https:\/\/secure.gravatar.com\/avatar\/9cb486421ce1d6eddbf6c4fb66841b4325b786695f7aedf1dde2222428218696?s=96&d=mm&r=g\",\"contentUrl\":\"https:\/\/secure.gravatar.com\/avatar\/9cb486421ce1d6eddbf6c4fb66841b4325b786695f7aedf1dde2222428218696?s=96&d=mm&r=g\",\"caption\":\"fondazionepirelli\"},\"url\":\"https:\/\/www.fondazionepirelli.org\/it\/author\/fondazionepirelli\/\"}]}<\/script>\n<!-- \/ Yoast SEO plugin. -->","yoast_head_json":{"title":"Rileggere l\u2019articolo 9 della Costituzione su cultura, scienza e ambiente per fare dell\u2019Italia il centro d\u2019un nuovo Bauhaus - Fondazione Pirelli","robots":{"index":"index","follow":"follow","max-snippet":"max-snippet:-1","max-image-preview":"max-image-preview:large","max-video-preview":"max-video-preview:-1"},"canonical":"https:\/\/www.fondazionepirelli.org\/it\/cultura-dimpresa\/rileggere-larticolo-9-della-costituzione-su-cultura-scienza-e-ambiente-per-fare-dellitalia-il-centro-dun-nuovo-bauhaus\/","og_locale":"it_IT","og_type":"article","og_title":"Rileggere l\u2019articolo 9 della Costituzione su cultura, scienza e ambiente per fare dell\u2019Italia il centro d\u2019un nuovo Bauhaus - Fondazione Pirelli","og_description":"Rileggere l\u2019articolo 9 della Costituzione, per ragionare sulle strategie e sulla qualit\u00e0 dello sviluppo economico e sociale del nostro Paese. E riflettere sull&#8217;attualit\u00e0 dell\u2019impegno formale e solenne secondo cui \u201cla Repubblica promuove lo sviluppo della cultura e la ricerca scientifica e tecnica\u201d e \u201ctutela il paesaggio e il patrimonio storico e artistico della Nazione\u201d. Un [&hellip;]","og_url":"https:\/\/127.0.0.1\/it\/cultura-dimpresa\/rileggere-larticolo-9-della-costituzione-su-cultura-scienza-e-ambiente-per-fare-dellitalia-il-centro-dun-nuovo-bauhaus\/","og_site_name":"Fondazione Pirelli","article_published_time":"2022-09-20T08:31:51+00:00","og_image":[{"width":6720,"height":4480,"url":"https:\/\/wpsite-assets.fondazionepirelli.org\/wp-content\/uploads\/2022\/09\/20093136\/GettyImages-1321364970-1.jpg","type":"image\/jpeg"}],"author":"fondazionepirelli","twitter_card":"summary_large_image","twitter_misc":{"Scritto da":"fondazionepirelli","Tempo di lettura stimato":"5 minuti"},"schema":{"@context":"https:\/\/schema.org","@graph":[{"@type":"WebPage","@id":"https:\/\/127.0.0.1\/it\/cultura-dimpresa\/rileggere-larticolo-9-della-costituzione-su-cultura-scienza-e-ambiente-per-fare-dellitalia-il-centro-dun-nuovo-bauhaus\/","url":"https:\/\/127.0.0.1\/it\/cultura-dimpresa\/rileggere-larticolo-9-della-costituzione-su-cultura-scienza-e-ambiente-per-fare-dellitalia-il-centro-dun-nuovo-bauhaus\/","name":"Rileggere l\u2019articolo 9 della Costituzione su cultura, scienza e ambiente per fare dell\u2019Italia il centro d\u2019un nuovo Bauhaus - Fondazione Pirelli","isPartOf":{"@id":"https:\/\/www.fondazionepirelli.org\/it\/#website"},"primaryImageOfPage":{"@id":"https:\/\/127.0.0.1\/it\/cultura-dimpresa\/rileggere-larticolo-9-della-costituzione-su-cultura-scienza-e-ambiente-per-fare-dellitalia-il-centro-dun-nuovo-bauhaus\/#primaryimage"},"image":{"@id":"https:\/\/127.0.0.1\/it\/cultura-dimpresa\/rileggere-larticolo-9-della-costituzione-su-cultura-scienza-e-ambiente-per-fare-dellitalia-il-centro-dun-nuovo-bauhaus\/#primaryimage"},"thumbnailUrl":"https:\/\/wpsite-assets.fondazionepirelli.org\/wp-content\/uploads\/2022\/09\/20093136\/GettyImages-1321364970-1.jpg","datePublished":"2022-09-20T08:31:51+00:00","author":{"@id":"https:\/\/www.fondazionepirelli.org\/it\/#\/schema\/person\/c31fcf5937a0e6afa45497f3f8b6d7a0"},"breadcrumb":{"@id":"https:\/\/127.0.0.1\/it\/cultura-dimpresa\/rileggere-larticolo-9-della-costituzione-su-cultura-scienza-e-ambiente-per-fare-dellitalia-il-centro-dun-nuovo-bauhaus\/#breadcrumb"},"inLanguage":"it-IT","potentialAction":[{"@type":"ReadAction","target":["https:\/\/127.0.0.1\/it\/cultura-dimpresa\/rileggere-larticolo-9-della-costituzione-su-cultura-scienza-e-ambiente-per-fare-dellitalia-il-centro-dun-nuovo-bauhaus\/"]}]},{"@type":"ImageObject","inLanguage":"it-IT","@id":"https:\/\/127.0.0.1\/it\/cultura-dimpresa\/rileggere-larticolo-9-della-costituzione-su-cultura-scienza-e-ambiente-per-fare-dellitalia-il-centro-dun-nuovo-bauhaus\/#primaryimage","url":"https:\/\/wpsite-assets.fondazionepirelli.org\/wp-content\/uploads\/2022\/09\/20093136\/GettyImages-1321364970-1.jpg","contentUrl":"https:\/\/wpsite-assets.fondazionepirelli.org\/wp-content\/uploads\/2022\/09\/20093136\/GettyImages-1321364970-1.jpg","width":6720,"height":4480,"caption":"Study of the legal component for the development of a business process."},{"@type":"BreadcrumbList","@id":"https:\/\/127.0.0.1\/it\/cultura-dimpresa\/rileggere-larticolo-9-della-costituzione-su-cultura-scienza-e-ambiente-per-fare-dellitalia-il-centro-dun-nuovo-bauhaus\/#breadcrumb","itemListElement":[{"@type":"ListItem","position":1,"name":"Home","item":"https:\/\/www.fondazionepirelli.org\/it\/"},{"@type":"ListItem","position":2,"name":"Rileggere l\u2019articolo 9 della Costituzione su cultura, scienza e ambiente per fare dell\u2019Italia il centro d\u2019un nuovo Bauhaus"}]},{"@type":"WebSite","@id":"https:\/\/www.fondazionepirelli.org\/it\/#website","url":"https:\/\/www.fondazionepirelli.org\/it\/","name":"Fondazione Pirelli","description":"","potentialAction":[{"@type":"SearchAction","target":{"@type":"EntryPoint","urlTemplate":"https:\/\/www.fondazionepirelli.org\/it\/?s={search_term_string}"},"query-input":{"@type":"PropertyValueSpecification","valueRequired":true,"valueName":"search_term_string"}}],"inLanguage":"it-IT"},{"@type":"Person","@id":"https:\/\/www.fondazionepirelli.org\/it\/#\/schema\/person\/c31fcf5937a0e6afa45497f3f8b6d7a0","name":"fondazionepirelli","image":{"@type":"ImageObject","inLanguage":"it-IT","@id":"https:\/\/www.fondazionepirelli.org\/it\/#\/schema\/person\/image\/","url":"https:\/\/secure.gravatar.com\/avatar\/9cb486421ce1d6eddbf6c4fb66841b4325b786695f7aedf1dde2222428218696?s=96&d=mm&r=g","contentUrl":"https:\/\/secure.gravatar.com\/avatar\/9cb486421ce1d6eddbf6c4fb66841b4325b786695f7aedf1dde2222428218696?s=96&d=mm&r=g","caption":"fondazionepirelli"},"url":"https:\/\/www.fondazionepirelli.org\/it\/author\/fondazionepirelli\/"}]}},"_links":{"self":[{"href":"https:\/\/www.fondazionepirelli.org\/it\/wp-json\/wp\/v2\/posts\/92013\/"}],"collection":[{"href":"https:\/\/www.fondazionepirelli.org\/it\/wp-json\/wp\/v2\/posts\/"}],"about":[{"href":"https:\/\/www.fondazionepirelli.org\/it\/wp-json\/wp\/v2\/types\/post\/"}],"author":[{"embeddable":true,"href":"https:\/\/www.fondazionepirelli.org\/it\/wp-json\/wp\/v2\/users\/9\/"}],"replies":[{"embeddable":true,"href":"https:\/\/www.fondazionepirelli.org\/it\/wp-json\/wp\/v2\/comments\/?post=92013"}],"version-history":[{"count":5,"href":"https:\/\/www.fondazionepirelli.org\/it\/wp-json\/wp\/v2\/posts\/92013\/revisions\/"}],"predecessor-version":[{"id":92060,"href":"https:\/\/www.fondazionepirelli.org\/it\/wp-json\/wp\/v2\/posts\/92013\/revisions\/92060\/"}],"wp:featuredmedia":[{"embeddable":true,"href":"https:\/\/www.fondazionepirelli.org\/it\/wp-json\/wp\/v2\/media\/92058\/"}],"wp:attachment":[{"href":"https:\/\/www.fondazionepirelli.org\/it\/wp-json\/wp\/v2\/media\/?parent=92013"}],"wp:term":[{"taxonomy":"category","embeddable":true,"href":"https:\/\/www.fondazionepirelli.org\/it\/wp-json\/wp\/v2\/categories\/?post=92013"},{"taxonomy":"post_tag","embeddable":true,"href":"https:\/\/www.fondazionepirelli.org\/it\/wp-json\/wp\/v2\/tags\/?post=92013"}],"curies":[{"name":"wp","href":"https:\/\/api.w.org\/{rel}","templated":true}]}}