{"id":92016,"date":"2022-09-20T09:30:32","date_gmt":"2022-09-20T08:30:32","guid":{"rendered":"https:\/\/www.fondazionepirelli.org\/?p=92016"},"modified":"2022-09-20T09:30:32","modified_gmt":"2022-09-20T08:30:32","slug":"avere-ben-conposta-mente","status":"publish","type":"post","link":"https:\/\/www.fondazionepirelli.org\/it\/cultura-dimpresa\/avere-ben-conposta-mente\/","title":{"rendered":"Avere ben &#8220;conposta&#8221; mente"},"content":{"rendered":"<p><em>Il libro di un mercante del Quattrocento ripropone temi e profili dell\u2019impresa validi ancora oggi<\/em><\/p><p>Il mercante deve essere <em>homo di ben conposta mente, integro et saldo, extimando in grande dignit\u00e0 la sua parola et in suma integrit\u00e0 la sua promessa (\u2026). <\/em>Indicazioni scritte nel 1458 che, a ben vedere, valgono tutte ancora oggi. Modernissime. \u201cMercante\u201d, cio\u00e8 uomo d\u2019affari, imprenditore \u201cintegro et saldo\u201d, cinquecento anni fa come oggi. Indicazione limpida e chiara che arriva da Benedetto Cotrugli e dal suo \u201cLibro dell\u2019arte di mercatura\u201d appena riscoperto e rieditato a cura dell\u2019Universit\u00e0 Ca\u2019 Foscari\u00a0di Venezia.<\/p>\n<p>Cotrugli \u00e8 considerato da alcuni\u00a0il fondatore delle discipline economico-aziendali: mercante e umanista rinascimentale, con il suo libro ha tracciato una strada per poi essere dimenticato per secoli. Eppure questo libro rappresenta, con ragione, uno dei contributi fondamentali per la comprensione delle origini del <em>management<\/em> e delle pratiche commerciali moderne, un testo che, tra l\u2019altro, anticipa di oltre cinquecento anni molti dei princ\u00ecpi del cosiddetto umanesimo imprenditoriale e della responsabilit\u00e0 sociale.<\/p>\n<p>Oggi il racconto \u201cdell\u2019arte della mercatura\u201d viene riproposto nel testo originale (l\u2019italiano antico) con accanto la versione in italiano contemporaneo. Preceduto da due saggi che ne illustrano contenuto, importanza e significato, il libro di Cotrugli inizia con l\u2019illustrazione dell\u2019origine e delle caratteristiche della \u201cmercatura\u201d (cio\u00e8 dell\u2019attivit\u00e0 economica cos\u00ec come la si intendeva circa cinquecento anni fa), per passare poi alla religione che si conf\u00e0 al buon mercate e quindi alla \u201cvita civile\u201d che il mercante deve seguire per arrivare alle \u201cvirt\u00f9 economiche\u201d dello stesso quando voglia dirsi davvero tale e corretto.<\/p>\n<p>Capitoli densi quelli di Cotrugli, pieni di economia ma anche di politica, dirittura morale, regole per il saper vivere in societ\u00e0 e per saper porre la giusta attenzione verso gli altri (quella che oggi passa come responsabilit\u00e0 sociale d\u2019impresa). Lungo il testo si rincorrono cos\u00ec termini importante anche per la buona impresa moderna come prudenza, integrit\u00e0, diligenza, giustizia, costanza, autorit\u00e0, temperanza e molti altri ancora.<\/p>\n<p>Lettura certo non sempre facile quella di Cotrugli, ma lettura da provare a fare, con impegno e attenzione, anche (e soprattutto) oggi, in un momento storico complesso e difficile come quello che non solo il sistema delle imprese sta vivendo. Per non dimenticare la validit\u00e0 dell\u2019indicazione dello stesso autore: avere <em>ben conposta mente.<\/em><\/p><p><strong>Il libro dell\u2019arte di mercatura<\/strong><\/p>\n<p>Benedetto Cotrugli<\/p>\n<p>a cura di AA.VV., Guerini NEXT, 2022<\/p>","protected":false},"excerpt":{"rendered":"<p>Il libro di un mercante del Quattrocento ripropone temi e profili dell\u2019impresa validi ancora oggiIl mercante deve essere homo di ben conposta mente, integro et saldo, extimando in grande dignit\u00e0 la sua parola et in suma integrit\u00e0 la sua promessa (\u2026). Indicazioni scritte nel 1458 che, a ben vedere, valgono tutte ancora oggi. Modernissime. \u201cMercante\u201d, [&hellip;]<\/p>\n","protected":false},"author":9,"featured_media":92017,"comment_status":"open","ping_status":"open","sticky":false,"template":"","format":"standard","meta":{"footnotes":""},"categories":[52,58],"tags":[],"class_list":["post-92016","post","type-post","status-publish","format-standard","has-post-thumbnail","hentry","category-cultura-dimpresa","category-recensioni-libri"],"acf":[],"yoast_head":"<!-- This site is optimized with the Yoast SEO plugin v25.0 - https:\/\/yoast.com\/wordpress\/plugins\/seo\/ -->\n<title>Avere ben &quot;conposta&quot; mente - Fondazione Pirelli<\/title>\n<meta name=\"robots\" content=\"index, follow, max-snippet:-1, max-image-preview:large, max-video-preview:-1\" \/>\n<link rel=\"canonical\" href=\"https:\/\/www.fondazionepirelli.org\/it\/cultura-dimpresa\/avere-ben-conposta-mente\/\" \/>\n<meta property=\"og:locale\" content=\"it_IT\" \/>\n<meta property=\"og:type\" content=\"article\" \/>\n<meta property=\"og:title\" content=\"Avere ben &quot;conposta&quot; mente - Fondazione Pirelli\" \/>\n<meta property=\"og:description\" content=\"Il libro di un mercante del Quattrocento ripropone temi e profili dell\u2019impresa validi ancora oggiIl mercante deve essere homo di ben conposta mente, integro et saldo, extimando in grande dignit\u00e0 la sua parola et in suma integrit\u00e0 la sua promessa (\u2026). Indicazioni scritte nel 1458 che, a ben vedere, valgono tutte ancora oggi. Modernissime. \u201cMercante\u201d, [&hellip;]\" \/>\n<meta property=\"og:url\" content=\"https:\/\/www.fondazionepirelli.org\/it\/cultura-dimpresa\/avere-ben-conposta-mente\/\" \/>\n<meta property=\"og:site_name\" content=\"Fondazione Pirelli\" \/>\n<meta property=\"article:published_time\" content=\"2022-09-20T08:30:32+00:00\" \/>\n<meta property=\"og:image\" content=\"https:\/\/wpsite-assets.fondazionepirelli.org\/wp-content\/uploads\/2022\/09\/19075056\/Front-Cover-LARTE-DELLA-MERCATURA-e1663570268517.jpg\" \/>\n\t<meta property=\"og:image:width\" content=\"500\" \/>\n\t<meta property=\"og:image:height\" content=\"705\" \/>\n\t<meta property=\"og:image:type\" content=\"image\/jpeg\" \/>\n<meta name=\"author\" content=\"fondazionepirelli\" \/>\n<meta name=\"twitter:card\" content=\"summary_large_image\" \/>\n<meta name=\"twitter:label1\" content=\"Scritto da\" \/>\n\t<meta name=\"twitter:data1\" content=\"fondazionepirelli\" \/>\n\t<meta name=\"twitter:label2\" content=\"Tempo di lettura stimato\" \/>\n\t<meta name=\"twitter:data2\" content=\"2 minuti\" \/>\n<script type=\"application\/ld+json\" class=\"yoast-schema-graph\">{\"@context\":\"https:\/\/schema.org\",\"@graph\":[{\"@type\":\"WebPage\",\"@id\":\"https:\/\/www.fondazionepirelli.org\/it\/cultura-dimpresa\/avere-ben-conposta-mente\/\",\"url\":\"https:\/\/www.fondazionepirelli.org\/it\/cultura-dimpresa\/avere-ben-conposta-mente\/\",\"name\":\"Avere ben \\\"conposta\\\" mente - Fondazione Pirelli\",\"isPartOf\":{\"@id\":\"https:\/\/www.fondazionepirelli.org\/it\/#website\"},\"primaryImageOfPage\":{\"@id\":\"https:\/\/www.fondazionepirelli.org\/it\/cultura-dimpresa\/avere-ben-conposta-mente\/#primaryimage\"},\"image\":{\"@id\":\"https:\/\/www.fondazionepirelli.org\/it\/cultura-dimpresa\/avere-ben-conposta-mente\/#primaryimage\"},\"thumbnailUrl\":\"https:\/\/wpsite-assets.fondazionepirelli.org\/wp-content\/uploads\/2022\/09\/19075056\/Front-Cover-LARTE-DELLA-MERCATURA-e1663570268517.jpg\",\"datePublished\":\"2022-09-20T08:30:32+00:00\",\"author\":{\"@id\":\"https:\/\/www.fondazionepirelli.org\/it\/#\/schema\/person\/c31fcf5937a0e6afa45497f3f8b6d7a0\"},\"breadcrumb\":{\"@id\":\"https:\/\/www.fondazionepirelli.org\/it\/cultura-dimpresa\/avere-ben-conposta-mente\/#breadcrumb\"},\"inLanguage\":\"it-IT\",\"potentialAction\":[{\"@type\":\"ReadAction\",\"target\":[\"https:\/\/www.fondazionepirelli.org\/it\/cultura-dimpresa\/avere-ben-conposta-mente\/\"]}]},{\"@type\":\"ImageObject\",\"inLanguage\":\"it-IT\",\"@id\":\"https:\/\/www.fondazionepirelli.org\/it\/cultura-dimpresa\/avere-ben-conposta-mente\/#primaryimage\",\"url\":\"https:\/\/wpsite-assets.fondazionepirelli.org\/wp-content\/uploads\/2022\/09\/19075056\/Front-Cover-LARTE-DELLA-MERCATURA-e1663570268517.jpg\",\"contentUrl\":\"https:\/\/wpsite-assets.fondazionepirelli.org\/wp-content\/uploads\/2022\/09\/19075056\/Front-Cover-LARTE-DELLA-MERCATURA-e1663570268517.jpg\",\"width\":500,\"height\":705},{\"@type\":\"BreadcrumbList\",\"@id\":\"https:\/\/www.fondazionepirelli.org\/it\/cultura-dimpresa\/avere-ben-conposta-mente\/#breadcrumb\",\"itemListElement\":[{\"@type\":\"ListItem\",\"position\":1,\"name\":\"Home\",\"item\":\"https:\/\/www.fondazionepirelli.org\/it\/\"},{\"@type\":\"ListItem\",\"position\":2,\"name\":\"Avere ben &#8220;conposta&#8221; mente\"}]},{\"@type\":\"WebSite\",\"@id\":\"https:\/\/www.fondazionepirelli.org\/it\/#website\",\"url\":\"https:\/\/www.fondazionepirelli.org\/it\/\",\"name\":\"Fondazione Pirelli\",\"description\":\"\",\"potentialAction\":[{\"@type\":\"SearchAction\",\"target\":{\"@type\":\"EntryPoint\",\"urlTemplate\":\"https:\/\/www.fondazionepirelli.org\/it\/?s={search_term_string}\"},\"query-input\":{\"@type\":\"PropertyValueSpecification\",\"valueRequired\":true,\"valueName\":\"search_term_string\"}}],\"inLanguage\":\"it-IT\"},{\"@type\":\"Person\",\"@id\":\"https:\/\/www.fondazionepirelli.org\/it\/#\/schema\/person\/c31fcf5937a0e6afa45497f3f8b6d7a0\",\"name\":\"fondazionepirelli\",\"image\":{\"@type\":\"ImageObject\",\"inLanguage\":\"it-IT\",\"@id\":\"https:\/\/www.fondazionepirelli.org\/it\/#\/schema\/person\/image\/\",\"url\":\"https:\/\/secure.gravatar.com\/avatar\/9cb486421ce1d6eddbf6c4fb66841b4325b786695f7aedf1dde2222428218696?s=96&d=mm&r=g\",\"contentUrl\":\"https:\/\/secure.gravatar.com\/avatar\/9cb486421ce1d6eddbf6c4fb66841b4325b786695f7aedf1dde2222428218696?s=96&d=mm&r=g\",\"caption\":\"fondazionepirelli\"},\"url\":\"https:\/\/www.fondazionepirelli.org\/it\/author\/fondazionepirelli\/\"}]}<\/script>\n<!-- \/ Yoast SEO plugin. -->","yoast_head_json":{"title":"Avere ben \"conposta\" mente - Fondazione Pirelli","robots":{"index":"index","follow":"follow","max-snippet":"max-snippet:-1","max-image-preview":"max-image-preview:large","max-video-preview":"max-video-preview:-1"},"canonical":"https:\/\/www.fondazionepirelli.org\/it\/cultura-dimpresa\/avere-ben-conposta-mente\/","og_locale":"it_IT","og_type":"article","og_title":"Avere ben \"conposta\" mente - Fondazione Pirelli","og_description":"Il libro di un mercante del Quattrocento ripropone temi e profili dell\u2019impresa validi ancora oggiIl mercante deve essere homo di ben conposta mente, integro et saldo, extimando in grande dignit\u00e0 la sua parola et in suma integrit\u00e0 la sua promessa (\u2026). Indicazioni scritte nel 1458 che, a ben vedere, valgono tutte ancora oggi. Modernissime. \u201cMercante\u201d, [&hellip;]","og_url":"https:\/\/www.fondazionepirelli.org\/it\/cultura-dimpresa\/avere-ben-conposta-mente\/","og_site_name":"Fondazione Pirelli","article_published_time":"2022-09-20T08:30:32+00:00","og_image":[{"width":500,"height":705,"url":"https:\/\/wpsite-assets.fondazionepirelli.org\/wp-content\/uploads\/2022\/09\/19075056\/Front-Cover-LARTE-DELLA-MERCATURA-e1663570268517.jpg","type":"image\/jpeg"}],"author":"fondazionepirelli","twitter_card":"summary_large_image","twitter_misc":{"Scritto da":"fondazionepirelli","Tempo di lettura stimato":"2 minuti"},"schema":{"@context":"https:\/\/schema.org","@graph":[{"@type":"WebPage","@id":"https:\/\/www.fondazionepirelli.org\/it\/cultura-dimpresa\/avere-ben-conposta-mente\/","url":"https:\/\/www.fondazionepirelli.org\/it\/cultura-dimpresa\/avere-ben-conposta-mente\/","name":"Avere ben \"conposta\" mente - Fondazione Pirelli","isPartOf":{"@id":"https:\/\/www.fondazionepirelli.org\/it\/#website"},"primaryImageOfPage":{"@id":"https:\/\/www.fondazionepirelli.org\/it\/cultura-dimpresa\/avere-ben-conposta-mente\/#primaryimage"},"image":{"@id":"https:\/\/www.fondazionepirelli.org\/it\/cultura-dimpresa\/avere-ben-conposta-mente\/#primaryimage"},"thumbnailUrl":"https:\/\/wpsite-assets.fondazionepirelli.org\/wp-content\/uploads\/2022\/09\/19075056\/Front-Cover-LARTE-DELLA-MERCATURA-e1663570268517.jpg","datePublished":"2022-09-20T08:30:32+00:00","author":{"@id":"https:\/\/www.fondazionepirelli.org\/it\/#\/schema\/person\/c31fcf5937a0e6afa45497f3f8b6d7a0"},"breadcrumb":{"@id":"https:\/\/www.fondazionepirelli.org\/it\/cultura-dimpresa\/avere-ben-conposta-mente\/#breadcrumb"},"inLanguage":"it-IT","potentialAction":[{"@type":"ReadAction","target":["https:\/\/www.fondazionepirelli.org\/it\/cultura-dimpresa\/avere-ben-conposta-mente\/"]}]},{"@type":"ImageObject","inLanguage":"it-IT","@id":"https:\/\/www.fondazionepirelli.org\/it\/cultura-dimpresa\/avere-ben-conposta-mente\/#primaryimage","url":"https:\/\/wpsite-assets.fondazionepirelli.org\/wp-content\/uploads\/2022\/09\/19075056\/Front-Cover-LARTE-DELLA-MERCATURA-e1663570268517.jpg","contentUrl":"https:\/\/wpsite-assets.fondazionepirelli.org\/wp-content\/uploads\/2022\/09\/19075056\/Front-Cover-LARTE-DELLA-MERCATURA-e1663570268517.jpg","width":500,"height":705},{"@type":"BreadcrumbList","@id":"https:\/\/www.fondazionepirelli.org\/it\/cultura-dimpresa\/avere-ben-conposta-mente\/#breadcrumb","itemListElement":[{"@type":"ListItem","position":1,"name":"Home","item":"https:\/\/www.fondazionepirelli.org\/it\/"},{"@type":"ListItem","position":2,"name":"Avere ben &#8220;conposta&#8221; mente"}]},{"@type":"WebSite","@id":"https:\/\/www.fondazionepirelli.org\/it\/#website","url":"https:\/\/www.fondazionepirelli.org\/it\/","name":"Fondazione Pirelli","description":"","potentialAction":[{"@type":"SearchAction","target":{"@type":"EntryPoint","urlTemplate":"https:\/\/www.fondazionepirelli.org\/it\/?s={search_term_string}"},"query-input":{"@type":"PropertyValueSpecification","valueRequired":true,"valueName":"search_term_string"}}],"inLanguage":"it-IT"},{"@type":"Person","@id":"https:\/\/www.fondazionepirelli.org\/it\/#\/schema\/person\/c31fcf5937a0e6afa45497f3f8b6d7a0","name":"fondazionepirelli","image":{"@type":"ImageObject","inLanguage":"it-IT","@id":"https:\/\/www.fondazionepirelli.org\/it\/#\/schema\/person\/image\/","url":"https:\/\/secure.gravatar.com\/avatar\/9cb486421ce1d6eddbf6c4fb66841b4325b786695f7aedf1dde2222428218696?s=96&d=mm&r=g","contentUrl":"https:\/\/secure.gravatar.com\/avatar\/9cb486421ce1d6eddbf6c4fb66841b4325b786695f7aedf1dde2222428218696?s=96&d=mm&r=g","caption":"fondazionepirelli"},"url":"https:\/\/www.fondazionepirelli.org\/it\/author\/fondazionepirelli\/"}]}},"_links":{"self":[{"href":"https:\/\/www.fondazionepirelli.org\/it\/wp-json\/wp\/v2\/posts\/92016\/"}],"collection":[{"href":"https:\/\/www.fondazionepirelli.org\/it\/wp-json\/wp\/v2\/posts\/"}],"about":[{"href":"https:\/\/www.fondazionepirelli.org\/it\/wp-json\/wp\/v2\/types\/post\/"}],"author":[{"embeddable":true,"href":"https:\/\/www.fondazionepirelli.org\/it\/wp-json\/wp\/v2\/users\/9\/"}],"replies":[{"embeddable":true,"href":"https:\/\/www.fondazionepirelli.org\/it\/wp-json\/wp\/v2\/comments\/?post=92016"}],"version-history":[{"count":3,"href":"https:\/\/www.fondazionepirelli.org\/it\/wp-json\/wp\/v2\/posts\/92016\/revisions\/"}],"predecessor-version":[{"id":92056,"href":"https:\/\/www.fondazionepirelli.org\/it\/wp-json\/wp\/v2\/posts\/92016\/revisions\/92056\/"}],"wp:featuredmedia":[{"embeddable":true,"href":"https:\/\/www.fondazionepirelli.org\/it\/wp-json\/wp\/v2\/media\/92017\/"}],"wp:attachment":[{"href":"https:\/\/www.fondazionepirelli.org\/it\/wp-json\/wp\/v2\/media\/?parent=92016"}],"wp:term":[{"taxonomy":"category","embeddable":true,"href":"https:\/\/www.fondazionepirelli.org\/it\/wp-json\/wp\/v2\/categories\/?post=92016"},{"taxonomy":"post_tag","embeddable":true,"href":"https:\/\/www.fondazionepirelli.org\/it\/wp-json\/wp\/v2\/tags\/?post=92016"}],"curies":[{"name":"wp","href":"https:\/\/api.w.org\/{rel}","templated":true}]}}