{"id":92401,"date":"2022-10-12T09:00:03","date_gmt":"2022-10-12T08:00:03","guid":{"rendered":"https:\/\/www.fondazionepirelli.org\/?p=92401"},"modified":"2022-10-12T09:00:03","modified_gmt":"2022-10-12T08:00:03","slug":"la-passione-per-le-competenzeal-governo-aprira-davvero-una-nuova-stagione-politica","status":"publish","type":"post","link":"https:\/\/www.fondazionepirelli.org\/it\/cultura-dimpresa\/la-passione-per-le-competenzeal-governo-aprira-davvero-una-nuova-stagione-politica\/","title":{"rendered":"La passione per le \u201ccompetenze\u201dal governo aprir\u00e0 davvero una nuova stagione politica?"},"content":{"rendered":"<p><strong>Competenza<\/strong>. E\u2019 una delle parole ricorrenti nei discorsi politici successivi alle <strong>elezioni del 25 settembre<\/strong>, oltre che, naturalmente, nei confronti interni al mondo economico e imprenditoriale in difficolt\u00e0 tra choc geopolitici, energia, inflazione, post-pandemia, recessione. Servono ministri \u201ccompetenti\u201d. Sono necessarie \u201cscelte urgenti e solide competenze\u201d per affrontare la crisi. Bisogna usare al massimo \u201cconoscenze e competenze\u201d per dare risposte efficaci alle emergenze e costruire robuste prospettive di sviluppo.<\/p>\n<p>Finalmente.<br \/>\nIl governo guidato da Mario Draghi aveva gi\u00e0 mostrato, con grande chiarezza, quanto siano rilevanti, appunto, le competenze e la credibilit\u00e0 internazionale per ricostruire, proprio attorno all\u2019Italia, tradizionalmente guardata con aria critica da altri paesi europei, un alto livello di fiducia. Aveva lavorato con intelligenza politica, competenza tecnica, efficacia sui progetti del Pnrr e le realizzazioni di interventi sui problemi concreti, dimostrando tra l\u2019altro l\u2019importanza di tenere insieme valori politici e conoscenze di merito di problemi e soluzioni possibili. Poi, \u00e8 stato fatto cadere anzitempo. Una scelta sbagliata, naturalmente, proprio mentre si aggravavano i punti di crisi da affrontare.<\/p>\n<p>Cos\u00ec \u00e8 andata, comunque. Adesso l\u2019elettorato ha espresso una maggioranza chiara, di centro destra (formata da partiti che hanno sfiduciato il \u201ccompetente\u201d Draghi) e che ha in Parlamento (a causa di una legge elettorale fortemente maggioritaria) un\u2019ampia forza di deputati e senatori. E la sua leader, Giorgia Meloni, \u00e8 proprio quella che chiede, ad alta voce, \u201ccompetenze\u201d.<\/p>\n<p>Va seriamente presa in parola.<br \/>\nLa Meloni ha sollecitato, responsabilmente, anche un dialogo con i \u201c<strong>corpi sociali<\/strong>\u201d (le associazioni degli imprenditori, i sindacati, le strutture della societ\u00e0 e della cultura, etc.). Un\u2019indicazione interessante, dopo lunghi periodi in cui tra le forze politiche prevaleva la tentazione della \u201cdisintermediazione\u201d, a favore del rapporto diretto tra leader e \u201cpopolo\u201d, della propaganda via Tv o social media. Con scarsa pazienza per il dialogo critico.<\/p>\n<p>\u201cBen venga l\u2019attenzione ai corpi sociali. Ci aspettiamo di essere ascoltati dal nuovo governo sulle questioni come il lavoro, gli investimenti industriali, lo sviluppo economico, di cui siamo, appunto, competenti\u201d, ha risposto il presidente dell\u2019Unione Industriali di Torino Giorgio Marsiaj durante l\u2019assemblea dell\u2019associazione (tanto per citare solo una tra le tante riunioni di Confindustria che si tengono in questi giorni).<\/p>\n<p>La consapevolezza della <strong>gravit\u00e0 della crisi<\/strong> e il bisogno di risposte adeguate rispetto al profondo disagio economico e sociale daranno davvero spazio a una nuova stagione di \u201cprimato delle competenze\u201d? Vedremo. Speriamo.<br \/>\nLa pandemia aveva gi\u00e0 avuto il merito di mostrare l\u2019infondatezza della sbrigativit\u00e0 demagogica del cosiddetto \u201cuno vale uno\u201d e del dileggio di scienziati, economisti, personalit\u00e0 di cultura, \u201ccompetenti\u201d (nonostante il fiorire di complottisti e amanti delle fake news). Anche adesso non si pu\u00f2 pi\u00f9 accettare di affrontare le questioni delle carenze energetiche e dell\u2019inflazione, della guerra e dell\u2019ambiente come se le scelte da prendere fossero il risultato di una diffusa chiacchiera da bar. Il diritto di opinione e di parola \u00e8 naturalmente fondamentale, in democrazia. Poi, per\u00f2, chi \u00e8 delegato, con \u201ccompetenza\u201d, decide. Non \u00e8 pi\u00f9 tempo, insomma, di \u201cmediocrazia\u201d. Tutt\u2019altro.<\/p>\n<p>Lo spiegano bene anche <strong>Lorenzo Codogno<\/strong>, professore alla London School of Economics e <strong>Giampaolo Galli<\/strong>, vicedirettore dell\u2019Osservatorio sui Conti Pubblici e professore all\u2019Universit\u00e0 Cattolica di Milano, nelle pagine di \u201cCrescita economica e meritocrazia \u2013 Perch\u00e9 l\u2019Italia spreca i suoi talenti e non cresce\u201d, appena pubblicato da Il Mulino. Per affrontare la competizione internazionale, nei nuovi difficili equilibri dei mercati globali, \u201cbisognava puntare sulla ricerca e la valorizzazione dei talenti. Invece, a eccezione di un pungo di imprese manifatturiere che esportano, \u00e8 in genere prevalsa la vecchia pratica delle raccomandazioni e delle sponsorizzazioni politiche per avere un posto di lavoro e fare carriera e il merito \u00e8 stato messo da parte\u201d.<\/p>\n<p>Il problema, sostengono i due economisti, riguarda tutti gli ambiti della societ\u00e0: le universit\u00e0, le pubbliche amministrazioni, la politica, la magistratura, le Asl, il mercato del lavoro e perfino la selezione dei manager e la finanza. E\u2019 stata messa da canto anche la Costituzione, che indica la necessit\u00e0 di premiare \u201ci capaci e i meritevoli\u201d. E gran parte dei giovani pi\u00f9 capaci e ricchi di volont\u00e0 vanno a cercare all\u2019estero migliori condizioni di lavoro e di vita. Economia e societ\u00e0 declinano. Come se ne esce? Le indicazioni possibili riempioni intere biblioteche. Premiare merito e capacit\u00e0 personali e professionali, stimolare l\u2019intraprendenza e favorire non corporazioni e clientele ma capacit\u00e0, passione, impegno e cultura sono opzioni quanto mai opportune.<\/p>\n<p>Adesso, tanto parlare di \u201ccompetenza\u201d, a cominciare dal prossimo governo, produrr\u00e0 buoni risultati?<\/p>\n","protected":false},"excerpt":{"rendered":"<p>Competenza. E\u2019 una delle parole ricorrenti nei discorsi politici successivi alle elezioni del 25 settembre, oltre che, naturalmente, nei confronti interni al mondo economico e imprenditoriale in difficolt\u00e0 tra choc geopolitici, energia, inflazione, post-pandemia, recessione. Servono ministri \u201ccompetenti\u201d. Sono necessarie \u201cscelte urgenti e solide competenze\u201d per affrontare la crisi. Bisogna usare al massimo \u201cconoscenze e [&hellip;]<\/p>\n","protected":false},"author":9,"featured_media":92419,"comment_status":"open","ping_status":"open","sticky":false,"template":"","format":"standard","meta":{"footnotes":""},"categories":[53,52],"tags":[],"class_list":["post-92401","post","type-post","status-publish","format-standard","has-post-thumbnail","hentry","category-blog","category-cultura-dimpresa"],"acf":[],"yoast_head":"<!-- This site is optimized with the Yoast SEO plugin v25.0 - https:\/\/yoast.com\/wordpress\/plugins\/seo\/ -->\n<title>La passione per le \u201ccompetenze\u201dal governo aprir\u00e0 davvero una nuova stagione politica? - Fondazione Pirelli<\/title>\n<meta name=\"robots\" content=\"index, follow, max-snippet:-1, max-image-preview:large, max-video-preview:-1\" \/>\n<link rel=\"canonical\" href=\"https:\/\/www.fondazionepirelli.org\/it\/cultura-dimpresa\/la-passione-per-le-competenzeal-governo-aprira-davvero-una-nuova-stagione-politica\/\" \/>\n<meta property=\"og:locale\" content=\"it_IT\" \/>\n<meta property=\"og:type\" content=\"article\" \/>\n<meta property=\"og:title\" content=\"La passione per le \u201ccompetenze\u201dal governo aprir\u00e0 davvero una nuova stagione politica? - Fondazione Pirelli\" \/>\n<meta property=\"og:description\" content=\"Competenza. E\u2019 una delle parole ricorrenti nei discorsi politici successivi alle elezioni del 25 settembre, oltre che, naturalmente, nei confronti interni al mondo economico e imprenditoriale in difficolt\u00e0 tra choc geopolitici, energia, inflazione, post-pandemia, recessione. Servono ministri \u201ccompetenti\u201d. Sono necessarie \u201cscelte urgenti e solide competenze\u201d per affrontare la crisi. Bisogna usare al massimo \u201cconoscenze e [&hellip;]\" \/>\n<meta property=\"og:url\" content=\"https:\/\/127.0.0.1\/it\/cultura-dimpresa\/la-passione-per-le-competenzeal-governo-aprira-davvero-una-nuova-stagione-politica\/\" \/>\n<meta property=\"og:site_name\" content=\"Fondazione Pirelli\" \/>\n<meta property=\"article:published_time\" content=\"2022-10-12T08:00:03+00:00\" \/>\n<meta property=\"og:image\" content=\"https:\/\/wpsite-assets.fondazionepirelli.org\/wp-content\/uploads\/2022\/10\/12085955\/GettyImages-453408843.jpg\" \/>\n\t<meta property=\"og:image:width\" content=\"5405\" \/>\n\t<meta property=\"og:image:height\" content=\"3081\" \/>\n\t<meta property=\"og:image:type\" content=\"image\/jpeg\" \/>\n<meta name=\"author\" content=\"fondazionepirelli\" \/>\n<meta name=\"twitter:card\" content=\"summary_large_image\" \/>\n<meta name=\"twitter:label1\" content=\"Scritto da\" \/>\n\t<meta name=\"twitter:data1\" content=\"fondazionepirelli\" \/>\n\t<meta name=\"twitter:label2\" content=\"Tempo di lettura stimato\" \/>\n\t<meta name=\"twitter:data2\" content=\"4 minuti\" \/>\n<script type=\"application\/ld+json\" class=\"yoast-schema-graph\">{\"@context\":\"https:\/\/schema.org\",\"@graph\":[{\"@type\":\"WebPage\",\"@id\":\"https:\/\/127.0.0.1\/it\/cultura-dimpresa\/la-passione-per-le-competenzeal-governo-aprira-davvero-una-nuova-stagione-politica\/\",\"url\":\"https:\/\/127.0.0.1\/it\/cultura-dimpresa\/la-passione-per-le-competenzeal-governo-aprira-davvero-una-nuova-stagione-politica\/\",\"name\":\"La passione per le \u201ccompetenze\u201dal governo aprir\u00e0 davvero una nuova stagione politica? - Fondazione Pirelli\",\"isPartOf\":{\"@id\":\"https:\/\/www.fondazionepirelli.org\/it\/#website\"},\"primaryImageOfPage\":{\"@id\":\"https:\/\/127.0.0.1\/it\/cultura-dimpresa\/la-passione-per-le-competenzeal-governo-aprira-davvero-una-nuova-stagione-politica\/#primaryimage\"},\"image\":{\"@id\":\"https:\/\/127.0.0.1\/it\/cultura-dimpresa\/la-passione-per-le-competenzeal-governo-aprira-davvero-una-nuova-stagione-politica\/#primaryimage\"},\"thumbnailUrl\":\"https:\/\/wpsite-assets.fondazionepirelli.org\/wp-content\/uploads\/2022\/10\/12085955\/GettyImages-453408843.jpg\",\"datePublished\":\"2022-10-12T08:00:03+00:00\",\"author\":{\"@id\":\"https:\/\/www.fondazionepirelli.org\/it\/#\/schema\/person\/c31fcf5937a0e6afa45497f3f8b6d7a0\"},\"breadcrumb\":{\"@id\":\"https:\/\/127.0.0.1\/it\/cultura-dimpresa\/la-passione-per-le-competenzeal-governo-aprira-davvero-una-nuova-stagione-politica\/#breadcrumb\"},\"inLanguage\":\"it-IT\",\"potentialAction\":[{\"@type\":\"ReadAction\",\"target\":[\"https:\/\/127.0.0.1\/it\/cultura-dimpresa\/la-passione-per-le-competenzeal-governo-aprira-davvero-una-nuova-stagione-politica\/\"]}]},{\"@type\":\"ImageObject\",\"inLanguage\":\"it-IT\",\"@id\":\"https:\/\/127.0.0.1\/it\/cultura-dimpresa\/la-passione-per-le-competenzeal-governo-aprira-davvero-una-nuova-stagione-politica\/#primaryimage\",\"url\":\"https:\/\/wpsite-assets.fondazionepirelli.org\/wp-content\/uploads\/2022\/10\/12085955\/GettyImages-453408843.jpg\",\"contentUrl\":\"https:\/\/wpsite-assets.fondazionepirelli.org\/wp-content\/uploads\/2022\/10\/12085955\/GettyImages-453408843.jpg\",\"width\":5405,\"height\":3081,\"caption\":\"Learning from the scholar like teacher. Retro editorial illustration style.\"},{\"@type\":\"BreadcrumbList\",\"@id\":\"https:\/\/127.0.0.1\/it\/cultura-dimpresa\/la-passione-per-le-competenzeal-governo-aprira-davvero-una-nuova-stagione-politica\/#breadcrumb\",\"itemListElement\":[{\"@type\":\"ListItem\",\"position\":1,\"name\":\"Home\",\"item\":\"https:\/\/www.fondazionepirelli.org\/it\/\"},{\"@type\":\"ListItem\",\"position\":2,\"name\":\"La passione per le \u201ccompetenze\u201dal governo aprir\u00e0 davvero una nuova stagione politica?\"}]},{\"@type\":\"WebSite\",\"@id\":\"https:\/\/www.fondazionepirelli.org\/it\/#website\",\"url\":\"https:\/\/www.fondazionepirelli.org\/it\/\",\"name\":\"Fondazione Pirelli\",\"description\":\"\",\"potentialAction\":[{\"@type\":\"SearchAction\",\"target\":{\"@type\":\"EntryPoint\",\"urlTemplate\":\"https:\/\/www.fondazionepirelli.org\/it\/?s={search_term_string}\"},\"query-input\":{\"@type\":\"PropertyValueSpecification\",\"valueRequired\":true,\"valueName\":\"search_term_string\"}}],\"inLanguage\":\"it-IT\"},{\"@type\":\"Person\",\"@id\":\"https:\/\/www.fondazionepirelli.org\/it\/#\/schema\/person\/c31fcf5937a0e6afa45497f3f8b6d7a0\",\"name\":\"fondazionepirelli\",\"image\":{\"@type\":\"ImageObject\",\"inLanguage\":\"it-IT\",\"@id\":\"https:\/\/www.fondazionepirelli.org\/it\/#\/schema\/person\/image\/\",\"url\":\"https:\/\/secure.gravatar.com\/avatar\/9cb486421ce1d6eddbf6c4fb66841b4325b786695f7aedf1dde2222428218696?s=96&d=mm&r=g\",\"contentUrl\":\"https:\/\/secure.gravatar.com\/avatar\/9cb486421ce1d6eddbf6c4fb66841b4325b786695f7aedf1dde2222428218696?s=96&d=mm&r=g\",\"caption\":\"fondazionepirelli\"},\"url\":\"https:\/\/www.fondazionepirelli.org\/it\/author\/fondazionepirelli\/\"}]}<\/script>\n<!-- \/ Yoast SEO plugin. -->","yoast_head_json":{"title":"La passione per le \u201ccompetenze\u201dal governo aprir\u00e0 davvero una nuova stagione politica? - Fondazione Pirelli","robots":{"index":"index","follow":"follow","max-snippet":"max-snippet:-1","max-image-preview":"max-image-preview:large","max-video-preview":"max-video-preview:-1"},"canonical":"https:\/\/www.fondazionepirelli.org\/it\/cultura-dimpresa\/la-passione-per-le-competenzeal-governo-aprira-davvero-una-nuova-stagione-politica\/","og_locale":"it_IT","og_type":"article","og_title":"La passione per le \u201ccompetenze\u201dal governo aprir\u00e0 davvero una nuova stagione politica? - Fondazione Pirelli","og_description":"Competenza. E\u2019 una delle parole ricorrenti nei discorsi politici successivi alle elezioni del 25 settembre, oltre che, naturalmente, nei confronti interni al mondo economico e imprenditoriale in difficolt\u00e0 tra choc geopolitici, energia, inflazione, post-pandemia, recessione. Servono ministri \u201ccompetenti\u201d. Sono necessarie \u201cscelte urgenti e solide competenze\u201d per affrontare la crisi. Bisogna usare al massimo \u201cconoscenze e [&hellip;]","og_url":"https:\/\/127.0.0.1\/it\/cultura-dimpresa\/la-passione-per-le-competenzeal-governo-aprira-davvero-una-nuova-stagione-politica\/","og_site_name":"Fondazione Pirelli","article_published_time":"2022-10-12T08:00:03+00:00","og_image":[{"width":5405,"height":3081,"url":"https:\/\/wpsite-assets.fondazionepirelli.org\/wp-content\/uploads\/2022\/10\/12085955\/GettyImages-453408843.jpg","type":"image\/jpeg"}],"author":"fondazionepirelli","twitter_card":"summary_large_image","twitter_misc":{"Scritto da":"fondazionepirelli","Tempo di lettura stimato":"4 minuti"},"schema":{"@context":"https:\/\/schema.org","@graph":[{"@type":"WebPage","@id":"https:\/\/127.0.0.1\/it\/cultura-dimpresa\/la-passione-per-le-competenzeal-governo-aprira-davvero-una-nuova-stagione-politica\/","url":"https:\/\/127.0.0.1\/it\/cultura-dimpresa\/la-passione-per-le-competenzeal-governo-aprira-davvero-una-nuova-stagione-politica\/","name":"La passione per le \u201ccompetenze\u201dal governo aprir\u00e0 davvero una nuova stagione politica? - Fondazione Pirelli","isPartOf":{"@id":"https:\/\/www.fondazionepirelli.org\/it\/#website"},"primaryImageOfPage":{"@id":"https:\/\/127.0.0.1\/it\/cultura-dimpresa\/la-passione-per-le-competenzeal-governo-aprira-davvero-una-nuova-stagione-politica\/#primaryimage"},"image":{"@id":"https:\/\/127.0.0.1\/it\/cultura-dimpresa\/la-passione-per-le-competenzeal-governo-aprira-davvero-una-nuova-stagione-politica\/#primaryimage"},"thumbnailUrl":"https:\/\/wpsite-assets.fondazionepirelli.org\/wp-content\/uploads\/2022\/10\/12085955\/GettyImages-453408843.jpg","datePublished":"2022-10-12T08:00:03+00:00","author":{"@id":"https:\/\/www.fondazionepirelli.org\/it\/#\/schema\/person\/c31fcf5937a0e6afa45497f3f8b6d7a0"},"breadcrumb":{"@id":"https:\/\/127.0.0.1\/it\/cultura-dimpresa\/la-passione-per-le-competenzeal-governo-aprira-davvero-una-nuova-stagione-politica\/#breadcrumb"},"inLanguage":"it-IT","potentialAction":[{"@type":"ReadAction","target":["https:\/\/127.0.0.1\/it\/cultura-dimpresa\/la-passione-per-le-competenzeal-governo-aprira-davvero-una-nuova-stagione-politica\/"]}]},{"@type":"ImageObject","inLanguage":"it-IT","@id":"https:\/\/127.0.0.1\/it\/cultura-dimpresa\/la-passione-per-le-competenzeal-governo-aprira-davvero-una-nuova-stagione-politica\/#primaryimage","url":"https:\/\/wpsite-assets.fondazionepirelli.org\/wp-content\/uploads\/2022\/10\/12085955\/GettyImages-453408843.jpg","contentUrl":"https:\/\/wpsite-assets.fondazionepirelli.org\/wp-content\/uploads\/2022\/10\/12085955\/GettyImages-453408843.jpg","width":5405,"height":3081,"caption":"Learning from the scholar like teacher. Retro editorial illustration style."},{"@type":"BreadcrumbList","@id":"https:\/\/127.0.0.1\/it\/cultura-dimpresa\/la-passione-per-le-competenzeal-governo-aprira-davvero-una-nuova-stagione-politica\/#breadcrumb","itemListElement":[{"@type":"ListItem","position":1,"name":"Home","item":"https:\/\/www.fondazionepirelli.org\/it\/"},{"@type":"ListItem","position":2,"name":"La passione per le \u201ccompetenze\u201dal governo aprir\u00e0 davvero una nuova stagione politica?"}]},{"@type":"WebSite","@id":"https:\/\/www.fondazionepirelli.org\/it\/#website","url":"https:\/\/www.fondazionepirelli.org\/it\/","name":"Fondazione Pirelli","description":"","potentialAction":[{"@type":"SearchAction","target":{"@type":"EntryPoint","urlTemplate":"https:\/\/www.fondazionepirelli.org\/it\/?s={search_term_string}"},"query-input":{"@type":"PropertyValueSpecification","valueRequired":true,"valueName":"search_term_string"}}],"inLanguage":"it-IT"},{"@type":"Person","@id":"https:\/\/www.fondazionepirelli.org\/it\/#\/schema\/person\/c31fcf5937a0e6afa45497f3f8b6d7a0","name":"fondazionepirelli","image":{"@type":"ImageObject","inLanguage":"it-IT","@id":"https:\/\/www.fondazionepirelli.org\/it\/#\/schema\/person\/image\/","url":"https:\/\/secure.gravatar.com\/avatar\/9cb486421ce1d6eddbf6c4fb66841b4325b786695f7aedf1dde2222428218696?s=96&d=mm&r=g","contentUrl":"https:\/\/secure.gravatar.com\/avatar\/9cb486421ce1d6eddbf6c4fb66841b4325b786695f7aedf1dde2222428218696?s=96&d=mm&r=g","caption":"fondazionepirelli"},"url":"https:\/\/www.fondazionepirelli.org\/it\/author\/fondazionepirelli\/"}]}},"_links":{"self":[{"href":"https:\/\/www.fondazionepirelli.org\/it\/wp-json\/wp\/v2\/posts\/92401\/"}],"collection":[{"href":"https:\/\/www.fondazionepirelli.org\/it\/wp-json\/wp\/v2\/posts\/"}],"about":[{"href":"https:\/\/www.fondazionepirelli.org\/it\/wp-json\/wp\/v2\/types\/post\/"}],"author":[{"embeddable":true,"href":"https:\/\/www.fondazionepirelli.org\/it\/wp-json\/wp\/v2\/users\/9\/"}],"replies":[{"embeddable":true,"href":"https:\/\/www.fondazionepirelli.org\/it\/wp-json\/wp\/v2\/comments\/?post=92401"}],"version-history":[{"count":2,"href":"https:\/\/www.fondazionepirelli.org\/it\/wp-json\/wp\/v2\/posts\/92401\/revisions\/"}],"predecessor-version":[{"id":92404,"href":"https:\/\/www.fondazionepirelli.org\/it\/wp-json\/wp\/v2\/posts\/92401\/revisions\/92404\/"}],"wp:featuredmedia":[{"embeddable":true,"href":"https:\/\/www.fondazionepirelli.org\/it\/wp-json\/wp\/v2\/media\/92419\/"}],"wp:attachment":[{"href":"https:\/\/www.fondazionepirelli.org\/it\/wp-json\/wp\/v2\/media\/?parent=92401"}],"wp:term":[{"taxonomy":"category","embeddable":true,"href":"https:\/\/www.fondazionepirelli.org\/it\/wp-json\/wp\/v2\/categories\/?post=92401"},{"taxonomy":"post_tag","embeddable":true,"href":"https:\/\/www.fondazionepirelli.org\/it\/wp-json\/wp\/v2\/tags\/?post=92401"}],"curies":[{"name":"wp","href":"https:\/\/api.w.org\/{rel}","templated":true}]}}