{"id":92967,"date":"2022-11-02T08:40:16","date_gmt":"2022-11-02T07:40:16","guid":{"rendered":"https:\/\/www.fondazionepirelli.org\/?p=92967"},"modified":"2022-11-02T08:40:16","modified_gmt":"2022-11-02T07:40:16","slug":"le-imprese-sono-comunita-di-persone-ecco-il-vero-valore-della-competitivita","status":"publish","type":"post","link":"https:\/\/www.fondazionepirelli.org\/it\/cultura-dimpresa\/le-imprese-sono-comunita-di-persone-ecco-il-vero-valore-della-competitivita\/","title":{"rendered":"Le imprese sono comunit\u00e0 di persone, ecco il vero valore della competitivit\u00e0"},"content":{"rendered":"<p>In tempi cos\u00ec difficili e controversi, vale la pena di ricominciare a ragionare sul <strong>valore delle parole<\/strong>, sul loro significato profondo, sulla loro stessa etimologia. E cercare di salvare il discorso pubblico dalle facilonerie retoriche, dagli eccessi della propaganda, dai veleni delle <em>fake news. <\/em>Le tante chiacchiere sul <strong>\u201cmerito<\/strong>\u201d, se rivendicarlo a partire dalla scuola sia \u201cdi destra\u201d o \u201cdi sinistra\u201d e su come e quanto metterlo in stretta relazione con \u201cl\u2019eguaglianza\u201d, rivelano, tra l\u2019altro, un corto circuito di idee e valori che non aiuta a capire cosa fare per rimettere in movimento le ruote dello sviluppo economico e sociale di un Paese incerto e smarrito e ricostruire spirito repubblicano, valori civili e senso di comunit\u00e0.<\/p>\n<p>Le parole, dunque. Prendendone una delle pi\u00f9 discusse: competitivit\u00e0. <em>Nomina sunt consequentia rerum<\/em>, ammonivano i sapienti latini. E cos\u00ec, per capire, \u00e8 utile, appunto, andare alla radice delle parole. E prendere atto che competitivit\u00e0 viene da <em>cum <\/em>e da <em>petere.<\/em><br \/>\n<em><strong>Cum<\/strong> <\/em>e cio\u00e8 insieme, come indicano pure \u201ccomune\u201d, \u201ccomunione\u201d, \u201ccomunit\u00e0\u201d (<em>cum <\/em>e <em>munus, <\/em>il dono) ma anche \u201ccostituzione\u201d (<em>cum <\/em>e <em>statuere<\/em>, stabilire insieme, scrivere insieme le regole della \u201cconvivenza\u201d).<br \/>\n<strong><em>Petere <\/em><\/strong>e cio\u00e8 andare, chiedere, reclamare, desiderare.<br \/>\nIn sintesi: muoversi insieme verso un<strong> obiettivo comune.<\/strong><br \/>\nNell\u2019accezione pi\u00f9 frequente del linguaggio economico contemporaneo, la competitivit\u00e0 \u00e8 selettiva, indica vincitori e vinti, \u00e8 escludente. Nella natura profonda, data la sua etimologia, \u00e8 inclusiva, densa di valori che hanno sapore di collettivit\u00e0. Per sanare lo iato tra origine e uso corrente (\u201ccollaborazione\u201d versus \u201ccompetizione\u201d), qualcuno ha coniato, in letteratura economica, l\u2019espressione \u201ccollaborazione competitiva\u201d. Meglio che niente.<\/p>\n<p>Il ragionamento sulla <strong>competitivit\u00e0<\/strong> e sulle \u201ccompetenze\u201d come <em>cum <\/em>e <em>petere <\/em>sta anche nelle sapide e sapienti pagine di un libro appena pubblicato da Garzanti, \u201cSi vince solo insieme\u201d, una conversazione di <strong>Claudia Parzani<\/strong> con <strong>Sandro Catani<\/strong>, con un sottotitolo molto stimolante: \u201cUndici parole per scoprire il valore della diversit\u00e0 e immaginare il futuro\u201d.<br \/>\nAvvocata d\u2019affari lei, senior partner dello studio legale internazionale Linklaters e presidente della Borsa e di Allianz Italia. Advisor di grandi aziende lui, con una lunga esperienza di gestione delle risorse umane. Impegnati, in questa lucida e ironica conversazione, a parlare di sviluppo sostenibile ambientale e sociale, limiti e opportunit\u00e0 delle nuove tecnologie digitali, economia ispirata da valori degli <em>stakeholders <\/em>e non solo dal valore aziendale (profitti e corsi di Borsa), sfide geopolitiche in un mondo squilibrato ma comunque globale e interconnesso, smart working e conciliazione tra lavoro e vita privata, diritti e doveri della cittadinanza, potere e responsabilit\u00e0, fragilit\u00e0 e ricerca della felicit\u00e0. Ragionamenti sull\u2019impresa, dove la presenza femminile \u00e8 un valore straordinario, grazie alla capacit\u00e0 di ascolto, all\u2019intelligenza emotiva, alle sintesi originali d\u2019innovazione sociale. E discussioni sulla comunit\u00e0, sull\u2019Italia, sulle riforme e sulle scelte politiche, sociali e culturali necessarie per rimettere in moto l\u2019ascensore sociale da troppo tempo bloccato e ricostruire una crescita economica pi\u00f9 giusta, pi\u00f9 equilibrata.<\/p>\n<p>Leggendo le pagine di Parzani e Catani, viene in mente anche una lezione essenziale di Papa Francesco: \u201cL\u2019economia europea \u00e8 nata da uno spirito pi\u00f9 grande dello spirito delle merci, e se perde questo spirito eccedente rischia seriamente di spegnersi\u201d.<br \/>\nAndare oltre lo schematico spirito delle merci, dunque oltre l\u2019economia vissuta come \u201cscienza triste\u201d. E parlare di persone, non solo di carriere, ruoli, denaro.<br \/>\nEcco il punto: \u00e8 necessario insistere su un\u2019idea di \u201c<strong>economia giusta<\/strong>\u201d, civile, inclusiva, in cui competitivit\u00e0 e solidariet\u00e0, produttivit\u00e0 e inclusione sociale camminano insieme, grazie anche al senso di responsabilit\u00e0 di una \u201cimpresa riformista\u201d che si muove come attore sociale responsabile, capace di produrre ricchezza, benessere diffuso, innovazione, futuro pi\u00f9 equo per le nuove generazioni.<\/p>\n<p>L\u2019impresa italiana &#8211; raccontano e documentano Parzani e Catani &#8211; ne offre indicazioni esemplari.<br \/>\nLa conversazione, cos\u00ec, assume la forma di un vero e proprio viaggio. Un <strong>viaggio di scoperta<\/strong> in cui, alla Proust, occorrono \u201cocchi nuovi per vedere\u201d. Un viaggio di apprendimento. Con tre convinzioni comuni: \u201cLa prima: che l\u2019ascolto degli altri sia un presupposto necessario per affrontare qualsiasi sfida futura. La seconda: che il destino influisce sul futuro di ciascuno, ma la passione e la determinazione accrescono le probabilit\u00e0 di raggiungere la meta desiderata. Infine, la terza: che le aziende sono comunit\u00e0 di persone unite da emozioni e destini comuni, e non soltanto macchine finalizzate a produrre\u201d.<\/p>\n<p>C\u2019\u00e8, in fondo, la consapevolezza di una responsabilit\u00e0, guardando alle ragazze e ai ragazzi che si preparano a entrare nel mondo del lavoro e a imparare i linguaggi della competizione e della collaborazione: \u201cAvere la possibilit\u00e0 e la responsabilit\u00e0 di accendere una scintilla, di mostrare che \u00e8 possibile diventare chi vogliamo essere, che i limiti sono solo nei nostri occhi e nei nostri pensieri, e che se non proviamo a correre non vinceremo mai\u201d. Insieme, naturalmente.<\/p>","protected":false},"excerpt":{"rendered":"<p>In tempi cos\u00ec difficili e controversi, vale la pena di ricominciare a ragionare sul valore delle parole, sul loro significato profondo, sulla loro stessa etimologia. E cercare di salvare il discorso pubblico dalle facilonerie retoriche, dagli eccessi della propaganda, dai veleni delle fake news. Le tante chiacchiere sul \u201cmerito\u201d, se rivendicarlo a partire dalla scuola [&hellip;]<\/p>\n","protected":false},"author":9,"featured_media":92979,"comment_status":"open","ping_status":"open","sticky":false,"template":"","format":"standard","meta":{"footnotes":""},"categories":[53,52],"tags":[],"class_list":["post-92967","post","type-post","status-publish","format-standard","has-post-thumbnail","hentry","category-blog","category-cultura-dimpresa"],"acf":[],"yoast_head":"<!-- This site is optimized with the Yoast SEO plugin v25.0 - https:\/\/yoast.com\/wordpress\/plugins\/seo\/ -->\n<title>Le imprese sono comunit\u00e0 di persone, ecco il vero valore della competitivit\u00e0 - Fondazione Pirelli<\/title>\n<meta name=\"robots\" content=\"index, follow, max-snippet:-1, max-image-preview:large, max-video-preview:-1\" \/>\n<link rel=\"canonical\" href=\"https:\/\/www.fondazionepirelli.org\/it\/cultura-dimpresa\/le-imprese-sono-comunita-di-persone-ecco-il-vero-valore-della-competitivita\/\" \/>\n<meta property=\"og:locale\" content=\"it_IT\" \/>\n<meta property=\"og:type\" content=\"article\" \/>\n<meta property=\"og:title\" content=\"Le imprese sono comunit\u00e0 di persone, ecco il vero valore della competitivit\u00e0 - Fondazione Pirelli\" \/>\n<meta property=\"og:description\" content=\"In tempi cos\u00ec difficili e controversi, vale la pena di ricominciare a ragionare sul valore delle parole, sul loro significato profondo, sulla loro stessa etimologia. E cercare di salvare il discorso pubblico dalle facilonerie retoriche, dagli eccessi della propaganda, dai veleni delle fake news. Le tante chiacchiere sul \u201cmerito\u201d, se rivendicarlo a partire dalla scuola [&hellip;]\" \/>\n<meta property=\"og:url\" content=\"https:\/\/www.fondazionepirelli.org\/it\/cultura-dimpresa\/le-imprese-sono-comunita-di-persone-ecco-il-vero-valore-della-competitivita\/\" \/>\n<meta property=\"og:site_name\" content=\"Fondazione Pirelli\" \/>\n<meta property=\"article:published_time\" content=\"2022-11-02T07:40:16+00:00\" \/>\n<meta property=\"og:image\" content=\"https:\/\/wpsite-assets.fondazionepirelli.org\/wp-content\/uploads\/2022\/11\/02084011\/GettyImages-840678292.jpg\" \/>\n\t<meta property=\"og:image:width\" content=\"4933\" \/>\n\t<meta property=\"og:image:height\" content=\"3283\" \/>\n\t<meta property=\"og:image:type\" content=\"image\/jpeg\" \/>\n<meta name=\"author\" content=\"fondazionepirelli\" \/>\n<meta name=\"twitter:card\" content=\"summary_large_image\" \/>\n<meta name=\"twitter:label1\" content=\"Scritto da\" \/>\n\t<meta name=\"twitter:data1\" content=\"fondazionepirelli\" \/>\n\t<meta name=\"twitter:label2\" content=\"Tempo di lettura stimato\" \/>\n\t<meta name=\"twitter:data2\" content=\"4 minuti\" \/>\n<script type=\"application\/ld+json\" class=\"yoast-schema-graph\">{\"@context\":\"https:\/\/schema.org\",\"@graph\":[{\"@type\":\"WebPage\",\"@id\":\"https:\/\/www.fondazionepirelli.org\/it\/cultura-dimpresa\/le-imprese-sono-comunita-di-persone-ecco-il-vero-valore-della-competitivita\/\",\"url\":\"https:\/\/www.fondazionepirelli.org\/it\/cultura-dimpresa\/le-imprese-sono-comunita-di-persone-ecco-il-vero-valore-della-competitivita\/\",\"name\":\"Le imprese sono comunit\u00e0 di persone, ecco il vero valore della competitivit\u00e0 - Fondazione Pirelli\",\"isPartOf\":{\"@id\":\"https:\/\/www.fondazionepirelli.org\/it\/#website\"},\"primaryImageOfPage\":{\"@id\":\"https:\/\/www.fondazionepirelli.org\/it\/cultura-dimpresa\/le-imprese-sono-comunita-di-persone-ecco-il-vero-valore-della-competitivita\/#primaryimage\"},\"image\":{\"@id\":\"https:\/\/www.fondazionepirelli.org\/it\/cultura-dimpresa\/le-imprese-sono-comunita-di-persone-ecco-il-vero-valore-della-competitivita\/#primaryimage\"},\"thumbnailUrl\":\"https:\/\/wpsite-assets.fondazionepirelli.org\/wp-content\/uploads\/2022\/11\/02084011\/GettyImages-840678292.jpg\",\"datePublished\":\"2022-11-02T07:40:16+00:00\",\"author\":{\"@id\":\"https:\/\/www.fondazionepirelli.org\/it\/#\/schema\/person\/c31fcf5937a0e6afa45497f3f8b6d7a0\"},\"breadcrumb\":{\"@id\":\"https:\/\/www.fondazionepirelli.org\/it\/cultura-dimpresa\/le-imprese-sono-comunita-di-persone-ecco-il-vero-valore-della-competitivita\/#breadcrumb\"},\"inLanguage\":\"it-IT\",\"potentialAction\":[{\"@type\":\"ReadAction\",\"target\":[\"https:\/\/www.fondazionepirelli.org\/it\/cultura-dimpresa\/le-imprese-sono-comunita-di-persone-ecco-il-vero-valore-della-competitivita\/\"]}]},{\"@type\":\"ImageObject\",\"inLanguage\":\"it-IT\",\"@id\":\"https:\/\/www.fondazionepirelli.org\/it\/cultura-dimpresa\/le-imprese-sono-comunita-di-persone-ecco-il-vero-valore-della-competitivita\/#primaryimage\",\"url\":\"https:\/\/wpsite-assets.fondazionepirelli.org\/wp-content\/uploads\/2022\/11\/02084011\/GettyImages-840678292.jpg\",\"contentUrl\":\"https:\/\/wpsite-assets.fondazionepirelli.org\/wp-content\/uploads\/2022\/11\/02084011\/GettyImages-840678292.jpg\",\"width\":4933,\"height\":3283,\"caption\":\"Group of business people holding a jigsaw puzzle pieces. Business solution integration concept. Multi ethnic group. Close up of hands\"},{\"@type\":\"BreadcrumbList\",\"@id\":\"https:\/\/www.fondazionepirelli.org\/it\/cultura-dimpresa\/le-imprese-sono-comunita-di-persone-ecco-il-vero-valore-della-competitivita\/#breadcrumb\",\"itemListElement\":[{\"@type\":\"ListItem\",\"position\":1,\"name\":\"Home\",\"item\":\"https:\/\/www.fondazionepirelli.org\/it\/\"},{\"@type\":\"ListItem\",\"position\":2,\"name\":\"Le imprese sono comunit\u00e0 di persone, ecco il vero valore della competitivit\u00e0\"}]},{\"@type\":\"WebSite\",\"@id\":\"https:\/\/www.fondazionepirelli.org\/it\/#website\",\"url\":\"https:\/\/www.fondazionepirelli.org\/it\/\",\"name\":\"Fondazione Pirelli\",\"description\":\"\",\"potentialAction\":[{\"@type\":\"SearchAction\",\"target\":{\"@type\":\"EntryPoint\",\"urlTemplate\":\"https:\/\/www.fondazionepirelli.org\/it\/?s={search_term_string}\"},\"query-input\":{\"@type\":\"PropertyValueSpecification\",\"valueRequired\":true,\"valueName\":\"search_term_string\"}}],\"inLanguage\":\"it-IT\"},{\"@type\":\"Person\",\"@id\":\"https:\/\/www.fondazionepirelli.org\/it\/#\/schema\/person\/c31fcf5937a0e6afa45497f3f8b6d7a0\",\"name\":\"fondazionepirelli\",\"image\":{\"@type\":\"ImageObject\",\"inLanguage\":\"it-IT\",\"@id\":\"https:\/\/www.fondazionepirelli.org\/it\/#\/schema\/person\/image\/\",\"url\":\"https:\/\/secure.gravatar.com\/avatar\/9cb486421ce1d6eddbf6c4fb66841b4325b786695f7aedf1dde2222428218696?s=96&d=mm&r=g\",\"contentUrl\":\"https:\/\/secure.gravatar.com\/avatar\/9cb486421ce1d6eddbf6c4fb66841b4325b786695f7aedf1dde2222428218696?s=96&d=mm&r=g\",\"caption\":\"fondazionepirelli\"},\"url\":\"https:\/\/www.fondazionepirelli.org\/it\/author\/fondazionepirelli\/\"}]}<\/script>\n<!-- \/ Yoast SEO plugin. -->","yoast_head_json":{"title":"Le imprese sono comunit\u00e0 di persone, ecco il vero valore della competitivit\u00e0 - Fondazione Pirelli","robots":{"index":"index","follow":"follow","max-snippet":"max-snippet:-1","max-image-preview":"max-image-preview:large","max-video-preview":"max-video-preview:-1"},"canonical":"https:\/\/www.fondazionepirelli.org\/it\/cultura-dimpresa\/le-imprese-sono-comunita-di-persone-ecco-il-vero-valore-della-competitivita\/","og_locale":"it_IT","og_type":"article","og_title":"Le imprese sono comunit\u00e0 di persone, ecco il vero valore della competitivit\u00e0 - Fondazione Pirelli","og_description":"In tempi cos\u00ec difficili e controversi, vale la pena di ricominciare a ragionare sul valore delle parole, sul loro significato profondo, sulla loro stessa etimologia. E cercare di salvare il discorso pubblico dalle facilonerie retoriche, dagli eccessi della propaganda, dai veleni delle fake news. Le tante chiacchiere sul \u201cmerito\u201d, se rivendicarlo a partire dalla scuola [&hellip;]","og_url":"https:\/\/www.fondazionepirelli.org\/it\/cultura-dimpresa\/le-imprese-sono-comunita-di-persone-ecco-il-vero-valore-della-competitivita\/","og_site_name":"Fondazione Pirelli","article_published_time":"2022-11-02T07:40:16+00:00","og_image":[{"width":4933,"height":3283,"url":"https:\/\/wpsite-assets.fondazionepirelli.org\/wp-content\/uploads\/2022\/11\/02084011\/GettyImages-840678292.jpg","type":"image\/jpeg"}],"author":"fondazionepirelli","twitter_card":"summary_large_image","twitter_misc":{"Scritto da":"fondazionepirelli","Tempo di lettura stimato":"4 minuti"},"schema":{"@context":"https:\/\/schema.org","@graph":[{"@type":"WebPage","@id":"https:\/\/www.fondazionepirelli.org\/it\/cultura-dimpresa\/le-imprese-sono-comunita-di-persone-ecco-il-vero-valore-della-competitivita\/","url":"https:\/\/www.fondazionepirelli.org\/it\/cultura-dimpresa\/le-imprese-sono-comunita-di-persone-ecco-il-vero-valore-della-competitivita\/","name":"Le imprese sono comunit\u00e0 di persone, ecco il vero valore della competitivit\u00e0 - Fondazione Pirelli","isPartOf":{"@id":"https:\/\/www.fondazionepirelli.org\/it\/#website"},"primaryImageOfPage":{"@id":"https:\/\/www.fondazionepirelli.org\/it\/cultura-dimpresa\/le-imprese-sono-comunita-di-persone-ecco-il-vero-valore-della-competitivita\/#primaryimage"},"image":{"@id":"https:\/\/www.fondazionepirelli.org\/it\/cultura-dimpresa\/le-imprese-sono-comunita-di-persone-ecco-il-vero-valore-della-competitivita\/#primaryimage"},"thumbnailUrl":"https:\/\/wpsite-assets.fondazionepirelli.org\/wp-content\/uploads\/2022\/11\/02084011\/GettyImages-840678292.jpg","datePublished":"2022-11-02T07:40:16+00:00","author":{"@id":"https:\/\/www.fondazionepirelli.org\/it\/#\/schema\/person\/c31fcf5937a0e6afa45497f3f8b6d7a0"},"breadcrumb":{"@id":"https:\/\/www.fondazionepirelli.org\/it\/cultura-dimpresa\/le-imprese-sono-comunita-di-persone-ecco-il-vero-valore-della-competitivita\/#breadcrumb"},"inLanguage":"it-IT","potentialAction":[{"@type":"ReadAction","target":["https:\/\/www.fondazionepirelli.org\/it\/cultura-dimpresa\/le-imprese-sono-comunita-di-persone-ecco-il-vero-valore-della-competitivita\/"]}]},{"@type":"ImageObject","inLanguage":"it-IT","@id":"https:\/\/www.fondazionepirelli.org\/it\/cultura-dimpresa\/le-imprese-sono-comunita-di-persone-ecco-il-vero-valore-della-competitivita\/#primaryimage","url":"https:\/\/wpsite-assets.fondazionepirelli.org\/wp-content\/uploads\/2022\/11\/02084011\/GettyImages-840678292.jpg","contentUrl":"https:\/\/wpsite-assets.fondazionepirelli.org\/wp-content\/uploads\/2022\/11\/02084011\/GettyImages-840678292.jpg","width":4933,"height":3283,"caption":"Group of business people holding a jigsaw puzzle pieces. Business solution integration concept. Multi ethnic group. Close up of hands"},{"@type":"BreadcrumbList","@id":"https:\/\/www.fondazionepirelli.org\/it\/cultura-dimpresa\/le-imprese-sono-comunita-di-persone-ecco-il-vero-valore-della-competitivita\/#breadcrumb","itemListElement":[{"@type":"ListItem","position":1,"name":"Home","item":"https:\/\/www.fondazionepirelli.org\/it\/"},{"@type":"ListItem","position":2,"name":"Le imprese sono comunit\u00e0 di persone, ecco il vero valore della competitivit\u00e0"}]},{"@type":"WebSite","@id":"https:\/\/www.fondazionepirelli.org\/it\/#website","url":"https:\/\/www.fondazionepirelli.org\/it\/","name":"Fondazione Pirelli","description":"","potentialAction":[{"@type":"SearchAction","target":{"@type":"EntryPoint","urlTemplate":"https:\/\/www.fondazionepirelli.org\/it\/?s={search_term_string}"},"query-input":{"@type":"PropertyValueSpecification","valueRequired":true,"valueName":"search_term_string"}}],"inLanguage":"it-IT"},{"@type":"Person","@id":"https:\/\/www.fondazionepirelli.org\/it\/#\/schema\/person\/c31fcf5937a0e6afa45497f3f8b6d7a0","name":"fondazionepirelli","image":{"@type":"ImageObject","inLanguage":"it-IT","@id":"https:\/\/www.fondazionepirelli.org\/it\/#\/schema\/person\/image\/","url":"https:\/\/secure.gravatar.com\/avatar\/9cb486421ce1d6eddbf6c4fb66841b4325b786695f7aedf1dde2222428218696?s=96&d=mm&r=g","contentUrl":"https:\/\/secure.gravatar.com\/avatar\/9cb486421ce1d6eddbf6c4fb66841b4325b786695f7aedf1dde2222428218696?s=96&d=mm&r=g","caption":"fondazionepirelli"},"url":"https:\/\/www.fondazionepirelli.org\/it\/author\/fondazionepirelli\/"}]}},"_links":{"self":[{"href":"https:\/\/www.fondazionepirelli.org\/it\/wp-json\/wp\/v2\/posts\/92967\/"}],"collection":[{"href":"https:\/\/www.fondazionepirelli.org\/it\/wp-json\/wp\/v2\/posts\/"}],"about":[{"href":"https:\/\/www.fondazionepirelli.org\/it\/wp-json\/wp\/v2\/types\/post\/"}],"author":[{"embeddable":true,"href":"https:\/\/www.fondazionepirelli.org\/it\/wp-json\/wp\/v2\/users\/9\/"}],"replies":[{"embeddable":true,"href":"https:\/\/www.fondazionepirelli.org\/it\/wp-json\/wp\/v2\/comments\/?post=92967"}],"version-history":[{"count":3,"href":"https:\/\/www.fondazionepirelli.org\/it\/wp-json\/wp\/v2\/posts\/92967\/revisions\/"}],"predecessor-version":[{"id":92981,"href":"https:\/\/www.fondazionepirelli.org\/it\/wp-json\/wp\/v2\/posts\/92967\/revisions\/92981\/"}],"wp:featuredmedia":[{"embeddable":true,"href":"https:\/\/www.fondazionepirelli.org\/it\/wp-json\/wp\/v2\/media\/92979\/"}],"wp:attachment":[{"href":"https:\/\/www.fondazionepirelli.org\/it\/wp-json\/wp\/v2\/media\/?parent=92967"}],"wp:term":[{"taxonomy":"category","embeddable":true,"href":"https:\/\/www.fondazionepirelli.org\/it\/wp-json\/wp\/v2\/categories\/?post=92967"},{"taxonomy":"post_tag","embeddable":true,"href":"https:\/\/www.fondazionepirelli.org\/it\/wp-json\/wp\/v2\/tags\/?post=92967"}],"curies":[{"name":"wp","href":"https:\/\/api.w.org\/{rel}","templated":true}]}}