{"id":92973,"date":"2022-11-02T08:40:29","date_gmt":"2022-11-02T07:40:29","guid":{"rendered":"https:\/\/www.fondazionepirelli.org\/?p=92973"},"modified":"2022-11-02T08:40:29","modified_gmt":"2022-11-02T07:40:29","slug":"produrre-diversamente","status":"publish","type":"post","link":"https:\/\/www.fondazionepirelli.org\/it\/cultura-dimpresa\/produrre-diversamente\/","title":{"rendered":"Produrre diversamente"},"content":{"rendered":"<p><em>L\u2019ultimo libro curato da Aldo Bonomi delinea un assetto produttivo e territoriale nuovo, che cambia i paradigmi utilizzati fino ad oggi<\/em><\/p>\n<p><strong>\u00a0<\/strong><\/p>\n<p>Fabbrica \u201cnon pi\u00f9 fabbrica\u201d, ma luogo della produzione che si diluisce nel territorio, lo pervade, ne diventa struttura di lavoro e di vita. E\u2019 attorno a questa raffigurazione della realt\u00e0 che si muove \u201cOltre le mura dell&#8217;impresa. Vivere, abitare, lavorare nelle piattaforme territoriali\u201d, libro curato da Aldo Bonomi che ha, con ragione, l\u2019ambizione di costituire un salto di qualit\u00e0 nelle analisi di quanto sta accadendo nelle societ\u00e0 industrializzate.<\/p>\n<p>Frutto di decenni di ricerche, analisi e ragionamenti, il libro \u00e8 contemporaneamente testo di studio e compendio di immagini che valgono pi\u00f9 di centinaia di pagine di numeri.<br \/>\nTutto inizia da una ipotesi che \u00e8 anche una constatazione: la fabbrica \u00e8 esplosa sul territorio, portando fuori dalle mura la logica dell\u2019industrializzazione. Da qui parte il lungo percorso di esplorazione territoriale del consorzio Aaster (creato e animato dallo stesso Bonomi) che conduce ad una sorta di \u201cscomposizione del lavoro fordista\u201d (e cio\u00e8 quello legato alla tradizionale organizzazione della produzione), per arrivare ad una rappresentazione di nuove configurazioni sociali fatte di momenti di lavoro e di vita, di luoghi positivi e di ambiti di sfruttamento diversi dal passato, ambivalenze e occasioni di sviluppo.<\/p>\n<p>Concentrato nell\u2019analisi di quanto \u00e8 accaduto e accade al nord della Penisola, il libro non solo si fonda su decenni di lavoro ma su una solida mole di dati e ricerche, tanto da poter essere definito un \u201calmanacco dei territori\u201d che nel nord (ma senza dimenticare il sud) costituiscono il nucleo forte della produzione italiana.<br \/>\nDopo un lungo capitolo di sintesi dello stesso Bonomi, chi legge pu\u00f2 quindi approfondire quanto accade nelle \u201cquattro lombardie\u201d, nel nord-est alle prese con il \u201cpolicentrismo delle molecole\u201d, nell\u2019Emilia-Romagna delle piattaforme, nella Torino ex <em>company town<\/em>. Ma anche nei tanti nord e cio\u00e8 quelli dei poli metropolitani, delle piattaforme, delle \u201ccomunit\u00e0-polvere\u201d.<br \/>\nNelle circa duecento pagine raccolte da Bonomi, si coglie un susseguirsi di analisi e suggestioni che costituiscono, queste ultime, uno dei valori aggiunti del libro (insieme ad un linguaggio che riesce spesso a superare i tornanti dei tecnicismi arrivando ad un racconto vivo di quanto accade).<\/p>\n<p>Il libro \u00e8 cos\u00ec una \u201cinchiesta radicale e paziente sul divenire dei territori\u201d, come scrive Bonomi, che si pone molte domande (come quella sul futuro della \u201ccomunit\u00e0 operosa\u201d fattasi \u201ccapitalismo intermedio\u201d) e non pretende di dare risposte preconfezionate ma ulteriore argomenti di ragionamento. Come, tanto per citarne uno, la connotazione delle \u201cindustrie urbane\u201d che \u201cmettono a valore quattro campi chiave del vivere sociale e dell\u2019umano: salute, natura, abitare, sapere\u201d.<br \/>\n\u201cOltre le mura dell\u2019impresa\u201d non \u00e8 un libro da leggere di corsa (anche se si fa leggere benissimo), ma qualcosa su cui ragionare, del quale non si \u00e8 obbligati a condividere tutto, ma che devono leggere tutti quelli che vogliono capire di pi\u00f9 e meglio dell\u2019evoluzione del nostro sistema sociale e produttivo.<\/p><p><strong>Oltre le mura dell&#8217;impresa. Vivere, abitare, lavorare nelle piattaforme territoriali<\/strong><\/p>\n<p>Aldo Bonomi (a cura di)<\/p>\n<p>DeriveApprodi, 2021<\/p>\n","protected":false},"excerpt":{"rendered":"<p>L\u2019ultimo libro curato da Aldo Bonomi delinea un assetto produttivo e territoriale nuovo, che cambia i paradigmi utilizzati fino ad oggi \u00a0 Fabbrica \u201cnon pi\u00f9 fabbrica\u201d, ma luogo della produzione che si diluisce nel territorio, lo pervade, ne diventa struttura di lavoro e di vita. E\u2019 attorno a questa raffigurazione della realt\u00e0 che si muove [&hellip;]<\/p>\n","protected":false},"author":9,"featured_media":92974,"comment_status":"open","ping_status":"open","sticky":false,"template":"","format":"standard","meta":{"footnotes":""},"categories":[52,58],"tags":[],"class_list":["post-92973","post","type-post","status-publish","format-standard","has-post-thumbnail","hentry","category-cultura-dimpresa","category-recensioni-libri"],"acf":[],"yoast_head":"<!-- This site is optimized with the Yoast SEO plugin v25.0 - https:\/\/yoast.com\/wordpress\/plugins\/seo\/ -->\n<title>Produrre diversamente - Fondazione Pirelli<\/title>\n<meta name=\"robots\" content=\"index, follow, max-snippet:-1, max-image-preview:large, max-video-preview:-1\" \/>\n<link rel=\"canonical\" href=\"https:\/\/www.fondazionepirelli.org\/it\/cultura-dimpresa\/produrre-diversamente\/\" \/>\n<meta property=\"og:locale\" content=\"it_IT\" \/>\n<meta property=\"og:type\" content=\"article\" \/>\n<meta property=\"og:title\" content=\"Produrre diversamente - Fondazione Pirelli\" \/>\n<meta property=\"og:description\" content=\"L\u2019ultimo libro curato da Aldo Bonomi delinea un assetto produttivo e territoriale nuovo, che cambia i paradigmi utilizzati fino ad oggi \u00a0 Fabbrica \u201cnon pi\u00f9 fabbrica\u201d, ma luogo della produzione che si diluisce nel territorio, lo pervade, ne diventa struttura di lavoro e di vita. E\u2019 attorno a questa raffigurazione della realt\u00e0 che si muove [&hellip;]\" \/>\n<meta property=\"og:url\" content=\"https:\/\/www.fondazionepirelli.org\/it\/cultura-dimpresa\/produrre-diversamente\/\" \/>\n<meta property=\"og:site_name\" content=\"Fondazione Pirelli\" \/>\n<meta property=\"article:published_time\" content=\"2022-11-02T07:40:29+00:00\" \/>\n<meta property=\"og:image\" content=\"https:\/\/wpsite-assets.fondazionepirelli.org\/wp-content\/uploads\/2022\/11\/02081323\/81y9S-T3VrL-e1667373220946.jpg\" \/>\n\t<meta property=\"og:image:width\" content=\"500\" \/>\n\t<meta property=\"og:image:height\" content=\"769\" \/>\n\t<meta property=\"og:image:type\" content=\"image\/jpeg\" \/>\n<meta name=\"author\" content=\"fondazionepirelli\" \/>\n<meta name=\"twitter:card\" content=\"summary_large_image\" \/>\n<meta name=\"twitter:label1\" content=\"Scritto da\" \/>\n\t<meta name=\"twitter:data1\" content=\"fondazionepirelli\" \/>\n\t<meta name=\"twitter:label2\" content=\"Tempo di lettura stimato\" \/>\n\t<meta name=\"twitter:data2\" content=\"3 minuti\" \/>\n<script type=\"application\/ld+json\" class=\"yoast-schema-graph\">{\"@context\":\"https:\/\/schema.org\",\"@graph\":[{\"@type\":\"WebPage\",\"@id\":\"https:\/\/www.fondazionepirelli.org\/it\/cultura-dimpresa\/produrre-diversamente\/\",\"url\":\"https:\/\/www.fondazionepirelli.org\/it\/cultura-dimpresa\/produrre-diversamente\/\",\"name\":\"Produrre diversamente - Fondazione Pirelli\",\"isPartOf\":{\"@id\":\"https:\/\/www.fondazionepirelli.org\/it\/#website\"},\"primaryImageOfPage\":{\"@id\":\"https:\/\/www.fondazionepirelli.org\/it\/cultura-dimpresa\/produrre-diversamente\/#primaryimage\"},\"image\":{\"@id\":\"https:\/\/www.fondazionepirelli.org\/it\/cultura-dimpresa\/produrre-diversamente\/#primaryimage\"},\"thumbnailUrl\":\"https:\/\/wpsite-assets.fondazionepirelli.org\/wp-content\/uploads\/2022\/11\/02081323\/81y9S-T3VrL-e1667373220946.jpg\",\"datePublished\":\"2022-11-02T07:40:29+00:00\",\"author\":{\"@id\":\"https:\/\/www.fondazionepirelli.org\/it\/#\/schema\/person\/c31fcf5937a0e6afa45497f3f8b6d7a0\"},\"breadcrumb\":{\"@id\":\"https:\/\/www.fondazionepirelli.org\/it\/cultura-dimpresa\/produrre-diversamente\/#breadcrumb\"},\"inLanguage\":\"it-IT\",\"potentialAction\":[{\"@type\":\"ReadAction\",\"target\":[\"https:\/\/www.fondazionepirelli.org\/it\/cultura-dimpresa\/produrre-diversamente\/\"]}]},{\"@type\":\"ImageObject\",\"inLanguage\":\"it-IT\",\"@id\":\"https:\/\/www.fondazionepirelli.org\/it\/cultura-dimpresa\/produrre-diversamente\/#primaryimage\",\"url\":\"https:\/\/wpsite-assets.fondazionepirelli.org\/wp-content\/uploads\/2022\/11\/02081323\/81y9S-T3VrL-e1667373220946.jpg\",\"contentUrl\":\"https:\/\/wpsite-assets.fondazionepirelli.org\/wp-content\/uploads\/2022\/11\/02081323\/81y9S-T3VrL-e1667373220946.jpg\",\"width\":500,\"height\":769},{\"@type\":\"BreadcrumbList\",\"@id\":\"https:\/\/www.fondazionepirelli.org\/it\/cultura-dimpresa\/produrre-diversamente\/#breadcrumb\",\"itemListElement\":[{\"@type\":\"ListItem\",\"position\":1,\"name\":\"Home\",\"item\":\"https:\/\/www.fondazionepirelli.org\/it\/\"},{\"@type\":\"ListItem\",\"position\":2,\"name\":\"Produrre diversamente\"}]},{\"@type\":\"WebSite\",\"@id\":\"https:\/\/www.fondazionepirelli.org\/it\/#website\",\"url\":\"https:\/\/www.fondazionepirelli.org\/it\/\",\"name\":\"Fondazione Pirelli\",\"description\":\"\",\"potentialAction\":[{\"@type\":\"SearchAction\",\"target\":{\"@type\":\"EntryPoint\",\"urlTemplate\":\"https:\/\/www.fondazionepirelli.org\/it\/?s={search_term_string}\"},\"query-input\":{\"@type\":\"PropertyValueSpecification\",\"valueRequired\":true,\"valueName\":\"search_term_string\"}}],\"inLanguage\":\"it-IT\"},{\"@type\":\"Person\",\"@id\":\"https:\/\/www.fondazionepirelli.org\/it\/#\/schema\/person\/c31fcf5937a0e6afa45497f3f8b6d7a0\",\"name\":\"fondazionepirelli\",\"image\":{\"@type\":\"ImageObject\",\"inLanguage\":\"it-IT\",\"@id\":\"https:\/\/www.fondazionepirelli.org\/it\/#\/schema\/person\/image\/\",\"url\":\"https:\/\/secure.gravatar.com\/avatar\/9cb486421ce1d6eddbf6c4fb66841b4325b786695f7aedf1dde2222428218696?s=96&d=mm&r=g\",\"contentUrl\":\"https:\/\/secure.gravatar.com\/avatar\/9cb486421ce1d6eddbf6c4fb66841b4325b786695f7aedf1dde2222428218696?s=96&d=mm&r=g\",\"caption\":\"fondazionepirelli\"},\"url\":\"https:\/\/www.fondazionepirelli.org\/it\/author\/fondazionepirelli\/\"}]}<\/script>\n<!-- \/ Yoast SEO plugin. -->","yoast_head_json":{"title":"Produrre diversamente - Fondazione Pirelli","robots":{"index":"index","follow":"follow","max-snippet":"max-snippet:-1","max-image-preview":"max-image-preview:large","max-video-preview":"max-video-preview:-1"},"canonical":"https:\/\/www.fondazionepirelli.org\/it\/cultura-dimpresa\/produrre-diversamente\/","og_locale":"it_IT","og_type":"article","og_title":"Produrre diversamente - Fondazione Pirelli","og_description":"L\u2019ultimo libro curato da Aldo Bonomi delinea un assetto produttivo e territoriale nuovo, che cambia i paradigmi utilizzati fino ad oggi \u00a0 Fabbrica \u201cnon pi\u00f9 fabbrica\u201d, ma luogo della produzione che si diluisce nel territorio, lo pervade, ne diventa struttura di lavoro e di vita. E\u2019 attorno a questa raffigurazione della realt\u00e0 che si muove [&hellip;]","og_url":"https:\/\/www.fondazionepirelli.org\/it\/cultura-dimpresa\/produrre-diversamente\/","og_site_name":"Fondazione Pirelli","article_published_time":"2022-11-02T07:40:29+00:00","og_image":[{"width":500,"height":769,"url":"https:\/\/wpsite-assets.fondazionepirelli.org\/wp-content\/uploads\/2022\/11\/02081323\/81y9S-T3VrL-e1667373220946.jpg","type":"image\/jpeg"}],"author":"fondazionepirelli","twitter_card":"summary_large_image","twitter_misc":{"Scritto da":"fondazionepirelli","Tempo di lettura stimato":"3 minuti"},"schema":{"@context":"https:\/\/schema.org","@graph":[{"@type":"WebPage","@id":"https:\/\/www.fondazionepirelli.org\/it\/cultura-dimpresa\/produrre-diversamente\/","url":"https:\/\/www.fondazionepirelli.org\/it\/cultura-dimpresa\/produrre-diversamente\/","name":"Produrre diversamente - Fondazione Pirelli","isPartOf":{"@id":"https:\/\/www.fondazionepirelli.org\/it\/#website"},"primaryImageOfPage":{"@id":"https:\/\/www.fondazionepirelli.org\/it\/cultura-dimpresa\/produrre-diversamente\/#primaryimage"},"image":{"@id":"https:\/\/www.fondazionepirelli.org\/it\/cultura-dimpresa\/produrre-diversamente\/#primaryimage"},"thumbnailUrl":"https:\/\/wpsite-assets.fondazionepirelli.org\/wp-content\/uploads\/2022\/11\/02081323\/81y9S-T3VrL-e1667373220946.jpg","datePublished":"2022-11-02T07:40:29+00:00","author":{"@id":"https:\/\/www.fondazionepirelli.org\/it\/#\/schema\/person\/c31fcf5937a0e6afa45497f3f8b6d7a0"},"breadcrumb":{"@id":"https:\/\/www.fondazionepirelli.org\/it\/cultura-dimpresa\/produrre-diversamente\/#breadcrumb"},"inLanguage":"it-IT","potentialAction":[{"@type":"ReadAction","target":["https:\/\/www.fondazionepirelli.org\/it\/cultura-dimpresa\/produrre-diversamente\/"]}]},{"@type":"ImageObject","inLanguage":"it-IT","@id":"https:\/\/www.fondazionepirelli.org\/it\/cultura-dimpresa\/produrre-diversamente\/#primaryimage","url":"https:\/\/wpsite-assets.fondazionepirelli.org\/wp-content\/uploads\/2022\/11\/02081323\/81y9S-T3VrL-e1667373220946.jpg","contentUrl":"https:\/\/wpsite-assets.fondazionepirelli.org\/wp-content\/uploads\/2022\/11\/02081323\/81y9S-T3VrL-e1667373220946.jpg","width":500,"height":769},{"@type":"BreadcrumbList","@id":"https:\/\/www.fondazionepirelli.org\/it\/cultura-dimpresa\/produrre-diversamente\/#breadcrumb","itemListElement":[{"@type":"ListItem","position":1,"name":"Home","item":"https:\/\/www.fondazionepirelli.org\/it\/"},{"@type":"ListItem","position":2,"name":"Produrre diversamente"}]},{"@type":"WebSite","@id":"https:\/\/www.fondazionepirelli.org\/it\/#website","url":"https:\/\/www.fondazionepirelli.org\/it\/","name":"Fondazione Pirelli","description":"","potentialAction":[{"@type":"SearchAction","target":{"@type":"EntryPoint","urlTemplate":"https:\/\/www.fondazionepirelli.org\/it\/?s={search_term_string}"},"query-input":{"@type":"PropertyValueSpecification","valueRequired":true,"valueName":"search_term_string"}}],"inLanguage":"it-IT"},{"@type":"Person","@id":"https:\/\/www.fondazionepirelli.org\/it\/#\/schema\/person\/c31fcf5937a0e6afa45497f3f8b6d7a0","name":"fondazionepirelli","image":{"@type":"ImageObject","inLanguage":"it-IT","@id":"https:\/\/www.fondazionepirelli.org\/it\/#\/schema\/person\/image\/","url":"https:\/\/secure.gravatar.com\/avatar\/9cb486421ce1d6eddbf6c4fb66841b4325b786695f7aedf1dde2222428218696?s=96&d=mm&r=g","contentUrl":"https:\/\/secure.gravatar.com\/avatar\/9cb486421ce1d6eddbf6c4fb66841b4325b786695f7aedf1dde2222428218696?s=96&d=mm&r=g","caption":"fondazionepirelli"},"url":"https:\/\/www.fondazionepirelli.org\/it\/author\/fondazionepirelli\/"}]}},"_links":{"self":[{"href":"https:\/\/www.fondazionepirelli.org\/it\/wp-json\/wp\/v2\/posts\/92973\/"}],"collection":[{"href":"https:\/\/www.fondazionepirelli.org\/it\/wp-json\/wp\/v2\/posts\/"}],"about":[{"href":"https:\/\/www.fondazionepirelli.org\/it\/wp-json\/wp\/v2\/types\/post\/"}],"author":[{"embeddable":true,"href":"https:\/\/www.fondazionepirelli.org\/it\/wp-json\/wp\/v2\/users\/9\/"}],"replies":[{"embeddable":true,"href":"https:\/\/www.fondazionepirelli.org\/it\/wp-json\/wp\/v2\/comments\/?post=92973"}],"version-history":[{"count":1,"href":"https:\/\/www.fondazionepirelli.org\/it\/wp-json\/wp\/v2\/posts\/92973\/revisions\/"}],"predecessor-version":[{"id":92976,"href":"https:\/\/www.fondazionepirelli.org\/it\/wp-json\/wp\/v2\/posts\/92973\/revisions\/92976\/"}],"wp:featuredmedia":[{"embeddable":true,"href":"https:\/\/www.fondazionepirelli.org\/it\/wp-json\/wp\/v2\/media\/92974\/"}],"wp:attachment":[{"href":"https:\/\/www.fondazionepirelli.org\/it\/wp-json\/wp\/v2\/media\/?parent=92973"}],"wp:term":[{"taxonomy":"category","embeddable":true,"href":"https:\/\/www.fondazionepirelli.org\/it\/wp-json\/wp\/v2\/categories\/?post=92973"},{"taxonomy":"post_tag","embeddable":true,"href":"https:\/\/www.fondazionepirelli.org\/it\/wp-json\/wp\/v2\/tags\/?post=92973"}],"curies":[{"name":"wp","href":"https:\/\/api.w.org\/{rel}","templated":true}]}}