{"id":93015,"date":"2022-11-09T12:33:43","date_gmt":"2022-11-09T11:33:43","guid":{"rendered":"https:\/\/www.fondazionepirelli.org\/?p=93015"},"modified":"2022-11-09T13:28:37","modified_gmt":"2022-11-09T12:28:37","slug":"vino-dimpresa","status":"publish","type":"post","link":"https:\/\/www.fondazionepirelli.org\/it\/cultura-dimpresa\/vino-dimpresa\/","title":{"rendered":"Vino d\u2019impresa"},"content":{"rendered":"<p><em>Raccontata in un libro appena pubblicato la storia di una delle pi\u00f9 importanti aziende vitivinicole italiane: caso paradigmatico della buona cultura d\u2019impresa<\/em><\/p>\n<p><strong>\u00a0<\/strong><\/p>\n<p>Storia che si fa presente e futuro. Narrazione di vicende umane e d\u2019impresa che diventano investimenti per crescere. E\u2019 tutto questo che si ritrova in ogni storia aziendale che sia ben interpretata. Ed \u00e8 quanto si legge in \u201cAmarone e oltre. Masi: 50 anni di vendemmie, famiglia e imprenditorialit\u00e0\u201d, libro che ha una particolarit\u00e0 in pi\u00f9 per essere scritto da Sandro Boscaini, esponente della sesta generazione della famiglia che ha dato vita, 250 anni fa, all\u2019azienda.<\/p>\n<p>Il libro inizia davvero dalle origini dell\u2019azienda Masi, nel 1772, che vengono collocate nell\u2019ambiente dell\u2019epoca per poi ripercorrere passo dopo passo le scelte imprenditoriale che sono state fatte, le vicende familiari che le hanno accompagnate e quelle storiche che hanno fatto da cornice. Chi legge, quindi, apprende non solo delle prime decisioni che hanno fatto \u201cpartire\u201d l\u2019azienda, ma anche della fase di strutturazione in qualcosa di solido e in grado di espandersi commercialmente, del passaggio cruciale di confronto con una delle malattie pi\u00f9 pericolose per il settore vitivinicolo(la Fillossera) e poi quello tra le due guerre mondiali per arrivare allo sviluppo del dopoguerra e ad altre scelte cruciali per l\u2019impresa.<\/p>\n<p>Ci\u00f2 che caratterizza il lavoro dell\u2019autore, non \u00e8 solo la narrazione (scritta con il piglio letterario giusto) di una storia d\u2019impresa pluricentenaria, ma anche una seconda parte del libro nella quale il racconto storico si trasforma in ragionamento manageriale sui temi all\u2019ordine del giorno nella gestione dell\u2019azienda, dando conto di scelte, valori e strategie di gruppo e di marchio. Storia, come si diceva, che costituisce nutrimento per il presente e base per il futuro. E che fa capire il motivo per il quale \u201cAmarone\u201d richiama il nome dell\u2019azienda su tutti i mercati.<\/p>\n<p>Con ragione, Giuseppe Lupo, nella sua bella introduzione sintetizza la cultura d\u2019impresa di Masi scrivendo \u00a0di una \u201cregola che nel Gruppo Masi \u00e8 diventata aurea: non basta saper fare, bisogna anche comunicare ci\u00f2 che si fa. A questo scopo risponde l\u2019infittirsi del racconto fino alla soglia dei nostri anni: ogni azione \u00e8 accompagnata dalla sua narrazione, e qualsiasi realt\u00e0 produttiva, per vincere la sfida con i mercati, deve adottare l\u2019esercizio dell\u2019organizzazione. Ne esce una ragnatela integrata di uomini e di strutture, un agglomerato di intelligenze che cooperano verso un obiettivo unico e totalizzante. Che sia questa la strada per una dimensione comunitaria? Forse s\u00ec. Ma \u00e8 anche la conferma di una continuit\u00e0 rispetto ai lasciti di un racconto familiare, dove tanti sono i nomi e i volti, i profili e le voci, ma unico resta il punto di osservazione: la necessit\u00e0 di vivere il moderno, non per subirne le contraddizioni ma per correggerne gli errori ed edificare qualcosa che rimanga\u201d.<\/p><p><strong>Amarone e oltre. <\/strong><strong>Masi: 50 anni di vendemmie, famiglia e imprenditorialit\u00e0<\/strong><\/p>\n<p><a href=\"https:\/\/www.egeaeditore.it\/ITA\/Autori\/boscaini-sandro.aspx\">Sandro Boscaini<\/a><\/p>\n<p><a href=\"https:\/\/www.egeaeditore.it\/ita\/catalogo\/risultato-ricerca.aspx#IDEditore=EGEA\">Egea<\/a>, 2022<\/p>\n","protected":false},"excerpt":{"rendered":"<p>Raccontata in un libro appena pubblicato la storia di una delle pi\u00f9 importanti aziende vitivinicole italiane: caso paradigmatico della buona cultura d\u2019impresa \u00a0 Storia che si fa presente e futuro. Narrazione di vicende umane e d\u2019impresa che diventano investimenti per crescere. E\u2019 tutto questo che si ritrova in ogni storia aziendale che sia ben interpretata. [&hellip;]<\/p>\n","protected":false},"author":9,"featured_media":93016,"comment_status":"open","ping_status":"open","sticky":false,"template":"","format":"standard","meta":{"footnotes":""},"categories":[52,58],"tags":[],"class_list":["post-93015","post","type-post","status-publish","format-standard","has-post-thumbnail","hentry","category-cultura-dimpresa","category-recensioni-libri"],"acf":[],"yoast_head":"<!-- This site is optimized with the Yoast SEO plugin v25.0 - https:\/\/yoast.com\/wordpress\/plugins\/seo\/ -->\n<title>Vino d\u2019impresa - Fondazione Pirelli<\/title>\n<meta name=\"robots\" content=\"index, follow, max-snippet:-1, max-image-preview:large, max-video-preview:-1\" \/>\n<link rel=\"canonical\" href=\"https:\/\/www.fondazionepirelli.org\/it\/cultura-dimpresa\/vino-dimpresa\/\" \/>\n<meta property=\"og:locale\" content=\"it_IT\" \/>\n<meta property=\"og:type\" content=\"article\" \/>\n<meta property=\"og:title\" content=\"Vino d\u2019impresa - Fondazione Pirelli\" \/>\n<meta property=\"og:description\" content=\"Raccontata in un libro appena pubblicato la storia di una delle pi\u00f9 importanti aziende vitivinicole italiane: caso paradigmatico della buona cultura d\u2019impresa \u00a0 Storia che si fa presente e futuro. Narrazione di vicende umane e d\u2019impresa che diventano investimenti per crescere. E\u2019 tutto questo che si ritrova in ogni storia aziendale che sia ben interpretata. [&hellip;]\" \/>\n<meta property=\"og:url\" content=\"https:\/\/127.0.0.1\/it\/cultura-dimpresa\/vino-dimpresa\/\" \/>\n<meta property=\"og:site_name\" content=\"Fondazione Pirelli\" \/>\n<meta property=\"article:published_time\" content=\"2022-11-09T11:33:43+00:00\" \/>\n<meta property=\"article:modified_time\" content=\"2022-11-09T12:28:37+00:00\" \/>\n<meta property=\"og:image\" content=\"https:\/\/wpsite-assets.fondazionepirelli.org\/wp-content\/uploads\/2022\/11\/07111712\/8408550.jpg.jpg\" \/>\n\t<meta property=\"og:image:width\" content=\"230\" \/>\n\t<meta property=\"og:image:height\" content=\"343\" \/>\n\t<meta property=\"og:image:type\" content=\"image\/jpeg\" \/>\n<meta name=\"author\" content=\"fondazionepirelli\" \/>\n<meta name=\"twitter:card\" content=\"summary_large_image\" \/>\n<meta name=\"twitter:label1\" content=\"Scritto da\" \/>\n\t<meta name=\"twitter:data1\" content=\"fondazionepirelli\" \/>\n\t<meta name=\"twitter:label2\" content=\"Tempo di lettura stimato\" \/>\n\t<meta name=\"twitter:data2\" content=\"2 minuti\" \/>\n<script type=\"application\/ld+json\" class=\"yoast-schema-graph\">{\"@context\":\"https:\/\/schema.org\",\"@graph\":[{\"@type\":\"WebPage\",\"@id\":\"https:\/\/127.0.0.1\/it\/cultura-dimpresa\/vino-dimpresa\/\",\"url\":\"https:\/\/127.0.0.1\/it\/cultura-dimpresa\/vino-dimpresa\/\",\"name\":\"Vino d\u2019impresa - Fondazione Pirelli\",\"isPartOf\":{\"@id\":\"https:\/\/www.fondazionepirelli.org\/it\/#website\"},\"primaryImageOfPage\":{\"@id\":\"https:\/\/127.0.0.1\/it\/cultura-dimpresa\/vino-dimpresa\/#primaryimage\"},\"image\":{\"@id\":\"https:\/\/127.0.0.1\/it\/cultura-dimpresa\/vino-dimpresa\/#primaryimage\"},\"thumbnailUrl\":\"https:\/\/wpsite-assets.fondazionepirelli.org\/wp-content\/uploads\/2022\/11\/07111712\/8408550.jpg.jpg\",\"datePublished\":\"2022-11-09T11:33:43+00:00\",\"dateModified\":\"2022-11-09T12:28:37+00:00\",\"author\":{\"@id\":\"https:\/\/www.fondazionepirelli.org\/it\/#\/schema\/person\/c31fcf5937a0e6afa45497f3f8b6d7a0\"},\"breadcrumb\":{\"@id\":\"https:\/\/127.0.0.1\/it\/cultura-dimpresa\/vino-dimpresa\/#breadcrumb\"},\"inLanguage\":\"it-IT\",\"potentialAction\":[{\"@type\":\"ReadAction\",\"target\":[\"https:\/\/127.0.0.1\/it\/cultura-dimpresa\/vino-dimpresa\/\"]}]},{\"@type\":\"ImageObject\",\"inLanguage\":\"it-IT\",\"@id\":\"https:\/\/127.0.0.1\/it\/cultura-dimpresa\/vino-dimpresa\/#primaryimage\",\"url\":\"https:\/\/wpsite-assets.fondazionepirelli.org\/wp-content\/uploads\/2022\/11\/07111712\/8408550.jpg.jpg\",\"contentUrl\":\"https:\/\/wpsite-assets.fondazionepirelli.org\/wp-content\/uploads\/2022\/11\/07111712\/8408550.jpg.jpg\",\"width\":230,\"height\":343},{\"@type\":\"BreadcrumbList\",\"@id\":\"https:\/\/127.0.0.1\/it\/cultura-dimpresa\/vino-dimpresa\/#breadcrumb\",\"itemListElement\":[{\"@type\":\"ListItem\",\"position\":1,\"name\":\"Home\",\"item\":\"https:\/\/www.fondazionepirelli.org\/it\/\"},{\"@type\":\"ListItem\",\"position\":2,\"name\":\"Vino d\u2019impresa\"}]},{\"@type\":\"WebSite\",\"@id\":\"https:\/\/www.fondazionepirelli.org\/it\/#website\",\"url\":\"https:\/\/www.fondazionepirelli.org\/it\/\",\"name\":\"Fondazione Pirelli\",\"description\":\"\",\"potentialAction\":[{\"@type\":\"SearchAction\",\"target\":{\"@type\":\"EntryPoint\",\"urlTemplate\":\"https:\/\/www.fondazionepirelli.org\/it\/?s={search_term_string}\"},\"query-input\":{\"@type\":\"PropertyValueSpecification\",\"valueRequired\":true,\"valueName\":\"search_term_string\"}}],\"inLanguage\":\"it-IT\"},{\"@type\":\"Person\",\"@id\":\"https:\/\/www.fondazionepirelli.org\/it\/#\/schema\/person\/c31fcf5937a0e6afa45497f3f8b6d7a0\",\"name\":\"fondazionepirelli\",\"image\":{\"@type\":\"ImageObject\",\"inLanguage\":\"it-IT\",\"@id\":\"https:\/\/www.fondazionepirelli.org\/it\/#\/schema\/person\/image\/\",\"url\":\"https:\/\/secure.gravatar.com\/avatar\/9cb486421ce1d6eddbf6c4fb66841b4325b786695f7aedf1dde2222428218696?s=96&d=mm&r=g\",\"contentUrl\":\"https:\/\/secure.gravatar.com\/avatar\/9cb486421ce1d6eddbf6c4fb66841b4325b786695f7aedf1dde2222428218696?s=96&d=mm&r=g\",\"caption\":\"fondazionepirelli\"},\"url\":\"https:\/\/www.fondazionepirelli.org\/it\/author\/fondazionepirelli\/\"}]}<\/script>\n<!-- \/ Yoast SEO plugin. -->","yoast_head_json":{"title":"Vino d\u2019impresa - Fondazione Pirelli","robots":{"index":"index","follow":"follow","max-snippet":"max-snippet:-1","max-image-preview":"max-image-preview:large","max-video-preview":"max-video-preview:-1"},"canonical":"https:\/\/www.fondazionepirelli.org\/it\/cultura-dimpresa\/vino-dimpresa\/","og_locale":"it_IT","og_type":"article","og_title":"Vino d\u2019impresa - Fondazione Pirelli","og_description":"Raccontata in un libro appena pubblicato la storia di una delle pi\u00f9 importanti aziende vitivinicole italiane: caso paradigmatico della buona cultura d\u2019impresa \u00a0 Storia che si fa presente e futuro. Narrazione di vicende umane e d\u2019impresa che diventano investimenti per crescere. E\u2019 tutto questo che si ritrova in ogni storia aziendale che sia ben interpretata. [&hellip;]","og_url":"https:\/\/127.0.0.1\/it\/cultura-dimpresa\/vino-dimpresa\/","og_site_name":"Fondazione Pirelli","article_published_time":"2022-11-09T11:33:43+00:00","article_modified_time":"2022-11-09T12:28:37+00:00","og_image":[{"width":230,"height":343,"url":"https:\/\/wpsite-assets.fondazionepirelli.org\/wp-content\/uploads\/2022\/11\/07111712\/8408550.jpg.jpg","type":"image\/jpeg"}],"author":"fondazionepirelli","twitter_card":"summary_large_image","twitter_misc":{"Scritto da":"fondazionepirelli","Tempo di lettura stimato":"2 minuti"},"schema":{"@context":"https:\/\/schema.org","@graph":[{"@type":"WebPage","@id":"https:\/\/127.0.0.1\/it\/cultura-dimpresa\/vino-dimpresa\/","url":"https:\/\/127.0.0.1\/it\/cultura-dimpresa\/vino-dimpresa\/","name":"Vino d\u2019impresa - Fondazione Pirelli","isPartOf":{"@id":"https:\/\/www.fondazionepirelli.org\/it\/#website"},"primaryImageOfPage":{"@id":"https:\/\/127.0.0.1\/it\/cultura-dimpresa\/vino-dimpresa\/#primaryimage"},"image":{"@id":"https:\/\/127.0.0.1\/it\/cultura-dimpresa\/vino-dimpresa\/#primaryimage"},"thumbnailUrl":"https:\/\/wpsite-assets.fondazionepirelli.org\/wp-content\/uploads\/2022\/11\/07111712\/8408550.jpg.jpg","datePublished":"2022-11-09T11:33:43+00:00","dateModified":"2022-11-09T12:28:37+00:00","author":{"@id":"https:\/\/www.fondazionepirelli.org\/it\/#\/schema\/person\/c31fcf5937a0e6afa45497f3f8b6d7a0"},"breadcrumb":{"@id":"https:\/\/127.0.0.1\/it\/cultura-dimpresa\/vino-dimpresa\/#breadcrumb"},"inLanguage":"it-IT","potentialAction":[{"@type":"ReadAction","target":["https:\/\/127.0.0.1\/it\/cultura-dimpresa\/vino-dimpresa\/"]}]},{"@type":"ImageObject","inLanguage":"it-IT","@id":"https:\/\/127.0.0.1\/it\/cultura-dimpresa\/vino-dimpresa\/#primaryimage","url":"https:\/\/wpsite-assets.fondazionepirelli.org\/wp-content\/uploads\/2022\/11\/07111712\/8408550.jpg.jpg","contentUrl":"https:\/\/wpsite-assets.fondazionepirelli.org\/wp-content\/uploads\/2022\/11\/07111712\/8408550.jpg.jpg","width":230,"height":343},{"@type":"BreadcrumbList","@id":"https:\/\/127.0.0.1\/it\/cultura-dimpresa\/vino-dimpresa\/#breadcrumb","itemListElement":[{"@type":"ListItem","position":1,"name":"Home","item":"https:\/\/www.fondazionepirelli.org\/it\/"},{"@type":"ListItem","position":2,"name":"Vino d\u2019impresa"}]},{"@type":"WebSite","@id":"https:\/\/www.fondazionepirelli.org\/it\/#website","url":"https:\/\/www.fondazionepirelli.org\/it\/","name":"Fondazione Pirelli","description":"","potentialAction":[{"@type":"SearchAction","target":{"@type":"EntryPoint","urlTemplate":"https:\/\/www.fondazionepirelli.org\/it\/?s={search_term_string}"},"query-input":{"@type":"PropertyValueSpecification","valueRequired":true,"valueName":"search_term_string"}}],"inLanguage":"it-IT"},{"@type":"Person","@id":"https:\/\/www.fondazionepirelli.org\/it\/#\/schema\/person\/c31fcf5937a0e6afa45497f3f8b6d7a0","name":"fondazionepirelli","image":{"@type":"ImageObject","inLanguage":"it-IT","@id":"https:\/\/www.fondazionepirelli.org\/it\/#\/schema\/person\/image\/","url":"https:\/\/secure.gravatar.com\/avatar\/9cb486421ce1d6eddbf6c4fb66841b4325b786695f7aedf1dde2222428218696?s=96&d=mm&r=g","contentUrl":"https:\/\/secure.gravatar.com\/avatar\/9cb486421ce1d6eddbf6c4fb66841b4325b786695f7aedf1dde2222428218696?s=96&d=mm&r=g","caption":"fondazionepirelli"},"url":"https:\/\/www.fondazionepirelli.org\/it\/author\/fondazionepirelli\/"}]}},"_links":{"self":[{"href":"https:\/\/www.fondazionepirelli.org\/it\/wp-json\/wp\/v2\/posts\/93015\/"}],"collection":[{"href":"https:\/\/www.fondazionepirelli.org\/it\/wp-json\/wp\/v2\/posts\/"}],"about":[{"href":"https:\/\/www.fondazionepirelli.org\/it\/wp-json\/wp\/v2\/types\/post\/"}],"author":[{"embeddable":true,"href":"https:\/\/www.fondazionepirelli.org\/it\/wp-json\/wp\/v2\/users\/9\/"}],"replies":[{"embeddable":true,"href":"https:\/\/www.fondazionepirelli.org\/it\/wp-json\/wp\/v2\/comments\/?post=93015"}],"version-history":[{"count":1,"href":"https:\/\/www.fondazionepirelli.org\/it\/wp-json\/wp\/v2\/posts\/93015\/revisions\/"}],"predecessor-version":[{"id":93018,"href":"https:\/\/www.fondazionepirelli.org\/it\/wp-json\/wp\/v2\/posts\/93015\/revisions\/93018\/"}],"wp:featuredmedia":[{"embeddable":true,"href":"https:\/\/www.fondazionepirelli.org\/it\/wp-json\/wp\/v2\/media\/93016\/"}],"wp:attachment":[{"href":"https:\/\/www.fondazionepirelli.org\/it\/wp-json\/wp\/v2\/media\/?parent=93015"}],"wp:term":[{"taxonomy":"category","embeddable":true,"href":"https:\/\/www.fondazionepirelli.org\/it\/wp-json\/wp\/v2\/categories\/?post=93015"},{"taxonomy":"post_tag","embeddable":true,"href":"https:\/\/www.fondazionepirelli.org\/it\/wp-json\/wp\/v2\/tags\/?post=93015"}],"curies":[{"name":"wp","href":"https:\/\/api.w.org\/{rel}","templated":true}]}}