{"id":93092,"date":"2022-11-15T13:21:41","date_gmt":"2022-11-15T12:21:41","guid":{"rendered":"https:\/\/www.fondazionepirelli.org\/?p=93092"},"modified":"2022-11-15T13:21:41","modified_gmt":"2022-11-15T12:21:41","slug":"comunita-che-fanno","status":"publish","type":"post","link":"https:\/\/www.fondazionepirelli.org\/it\/cultura-dimpresa\/comunita-che-fanno\/","title":{"rendered":"Comunit\u00e0 \u201cche fanno\u201d"},"content":{"rendered":"<p><em>Appena pubblicata una ricerca che mette a fuoco la realt\u00e0 delle comunit\u00e0 intraprendenti<\/em><\/p>\n<p><strong>\u00a0<\/strong><\/p>\n<p>Comunit\u00e0 che crescono con un obiettivo. Comunit\u00e0 \u201cche fanno\u201d. Sistemi sociali che, esistono con qualcosa in pi\u00f9. E che possono anche dire molto in termini organizzativi, esprimendo una cultura dell\u2019essere e del fare importante. Comunit\u00e0 certamente da studiare e da conoscere di pi\u00f9. Come ha fatto il gruppo di ricercatori di Euricse con \u201cLe comunit\u00e0 intraprendenti in Italia\u201d, rapporto appena pubblicato che cerca di fare luce su un aspetto dell\u2019economia e della societ\u00e0 che molti dicono di conoscere e frequentare ma che deve essere ancora approfindito nei suoi tratti essenziali.<\/p>\n<p>L\u2019indagine, coordinata da Jacopo Sforzi, trae spunto da una considerazione: \u201cDalla fine del primo decennio di questo secolo, che si era chiuso con le pesanti conseguenze della crisi finanziaria sui livelli di reddito e sull\u2019occupazione, il ricorso al termine comunit\u00e0 e all\u2019importanza di ritornare a contare sulle risorse comunitarie si \u00e8 via via moltiplicato. La pandemia e ora la crisi energetica hanno dato a loro volta un grosso contributo a questa evoluzione\u201d. E, oltre a questo, dalla constatazione di quanto sia \u201cormai chiaro che le iniziative promosse dalle comunit\u00e0 sono in grado di far emergere e rendere produttive risorse economiche che il modello basato solo sul binomio beni privati\/beni pubblici ha trascurato e, quindi, non utilizzato perch\u00e9 non collocabili al suo interno\u201d.<\/p>\n<p>Da questa base, la ricerca si muove prima mettendo a fuoco i tratti distintivi e la diffusione in Italia delle comunit\u00e0 intraprendenti e, poi, approfondendo le principali comunit\u00e0 esistenti: i Community Hub, le Imprese di comunit\u00e0, i Patti di collaborazione complessi, le Portinerie di quartiere, gli Empori Solidali, le Comunit\u00e0 a Supporto dell\u2019Agricoltura, le Food Coop, le Comunit\u00e0 energetiche e i FabLab. Di ogni comunit\u00e0 intraprendente vengono dati una descrizione qualitativa e quantitativa oltre che alcuni esempi concreti. Ne emerge un quadro complesso e vario di un mondo che, come si diceva all\u2019inizio, \u00e8 importante ma poco conosciuto nella sua interezza.<\/p>\n<p>\u201cEsempi virtuosi di innovazione sociale\u201d \u2013 come vengono definite nelle conclusioni dell\u2019indagine -, le comunit\u00e0 intraprendenti assumo un aspetto e un ruolo nuovi come portatrici di una diversa cultura sociale e del produrre.<\/p>\n<p>Viene scritto nelle conclusioni: \u201cAppare evidente, come le diverse esperienze incrocino molteplici settori di intervento che variano a seconda dei bisogni e delle risorse delle singole comunit\u00e0 e riescono a tenere insieme azioni di tipo culturale, sociale, economico, ma anche politico. Oltre a ci\u00f2, \u00e8 possibile identificare le Comunit\u00e0 Intraprendenti descritte nel Rapporto come efficienti strumenti di attivazione e rafforzamento del capitale sociale dei territori\u201d. In altri termini, un mondo promettente ma appena scoperto che deve essere ancora ben esplorato.<\/p><p><a href=\"https:\/\/euricse.eu\/it\/publications\/le-comunita-intraprendenti-in-italia\/\"><strong>Le comunit\u00e0 intraprendenti in Italia<\/strong><\/a><\/p>\n<p>AA.VV.<\/p>\n<p>Euricse Research Report, 023\/22<\/p>","protected":false},"excerpt":{"rendered":"<p>Appena pubblicata una ricerca che mette a fuoco la realt\u00e0 delle comunit\u00e0 intraprendenti \u00a0 Comunit\u00e0 che crescono con un obiettivo. Comunit\u00e0 \u201cche fanno\u201d. Sistemi sociali che, esistono con qualcosa in pi\u00f9. E che possono anche dire molto in termini organizzativi, esprimendo una cultura dell\u2019essere e del fare importante. Comunit\u00e0 certamente da studiare e da conoscere [&hellip;]<\/p>\n","protected":false},"author":9,"featured_media":0,"comment_status":"open","ping_status":"open","sticky":false,"template":"","format":"standard","meta":{"footnotes":""},"categories":[54,52],"tags":[],"class_list":["post-93092","post","type-post","status-publish","format-standard","hentry","category-approfondimenti","category-cultura-dimpresa"],"acf":[],"yoast_head":"<!-- This site is optimized with the Yoast SEO plugin v25.0 - https:\/\/yoast.com\/wordpress\/plugins\/seo\/ -->\n<title>Comunit\u00e0 \u201cche fanno\u201d - Fondazione Pirelli<\/title>\n<meta name=\"robots\" content=\"index, follow, max-snippet:-1, max-image-preview:large, max-video-preview:-1\" \/>\n<link rel=\"canonical\" href=\"https:\/\/www.fondazionepirelli.org\/it\/cultura-dimpresa\/comunita-che-fanno\/\" \/>\n<meta property=\"og:locale\" content=\"it_IT\" \/>\n<meta property=\"og:type\" content=\"article\" \/>\n<meta property=\"og:title\" content=\"Comunit\u00e0 \u201cche fanno\u201d - Fondazione Pirelli\" \/>\n<meta property=\"og:description\" content=\"Appena pubblicata una ricerca che mette a fuoco la realt\u00e0 delle comunit\u00e0 intraprendenti \u00a0 Comunit\u00e0 che crescono con un obiettivo. Comunit\u00e0 \u201cche fanno\u201d. Sistemi sociali che, esistono con qualcosa in pi\u00f9. E che possono anche dire molto in termini organizzativi, esprimendo una cultura dell\u2019essere e del fare importante. Comunit\u00e0 certamente da studiare e da conoscere [&hellip;]\" \/>\n<meta property=\"og:url\" content=\"https:\/\/127.0.0.1\/it\/cultura-dimpresa\/comunita-che-fanno\/\" \/>\n<meta property=\"og:site_name\" content=\"Fondazione Pirelli\" \/>\n<meta property=\"article:published_time\" content=\"2022-11-15T12:21:41+00:00\" \/>\n<meta name=\"author\" content=\"fondazionepirelli\" \/>\n<meta name=\"twitter:card\" content=\"summary_large_image\" \/>\n<meta name=\"twitter:label1\" content=\"Scritto da\" \/>\n\t<meta name=\"twitter:data1\" content=\"fondazionepirelli\" \/>\n\t<meta name=\"twitter:label2\" content=\"Tempo di lettura stimato\" \/>\n\t<meta name=\"twitter:data2\" content=\"2 minuti\" \/>\n<script type=\"application\/ld+json\" class=\"yoast-schema-graph\">{\"@context\":\"https:\/\/schema.org\",\"@graph\":[{\"@type\":\"WebPage\",\"@id\":\"https:\/\/127.0.0.1\/it\/cultura-dimpresa\/comunita-che-fanno\/\",\"url\":\"https:\/\/127.0.0.1\/it\/cultura-dimpresa\/comunita-che-fanno\/\",\"name\":\"Comunit\u00e0 \u201cche fanno\u201d - Fondazione Pirelli\",\"isPartOf\":{\"@id\":\"https:\/\/www.fondazionepirelli.org\/it\/#website\"},\"datePublished\":\"2022-11-15T12:21:41+00:00\",\"author\":{\"@id\":\"https:\/\/www.fondazionepirelli.org\/it\/#\/schema\/person\/c31fcf5937a0e6afa45497f3f8b6d7a0\"},\"breadcrumb\":{\"@id\":\"https:\/\/127.0.0.1\/it\/cultura-dimpresa\/comunita-che-fanno\/#breadcrumb\"},\"inLanguage\":\"it-IT\",\"potentialAction\":[{\"@type\":\"ReadAction\",\"target\":[\"https:\/\/127.0.0.1\/it\/cultura-dimpresa\/comunita-che-fanno\/\"]}]},{\"@type\":\"BreadcrumbList\",\"@id\":\"https:\/\/127.0.0.1\/it\/cultura-dimpresa\/comunita-che-fanno\/#breadcrumb\",\"itemListElement\":[{\"@type\":\"ListItem\",\"position\":1,\"name\":\"Home\",\"item\":\"https:\/\/www.fondazionepirelli.org\/it\/\"},{\"@type\":\"ListItem\",\"position\":2,\"name\":\"Comunit\u00e0 \u201cche fanno\u201d\"}]},{\"@type\":\"WebSite\",\"@id\":\"https:\/\/www.fondazionepirelli.org\/it\/#website\",\"url\":\"https:\/\/www.fondazionepirelli.org\/it\/\",\"name\":\"Fondazione Pirelli\",\"description\":\"\",\"potentialAction\":[{\"@type\":\"SearchAction\",\"target\":{\"@type\":\"EntryPoint\",\"urlTemplate\":\"https:\/\/www.fondazionepirelli.org\/it\/?s={search_term_string}\"},\"query-input\":{\"@type\":\"PropertyValueSpecification\",\"valueRequired\":true,\"valueName\":\"search_term_string\"}}],\"inLanguage\":\"it-IT\"},{\"@type\":\"Person\",\"@id\":\"https:\/\/www.fondazionepirelli.org\/it\/#\/schema\/person\/c31fcf5937a0e6afa45497f3f8b6d7a0\",\"name\":\"fondazionepirelli\",\"image\":{\"@type\":\"ImageObject\",\"inLanguage\":\"it-IT\",\"@id\":\"https:\/\/www.fondazionepirelli.org\/it\/#\/schema\/person\/image\/\",\"url\":\"https:\/\/secure.gravatar.com\/avatar\/9cb486421ce1d6eddbf6c4fb66841b4325b786695f7aedf1dde2222428218696?s=96&d=mm&r=g\",\"contentUrl\":\"https:\/\/secure.gravatar.com\/avatar\/9cb486421ce1d6eddbf6c4fb66841b4325b786695f7aedf1dde2222428218696?s=96&d=mm&r=g\",\"caption\":\"fondazionepirelli\"},\"url\":\"https:\/\/www.fondazionepirelli.org\/it\/author\/fondazionepirelli\/\"}]}<\/script>\n<!-- \/ Yoast SEO plugin. -->","yoast_head_json":{"title":"Comunit\u00e0 \u201cche fanno\u201d - Fondazione Pirelli","robots":{"index":"index","follow":"follow","max-snippet":"max-snippet:-1","max-image-preview":"max-image-preview:large","max-video-preview":"max-video-preview:-1"},"canonical":"https:\/\/www.fondazionepirelli.org\/it\/cultura-dimpresa\/comunita-che-fanno\/","og_locale":"it_IT","og_type":"article","og_title":"Comunit\u00e0 \u201cche fanno\u201d - Fondazione Pirelli","og_description":"Appena pubblicata una ricerca che mette a fuoco la realt\u00e0 delle comunit\u00e0 intraprendenti \u00a0 Comunit\u00e0 che crescono con un obiettivo. Comunit\u00e0 \u201cche fanno\u201d. Sistemi sociali che, esistono con qualcosa in pi\u00f9. E che possono anche dire molto in termini organizzativi, esprimendo una cultura dell\u2019essere e del fare importante. Comunit\u00e0 certamente da studiare e da conoscere [&hellip;]","og_url":"https:\/\/127.0.0.1\/it\/cultura-dimpresa\/comunita-che-fanno\/","og_site_name":"Fondazione Pirelli","article_published_time":"2022-11-15T12:21:41+00:00","author":"fondazionepirelli","twitter_card":"summary_large_image","twitter_misc":{"Scritto da":"fondazionepirelli","Tempo di lettura stimato":"2 minuti"},"schema":{"@context":"https:\/\/schema.org","@graph":[{"@type":"WebPage","@id":"https:\/\/127.0.0.1\/it\/cultura-dimpresa\/comunita-che-fanno\/","url":"https:\/\/127.0.0.1\/it\/cultura-dimpresa\/comunita-che-fanno\/","name":"Comunit\u00e0 \u201cche fanno\u201d - Fondazione Pirelli","isPartOf":{"@id":"https:\/\/www.fondazionepirelli.org\/it\/#website"},"datePublished":"2022-11-15T12:21:41+00:00","author":{"@id":"https:\/\/www.fondazionepirelli.org\/it\/#\/schema\/person\/c31fcf5937a0e6afa45497f3f8b6d7a0"},"breadcrumb":{"@id":"https:\/\/127.0.0.1\/it\/cultura-dimpresa\/comunita-che-fanno\/#breadcrumb"},"inLanguage":"it-IT","potentialAction":[{"@type":"ReadAction","target":["https:\/\/127.0.0.1\/it\/cultura-dimpresa\/comunita-che-fanno\/"]}]},{"@type":"BreadcrumbList","@id":"https:\/\/127.0.0.1\/it\/cultura-dimpresa\/comunita-che-fanno\/#breadcrumb","itemListElement":[{"@type":"ListItem","position":1,"name":"Home","item":"https:\/\/www.fondazionepirelli.org\/it\/"},{"@type":"ListItem","position":2,"name":"Comunit\u00e0 \u201cche fanno\u201d"}]},{"@type":"WebSite","@id":"https:\/\/www.fondazionepirelli.org\/it\/#website","url":"https:\/\/www.fondazionepirelli.org\/it\/","name":"Fondazione Pirelli","description":"","potentialAction":[{"@type":"SearchAction","target":{"@type":"EntryPoint","urlTemplate":"https:\/\/www.fondazionepirelli.org\/it\/?s={search_term_string}"},"query-input":{"@type":"PropertyValueSpecification","valueRequired":true,"valueName":"search_term_string"}}],"inLanguage":"it-IT"},{"@type":"Person","@id":"https:\/\/www.fondazionepirelli.org\/it\/#\/schema\/person\/c31fcf5937a0e6afa45497f3f8b6d7a0","name":"fondazionepirelli","image":{"@type":"ImageObject","inLanguage":"it-IT","@id":"https:\/\/www.fondazionepirelli.org\/it\/#\/schema\/person\/image\/","url":"https:\/\/secure.gravatar.com\/avatar\/9cb486421ce1d6eddbf6c4fb66841b4325b786695f7aedf1dde2222428218696?s=96&d=mm&r=g","contentUrl":"https:\/\/secure.gravatar.com\/avatar\/9cb486421ce1d6eddbf6c4fb66841b4325b786695f7aedf1dde2222428218696?s=96&d=mm&r=g","caption":"fondazionepirelli"},"url":"https:\/\/www.fondazionepirelli.org\/it\/author\/fondazionepirelli\/"}]}},"_links":{"self":[{"href":"https:\/\/www.fondazionepirelli.org\/it\/wp-json\/wp\/v2\/posts\/93092\/"}],"collection":[{"href":"https:\/\/www.fondazionepirelli.org\/it\/wp-json\/wp\/v2\/posts\/"}],"about":[{"href":"https:\/\/www.fondazionepirelli.org\/it\/wp-json\/wp\/v2\/types\/post\/"}],"author":[{"embeddable":true,"href":"https:\/\/www.fondazionepirelli.org\/it\/wp-json\/wp\/v2\/users\/9\/"}],"replies":[{"embeddable":true,"href":"https:\/\/www.fondazionepirelli.org\/it\/wp-json\/wp\/v2\/comments\/?post=93092"}],"version-history":[{"count":1,"href":"https:\/\/www.fondazionepirelli.org\/it\/wp-json\/wp\/v2\/posts\/93092\/revisions\/"}],"predecessor-version":[{"id":93095,"href":"https:\/\/www.fondazionepirelli.org\/it\/wp-json\/wp\/v2\/posts\/93092\/revisions\/93095\/"}],"wp:attachment":[{"href":"https:\/\/www.fondazionepirelli.org\/it\/wp-json\/wp\/v2\/media\/?parent=93092"}],"wp:term":[{"taxonomy":"category","embeddable":true,"href":"https:\/\/www.fondazionepirelli.org\/it\/wp-json\/wp\/v2\/categories\/?post=93092"},{"taxonomy":"post_tag","embeddable":true,"href":"https:\/\/www.fondazionepirelli.org\/it\/wp-json\/wp\/v2\/tags\/?post=93092"}],"curies":[{"name":"wp","href":"https:\/\/api.w.org\/{rel}","templated":true}]}}