{"id":93202,"date":"2022-11-22T17:58:35","date_gmt":"2022-11-22T16:58:35","guid":{"rendered":"https:\/\/www.fondazionepirelli.org\/?p=93202"},"modified":"2022-11-22T18:00:12","modified_gmt":"2022-11-22T17:00:12","slug":"un-rinascimento-industriale-e-civile-tra-universita-neofabbriche-e-smart-cities","status":"publish","type":"post","link":"https:\/\/www.fondazionepirelli.org\/it\/cultura-dimpresa\/un-rinascimento-industriale-e-civile-tra-universita-neofabbriche-e-smart-cities\/","title":{"rendered":"Un Rinascimento industriale e civile, tra universit\u00e0, neofabbriche e smart cities"},"content":{"rendered":"<p>\u201cShaping the future\u201d, \u00e8 il motto che connota il nuovo <strong>anno accademico<\/strong> \u201922-\u201923 dell\u2019<strong>Universit\u00e0 Bicocca di Milano<\/strong>, 37mila studenti, 1200 professori in 73 corsi di laurea e una rapida crescita nelle classifiche internazionali sulla qualit\u00e0 della didattica e della ricerca. Un futuro, commenta la Magnifica Rettrice Giovanna Iannantuoni, da costruire sulla consapevolezza del passato. C\u2019\u00e8 una seconda indicazione strategica, su cui si fa affidamento e che sta in una frase di Ursula von der Leyen, presidentessa della Commissione Ue: \u201c<strong>La storia d\u2019Europa \u00e8 una storia di Rinascimento<\/strong>\u201d.<\/p>\n<p>Il Rinascimento come riferimento identitario e fondamento di sviluppo, dunque. La <strong>memoria<\/strong> come asset di crescita. Tutto un progetto \u201ca futura memoria\u201d, per usare l\u2019affascinante sintesi del titolo dell\u2019ultima opera di Leonardo Sciascia, una delle migliori intelligenze letterarie e civili dell\u2019Europa del Novecento. Avendo consapevolezza del dubbio (\u2026\u201cse la memoria ha un futuro\u201d) ma anche sensibilit\u00e0 acuta per la forza della ragione. Confidando, cio\u00e8, in un ritrovato illuminismo, essenziale in un\u2019epoca in cui in tanti diffidano di scienza e conoscenza critica e preferiscono abbandonarsi al \u201cpensiero magico\u201d e, pi\u00f9 miseramente, alle suggestioni delle <em>fake news<\/em> e alle inclinazioni della cosiddetta \u201cutopia della fuga\u201d che preferisce gli \u201cidoli\u201d alla durezza della realt\u00e0 e alle faticose responsabilit\u00e0 di una \u201cutopia della ricostruzione\u201d (secondo la severa lezione di Lewis Mumford).<\/p>\n<p>Un Rinascimento critico, insomma, che celebra le sue luci ma non ha paura di fare i conti con le sue ombre (andare a vedere, appunto a Milano, la straordinaria mostra sulle opere di Hieronymus Bosch a Palazzo Reale, per averne conferma).<\/p>\n<p>L\u2019Universit\u00e0 Bicocca entra nel suo <strong>25\u00b0 anno<\/strong> di attivit\u00e0. E\u2019 stata costruita e poi ampliata in un\u2019area, la Bicocca appunto, a nord della citt\u00e0, dove nel corso del Novecento, si \u00e8 espansa la grande industria, la Pirelli innanzitutto e poi, verso Sesto San Giovanni, la Breda metalmeccanica e la Falck siderurgica. Catene di montaggio e officine, fonderie e laminatoi, i fischi delle sirene che scandivano i turni di lavoro, i binari dei freni che entravano negli stabilimenti per caricare le merci e i binari dei tram affollati dagli operai. Un modo rigoroso e difficile, attivo e orgoglioso, produttivo e denso di capacit\u00e0 tecniche e consapevolezze politiche, sindacali e civili.<\/p>\n<p>Di tutto questo, restano memorie (grazie anche ai documenti e alle immagini custodite nell\u2019archivio storico della Fondazione Pirelli e in quelli dell\u2019Isec, l\u2019Istituto di Storia Contemporanea). Ed eredit\u00e0 di cultura e passioni. In un quartiere ben progettato da Vittorio Gregotti, alla fine del Novecento, per tenere insieme universit\u00e0 e imprese, luoghi della cultura e spazi sportivi, abitazioni civili e centri di servizio: una dimensione urbana capace di dare seguito alla sintesi di bellezza e funzionalit\u00e0 del Grattacielo <strong>Pirelli<\/strong> progettato da<strong> Gio Ponti<\/strong> e di anticipare le tendenze della Milano che sarebbe arrivata, con Porta Nuova e City Life, la Bovisa trasformata e Mind (Milano Innovation District).<\/p>\n<p>\u201c<strong>Umanesimo industriale<\/strong>\u201d, si ripete spesso nei convegni sull\u2019attualit\u00e0 della cultura d\u2019impresa, anche per ricordare il ruolo delle riviste aziendali che hanno animato la migliore cultura degli anni Cinquanta e Sessanta del Novecento (la Rivista \u201cPirelli\u201d, \u201cCivilt\u00e0 delle Macchine\u201d della Finmeccanica\/Iri, \u201cComunit\u00e0\u201d dell\u2019Olivetti e \u201cIl Gatto Selvatico\u201d dell\u2019Eni). \u00a0Si aggiunge: \u201ccultura politecnica\u201d, per indicare la sintesi tra saperi umanistici e conoscenze scientifiche, rigore della <em>techne <\/em>e sofisticato senso della bellezza, ingegneria e filosofia. E, per parlare di qualit\u00e0 dell\u2019industria italiana negli anni Duemila della meccatronica e della <strong><em>digital economy<\/em><\/strong>, anche sulla stampa internazionale si parla di \u201cRinascimento manifatturiero\u201d.<\/p>\n<p>Rieccoci, cos\u00ec, alle parole care all\u2019universit\u00e0. Testimonianza vivace del passaggio dalla fabbrica alla \u201cfabbrica delle idee e della conoscenza\u201d, dall\u2019industria a un luogo denso di cultura in cui si costruiscono le competenze utili per un migliore futuro. Luoghi multidisciplinari, cos\u00ec com\u2019\u00e8 sempre stata multidisciplinare l\u2019industria. E particolarmente essenziali oggi, nel tempo in cui la diffusione dell\u2019Intelligenza artificiale chiede ingegneri-filosofi e matematici che degli algoritmi sappiano pensare non solo lo sviluppo tecnico ma il senso sociale e morale, chimici e sociologhi, <em>data scientist <\/em>e giuristi, architetti ed esperti di <em>digital economy<\/em>, psicologi e tecnici della <em>cyber security<\/em>. Tutti insieme, nelle neo-fabbriche ibride di produzione e ricerca, servizi high tech e sofisticati centri di elaborazione dei criteri di sostenibilit\u00e0 ambientale e sociale messi in relazione alle attitudini al \u201cfare, fare bene e fare del bene\u201d.<\/p>\n<p>Di questo processo complesso, l<strong>\u2019universit\u00e0<\/strong> \u00e8 un cardine essenziale. L\u2019eco si avverte forte anche nei discorsi delle cerimonie di inaugurazione degli anni accademici in Bicocca e al Politecnico, in Bocconi e alla Cattolica, alla Statale e allo Iulm e nelle altre sedi degli atenei che fanno della Grande Milano un luogo speciale della sapienza e del cambiamento.<\/p>\n<p>L\u2019orizzonte \u00e8 quello delle <em>smart cities <\/em>(cui, appunto in Bicocca, ha dedicato la sua lectio<em> lectio magistralis <\/em><strong>Carlo Ratti<\/strong>, direttore del \u201c<strong>Senseable City Lab<\/strong>\u201d del Massachussets Institute of Technology di Boston). Che per vivere e crescere, secondo nuovi e migliori equilibri economici e sociali, hanno bisogno di <em>smart lands<\/em>, territori in cui qualit\u00e0 della vita, competitivit\u00e0 e inclusivit\u00e0 sociale si tengano insieme. E soprattutto di <em>smart citizens<\/em>, attori sociali capaci di cittadinanza attiva, consapevole, critica, responsabile. Rieccolo, dunque, il futuro. E la scommessa di fiducia verso le nuove generazioni. Una buona universit\u00e0 ne \u00e8 pilastro fondamentale.<\/p><p>(photo Getty images)<\/p>\n","protected":false},"excerpt":{"rendered":"<p>\u201cShaping the future\u201d, \u00e8 il motto che connota il nuovo anno accademico \u201922-\u201923 dell\u2019Universit\u00e0 Bicocca di Milano, 37mila studenti, 1200 professori in 73 corsi di laurea e una rapida crescita nelle classifiche internazionali sulla qualit\u00e0 della didattica e della ricerca. Un futuro, commenta la Magnifica Rettrice Giovanna Iannantuoni, da costruire sulla consapevolezza del passato. C\u2019\u00e8 [&hellip;]<\/p>\n","protected":false},"author":9,"featured_media":93206,"comment_status":"open","ping_status":"open","sticky":false,"template":"","format":"standard","meta":{"footnotes":""},"categories":[53,52],"tags":[],"class_list":["post-93202","post","type-post","status-publish","format-standard","has-post-thumbnail","hentry","category-blog","category-cultura-dimpresa"],"acf":[],"yoast_head":"<!-- This site is optimized with the Yoast SEO plugin v25.0 - https:\/\/yoast.com\/wordpress\/plugins\/seo\/ -->\n<title>Un Rinascimento industriale e civile, tra universit\u00e0, neofabbriche e smart cities - Fondazione Pirelli<\/title>\n<meta name=\"robots\" content=\"index, follow, max-snippet:-1, max-image-preview:large, max-video-preview:-1\" \/>\n<link rel=\"canonical\" href=\"https:\/\/www.fondazionepirelli.org\/it\/cultura-dimpresa\/un-rinascimento-industriale-e-civile-tra-universita-neofabbriche-e-smart-cities\/\" \/>\n<meta property=\"og:locale\" content=\"it_IT\" \/>\n<meta property=\"og:type\" content=\"article\" \/>\n<meta property=\"og:title\" content=\"Un Rinascimento industriale e civile, tra universit\u00e0, neofabbriche e smart cities - Fondazione Pirelli\" \/>\n<meta property=\"og:description\" content=\"\u201cShaping the future\u201d, \u00e8 il motto che connota il nuovo anno accademico \u201922-\u201923 dell\u2019Universit\u00e0 Bicocca di Milano, 37mila studenti, 1200 professori in 73 corsi di laurea e una rapida crescita nelle classifiche internazionali sulla qualit\u00e0 della didattica e della ricerca. Un futuro, commenta la Magnifica Rettrice Giovanna Iannantuoni, da costruire sulla consapevolezza del passato. C\u2019\u00e8 [&hellip;]\" \/>\n<meta property=\"og:url\" content=\"https:\/\/www.fondazionepirelli.org\/it\/cultura-dimpresa\/un-rinascimento-industriale-e-civile-tra-universita-neofabbriche-e-smart-cities\/\" \/>\n<meta property=\"og:site_name\" content=\"Fondazione Pirelli\" \/>\n<meta property=\"article:published_time\" content=\"2022-11-22T16:58:35+00:00\" \/>\n<meta property=\"article:modified_time\" content=\"2022-11-22T17:00:12+00:00\" \/>\n<meta property=\"og:image\" content=\"https:\/\/wpsite-assets.fondazionepirelli.org\/wp-content\/uploads\/2022\/11\/22175744\/GettyImages-1276633151.jpg\" \/>\n\t<meta property=\"og:image:width\" content=\"5120\" \/>\n\t<meta property=\"og:image:height\" content=\"2880\" \/>\n\t<meta property=\"og:image:type\" content=\"image\/jpeg\" \/>\n<meta name=\"author\" content=\"fondazionepirelli\" \/>\n<meta name=\"twitter:card\" content=\"summary_large_image\" \/>\n<meta name=\"twitter:label1\" content=\"Scritto da\" \/>\n\t<meta name=\"twitter:data1\" content=\"fondazionepirelli\" \/>\n\t<meta name=\"twitter:label2\" content=\"Tempo di lettura stimato\" \/>\n\t<meta name=\"twitter:data2\" content=\"4 minuti\" \/>\n<script type=\"application\/ld+json\" class=\"yoast-schema-graph\">{\"@context\":\"https:\/\/schema.org\",\"@graph\":[{\"@type\":\"WebPage\",\"@id\":\"https:\/\/www.fondazionepirelli.org\/it\/cultura-dimpresa\/un-rinascimento-industriale-e-civile-tra-universita-neofabbriche-e-smart-cities\/\",\"url\":\"https:\/\/www.fondazionepirelli.org\/it\/cultura-dimpresa\/un-rinascimento-industriale-e-civile-tra-universita-neofabbriche-e-smart-cities\/\",\"name\":\"Un Rinascimento industriale e civile, tra universit\u00e0, neofabbriche e smart cities - Fondazione Pirelli\",\"isPartOf\":{\"@id\":\"https:\/\/www.fondazionepirelli.org\/it\/#website\"},\"primaryImageOfPage\":{\"@id\":\"https:\/\/www.fondazionepirelli.org\/it\/cultura-dimpresa\/un-rinascimento-industriale-e-civile-tra-universita-neofabbriche-e-smart-cities\/#primaryimage\"},\"image\":{\"@id\":\"https:\/\/www.fondazionepirelli.org\/it\/cultura-dimpresa\/un-rinascimento-industriale-e-civile-tra-universita-neofabbriche-e-smart-cities\/#primaryimage\"},\"thumbnailUrl\":\"https:\/\/wpsite-assets.fondazionepirelli.org\/wp-content\/uploads\/2022\/11\/22175744\/GettyImages-1276633151.jpg\",\"datePublished\":\"2022-11-22T16:58:35+00:00\",\"dateModified\":\"2022-11-22T17:00:12+00:00\",\"author\":{\"@id\":\"https:\/\/www.fondazionepirelli.org\/it\/#\/schema\/person\/c31fcf5937a0e6afa45497f3f8b6d7a0\"},\"breadcrumb\":{\"@id\":\"https:\/\/www.fondazionepirelli.org\/it\/cultura-dimpresa\/un-rinascimento-industriale-e-civile-tra-universita-neofabbriche-e-smart-cities\/#breadcrumb\"},\"inLanguage\":\"it-IT\",\"potentialAction\":[{\"@type\":\"ReadAction\",\"target\":[\"https:\/\/www.fondazionepirelli.org\/it\/cultura-dimpresa\/un-rinascimento-industriale-e-civile-tra-universita-neofabbriche-e-smart-cities\/\"]}]},{\"@type\":\"ImageObject\",\"inLanguage\":\"it-IT\",\"@id\":\"https:\/\/www.fondazionepirelli.org\/it\/cultura-dimpresa\/un-rinascimento-industriale-e-civile-tra-universita-neofabbriche-e-smart-cities\/#primaryimage\",\"url\":\"https:\/\/wpsite-assets.fondazionepirelli.org\/wp-content\/uploads\/2022\/11\/22175744\/GettyImages-1276633151.jpg\",\"contentUrl\":\"https:\/\/wpsite-assets.fondazionepirelli.org\/wp-content\/uploads\/2022\/11\/22175744\/GettyImages-1276633151.jpg\",\"width\":5120,\"height\":2880,\"caption\":\"Industry 4.0: Modern Professional Architect Wearing Virtual Reality Headset Uses Gestures to Design, Manipulate Buildings for 3D City. Mixed Augmented Reality Software. VFX Graphics Effect\"},{\"@type\":\"BreadcrumbList\",\"@id\":\"https:\/\/www.fondazionepirelli.org\/it\/cultura-dimpresa\/un-rinascimento-industriale-e-civile-tra-universita-neofabbriche-e-smart-cities\/#breadcrumb\",\"itemListElement\":[{\"@type\":\"ListItem\",\"position\":1,\"name\":\"Home\",\"item\":\"https:\/\/www.fondazionepirelli.org\/it\/\"},{\"@type\":\"ListItem\",\"position\":2,\"name\":\"Un Rinascimento industriale e civile, tra universit\u00e0, neofabbriche e smart cities\"}]},{\"@type\":\"WebSite\",\"@id\":\"https:\/\/www.fondazionepirelli.org\/it\/#website\",\"url\":\"https:\/\/www.fondazionepirelli.org\/it\/\",\"name\":\"Fondazione Pirelli\",\"description\":\"\",\"potentialAction\":[{\"@type\":\"SearchAction\",\"target\":{\"@type\":\"EntryPoint\",\"urlTemplate\":\"https:\/\/www.fondazionepirelli.org\/it\/?s={search_term_string}\"},\"query-input\":{\"@type\":\"PropertyValueSpecification\",\"valueRequired\":true,\"valueName\":\"search_term_string\"}}],\"inLanguage\":\"it-IT\"},{\"@type\":\"Person\",\"@id\":\"https:\/\/www.fondazionepirelli.org\/it\/#\/schema\/person\/c31fcf5937a0e6afa45497f3f8b6d7a0\",\"name\":\"fondazionepirelli\",\"image\":{\"@type\":\"ImageObject\",\"inLanguage\":\"it-IT\",\"@id\":\"https:\/\/www.fondazionepirelli.org\/it\/#\/schema\/person\/image\/\",\"url\":\"https:\/\/secure.gravatar.com\/avatar\/9cb486421ce1d6eddbf6c4fb66841b4325b786695f7aedf1dde2222428218696?s=96&d=mm&r=g\",\"contentUrl\":\"https:\/\/secure.gravatar.com\/avatar\/9cb486421ce1d6eddbf6c4fb66841b4325b786695f7aedf1dde2222428218696?s=96&d=mm&r=g\",\"caption\":\"fondazionepirelli\"},\"url\":\"https:\/\/www.fondazionepirelli.org\/it\/author\/fondazionepirelli\/\"}]}<\/script>\n<!-- \/ Yoast SEO plugin. -->","yoast_head_json":{"title":"Un Rinascimento industriale e civile, tra universit\u00e0, neofabbriche e smart cities - Fondazione Pirelli","robots":{"index":"index","follow":"follow","max-snippet":"max-snippet:-1","max-image-preview":"max-image-preview:large","max-video-preview":"max-video-preview:-1"},"canonical":"https:\/\/www.fondazionepirelli.org\/it\/cultura-dimpresa\/un-rinascimento-industriale-e-civile-tra-universita-neofabbriche-e-smart-cities\/","og_locale":"it_IT","og_type":"article","og_title":"Un Rinascimento industriale e civile, tra universit\u00e0, neofabbriche e smart cities - Fondazione Pirelli","og_description":"\u201cShaping the future\u201d, \u00e8 il motto che connota il nuovo anno accademico \u201922-\u201923 dell\u2019Universit\u00e0 Bicocca di Milano, 37mila studenti, 1200 professori in 73 corsi di laurea e una rapida crescita nelle classifiche internazionali sulla qualit\u00e0 della didattica e della ricerca. Un futuro, commenta la Magnifica Rettrice Giovanna Iannantuoni, da costruire sulla consapevolezza del passato. C\u2019\u00e8 [&hellip;]","og_url":"https:\/\/www.fondazionepirelli.org\/it\/cultura-dimpresa\/un-rinascimento-industriale-e-civile-tra-universita-neofabbriche-e-smart-cities\/","og_site_name":"Fondazione Pirelli","article_published_time":"2022-11-22T16:58:35+00:00","article_modified_time":"2022-11-22T17:00:12+00:00","og_image":[{"width":5120,"height":2880,"url":"https:\/\/wpsite-assets.fondazionepirelli.org\/wp-content\/uploads\/2022\/11\/22175744\/GettyImages-1276633151.jpg","type":"image\/jpeg"}],"author":"fondazionepirelli","twitter_card":"summary_large_image","twitter_misc":{"Scritto da":"fondazionepirelli","Tempo di lettura stimato":"4 minuti"},"schema":{"@context":"https:\/\/schema.org","@graph":[{"@type":"WebPage","@id":"https:\/\/www.fondazionepirelli.org\/it\/cultura-dimpresa\/un-rinascimento-industriale-e-civile-tra-universita-neofabbriche-e-smart-cities\/","url":"https:\/\/www.fondazionepirelli.org\/it\/cultura-dimpresa\/un-rinascimento-industriale-e-civile-tra-universita-neofabbriche-e-smart-cities\/","name":"Un Rinascimento industriale e civile, tra universit\u00e0, neofabbriche e smart cities - Fondazione Pirelli","isPartOf":{"@id":"https:\/\/www.fondazionepirelli.org\/it\/#website"},"primaryImageOfPage":{"@id":"https:\/\/www.fondazionepirelli.org\/it\/cultura-dimpresa\/un-rinascimento-industriale-e-civile-tra-universita-neofabbriche-e-smart-cities\/#primaryimage"},"image":{"@id":"https:\/\/www.fondazionepirelli.org\/it\/cultura-dimpresa\/un-rinascimento-industriale-e-civile-tra-universita-neofabbriche-e-smart-cities\/#primaryimage"},"thumbnailUrl":"https:\/\/wpsite-assets.fondazionepirelli.org\/wp-content\/uploads\/2022\/11\/22175744\/GettyImages-1276633151.jpg","datePublished":"2022-11-22T16:58:35+00:00","dateModified":"2022-11-22T17:00:12+00:00","author":{"@id":"https:\/\/www.fondazionepirelli.org\/it\/#\/schema\/person\/c31fcf5937a0e6afa45497f3f8b6d7a0"},"breadcrumb":{"@id":"https:\/\/www.fondazionepirelli.org\/it\/cultura-dimpresa\/un-rinascimento-industriale-e-civile-tra-universita-neofabbriche-e-smart-cities\/#breadcrumb"},"inLanguage":"it-IT","potentialAction":[{"@type":"ReadAction","target":["https:\/\/www.fondazionepirelli.org\/it\/cultura-dimpresa\/un-rinascimento-industriale-e-civile-tra-universita-neofabbriche-e-smart-cities\/"]}]},{"@type":"ImageObject","inLanguage":"it-IT","@id":"https:\/\/www.fondazionepirelli.org\/it\/cultura-dimpresa\/un-rinascimento-industriale-e-civile-tra-universita-neofabbriche-e-smart-cities\/#primaryimage","url":"https:\/\/wpsite-assets.fondazionepirelli.org\/wp-content\/uploads\/2022\/11\/22175744\/GettyImages-1276633151.jpg","contentUrl":"https:\/\/wpsite-assets.fondazionepirelli.org\/wp-content\/uploads\/2022\/11\/22175744\/GettyImages-1276633151.jpg","width":5120,"height":2880,"caption":"Industry 4.0: Modern Professional Architect Wearing Virtual Reality Headset Uses Gestures to Design, Manipulate Buildings for 3D City. Mixed Augmented Reality Software. VFX Graphics Effect"},{"@type":"BreadcrumbList","@id":"https:\/\/www.fondazionepirelli.org\/it\/cultura-dimpresa\/un-rinascimento-industriale-e-civile-tra-universita-neofabbriche-e-smart-cities\/#breadcrumb","itemListElement":[{"@type":"ListItem","position":1,"name":"Home","item":"https:\/\/www.fondazionepirelli.org\/it\/"},{"@type":"ListItem","position":2,"name":"Un Rinascimento industriale e civile, tra universit\u00e0, neofabbriche e smart cities"}]},{"@type":"WebSite","@id":"https:\/\/www.fondazionepirelli.org\/it\/#website","url":"https:\/\/www.fondazionepirelli.org\/it\/","name":"Fondazione Pirelli","description":"","potentialAction":[{"@type":"SearchAction","target":{"@type":"EntryPoint","urlTemplate":"https:\/\/www.fondazionepirelli.org\/it\/?s={search_term_string}"},"query-input":{"@type":"PropertyValueSpecification","valueRequired":true,"valueName":"search_term_string"}}],"inLanguage":"it-IT"},{"@type":"Person","@id":"https:\/\/www.fondazionepirelli.org\/it\/#\/schema\/person\/c31fcf5937a0e6afa45497f3f8b6d7a0","name":"fondazionepirelli","image":{"@type":"ImageObject","inLanguage":"it-IT","@id":"https:\/\/www.fondazionepirelli.org\/it\/#\/schema\/person\/image\/","url":"https:\/\/secure.gravatar.com\/avatar\/9cb486421ce1d6eddbf6c4fb66841b4325b786695f7aedf1dde2222428218696?s=96&d=mm&r=g","contentUrl":"https:\/\/secure.gravatar.com\/avatar\/9cb486421ce1d6eddbf6c4fb66841b4325b786695f7aedf1dde2222428218696?s=96&d=mm&r=g","caption":"fondazionepirelli"},"url":"https:\/\/www.fondazionepirelli.org\/it\/author\/fondazionepirelli\/"}]}},"_links":{"self":[{"href":"https:\/\/www.fondazionepirelli.org\/it\/wp-json\/wp\/v2\/posts\/93202\/"}],"collection":[{"href":"https:\/\/www.fondazionepirelli.org\/it\/wp-json\/wp\/v2\/posts\/"}],"about":[{"href":"https:\/\/www.fondazionepirelli.org\/it\/wp-json\/wp\/v2\/types\/post\/"}],"author":[{"embeddable":true,"href":"https:\/\/www.fondazionepirelli.org\/it\/wp-json\/wp\/v2\/users\/9\/"}],"replies":[{"embeddable":true,"href":"https:\/\/www.fondazionepirelli.org\/it\/wp-json\/wp\/v2\/comments\/?post=93202"}],"version-history":[{"count":3,"href":"https:\/\/www.fondazionepirelli.org\/it\/wp-json\/wp\/v2\/posts\/93202\/revisions\/"}],"predecessor-version":[{"id":93210,"href":"https:\/\/www.fondazionepirelli.org\/it\/wp-json\/wp\/v2\/posts\/93202\/revisions\/93210\/"}],"wp:featuredmedia":[{"embeddable":true,"href":"https:\/\/www.fondazionepirelli.org\/it\/wp-json\/wp\/v2\/media\/93206\/"}],"wp:attachment":[{"href":"https:\/\/www.fondazionepirelli.org\/it\/wp-json\/wp\/v2\/media\/?parent=93202"}],"wp:term":[{"taxonomy":"category","embeddable":true,"href":"https:\/\/www.fondazionepirelli.org\/it\/wp-json\/wp\/v2\/categories\/?post=93202"},{"taxonomy":"post_tag","embeddable":true,"href":"https:\/\/www.fondazionepirelli.org\/it\/wp-json\/wp\/v2\/tags\/?post=93202"}],"curies":[{"name":"wp","href":"https:\/\/api.w.org\/{rel}","templated":true}]}}