{"id":93253,"date":"2022-11-29T08:39:12","date_gmt":"2022-11-29T07:39:12","guid":{"rendered":"https:\/\/www.fondazionepirelli.org\/?p=93253"},"modified":"2022-11-29T08:39:12","modified_gmt":"2022-11-29T07:39:12","slug":"storie-di-famiglie-dimpresa","status":"publish","type":"post","link":"https:\/\/www.fondazionepirelli.org\/it\/cultura-dimpresa\/storie-di-famiglie-dimpresa\/","title":{"rendered":"Storie di famiglie d\u2019impresa"},"content":{"rendered":"<p><em>L\u2019ultimo libro della Federazione dei Cavalieri del Lavoro racconta di una cultura del produrre che non pu\u00f2 essere dimenticata<\/em><\/p>\n<p><strong>\u00a0<\/strong><\/p>\n<p>Famiglie e imprese. Anzi, famiglie d\u2019imprese. Molte e diverse tra di loro. Eppure uguali nei tratti fondamentali. Espressioni, tutte, di una cultura dell\u2019intraprendere che si \u00e8 tramandata negli anni. E che, in forma varie, esiste ancora oggi. E\u2019 la sensazione \u2013 il messaggio -, \u00a0che si trae leggendo \u201cFamiglia e impresa. Storie di Cavalieri del Lavoro\u201d, raccolta di 75 storie di famiglie di altrettanti Cavalieri del Lavoro. Libro costruito con una particolarit\u00e0: raccogliere i racconti delle famiglie imprenditoriali che annoverano almeno due Cavalieri del Lavoro. Un approccio diverso dal consueto ma non restrittivo, visto che i 75 racconti di fatto percorrono tutta la storia economica italiana dall\u2019Ottocento ad oggi.<\/p>\n<p>Per ognuna delle settantacinque storie familiari analizzate, \u00e8 stata redatta una sintesi dell\u2019avventura imprenditoriale lungo l\u2019arco di pi\u00f9 generazioni, dal fondatore ad oggi, cui si accompagnano altrettante schede biografiche relative a tutti i componenti della famiglia insigniti dell\u2019onorificenza. A completare il quadro storico, con uno sguardo volto verso il futuro la testimonianza del Cavaliere del Lavoro in carica.<\/p>\n<p>Sotto gli occhi di chi legge, quindi, storie varie e di pressoch\u00e9 tutti i comparti produttivi italiani. Racconti, alcuni, di imprese quasi sconosciute ai pi\u00f9 e, altri, di nomi della grande industria e non solo. E, se elencarne alcuni di questi nomi sarebbe fuorviante, vale invece leggere quanto riportato nel saggio introduttivo al libro: leggere questi racconti consente di scoprire la \u201cvera identit\u00e0 collettiva ha mantenuto insieme un Paese arrivato tardi all\u2019unificazione, dilaniato da due guerre mondiali, poi dal terrorismo e da diverse crisi economiche. Un Paese senza alcuna risorsa nel sottosuolo ma ricco solo della sua imprenditivit\u00e0 e della sua disposizione verso il lavoro di qualit\u00e0, che \u00e8 una delle vere anime nazionali, certamente non l\u2019unica, ma una delle pi\u00f9 longeve\u201d. E poi ancora: \u201cAnche quando tutto, almeno apparentemente, si frantumava spezzato da cesure e declivi, il suo cuore produttivo continuava ad andare avanti, innovando, trasformando, producendo. Siderurgici, chimici, alimentari, tessili, farmaceutici, meccanici, creditizi, cantieristici, edilizi, vitivinicoli, liquoristici, i settori in cui operano queste famiglie sono innumerevoli e cambiano continuamente seguendo le trasformazioni dell\u2019economia, ma quella che non cambia \u00e8 la capacit\u00e0 produttiva e la sua solidit\u00e0\u201d.<\/p>\n<p>Storie che esprimono, quindi, la cultura d\u2019impresa italiana ad uno dei massimi livelli. E che per questo vale leggere (e magari rileggere), al di l\u00e0 della celebrazione e della retorica, per andare al succo dell\u2019impresa all\u2019italiana. Bello uno dei passaggi dell\u2019introduzione di Maurizio Sella, attuale Presidente della Federazione Nazionale dei Cavalieri del Lavoro: \u201cChi ha una storia sente forte il dovere di garantirne un seguito\u201d.<\/p><p><strong>Famiglia e impresa. Storie di Cavalieri del Lavoro<\/strong><\/p>\n<p>AA.VV.<\/p>\n<p>Marsilio, 2022<\/p>\n","protected":false},"excerpt":{"rendered":"<p>L\u2019ultimo libro della Federazione dei Cavalieri del Lavoro racconta di una cultura del produrre che non pu\u00f2 essere dimenticata \u00a0 Famiglie e imprese. Anzi, famiglie d\u2019imprese. Molte e diverse tra di loro. Eppure uguali nei tratti fondamentali. Espressioni, tutte, di una cultura dell\u2019intraprendere che si \u00e8 tramandata negli anni. E che, in forma varie, esiste [&hellip;]<\/p>\n","protected":false},"author":9,"featured_media":93254,"comment_status":"open","ping_status":"open","sticky":false,"template":"","format":"standard","meta":{"footnotes":""},"categories":[52,58],"tags":[],"class_list":["post-93253","post","type-post","status-publish","format-standard","has-post-thumbnail","hentry","category-cultura-dimpresa","category-recensioni-libri"],"acf":[],"yoast_head":"<!-- This site is optimized with the Yoast SEO plugin v25.0 - https:\/\/yoast.com\/wordpress\/plugins\/seo\/ -->\n<title>Storie di famiglie d\u2019impresa - Fondazione Pirelli<\/title>\n<meta name=\"robots\" content=\"index, follow, max-snippet:-1, max-image-preview:large, max-video-preview:-1\" \/>\n<link rel=\"canonical\" href=\"https:\/\/www.fondazionepirelli.org\/it\/cultura-dimpresa\/storie-di-famiglie-dimpresa\/\" \/>\n<meta property=\"og:locale\" content=\"it_IT\" \/>\n<meta property=\"og:type\" content=\"article\" \/>\n<meta property=\"og:title\" content=\"Storie di famiglie d\u2019impresa - Fondazione Pirelli\" \/>\n<meta property=\"og:description\" content=\"L\u2019ultimo libro della Federazione dei Cavalieri del Lavoro racconta di una cultura del produrre che non pu\u00f2 essere dimenticata \u00a0 Famiglie e imprese. Anzi, famiglie d\u2019imprese. Molte e diverse tra di loro. Eppure uguali nei tratti fondamentali. Espressioni, tutte, di una cultura dell\u2019intraprendere che si \u00e8 tramandata negli anni. E che, in forma varie, esiste [&hellip;]\" \/>\n<meta property=\"og:url\" content=\"https:\/\/www.fondazionepirelli.org\/it\/cultura-dimpresa\/storie-di-famiglie-dimpresa\/\" \/>\n<meta property=\"og:site_name\" content=\"Fondazione Pirelli\" \/>\n<meta property=\"article:published_time\" content=\"2022-11-29T07:39:12+00:00\" \/>\n<meta property=\"og:image\" content=\"https:\/\/wpsite-assets.fondazionepirelli.org\/wp-content\/uploads\/2022\/11\/28093912\/71d7F6pgfCL-e1669624884126.jpg\" \/>\n\t<meta property=\"og:image:width\" content=\"500\" \/>\n\t<meta property=\"og:image:height\" content=\"611\" \/>\n\t<meta property=\"og:image:type\" content=\"image\/jpeg\" \/>\n<meta name=\"author\" content=\"fondazionepirelli\" \/>\n<meta name=\"twitter:card\" content=\"summary_large_image\" \/>\n<meta name=\"twitter:label1\" content=\"Scritto da\" \/>\n\t<meta name=\"twitter:data1\" content=\"fondazionepirelli\" \/>\n\t<meta name=\"twitter:label2\" content=\"Tempo di lettura stimato\" \/>\n\t<meta name=\"twitter:data2\" content=\"2 minuti\" \/>\n<script type=\"application\/ld+json\" class=\"yoast-schema-graph\">{\"@context\":\"https:\/\/schema.org\",\"@graph\":[{\"@type\":\"WebPage\",\"@id\":\"https:\/\/www.fondazionepirelli.org\/it\/cultura-dimpresa\/storie-di-famiglie-dimpresa\/\",\"url\":\"https:\/\/www.fondazionepirelli.org\/it\/cultura-dimpresa\/storie-di-famiglie-dimpresa\/\",\"name\":\"Storie di famiglie d\u2019impresa - Fondazione Pirelli\",\"isPartOf\":{\"@id\":\"https:\/\/www.fondazionepirelli.org\/it\/#website\"},\"primaryImageOfPage\":{\"@id\":\"https:\/\/www.fondazionepirelli.org\/it\/cultura-dimpresa\/storie-di-famiglie-dimpresa\/#primaryimage\"},\"image\":{\"@id\":\"https:\/\/www.fondazionepirelli.org\/it\/cultura-dimpresa\/storie-di-famiglie-dimpresa\/#primaryimage\"},\"thumbnailUrl\":\"https:\/\/wpsite-assets.fondazionepirelli.org\/wp-content\/uploads\/2022\/11\/28093912\/71d7F6pgfCL-e1669624884126.jpg\",\"datePublished\":\"2022-11-29T07:39:12+00:00\",\"author\":{\"@id\":\"https:\/\/www.fondazionepirelli.org\/it\/#\/schema\/person\/c31fcf5937a0e6afa45497f3f8b6d7a0\"},\"breadcrumb\":{\"@id\":\"https:\/\/www.fondazionepirelli.org\/it\/cultura-dimpresa\/storie-di-famiglie-dimpresa\/#breadcrumb\"},\"inLanguage\":\"it-IT\",\"potentialAction\":[{\"@type\":\"ReadAction\",\"target\":[\"https:\/\/www.fondazionepirelli.org\/it\/cultura-dimpresa\/storie-di-famiglie-dimpresa\/\"]}]},{\"@type\":\"ImageObject\",\"inLanguage\":\"it-IT\",\"@id\":\"https:\/\/www.fondazionepirelli.org\/it\/cultura-dimpresa\/storie-di-famiglie-dimpresa\/#primaryimage\",\"url\":\"https:\/\/wpsite-assets.fondazionepirelli.org\/wp-content\/uploads\/2022\/11\/28093912\/71d7F6pgfCL-e1669624884126.jpg\",\"contentUrl\":\"https:\/\/wpsite-assets.fondazionepirelli.org\/wp-content\/uploads\/2022\/11\/28093912\/71d7F6pgfCL-e1669624884126.jpg\",\"width\":500,\"height\":611},{\"@type\":\"BreadcrumbList\",\"@id\":\"https:\/\/www.fondazionepirelli.org\/it\/cultura-dimpresa\/storie-di-famiglie-dimpresa\/#breadcrumb\",\"itemListElement\":[{\"@type\":\"ListItem\",\"position\":1,\"name\":\"Home\",\"item\":\"https:\/\/www.fondazionepirelli.org\/it\/\"},{\"@type\":\"ListItem\",\"position\":2,\"name\":\"Storie di famiglie d\u2019impresa\"}]},{\"@type\":\"WebSite\",\"@id\":\"https:\/\/www.fondazionepirelli.org\/it\/#website\",\"url\":\"https:\/\/www.fondazionepirelli.org\/it\/\",\"name\":\"Fondazione Pirelli\",\"description\":\"\",\"potentialAction\":[{\"@type\":\"SearchAction\",\"target\":{\"@type\":\"EntryPoint\",\"urlTemplate\":\"https:\/\/www.fondazionepirelli.org\/it\/?s={search_term_string}\"},\"query-input\":{\"@type\":\"PropertyValueSpecification\",\"valueRequired\":true,\"valueName\":\"search_term_string\"}}],\"inLanguage\":\"it-IT\"},{\"@type\":\"Person\",\"@id\":\"https:\/\/www.fondazionepirelli.org\/it\/#\/schema\/person\/c31fcf5937a0e6afa45497f3f8b6d7a0\",\"name\":\"fondazionepirelli\",\"image\":{\"@type\":\"ImageObject\",\"inLanguage\":\"it-IT\",\"@id\":\"https:\/\/www.fondazionepirelli.org\/it\/#\/schema\/person\/image\/\",\"url\":\"https:\/\/secure.gravatar.com\/avatar\/9cb486421ce1d6eddbf6c4fb66841b4325b786695f7aedf1dde2222428218696?s=96&d=mm&r=g\",\"contentUrl\":\"https:\/\/secure.gravatar.com\/avatar\/9cb486421ce1d6eddbf6c4fb66841b4325b786695f7aedf1dde2222428218696?s=96&d=mm&r=g\",\"caption\":\"fondazionepirelli\"},\"url\":\"https:\/\/www.fondazionepirelli.org\/it\/author\/fondazionepirelli\/\"}]}<\/script>\n<!-- \/ Yoast SEO plugin. -->","yoast_head_json":{"title":"Storie di famiglie d\u2019impresa - Fondazione Pirelli","robots":{"index":"index","follow":"follow","max-snippet":"max-snippet:-1","max-image-preview":"max-image-preview:large","max-video-preview":"max-video-preview:-1"},"canonical":"https:\/\/www.fondazionepirelli.org\/it\/cultura-dimpresa\/storie-di-famiglie-dimpresa\/","og_locale":"it_IT","og_type":"article","og_title":"Storie di famiglie d\u2019impresa - Fondazione Pirelli","og_description":"L\u2019ultimo libro della Federazione dei Cavalieri del Lavoro racconta di una cultura del produrre che non pu\u00f2 essere dimenticata \u00a0 Famiglie e imprese. Anzi, famiglie d\u2019imprese. Molte e diverse tra di loro. Eppure uguali nei tratti fondamentali. Espressioni, tutte, di una cultura dell\u2019intraprendere che si \u00e8 tramandata negli anni. E che, in forma varie, esiste [&hellip;]","og_url":"https:\/\/www.fondazionepirelli.org\/it\/cultura-dimpresa\/storie-di-famiglie-dimpresa\/","og_site_name":"Fondazione Pirelli","article_published_time":"2022-11-29T07:39:12+00:00","og_image":[{"width":500,"height":611,"url":"https:\/\/wpsite-assets.fondazionepirelli.org\/wp-content\/uploads\/2022\/11\/28093912\/71d7F6pgfCL-e1669624884126.jpg","type":"image\/jpeg"}],"author":"fondazionepirelli","twitter_card":"summary_large_image","twitter_misc":{"Scritto da":"fondazionepirelli","Tempo di lettura stimato":"2 minuti"},"schema":{"@context":"https:\/\/schema.org","@graph":[{"@type":"WebPage","@id":"https:\/\/www.fondazionepirelli.org\/it\/cultura-dimpresa\/storie-di-famiglie-dimpresa\/","url":"https:\/\/www.fondazionepirelli.org\/it\/cultura-dimpresa\/storie-di-famiglie-dimpresa\/","name":"Storie di famiglie d\u2019impresa - Fondazione Pirelli","isPartOf":{"@id":"https:\/\/www.fondazionepirelli.org\/it\/#website"},"primaryImageOfPage":{"@id":"https:\/\/www.fondazionepirelli.org\/it\/cultura-dimpresa\/storie-di-famiglie-dimpresa\/#primaryimage"},"image":{"@id":"https:\/\/www.fondazionepirelli.org\/it\/cultura-dimpresa\/storie-di-famiglie-dimpresa\/#primaryimage"},"thumbnailUrl":"https:\/\/wpsite-assets.fondazionepirelli.org\/wp-content\/uploads\/2022\/11\/28093912\/71d7F6pgfCL-e1669624884126.jpg","datePublished":"2022-11-29T07:39:12+00:00","author":{"@id":"https:\/\/www.fondazionepirelli.org\/it\/#\/schema\/person\/c31fcf5937a0e6afa45497f3f8b6d7a0"},"breadcrumb":{"@id":"https:\/\/www.fondazionepirelli.org\/it\/cultura-dimpresa\/storie-di-famiglie-dimpresa\/#breadcrumb"},"inLanguage":"it-IT","potentialAction":[{"@type":"ReadAction","target":["https:\/\/www.fondazionepirelli.org\/it\/cultura-dimpresa\/storie-di-famiglie-dimpresa\/"]}]},{"@type":"ImageObject","inLanguage":"it-IT","@id":"https:\/\/www.fondazionepirelli.org\/it\/cultura-dimpresa\/storie-di-famiglie-dimpresa\/#primaryimage","url":"https:\/\/wpsite-assets.fondazionepirelli.org\/wp-content\/uploads\/2022\/11\/28093912\/71d7F6pgfCL-e1669624884126.jpg","contentUrl":"https:\/\/wpsite-assets.fondazionepirelli.org\/wp-content\/uploads\/2022\/11\/28093912\/71d7F6pgfCL-e1669624884126.jpg","width":500,"height":611},{"@type":"BreadcrumbList","@id":"https:\/\/www.fondazionepirelli.org\/it\/cultura-dimpresa\/storie-di-famiglie-dimpresa\/#breadcrumb","itemListElement":[{"@type":"ListItem","position":1,"name":"Home","item":"https:\/\/www.fondazionepirelli.org\/it\/"},{"@type":"ListItem","position":2,"name":"Storie di famiglie d\u2019impresa"}]},{"@type":"WebSite","@id":"https:\/\/www.fondazionepirelli.org\/it\/#website","url":"https:\/\/www.fondazionepirelli.org\/it\/","name":"Fondazione Pirelli","description":"","potentialAction":[{"@type":"SearchAction","target":{"@type":"EntryPoint","urlTemplate":"https:\/\/www.fondazionepirelli.org\/it\/?s={search_term_string}"},"query-input":{"@type":"PropertyValueSpecification","valueRequired":true,"valueName":"search_term_string"}}],"inLanguage":"it-IT"},{"@type":"Person","@id":"https:\/\/www.fondazionepirelli.org\/it\/#\/schema\/person\/c31fcf5937a0e6afa45497f3f8b6d7a0","name":"fondazionepirelli","image":{"@type":"ImageObject","inLanguage":"it-IT","@id":"https:\/\/www.fondazionepirelli.org\/it\/#\/schema\/person\/image\/","url":"https:\/\/secure.gravatar.com\/avatar\/9cb486421ce1d6eddbf6c4fb66841b4325b786695f7aedf1dde2222428218696?s=96&d=mm&r=g","contentUrl":"https:\/\/secure.gravatar.com\/avatar\/9cb486421ce1d6eddbf6c4fb66841b4325b786695f7aedf1dde2222428218696?s=96&d=mm&r=g","caption":"fondazionepirelli"},"url":"https:\/\/www.fondazionepirelli.org\/it\/author\/fondazionepirelli\/"}]}},"_links":{"self":[{"href":"https:\/\/www.fondazionepirelli.org\/it\/wp-json\/wp\/v2\/posts\/93253\/"}],"collection":[{"href":"https:\/\/www.fondazionepirelli.org\/it\/wp-json\/wp\/v2\/posts\/"}],"about":[{"href":"https:\/\/www.fondazionepirelli.org\/it\/wp-json\/wp\/v2\/types\/post\/"}],"author":[{"embeddable":true,"href":"https:\/\/www.fondazionepirelli.org\/it\/wp-json\/wp\/v2\/users\/9\/"}],"replies":[{"embeddable":true,"href":"https:\/\/www.fondazionepirelli.org\/it\/wp-json\/wp\/v2\/comments\/?post=93253"}],"version-history":[{"count":1,"href":"https:\/\/www.fondazionepirelli.org\/it\/wp-json\/wp\/v2\/posts\/93253\/revisions\/"}],"predecessor-version":[{"id":93256,"href":"https:\/\/www.fondazionepirelli.org\/it\/wp-json\/wp\/v2\/posts\/93253\/revisions\/93256\/"}],"wp:featuredmedia":[{"embeddable":true,"href":"https:\/\/www.fondazionepirelli.org\/it\/wp-json\/wp\/v2\/media\/93254\/"}],"wp:attachment":[{"href":"https:\/\/www.fondazionepirelli.org\/it\/wp-json\/wp\/v2\/media\/?parent=93253"}],"wp:term":[{"taxonomy":"category","embeddable":true,"href":"https:\/\/www.fondazionepirelli.org\/it\/wp-json\/wp\/v2\/categories\/?post=93253"},{"taxonomy":"post_tag","embeddable":true,"href":"https:\/\/www.fondazionepirelli.org\/it\/wp-json\/wp\/v2\/tags\/?post=93253"}],"curies":[{"name":"wp","href":"https:\/\/api.w.org\/{rel}","templated":true}]}}