{"id":93381,"date":"2022-12-06T09:07:21","date_gmt":"2022-12-06T08:07:21","guid":{"rendered":"https:\/\/www.fondazionepirelli.org\/?p=93381"},"modified":"2022-12-06T09:07:21","modified_gmt":"2022-12-06T08:07:21","slug":"sicurezza-le-scelte-delle-imprese-un-fondo-strategico-ue-per-energia-e-materie-prime","status":"publish","type":"post","link":"https:\/\/www.fondazionepirelli.org\/it\/cultura-dimpresa\/sicurezza-le-scelte-delle-imprese-un-fondo-strategico-ue-per-energia-e-materie-prime\/","title":{"rendered":"Sicurezza, le scelte delle imprese: un fondo strategico Ue per energia e materie prime \u00a0"},"content":{"rendered":"<p>Essere<strong> Europa<\/strong>, nonostante tutto. Nonostante l\u2019irruzione, anche sulla scena europea, degli interessi e dei miopi egoismi nazionali e delle tensioni populiste e sovraniste, che possono frantumare il percorso politico democratico costrutto faticosamente nel corso degli anni. Nonostante le divaricazioni tra Francia e Germania sui temi dell\u2019energia o tra Francia e Italia sulla gestione dell\u2019immigrazione. Nonostante i tempi troppo lunghi perch\u00e9 la Ue sappia trovare intese forti ed efficaci sulla sicurezza, i mercati delle materie prime e lo sviluppo sostenibile, mentre la guerra in Ucraina aggrava tensioni politiche e drammi sociali, la recessione economica avanza minacciosa e si allargano le fratture geopolitiche globali. Essere Europa, essere ancora di pi\u00f9 e meglio Europa, insomma, per non mettere in crisi la nostra lunga stagione di pace, democrazia e benessere.<\/p>\n<p>Essere Europa, dunque, significa oggi avere tra le priorit\u00e0 una strategia Ue ben costruita per la competitivit\u00e0 del suo sistema economico e delle imprese, superando rapidamente \u201ctre errori storici\u201d: avere delegato la difesa agli Usa, affidato gran parte delle forniture d\u2019energia alla Russia e determinato una eccessiva dipendenza per le tecnologie dalla Cina e dagli stessi Usa (la sintesi \u00e8 di Carlo Bonomi, presidente di Confindustria).<\/p>\n<p>Ci sono passi avanti di cui tenere conto. Come il documento di <strong>Business Europe<\/strong> (dopo la riunione, alla fine di novembre, a Stoccolma, dei 40 leader delle associazioni imprenditoriali europee) che insiste sulla necessit\u00e0 di \u201cagire uniti\u201d di fronte alla crisi in corso, per evitare che \u201cforze divisive e individualismi\u00a0 minino la solidariet\u00e0, uno dei valori fondanti dell\u2019Unione Europea\u201d.<\/p>\n<p>E ha un grande valore soprattutto l\u2019intesa strategica raggiunta tra <strong>Confindustria<\/strong>, le imprese francesi riunite nel Medef e quelle tedesche della Bdi, riunite a Roma ai primi di dicembre per il quarto vertice annuale, per chiedere alla Commissione Ue una politica comune per l\u2019energia e le materie prime strategiche, un ombrello finanziario per le acquisizioni e le forniture di gas e petrolio, di litio, nichel e \u201cterre rare\u201d, una serie di strumenti messi a punto da Bruxelles per proteggere i paesi europei dalle variazioni di prezzi e volumi e dalle speculazioni sui mercati internazionali, in cui proprio le forniture energetiche vengono usate come strumenti bellici, per scomporre e ricomporre gli equilibri di potere e sicurezza in cui l\u2019Europa, povera di materie prime, pu\u00f2 subire le conseguenze negative peggiori.<\/p>\n<p>La consapevolezza comune \u00e8 chiara: per l\u2019Europa, perdere la propria competitivit\u00e0 economica significa mettere a rischio l\u2019occupazione e il modello di welfare e dunque cadere in una crisi pi\u00f9 generale, quella della nostra democrazia.<\/p>\n<p>Ecco perch\u00e9 intervenire rapidamente. Sull\u2019economia. E le regole Ue. Da rendere pi\u00f9 efficaci e su cui fondare una politica di bilancio in grado di stimolare investimenti pubblici e privati sulla crescita economica e lo sviluppo sostenibile, obiettivo sempre prioritario ma da sottrarre ad \u201capprocci ideologici\u201d che frenano economia, imprese, tenuta sociale.<\/p>\n<p>L\u2019Europa, infatti, \u00e8 un gigante industriale con primati rilevanti nella cosiddetta<strong> <em>twin transition <\/em><\/strong>ambientale e digitale, un territorio di straordinarie imprese trasformatrici, un mercato forte e ricco, un\u2019area interconnessa da scambi, relazioni e accordi che ne fanno una protagonista globale di innovazione e competitivit\u00e0. Ma \u00e8 una realt\u00e0 fragile, appunto perch\u00e9 povera di materie prime. E l\u2019assenza di una politica estera comune della Ue sulla sicurezza e la difesa ne rende difficili e poco efficaci le reazioni politiche a tutela dei suoi valori e dei suoi interessi.<\/p>\n<p>Lo sguardo preoccupato \u00e8 rivolto anche verso gli Usa, dove l\u2019amministrazione Biden, con l\u2019<strong>Inflation Reduction Act<\/strong>, spinge le imprese a comprare da fornitori americani, mettendo in seria difficolt\u00e0 le attivit\u00e0 delle imprese europee. Si rischia una nuova \u201cguerra commerciale\u201d Usa-Ue? La presidente della Commissione Ue Ursula von der Leyen \u00e8 rassicurante, ricordando come un conflitto non serva a nessuno dei due contendenti, avvantaggiando invece altri giganti economici. Ma \u00e8 altrettanto netta nel difendere gli interessi europei.<\/p>\n<p>Ecco perch\u00e9 \u00e8 indispensabile, proprio in momenti di crisi e tensioni, insistere anche da parte delle imprese e delle loro organizzazioni su una risposta strategica che veda in primo piano la Commissione Ue e rafforzare l\u2019unit\u00e0 di intenti di Germania, Francia e Italia innanzitutto, per evitare le tentazioni dell\u2019unilateralismo e mostrarsi invece capaci di essere motore di unit\u00e0 e scelte condivise.<\/p>\n<p>C\u2019\u00e8 un precedente recente, cui fare riferimento: la scelta unitaria di reagire alla pandemia da Covid19 mettendo in comune ricerca scientifica e capacit\u00e0 industriali e logistiche per produrre i vaccini e realizzare interventi sanitari efficaci. E, subito dopo, la creazione del \u201c<strong>Recovery Plan Next Generation Ue<\/strong>\u201d, con risorse raccolte sui mercati finanziari internazionali con la garanzia Ue, per fare fronte alle crisi economiche e sociali scatenate dalla crisi Covid e costruire cos\u00ec una visione positiva di sviluppo sostenibile per le nuove generazioni.<\/p>\n<p>Adesso, proprio sull\u2019energia e sulle materie prime, vale la pena pensare a una scelta analoga, a un nuovo fondo europeo, da finanziarie sempre facendo ricorso ai mercati, per le forniture comuni, a prezzi e condizioni che garantiscano la competitivit\u00e0 delle imprese europee e non le mettano in difficolt\u00e0 di fronte ai competitor internazionali, a cominciare da Usa e Cina (che non subiscono, attualmente, le conseguenze negative del caro-energia).<\/p>\n<p>Naturalmente, anche il bilancio Ue e il nuovo Patto di Stabilit\u00e0 andrebbero messi a punto tenendo conto di queste esigenze: una lungimirante politica di sviluppo dell\u2019Europa sostenibile ed equilibrata, capace di difendere e rilanciare valori e interessi europei. Quel legame forte tra democrazia politica, cultura del mercato aperto e ben regolato, libert\u00e0 e responsabilit\u00e0 dell\u2019 intraprendere, tutela sociale diffusa. La sintesi tra competitivit\u00e0 e inclusione sociale, tra produttivit\u00e0 e solidariet\u00e0.<\/p>\n<p>Altri temi, sono al centro delle posizioni delle associazioni aziendali europee: regole formali di mercato meno rigide, per stimolare la crescita delle imprese e la loro competitivit\u00e0, un mercato unico pi\u00f9 efficiente, un insieme di scelte Ue sul commercio internazionale che rafforzi l\u2019attrattivit\u00e0 dei paesi Ue per gli investimenti globali, una politica industriale e fiscale comune che agevoli gli investimenti pubblici e privati per la ricerca scientifica e i trasferimenti tecnologici.<\/p>\n<p>\u201cViviamo una crisi asimmetrica, Usa e Asia non ne sono colpite. Il rischio di deindustrializzazione \u00e8 molto forte. E noi imprenditori europei siamo consapevoli del pericolo di perdere intere filiere produttive, il loro know how ma anche il loro peso sociale\u201d, sostiene Stefano Pan, delegato di Confindustria per l\u2019Europa.<\/p>\n<p>Le indicazioni delle imprese trovano un ascolto attento a Bruxelles, soprattutto da parte di due Commissari sensibili ai temi dello sviluppo come Paolo Gentiloni e Thierry Breton e della stessa Presidente della Commissione Ue Ursula von der Leyen, consapevole del legame stretto tra gli equilibri politico-sociali e la competitivit\u00e0 economica. L\u2019 Europa, insomma, pu\u00f2 fare un gioco vincente solo se solidale. E lungimirante. \u201cNext Generation\u201d, appunto.<\/p><p><em>(Photo Getty Images)<\/em><\/p>","protected":false},"excerpt":{"rendered":"<p>Essere Europa, nonostante tutto. Nonostante l\u2019irruzione, anche sulla scena europea, degli interessi e dei miopi egoismi nazionali e delle tensioni populiste e sovraniste, che possono frantumare il percorso politico democratico costrutto faticosamente nel corso degli anni. Nonostante le divaricazioni tra Francia e Germania sui temi dell\u2019energia o tra Francia e Italia sulla gestione dell\u2019immigrazione. Nonostante [&hellip;]<\/p>\n","protected":false},"author":9,"featured_media":93391,"comment_status":"open","ping_status":"open","sticky":false,"template":"","format":"standard","meta":{"footnotes":""},"categories":[53,52],"tags":[],"class_list":["post-93381","post","type-post","status-publish","format-standard","has-post-thumbnail","hentry","category-blog","category-cultura-dimpresa"],"acf":[],"yoast_head":"<!-- This site is optimized with the Yoast SEO plugin v25.0 - https:\/\/yoast.com\/wordpress\/plugins\/seo\/ -->\n<title>Sicurezza, le scelte delle imprese: un fondo strategico Ue per energia e materie prime \u00a0 - Fondazione Pirelli<\/title>\n<meta name=\"robots\" content=\"index, follow, max-snippet:-1, max-image-preview:large, max-video-preview:-1\" \/>\n<link rel=\"canonical\" href=\"https:\/\/www.fondazionepirelli.org\/it\/cultura-dimpresa\/sicurezza-le-scelte-delle-imprese-un-fondo-strategico-ue-per-energia-e-materie-prime\/\" \/>\n<meta property=\"og:locale\" content=\"it_IT\" \/>\n<meta property=\"og:type\" content=\"article\" \/>\n<meta property=\"og:title\" content=\"Sicurezza, le scelte delle imprese: un fondo strategico Ue per energia e materie prime \u00a0 - Fondazione Pirelli\" \/>\n<meta property=\"og:description\" content=\"Essere Europa, nonostante tutto. Nonostante l\u2019irruzione, anche sulla scena europea, degli interessi e dei miopi egoismi nazionali e delle tensioni populiste e sovraniste, che possono frantumare il percorso politico democratico costrutto faticosamente nel corso degli anni. Nonostante le divaricazioni tra Francia e Germania sui temi dell\u2019energia o tra Francia e Italia sulla gestione dell\u2019immigrazione. Nonostante [&hellip;]\" \/>\n<meta property=\"og:url\" content=\"https:\/\/www.fondazionepirelli.org\/it\/cultura-dimpresa\/sicurezza-le-scelte-delle-imprese-un-fondo-strategico-ue-per-energia-e-materie-prime\/\" \/>\n<meta property=\"og:site_name\" content=\"Fondazione Pirelli\" \/>\n<meta property=\"article:published_time\" content=\"2022-12-06T08:07:21+00:00\" \/>\n<meta property=\"og:image\" content=\"https:\/\/wpsite-assets.fondazionepirelli.org\/wp-content\/uploads\/2022\/12\/06090656\/GettyImages-175409767-1.jpg\" \/>\n\t<meta property=\"og:image:width\" content=\"3888\" \/>\n\t<meta property=\"og:image:height\" content=\"2592\" \/>\n\t<meta property=\"og:image:type\" content=\"image\/jpeg\" \/>\n<meta name=\"author\" content=\"fondazionepirelli\" \/>\n<meta name=\"twitter:card\" content=\"summary_large_image\" \/>\n<meta name=\"twitter:label1\" content=\"Scritto da\" \/>\n\t<meta name=\"twitter:data1\" content=\"fondazionepirelli\" \/>\n\t<meta name=\"twitter:label2\" content=\"Tempo di lettura stimato\" \/>\n\t<meta name=\"twitter:data2\" content=\"6 minuti\" \/>\n<script type=\"application\/ld+json\" class=\"yoast-schema-graph\">{\"@context\":\"https:\/\/schema.org\",\"@graph\":[{\"@type\":\"WebPage\",\"@id\":\"https:\/\/www.fondazionepirelli.org\/it\/cultura-dimpresa\/sicurezza-le-scelte-delle-imprese-un-fondo-strategico-ue-per-energia-e-materie-prime\/\",\"url\":\"https:\/\/www.fondazionepirelli.org\/it\/cultura-dimpresa\/sicurezza-le-scelte-delle-imprese-un-fondo-strategico-ue-per-energia-e-materie-prime\/\",\"name\":\"Sicurezza, le scelte delle imprese: un fondo strategico Ue per energia e materie prime \u00a0 - Fondazione Pirelli\",\"isPartOf\":{\"@id\":\"https:\/\/www.fondazionepirelli.org\/it\/#website\"},\"primaryImageOfPage\":{\"@id\":\"https:\/\/www.fondazionepirelli.org\/it\/cultura-dimpresa\/sicurezza-le-scelte-delle-imprese-un-fondo-strategico-ue-per-energia-e-materie-prime\/#primaryimage\"},\"image\":{\"@id\":\"https:\/\/www.fondazionepirelli.org\/it\/cultura-dimpresa\/sicurezza-le-scelte-delle-imprese-un-fondo-strategico-ue-per-energia-e-materie-prime\/#primaryimage\"},\"thumbnailUrl\":\"https:\/\/wpsite-assets.fondazionepirelli.org\/wp-content\/uploads\/2022\/12\/06090656\/GettyImages-175409767-1.jpg\",\"datePublished\":\"2022-12-06T08:07:21+00:00\",\"author\":{\"@id\":\"https:\/\/www.fondazionepirelli.org\/it\/#\/schema\/person\/c31fcf5937a0e6afa45497f3f8b6d7a0\"},\"breadcrumb\":{\"@id\":\"https:\/\/www.fondazionepirelli.org\/it\/cultura-dimpresa\/sicurezza-le-scelte-delle-imprese-un-fondo-strategico-ue-per-energia-e-materie-prime\/#breadcrumb\"},\"inLanguage\":\"it-IT\",\"potentialAction\":[{\"@type\":\"ReadAction\",\"target\":[\"https:\/\/www.fondazionepirelli.org\/it\/cultura-dimpresa\/sicurezza-le-scelte-delle-imprese-un-fondo-strategico-ue-per-energia-e-materie-prime\/\"]}]},{\"@type\":\"ImageObject\",\"inLanguage\":\"it-IT\",\"@id\":\"https:\/\/www.fondazionepirelli.org\/it\/cultura-dimpresa\/sicurezza-le-scelte-delle-imprese-un-fondo-strategico-ue-per-energia-e-materie-prime\/#primaryimage\",\"url\":\"https:\/\/wpsite-assets.fondazionepirelli.org\/wp-content\/uploads\/2022\/12\/06090656\/GettyImages-175409767-1.jpg\",\"contentUrl\":\"https:\/\/wpsite-assets.fondazionepirelli.org\/wp-content\/uploads\/2022\/12\/06090656\/GettyImages-175409767-1.jpg\",\"width\":3888,\"height\":2592,\"caption\":\"\\\"European flags in front of the European Commission headquarters in Brussels, Belgium. ( Motion Blurred on flags)\\\"\"},{\"@type\":\"BreadcrumbList\",\"@id\":\"https:\/\/www.fondazionepirelli.org\/it\/cultura-dimpresa\/sicurezza-le-scelte-delle-imprese-un-fondo-strategico-ue-per-energia-e-materie-prime\/#breadcrumb\",\"itemListElement\":[{\"@type\":\"ListItem\",\"position\":1,\"name\":\"Home\",\"item\":\"https:\/\/www.fondazionepirelli.org\/it\/\"},{\"@type\":\"ListItem\",\"position\":2,\"name\":\"Sicurezza, le scelte delle imprese: un fondo strategico Ue per energia e materie prime \u00a0\"}]},{\"@type\":\"WebSite\",\"@id\":\"https:\/\/www.fondazionepirelli.org\/it\/#website\",\"url\":\"https:\/\/www.fondazionepirelli.org\/it\/\",\"name\":\"Fondazione Pirelli\",\"description\":\"\",\"potentialAction\":[{\"@type\":\"SearchAction\",\"target\":{\"@type\":\"EntryPoint\",\"urlTemplate\":\"https:\/\/www.fondazionepirelli.org\/it\/?s={search_term_string}\"},\"query-input\":{\"@type\":\"PropertyValueSpecification\",\"valueRequired\":true,\"valueName\":\"search_term_string\"}}],\"inLanguage\":\"it-IT\"},{\"@type\":\"Person\",\"@id\":\"https:\/\/www.fondazionepirelli.org\/it\/#\/schema\/person\/c31fcf5937a0e6afa45497f3f8b6d7a0\",\"name\":\"fondazionepirelli\",\"image\":{\"@type\":\"ImageObject\",\"inLanguage\":\"it-IT\",\"@id\":\"https:\/\/www.fondazionepirelli.org\/it\/#\/schema\/person\/image\/\",\"url\":\"https:\/\/secure.gravatar.com\/avatar\/9cb486421ce1d6eddbf6c4fb66841b4325b786695f7aedf1dde2222428218696?s=96&d=mm&r=g\",\"contentUrl\":\"https:\/\/secure.gravatar.com\/avatar\/9cb486421ce1d6eddbf6c4fb66841b4325b786695f7aedf1dde2222428218696?s=96&d=mm&r=g\",\"caption\":\"fondazionepirelli\"},\"url\":\"https:\/\/www.fondazionepirelli.org\/it\/author\/fondazionepirelli\/\"}]}<\/script>\n<!-- \/ Yoast SEO plugin. -->","yoast_head_json":{"title":"Sicurezza, le scelte delle imprese: un fondo strategico Ue per energia e materie prime \u00a0 - Fondazione Pirelli","robots":{"index":"index","follow":"follow","max-snippet":"max-snippet:-1","max-image-preview":"max-image-preview:large","max-video-preview":"max-video-preview:-1"},"canonical":"https:\/\/www.fondazionepirelli.org\/it\/cultura-dimpresa\/sicurezza-le-scelte-delle-imprese-un-fondo-strategico-ue-per-energia-e-materie-prime\/","og_locale":"it_IT","og_type":"article","og_title":"Sicurezza, le scelte delle imprese: un fondo strategico Ue per energia e materie prime \u00a0 - Fondazione Pirelli","og_description":"Essere Europa, nonostante tutto. Nonostante l\u2019irruzione, anche sulla scena europea, degli interessi e dei miopi egoismi nazionali e delle tensioni populiste e sovraniste, che possono frantumare il percorso politico democratico costrutto faticosamente nel corso degli anni. Nonostante le divaricazioni tra Francia e Germania sui temi dell\u2019energia o tra Francia e Italia sulla gestione dell\u2019immigrazione. Nonostante [&hellip;]","og_url":"https:\/\/www.fondazionepirelli.org\/it\/cultura-dimpresa\/sicurezza-le-scelte-delle-imprese-un-fondo-strategico-ue-per-energia-e-materie-prime\/","og_site_name":"Fondazione Pirelli","article_published_time":"2022-12-06T08:07:21+00:00","og_image":[{"width":3888,"height":2592,"url":"https:\/\/wpsite-assets.fondazionepirelli.org\/wp-content\/uploads\/2022\/12\/06090656\/GettyImages-175409767-1.jpg","type":"image\/jpeg"}],"author":"fondazionepirelli","twitter_card":"summary_large_image","twitter_misc":{"Scritto da":"fondazionepirelli","Tempo di lettura stimato":"6 minuti"},"schema":{"@context":"https:\/\/schema.org","@graph":[{"@type":"WebPage","@id":"https:\/\/www.fondazionepirelli.org\/it\/cultura-dimpresa\/sicurezza-le-scelte-delle-imprese-un-fondo-strategico-ue-per-energia-e-materie-prime\/","url":"https:\/\/www.fondazionepirelli.org\/it\/cultura-dimpresa\/sicurezza-le-scelte-delle-imprese-un-fondo-strategico-ue-per-energia-e-materie-prime\/","name":"Sicurezza, le scelte delle imprese: un fondo strategico Ue per energia e materie prime \u00a0 - Fondazione Pirelli","isPartOf":{"@id":"https:\/\/www.fondazionepirelli.org\/it\/#website"},"primaryImageOfPage":{"@id":"https:\/\/www.fondazionepirelli.org\/it\/cultura-dimpresa\/sicurezza-le-scelte-delle-imprese-un-fondo-strategico-ue-per-energia-e-materie-prime\/#primaryimage"},"image":{"@id":"https:\/\/www.fondazionepirelli.org\/it\/cultura-dimpresa\/sicurezza-le-scelte-delle-imprese-un-fondo-strategico-ue-per-energia-e-materie-prime\/#primaryimage"},"thumbnailUrl":"https:\/\/wpsite-assets.fondazionepirelli.org\/wp-content\/uploads\/2022\/12\/06090656\/GettyImages-175409767-1.jpg","datePublished":"2022-12-06T08:07:21+00:00","author":{"@id":"https:\/\/www.fondazionepirelli.org\/it\/#\/schema\/person\/c31fcf5937a0e6afa45497f3f8b6d7a0"},"breadcrumb":{"@id":"https:\/\/www.fondazionepirelli.org\/it\/cultura-dimpresa\/sicurezza-le-scelte-delle-imprese-un-fondo-strategico-ue-per-energia-e-materie-prime\/#breadcrumb"},"inLanguage":"it-IT","potentialAction":[{"@type":"ReadAction","target":["https:\/\/www.fondazionepirelli.org\/it\/cultura-dimpresa\/sicurezza-le-scelte-delle-imprese-un-fondo-strategico-ue-per-energia-e-materie-prime\/"]}]},{"@type":"ImageObject","inLanguage":"it-IT","@id":"https:\/\/www.fondazionepirelli.org\/it\/cultura-dimpresa\/sicurezza-le-scelte-delle-imprese-un-fondo-strategico-ue-per-energia-e-materie-prime\/#primaryimage","url":"https:\/\/wpsite-assets.fondazionepirelli.org\/wp-content\/uploads\/2022\/12\/06090656\/GettyImages-175409767-1.jpg","contentUrl":"https:\/\/wpsite-assets.fondazionepirelli.org\/wp-content\/uploads\/2022\/12\/06090656\/GettyImages-175409767-1.jpg","width":3888,"height":2592,"caption":"\"European flags in front of the European Commission headquarters in Brussels, Belgium. ( Motion Blurred on flags)\""},{"@type":"BreadcrumbList","@id":"https:\/\/www.fondazionepirelli.org\/it\/cultura-dimpresa\/sicurezza-le-scelte-delle-imprese-un-fondo-strategico-ue-per-energia-e-materie-prime\/#breadcrumb","itemListElement":[{"@type":"ListItem","position":1,"name":"Home","item":"https:\/\/www.fondazionepirelli.org\/it\/"},{"@type":"ListItem","position":2,"name":"Sicurezza, le scelte delle imprese: un fondo strategico Ue per energia e materie prime \u00a0"}]},{"@type":"WebSite","@id":"https:\/\/www.fondazionepirelli.org\/it\/#website","url":"https:\/\/www.fondazionepirelli.org\/it\/","name":"Fondazione Pirelli","description":"","potentialAction":[{"@type":"SearchAction","target":{"@type":"EntryPoint","urlTemplate":"https:\/\/www.fondazionepirelli.org\/it\/?s={search_term_string}"},"query-input":{"@type":"PropertyValueSpecification","valueRequired":true,"valueName":"search_term_string"}}],"inLanguage":"it-IT"},{"@type":"Person","@id":"https:\/\/www.fondazionepirelli.org\/it\/#\/schema\/person\/c31fcf5937a0e6afa45497f3f8b6d7a0","name":"fondazionepirelli","image":{"@type":"ImageObject","inLanguage":"it-IT","@id":"https:\/\/www.fondazionepirelli.org\/it\/#\/schema\/person\/image\/","url":"https:\/\/secure.gravatar.com\/avatar\/9cb486421ce1d6eddbf6c4fb66841b4325b786695f7aedf1dde2222428218696?s=96&d=mm&r=g","contentUrl":"https:\/\/secure.gravatar.com\/avatar\/9cb486421ce1d6eddbf6c4fb66841b4325b786695f7aedf1dde2222428218696?s=96&d=mm&r=g","caption":"fondazionepirelli"},"url":"https:\/\/www.fondazionepirelli.org\/it\/author\/fondazionepirelli\/"}]}},"_links":{"self":[{"href":"https:\/\/www.fondazionepirelli.org\/it\/wp-json\/wp\/v2\/posts\/93381\/"}],"collection":[{"href":"https:\/\/www.fondazionepirelli.org\/it\/wp-json\/wp\/v2\/posts\/"}],"about":[{"href":"https:\/\/www.fondazionepirelli.org\/it\/wp-json\/wp\/v2\/types\/post\/"}],"author":[{"embeddable":true,"href":"https:\/\/www.fondazionepirelli.org\/it\/wp-json\/wp\/v2\/users\/9\/"}],"replies":[{"embeddable":true,"href":"https:\/\/www.fondazionepirelli.org\/it\/wp-json\/wp\/v2\/comments\/?post=93381"}],"version-history":[{"count":3,"href":"https:\/\/www.fondazionepirelli.org\/it\/wp-json\/wp\/v2\/posts\/93381\/revisions\/"}],"predecessor-version":[{"id":93462,"href":"https:\/\/www.fondazionepirelli.org\/it\/wp-json\/wp\/v2\/posts\/93381\/revisions\/93462\/"}],"wp:featuredmedia":[{"embeddable":true,"href":"https:\/\/www.fondazionepirelli.org\/it\/wp-json\/wp\/v2\/media\/93391\/"}],"wp:attachment":[{"href":"https:\/\/www.fondazionepirelli.org\/it\/wp-json\/wp\/v2\/media\/?parent=93381"}],"wp:term":[{"taxonomy":"category","embeddable":true,"href":"https:\/\/www.fondazionepirelli.org\/it\/wp-json\/wp\/v2\/categories\/?post=93381"},{"taxonomy":"post_tag","embeddable":true,"href":"https:\/\/www.fondazionepirelli.org\/it\/wp-json\/wp\/v2\/tags\/?post=93381"}],"curies":[{"name":"wp","href":"https:\/\/api.w.org\/{rel}","templated":true}]}}