{"id":93394,"date":"2022-12-13T09:56:58","date_gmt":"2022-12-13T08:56:58","guid":{"rendered":"https:\/\/www.fondazionepirelli.org\/?p=93394"},"modified":"2022-12-13T09:56:58","modified_gmt":"2022-12-13T08:56:58","slug":"il-doppio-volto-dellitalia-e-malinconica-ma-soprattutto-vitale-per-il-boom-dellindustria","status":"publish","type":"post","link":"https:\/\/www.fondazionepirelli.org\/it\/cultura-dimpresa\/il-doppio-volto-dellitalia-e-malinconica-ma-soprattutto-vitale-per-il-boom-dellindustria\/","title":{"rendered":"Il doppio volto dell\u2019Italia: \u00e8 malinconica,\u00a0ma soprattutto vitale per il boom dell\u2019industria"},"content":{"rendered":"<p>Un\u2019<strong>Italia malinconica<\/strong>. Ma anche vitalista, energica, capace di orgogliosi scatti in avanti dell\u2019economia. In disagio e in declino, a cominciare da quello demografico, troppi anziani in difficolt\u00e0, pochi giovani energici. Eppure capace di meritarsi un \u201c10,9 e lode\u201d, per trasformare in un voto la percentuale di crescita del Pil nel biennio \u201820-\u201821, la migliore del G7, i grandi dell\u2019economia mondiale. Roba che non si vedeva dai tempi del boom economico degli anni Cinquanta e Sessanta, tanto sorprendente da essere definito \u201cmiracolo\u201d. Di cosa parliamo, allora, quando cerchiamo di raccontare il nostro Paese? Il ritratto \u00e8 ambiguo, ambivalente, contrastato. Ma certo tanto complesso da non meritare di essere schiacciato solo sui toni cupi dell\u2019incertezza, della paura, delle preoccupazioni per le bollette dell\u2019energia, l\u2019inflazione, la recessione, le difficolt\u00e0 per il lavoro e il reddito, l\u2019insieme delle ombre che fanno temere, agli economisti, di essere entrati \u201cnell\u2019era della grande stagflazione\u201d (ne parla Nouriel Roubini su \u201cIlSole24Ore\u201d del 9 dicembre, legando i rischi dell\u2019incrocio tra inflazione e stagnazione economica, la palude in cui l\u2019economia non cresce e i prezzi aumentano, aggravando cos\u00ec l\u2019impoverimento diffuso).<\/p>\n<p><strong>Italia in crisi<\/strong>, dunque? Certo. A patto, per\u00f2, di considerare il reale significato della parola \u201ccrisi\u201d, che condensa i segni del pericolo e delle opportunit\u00e0. In sintesi: un\u2019Italia che, nonostante tutto, vuole recuperare fiducia. In un migliore futuro. Soprattutto per quel che riguarda le nuove generazioni.<\/p>\n<p>Partiamo dalla malinconia, allora, dalla parola chiave dei <strong>56\u00b0 rapporto del Censis<\/strong> sulla situazione sociale italiana, da gran tempo il termometro migliore sugli umori e le tendenze degli italiani (altri osservatori e investigatori sociali, sui media, parlano di \u201crisacca\u201d, \u201cnostalgia\u201d o perfino di \u201c<strong>vita agra<\/strong>\u201d, rispolverando le suggestioni di un grande scrittore come Luciano Bianciardi).<\/p>\n<p>Sono malinconici soprattutto i lavoratori dipendenti e i pensionati (sempre pi\u00f9 infastiditi dal dover sopportare gran parte del carico fiscale per finanziare servizi pubblici e welfare di tutti gli altri italiani, evasori fiscali compresi) ma anche gli imprenditori seri e i lavoratori autonomi che non fatto i furbi con le regole e il fisco. Il nucleo del \u201cceto medio\u201d impoverito e in difficolt\u00e0, l\u2019asse portante del capitale sociale positivo e, naturalmente, della stessa democrazia.<\/p>\n<p>Secondo il Censis, l\u201989,7% degli italiani prova \u201ctristezza\u201d dopo Covid, guerra e crisi ambientale, il 59% teme che la guerra in Ucraina porti all\u2019uso della bomba atomica, il 58% si sente stanco per l\u2019uso continuo dei dispositivi digitali, mentre l\u201985% delle donne pensa che la violenza contro di loro sia aumentata. Non sembra che si sia \u201csull\u2019orlo di una crisi di nervi\u201d n\u00e9 \u00e8 pi\u00f9 dominante quel \u201crancore\u201d che aveva segnato i Rapporti Censis degli anni precedenti.<\/p>\n<p>C\u2019\u00e8 semmai una \u201c<strong>ritrazione silenziosa<\/strong>\u201d rispetto ai valori e ai legami sociali (come conferma il fatto che un italia non su due non vada pi\u00f9 a votare). E un disincanto per i miti della demagogia populista e della comunicazione di massa sulla bella vita: l\u201983% non \u00e8 disposto a \u201cfare sacrifici per seguire gli influencer\u201d (ben venga finalmente, il loro tramonto\u2026), l\u201981% rifiuta i sacrifici \u201cper seguire la moda\u201d e il 63,5% quelli per \u201csembrare pi\u00f9 giovani\u201d. Meno apparenza, pi\u00f9 sostanza, proprio in tempi di crisi, sembra dire la stragrande maggioranza degli italiani. Meno chiacchiere, pi\u00f9 scelte politiche, culturali ed economiche serie e responsabili. Che si sia alle soglie, proprio grazie alla crisi, di una straordinaria svolta di consapevolezza per la qualit\u00e0 di vita, lavoro, futuro? Si pu\u00f2 sperare.<\/p>\n<p>Malinconia, d\u2019altronde, non vuol dire depressione. N\u00e9 angoscia. Semmai, indica un disagio che si intende superare. Come spiega bene (\u201cLa Stampa\u201d, 3 dicembre) uno scrittore acuto e brillante, <strong>Diego De Silva,<\/strong> che del suo personaggio, l\u2019avvocato Malinconico (di nome e di fatto), ha fatto un eroe di successo di romanzi e serie Tv: \u201cLa malinconia, come ben sanno quelli che ce l\u2019hanno in dotazione, non \u00e8 incompatibile con la speranza\u201d.<\/p>\n<p>Guardiamoli, allora, i dati sulla speranza. Cominciando proprio con quell\u2019incremento del Pil nel biennio post Covid del 10,9% (stando agli incrementi registrati nel terzo trimestre \u201822: se ci fosse un dato negativo dell\u2019ultimo trimestre, per effetto del boom dei prezzi dell\u2019energia, sino a -1,5%, si arriverebbe comunque a un biennio positivo del 10,4%).<\/p>\n<p>Non un semplice \u201crimbalzo\u201d, dunque, dopo il crollo del 2020, l\u2019anno del Covid e dei lockdown, ma una vera e propria crescita, con caratteristiche di forza strutturale della nostra economia. La spinta del \u201821, con il Pil in crescita del 6,7%, \u00e8 stata determinata in gran parte dall\u2019industria manifatturiera e dall\u2019export; nel \u201822 hanno giocato in positivo i servizi (a cominciare dal turismo) e le costruzioni.<\/p>\n<p>\u201cLa rivincita del modello italiano:<strong> industria 4.0 innovativa<\/strong> e digitale, filiere produttive corte, diversificazione dei prodotti: ecco le ragioni che fanno volare l\u2019export. L\u2019economia nazionale degli ultimi 6 o 7 anni non \u00e8 pi\u00f9 quella che ha stentato sino al 2015\u201d, spiega Marco Fortis, professore di Economia industriale all\u2019Universit\u00e0 Cattolica di Milano e direttore della Fondazione Edison (\u201cIl Foglio\u201d, 5 dicembre), spiegando come gli imprenditori, dopo la Grande Crisi del 2008, hanno saputo usare con intelligenza e intraprendenza gli stimoli fiscali del Piano Industria 4.0 (voluti soprattutto dai governi Renzi e Letta, con impulso determinante dell\u2019allora ministro dello Sviluppo Economico Carlo Calenda) per investire in macchinari, transizione digitale, innovazioni di processo e di prodotto, export, qualit\u00e0, per rafforzare produttivit\u00e0 e competitivit\u00e0 e guidare cos\u00ec la crescita del Paese.<\/p>\n<p>La nostra industria, insomma, \u00e8 stata <strong>motore di sviluppo<\/strong>. E ha stimolato pure tutti i servizi collegati, logistica, ricerca, finanza, etc. Confermando i nostri primati manifatturieri in Europa e nel mondo.<\/p>\n<p>Analoghi risultati emergono anche da altri studi: dal \u201ccampioni della crescita\u201d censiti dal \u201cCorriere della Sera\u201d e raccontati durante i \u201cFestival Citt\u00e0 Impresa\u201d di Italy Post al \u201cRapporto Controvento\u201d di Nomisma (\u201cAffari&amp;Finanza\u201d de \u201cla Repubblica\u201d, 12 dicembre) sulle 5.198 migliori aziende manifatturiere italiane dette, appunto, \u201cle fabbriche del Pil\u201d: \u201cL\u2019industria italiana ha capacit\u00e0, creativit\u00e0 e storia\u201d, conferma Alberto Vacchi che, con la sua Ima, meccatronica d\u2019avanguardia, \u00e8 tra le migliori imprese multinazionali del Paese.<\/p>\n<p>Nel caos globale degli scambi, in stagioni complesse di <strong><em>reshoring <\/em><\/strong>(si torna a produrre nel cuore dell\u2019Europa industriale) e di <strong><em>twin transition<\/em><\/strong>, ambientale e digitale, le imprese italiane crescono bene, si rafforzano, sono uno straordinario capitale sociale che garantisce ricchezza, benessere, lavoro, strumenti per continuare a innovare a crescere.<\/p>\n<p>Le indagini di Fortis per la Fondazione Edison mostrano come il buon governo sia essenziale. L\u2019intelligenza economica e politica del governo Draghi, la ricostruzione di fiducia nello sviluppo sostenibile, l\u2019autorevolezza internazionale acquisita per tutto il sistema Paese, lo sguardo lungo sulle trasformazioni necessaria sono state leve fondamentali per rafforzare questa nostra \u201cItalia da 10,9 e lode\u201d di cui stiamo parlando. Peccato, dunque, che improvvidamente e irresponsabilmente, nel luglio scorso, al governo Draghi sia stata staccata la spina, con una crisi che non \u00e8 piaciuta affatto al mondo dell\u2019impresa.<\/p>\n<p>E adesso? Insiste Fortis: \u201cE\u2019 auspicabile che il nuovo governo Meloni non disperda il potenziale di\u00a0 crescita e di competitivit\u00e0 accumulato\u201d. Appunto.<\/p>","protected":false},"excerpt":{"rendered":"<p>Un\u2019Italia malinconica. Ma anche vitalista, energica, capace di orgogliosi scatti in avanti dell\u2019economia. In disagio e in declino, a cominciare da quello demografico, troppi anziani in difficolt\u00e0, pochi giovani energici. Eppure capace di meritarsi un \u201c10,9 e lode\u201d, per trasformare in un voto la percentuale di crescita del Pil nel biennio \u201820-\u201821, la migliore del [&hellip;]<\/p>\n","protected":false},"author":9,"featured_media":93602,"comment_status":"open","ping_status":"open","sticky":false,"template":"","format":"standard","meta":{"footnotes":""},"categories":[53,52],"tags":[],"class_list":["post-93394","post","type-post","status-publish","format-standard","has-post-thumbnail","hentry","category-blog","category-cultura-dimpresa"],"acf":[],"yoast_head":"<!-- This site is optimized with the Yoast SEO plugin v25.0 - https:\/\/yoast.com\/wordpress\/plugins\/seo\/ -->\n<title>Il doppio volto dell\u2019Italia: \u00e8 malinconica,\u00a0ma soprattutto vitale per il boom dell\u2019industria - Fondazione Pirelli<\/title>\n<meta name=\"robots\" content=\"index, follow, max-snippet:-1, max-image-preview:large, max-video-preview:-1\" \/>\n<link rel=\"canonical\" href=\"https:\/\/www.fondazionepirelli.org\/it\/cultura-dimpresa\/il-doppio-volto-dellitalia-e-malinconica-ma-soprattutto-vitale-per-il-boom-dellindustria\/\" \/>\n<meta property=\"og:locale\" content=\"it_IT\" \/>\n<meta property=\"og:type\" content=\"article\" \/>\n<meta property=\"og:title\" content=\"Il doppio volto dell\u2019Italia: \u00e8 malinconica,\u00a0ma soprattutto vitale per il boom dell\u2019industria - Fondazione Pirelli\" \/>\n<meta property=\"og:description\" content=\"Un\u2019Italia malinconica. Ma anche vitalista, energica, capace di orgogliosi scatti in avanti dell\u2019economia. In disagio e in declino, a cominciare da quello demografico, troppi anziani in difficolt\u00e0, pochi giovani energici. Eppure capace di meritarsi un \u201c10,9 e lode\u201d, per trasformare in un voto la percentuale di crescita del Pil nel biennio \u201820-\u201821, la migliore del [&hellip;]\" \/>\n<meta property=\"og:url\" content=\"https:\/\/www.fondazionepirelli.org\/it\/cultura-dimpresa\/il-doppio-volto-dellitalia-e-malinconica-ma-soprattutto-vitale-per-il-boom-dellindustria\/\" \/>\n<meta property=\"og:site_name\" content=\"Fondazione Pirelli\" \/>\n<meta property=\"article:published_time\" content=\"2022-12-13T08:56:58+00:00\" \/>\n<meta property=\"og:image\" content=\"https:\/\/wpsite-assets.fondazionepirelli.org\/wp-content\/uploads\/2022\/12\/13095651\/GettyImages-1140598011-1.jpg\" \/>\n\t<meta property=\"og:image:width\" content=\"5000\" \/>\n\t<meta property=\"og:image:height\" content=\"3750\" \/>\n\t<meta property=\"og:image:type\" content=\"image\/jpeg\" \/>\n<meta name=\"author\" content=\"fondazionepirelli\" \/>\n<meta name=\"twitter:card\" content=\"summary_large_image\" \/>\n<meta name=\"twitter:label1\" content=\"Scritto da\" \/>\n\t<meta name=\"twitter:data1\" content=\"fondazionepirelli\" \/>\n\t<meta name=\"twitter:label2\" content=\"Tempo di lettura stimato\" \/>\n\t<meta name=\"twitter:data2\" content=\"6 minuti\" \/>\n<script type=\"application\/ld+json\" class=\"yoast-schema-graph\">{\"@context\":\"https:\/\/schema.org\",\"@graph\":[{\"@type\":\"WebPage\",\"@id\":\"https:\/\/www.fondazionepirelli.org\/it\/cultura-dimpresa\/il-doppio-volto-dellitalia-e-malinconica-ma-soprattutto-vitale-per-il-boom-dellindustria\/\",\"url\":\"https:\/\/www.fondazionepirelli.org\/it\/cultura-dimpresa\/il-doppio-volto-dellitalia-e-malinconica-ma-soprattutto-vitale-per-il-boom-dellindustria\/\",\"name\":\"Il doppio volto dell\u2019Italia: \u00e8 malinconica,\u00a0ma soprattutto vitale per il boom dell\u2019industria - Fondazione Pirelli\",\"isPartOf\":{\"@id\":\"https:\/\/www.fondazionepirelli.org\/it\/#website\"},\"primaryImageOfPage\":{\"@id\":\"https:\/\/www.fondazionepirelli.org\/it\/cultura-dimpresa\/il-doppio-volto-dellitalia-e-malinconica-ma-soprattutto-vitale-per-il-boom-dellindustria\/#primaryimage\"},\"image\":{\"@id\":\"https:\/\/www.fondazionepirelli.org\/it\/cultura-dimpresa\/il-doppio-volto-dellitalia-e-malinconica-ma-soprattutto-vitale-per-il-boom-dellindustria\/#primaryimage\"},\"thumbnailUrl\":\"https:\/\/wpsite-assets.fondazionepirelli.org\/wp-content\/uploads\/2022\/12\/13095651\/GettyImages-1140598011-1.jpg\",\"datePublished\":\"2022-12-13T08:56:58+00:00\",\"author\":{\"@id\":\"https:\/\/www.fondazionepirelli.org\/it\/#\/schema\/person\/c31fcf5937a0e6afa45497f3f8b6d7a0\"},\"breadcrumb\":{\"@id\":\"https:\/\/www.fondazionepirelli.org\/it\/cultura-dimpresa\/il-doppio-volto-dellitalia-e-malinconica-ma-soprattutto-vitale-per-il-boom-dellindustria\/#breadcrumb\"},\"inLanguage\":\"it-IT\",\"potentialAction\":[{\"@type\":\"ReadAction\",\"target\":[\"https:\/\/www.fondazionepirelli.org\/it\/cultura-dimpresa\/il-doppio-volto-dellitalia-e-malinconica-ma-soprattutto-vitale-per-il-boom-dellindustria\/\"]}]},{\"@type\":\"ImageObject\",\"inLanguage\":\"it-IT\",\"@id\":\"https:\/\/www.fondazionepirelli.org\/it\/cultura-dimpresa\/il-doppio-volto-dellitalia-e-malinconica-ma-soprattutto-vitale-per-il-boom-dellindustria\/#primaryimage\",\"url\":\"https:\/\/wpsite-assets.fondazionepirelli.org\/wp-content\/uploads\/2022\/12\/13095651\/GettyImages-1140598011-1.jpg\",\"contentUrl\":\"https:\/\/wpsite-assets.fondazionepirelli.org\/wp-content\/uploads\/2022\/12\/13095651\/GettyImages-1140598011-1.jpg\",\"width\":5000,\"height\":3750,\"caption\":\"Rome, Italy, Feb 13 - A light effect and a particular perspective seem to bring the statue of an Angel of Victory to the Italian tricolor on the Altare della Patria, also known as the Vittoriano, the National Monument in the heart of Rome dedicated to King Vittorio Emanuele II and fallen soldiers during World War I\"},{\"@type\":\"BreadcrumbList\",\"@id\":\"https:\/\/www.fondazionepirelli.org\/it\/cultura-dimpresa\/il-doppio-volto-dellitalia-e-malinconica-ma-soprattutto-vitale-per-il-boom-dellindustria\/#breadcrumb\",\"itemListElement\":[{\"@type\":\"ListItem\",\"position\":1,\"name\":\"Home\",\"item\":\"https:\/\/www.fondazionepirelli.org\/it\/\"},{\"@type\":\"ListItem\",\"position\":2,\"name\":\"Il doppio volto dell\u2019Italia: \u00e8 malinconica,\u00a0ma soprattutto vitale per il boom dell\u2019industria\"}]},{\"@type\":\"WebSite\",\"@id\":\"https:\/\/www.fondazionepirelli.org\/it\/#website\",\"url\":\"https:\/\/www.fondazionepirelli.org\/it\/\",\"name\":\"Fondazione Pirelli\",\"description\":\"\",\"potentialAction\":[{\"@type\":\"SearchAction\",\"target\":{\"@type\":\"EntryPoint\",\"urlTemplate\":\"https:\/\/www.fondazionepirelli.org\/it\/?s={search_term_string}\"},\"query-input\":{\"@type\":\"PropertyValueSpecification\",\"valueRequired\":true,\"valueName\":\"search_term_string\"}}],\"inLanguage\":\"it-IT\"},{\"@type\":\"Person\",\"@id\":\"https:\/\/www.fondazionepirelli.org\/it\/#\/schema\/person\/c31fcf5937a0e6afa45497f3f8b6d7a0\",\"name\":\"fondazionepirelli\",\"image\":{\"@type\":\"ImageObject\",\"inLanguage\":\"it-IT\",\"@id\":\"https:\/\/www.fondazionepirelli.org\/it\/#\/schema\/person\/image\/\",\"url\":\"https:\/\/secure.gravatar.com\/avatar\/9cb486421ce1d6eddbf6c4fb66841b4325b786695f7aedf1dde2222428218696?s=96&d=mm&r=g\",\"contentUrl\":\"https:\/\/secure.gravatar.com\/avatar\/9cb486421ce1d6eddbf6c4fb66841b4325b786695f7aedf1dde2222428218696?s=96&d=mm&r=g\",\"caption\":\"fondazionepirelli\"},\"url\":\"https:\/\/www.fondazionepirelli.org\/it\/author\/fondazionepirelli\/\"}]}<\/script>\n<!-- \/ Yoast SEO plugin. -->","yoast_head_json":{"title":"Il doppio volto dell\u2019Italia: \u00e8 malinconica,\u00a0ma soprattutto vitale per il boom dell\u2019industria - Fondazione Pirelli","robots":{"index":"index","follow":"follow","max-snippet":"max-snippet:-1","max-image-preview":"max-image-preview:large","max-video-preview":"max-video-preview:-1"},"canonical":"https:\/\/www.fondazionepirelli.org\/it\/cultura-dimpresa\/il-doppio-volto-dellitalia-e-malinconica-ma-soprattutto-vitale-per-il-boom-dellindustria\/","og_locale":"it_IT","og_type":"article","og_title":"Il doppio volto dell\u2019Italia: \u00e8 malinconica,\u00a0ma soprattutto vitale per il boom dell\u2019industria - Fondazione Pirelli","og_description":"Un\u2019Italia malinconica. Ma anche vitalista, energica, capace di orgogliosi scatti in avanti dell\u2019economia. In disagio e in declino, a cominciare da quello demografico, troppi anziani in difficolt\u00e0, pochi giovani energici. Eppure capace di meritarsi un \u201c10,9 e lode\u201d, per trasformare in un voto la percentuale di crescita del Pil nel biennio \u201820-\u201821, la migliore del [&hellip;]","og_url":"https:\/\/www.fondazionepirelli.org\/it\/cultura-dimpresa\/il-doppio-volto-dellitalia-e-malinconica-ma-soprattutto-vitale-per-il-boom-dellindustria\/","og_site_name":"Fondazione Pirelli","article_published_time":"2022-12-13T08:56:58+00:00","og_image":[{"width":5000,"height":3750,"url":"https:\/\/wpsite-assets.fondazionepirelli.org\/wp-content\/uploads\/2022\/12\/13095651\/GettyImages-1140598011-1.jpg","type":"image\/jpeg"}],"author":"fondazionepirelli","twitter_card":"summary_large_image","twitter_misc":{"Scritto da":"fondazionepirelli","Tempo di lettura stimato":"6 minuti"},"schema":{"@context":"https:\/\/schema.org","@graph":[{"@type":"WebPage","@id":"https:\/\/www.fondazionepirelli.org\/it\/cultura-dimpresa\/il-doppio-volto-dellitalia-e-malinconica-ma-soprattutto-vitale-per-il-boom-dellindustria\/","url":"https:\/\/www.fondazionepirelli.org\/it\/cultura-dimpresa\/il-doppio-volto-dellitalia-e-malinconica-ma-soprattutto-vitale-per-il-boom-dellindustria\/","name":"Il doppio volto dell\u2019Italia: \u00e8 malinconica,\u00a0ma soprattutto vitale per il boom dell\u2019industria - Fondazione Pirelli","isPartOf":{"@id":"https:\/\/www.fondazionepirelli.org\/it\/#website"},"primaryImageOfPage":{"@id":"https:\/\/www.fondazionepirelli.org\/it\/cultura-dimpresa\/il-doppio-volto-dellitalia-e-malinconica-ma-soprattutto-vitale-per-il-boom-dellindustria\/#primaryimage"},"image":{"@id":"https:\/\/www.fondazionepirelli.org\/it\/cultura-dimpresa\/il-doppio-volto-dellitalia-e-malinconica-ma-soprattutto-vitale-per-il-boom-dellindustria\/#primaryimage"},"thumbnailUrl":"https:\/\/wpsite-assets.fondazionepirelli.org\/wp-content\/uploads\/2022\/12\/13095651\/GettyImages-1140598011-1.jpg","datePublished":"2022-12-13T08:56:58+00:00","author":{"@id":"https:\/\/www.fondazionepirelli.org\/it\/#\/schema\/person\/c31fcf5937a0e6afa45497f3f8b6d7a0"},"breadcrumb":{"@id":"https:\/\/www.fondazionepirelli.org\/it\/cultura-dimpresa\/il-doppio-volto-dellitalia-e-malinconica-ma-soprattutto-vitale-per-il-boom-dellindustria\/#breadcrumb"},"inLanguage":"it-IT","potentialAction":[{"@type":"ReadAction","target":["https:\/\/www.fondazionepirelli.org\/it\/cultura-dimpresa\/il-doppio-volto-dellitalia-e-malinconica-ma-soprattutto-vitale-per-il-boom-dellindustria\/"]}]},{"@type":"ImageObject","inLanguage":"it-IT","@id":"https:\/\/www.fondazionepirelli.org\/it\/cultura-dimpresa\/il-doppio-volto-dellitalia-e-malinconica-ma-soprattutto-vitale-per-il-boom-dellindustria\/#primaryimage","url":"https:\/\/wpsite-assets.fondazionepirelli.org\/wp-content\/uploads\/2022\/12\/13095651\/GettyImages-1140598011-1.jpg","contentUrl":"https:\/\/wpsite-assets.fondazionepirelli.org\/wp-content\/uploads\/2022\/12\/13095651\/GettyImages-1140598011-1.jpg","width":5000,"height":3750,"caption":"Rome, Italy, Feb 13 - A light effect and a particular perspective seem to bring the statue of an Angel of Victory to the Italian tricolor on the Altare della Patria, also known as the Vittoriano, the National Monument in the heart of Rome dedicated to King Vittorio Emanuele II and fallen soldiers during World War I"},{"@type":"BreadcrumbList","@id":"https:\/\/www.fondazionepirelli.org\/it\/cultura-dimpresa\/il-doppio-volto-dellitalia-e-malinconica-ma-soprattutto-vitale-per-il-boom-dellindustria\/#breadcrumb","itemListElement":[{"@type":"ListItem","position":1,"name":"Home","item":"https:\/\/www.fondazionepirelli.org\/it\/"},{"@type":"ListItem","position":2,"name":"Il doppio volto dell\u2019Italia: \u00e8 malinconica,\u00a0ma soprattutto vitale per il boom dell\u2019industria"}]},{"@type":"WebSite","@id":"https:\/\/www.fondazionepirelli.org\/it\/#website","url":"https:\/\/www.fondazionepirelli.org\/it\/","name":"Fondazione Pirelli","description":"","potentialAction":[{"@type":"SearchAction","target":{"@type":"EntryPoint","urlTemplate":"https:\/\/www.fondazionepirelli.org\/it\/?s={search_term_string}"},"query-input":{"@type":"PropertyValueSpecification","valueRequired":true,"valueName":"search_term_string"}}],"inLanguage":"it-IT"},{"@type":"Person","@id":"https:\/\/www.fondazionepirelli.org\/it\/#\/schema\/person\/c31fcf5937a0e6afa45497f3f8b6d7a0","name":"fondazionepirelli","image":{"@type":"ImageObject","inLanguage":"it-IT","@id":"https:\/\/www.fondazionepirelli.org\/it\/#\/schema\/person\/image\/","url":"https:\/\/secure.gravatar.com\/avatar\/9cb486421ce1d6eddbf6c4fb66841b4325b786695f7aedf1dde2222428218696?s=96&d=mm&r=g","contentUrl":"https:\/\/secure.gravatar.com\/avatar\/9cb486421ce1d6eddbf6c4fb66841b4325b786695f7aedf1dde2222428218696?s=96&d=mm&r=g","caption":"fondazionepirelli"},"url":"https:\/\/www.fondazionepirelli.org\/it\/author\/fondazionepirelli\/"}]}},"_links":{"self":[{"href":"https:\/\/www.fondazionepirelli.org\/it\/wp-json\/wp\/v2\/posts\/93394\/"}],"collection":[{"href":"https:\/\/www.fondazionepirelli.org\/it\/wp-json\/wp\/v2\/posts\/"}],"about":[{"href":"https:\/\/www.fondazionepirelli.org\/it\/wp-json\/wp\/v2\/types\/post\/"}],"author":[{"embeddable":true,"href":"https:\/\/www.fondazionepirelli.org\/it\/wp-json\/wp\/v2\/users\/9\/"}],"replies":[{"embeddable":true,"href":"https:\/\/www.fondazionepirelli.org\/it\/wp-json\/wp\/v2\/comments\/?post=93394"}],"version-history":[{"count":2,"href":"https:\/\/www.fondazionepirelli.org\/it\/wp-json\/wp\/v2\/posts\/93394\/revisions\/"}],"predecessor-version":[{"id":93396,"href":"https:\/\/www.fondazionepirelli.org\/it\/wp-json\/wp\/v2\/posts\/93394\/revisions\/93396\/"}],"wp:featuredmedia":[{"embeddable":true,"href":"https:\/\/www.fondazionepirelli.org\/it\/wp-json\/wp\/v2\/media\/93602\/"}],"wp:attachment":[{"href":"https:\/\/www.fondazionepirelli.org\/it\/wp-json\/wp\/v2\/media\/?parent=93394"}],"wp:term":[{"taxonomy":"category","embeddable":true,"href":"https:\/\/www.fondazionepirelli.org\/it\/wp-json\/wp\/v2\/categories\/?post=93394"},{"taxonomy":"post_tag","embeddable":true,"href":"https:\/\/www.fondazionepirelli.org\/it\/wp-json\/wp\/v2\/tags\/?post=93394"}],"curies":[{"name":"wp","href":"https:\/\/api.w.org\/{rel}","templated":true}]}}