{"id":93760,"date":"2022-12-16T16:29:42","date_gmt":"2022-12-16T15:29:42","guid":{"rendered":"https:\/\/www.fondazionepirelli.org\/?p=93760"},"modified":"2022-12-16T17:33:23","modified_gmt":"2022-12-16T16:33:23","slug":"verso-la-finale-del-2-premio-campiello-junior-selezionate-le-terne-finaliste","status":"publish","type":"post","link":"https:\/\/www.fondazionepirelli.org\/it\/biblioteche\/verso-la-finale-del-2-premio-campiello-junior-selezionate-le-terne-finaliste\/","title":{"rendered":"Verso la finale del 2\u00b0 Premio Campiello Junior: selezionate le terne finaliste"},"content":{"rendered":"<p>Sono state selezionate oggi le <strong>terne finaliste<\/strong> della <strong>2^ edizione del Campiello Junior<\/strong>, il riconoscimento letterario nato dalla collaborazione tra la <strong>Fondazione Il Campiello<\/strong>, <strong>Fondazione Pirelli<\/strong> e <strong>Pirelli<\/strong> per opere italiane di narrativa e poesia scritte per bambini di <strong>7-10 anni<\/strong> e per ragazzi tra gli <strong>11 e i 14 anni<\/strong>. Nel corso di una votazione nell\u2019Auditorium <strong>Headquarters Pirelli a Milano<\/strong>, la Giuria del Premio, presieduta dallo scrittore <strong>Roberto Piumini<\/strong> e composta da <strong>Chiara Lagani<\/strong>, attrice e drammaturga, <strong>Martino Negri<\/strong>, docente di didattica della letteratura e letteratura per l\u2019infanzia presso l\u2019Universit\u00e0 degli Studi di Milano-Bicocca, <strong>Michela Possamai<\/strong>, docente presso il corso di Psicologia educativa e clinica dell&#8217;Universit\u00e0 IUSVE di Venezia, gi\u00e0 membro della Giuria campiello Giovani, <strong>David Tolin<\/strong>, libraio e membro del direttivo di ALIR, ha decretato i 6 finalisti.<\/p>\n<p>Tra gli oltre 100 libri ammessi, per la categoria \u201cCampiello Junior 7-10 anni\u201d sono saliti sul podio: Carlo Marconi, \u201c<strong>Poesie del camminare<\/strong>\u201d (ed. Lapis), Nicola Cinquetti, \u201c<strong>L\u2019incredibile notte di Billy Bologna<\/strong>\u201d (ed. Lapis), <strong>Nadia Terranova<\/strong>, \u201cIl cortile delle sette fate\u201d (ed. Guanda).<\/p>\n<p>Per la categoria 11-14 anni: Ilaria Rigoli con \u201c<strong>A rifare il mondo<\/strong>\u201d (Bompiani ed.) Davide Rigiani con \u201c<strong>Il Tullio e l\u2019eolao pi\u00f9 stranissimo di tutto il Canton Ticino<\/strong>\u201d (Minimum Fax ed.) e Lilith Moscon con \u201c<strong>Bestiario Familiare<\/strong>\u201d (Topipittori ed.).<\/p>\n<p>I libri finalisti verranno ora sottoposti al giudizio dei veri protagonisti di questo premio, una giuria popolare composta da<strong> 240 ragazzi<\/strong>, suddivisi in due categorie di 120 ciascuna. Giovani lettori di tutta Italia, chiamati a scegliere il vincitore di questa nuova edizione. Roberto Piumini ha dichiarato: \u201cL\u2019edizione di quest\u2019anno del Premio Campiello Junior presenta delle novit\u00e0: la divisione in due fasce d\u2019et\u00e0, perch\u00e9 i bambini e i ragazzi sono lettori diversi, i primi pi\u00f9 affettivi e giocosi, gli altri pi\u00f9 complicati e a volte anche sofferenti. Poi l\u2019inserimento di un testo di poesia in ogni terna. L\u2019intenzione \u00e8 doppia: da una parte rendere presente ai ragazzi in modo autorevole la proposta di poesia, che soprattutto nella scuola primaria ha attenzione e elaborazione, ma trova poco materiale e spazio in libreria. La seconda intenzione \u00e8 appunto un segnale di stimolo e attesa verso l\u2019editoria. Il Premio Campiello Junior potrebbe continuare ad ampliare il suo sguardo, e qualificarsi come Premio della Parola Espressiva, nel circuito o tessuto di scrittura-pubblicazione-lettura-uso sociale che mature riflessioni indicano come cura per il nostro tempo di gran chiasso e poche parole.\u201d<\/p>\n<p>I vincitori saranno annunciati a <strong>maggio 2023<\/strong> e celebrati a settembre durante la Cerimonia di Premiazione del Campiello 2023. Inoltre, la Fondazione Pirelli e il Premio Campiello coinvolgeranno i ragazzi della giuria e tutti i giovani appassionati di lettura in una serie di iniziative dedicate al mondo del libro e dell\u2019editoria, a cui parteciperanno anche gli autori dei libri finalisti.<\/p>\n","protected":false},"excerpt":{"rendered":"<p>Sono state selezionate oggi le terne finaliste della 2^ edizione del Campiello Junior, il riconoscimento letterario nato dalla collaborazione tra la Fondazione Il Campiello, Fondazione Pirelli e Pirelli per opere italiane di narrativa e poesia scritte per bambini di 7-10 anni e per ragazzi tra gli 11 e i 14 anni. Nel corso di una [&hellip;]<\/p>\n","protected":false},"author":9,"featured_media":93761,"comment_status":"open","ping_status":"open","sticky":false,"template":"","format":"standard","meta":{"footnotes":""},"categories":[61,461],"tags":[],"class_list":["post-93760","post","type-post","status-publish","format-standard","has-post-thumbnail","hentry","category-biblioteche","category-evento-biblioteche"],"acf":[],"yoast_head":"<!-- This site is optimized with the Yoast SEO plugin v25.0 - https:\/\/yoast.com\/wordpress\/plugins\/seo\/ -->\n<title>Verso la finale del 2\u00b0 Premio Campiello Junior: selezionate le terne finaliste - Fondazione Pirelli<\/title>\n<meta name=\"robots\" content=\"index, follow, max-snippet:-1, max-image-preview:large, max-video-preview:-1\" \/>\n<link rel=\"canonical\" href=\"https:\/\/www.fondazionepirelli.org\/it\/biblioteche\/verso-la-finale-del-2-premio-campiello-junior-selezionate-le-terne-finaliste\/\" \/>\n<meta property=\"og:locale\" content=\"it_IT\" \/>\n<meta property=\"og:type\" content=\"article\" \/>\n<meta property=\"og:title\" content=\"Verso la finale del 2\u00b0 Premio Campiello Junior: selezionate le terne finaliste - Fondazione Pirelli\" \/>\n<meta property=\"og:description\" content=\"Sono state selezionate oggi le terne finaliste della 2^ edizione del Campiello Junior, il riconoscimento letterario nato dalla collaborazione tra la Fondazione Il Campiello, Fondazione Pirelli e Pirelli per opere italiane di narrativa e poesia scritte per bambini di 7-10 anni e per ragazzi tra gli 11 e i 14 anni. Nel corso di una [&hellip;]\" \/>\n<meta property=\"og:url\" content=\"https:\/\/www.fondazionepirelli.org\/it\/biblioteche\/verso-la-finale-del-2-premio-campiello-junior-selezionate-le-terne-finaliste\/\" \/>\n<meta property=\"og:site_name\" content=\"Fondazione Pirelli\" \/>\n<meta property=\"article:published_time\" content=\"2022-12-16T15:29:42+00:00\" \/>\n<meta property=\"article:modified_time\" content=\"2022-12-16T16:33:23+00:00\" \/>\n<meta property=\"og:image\" content=\"https:\/\/wpsite-assets.fondazionepirelli.org\/wp-content\/uploads\/2022\/12\/16155828\/IPP0373-1-e1671208392953.jpg\" \/>\n\t<meta property=\"og:image:width\" content=\"3000\" \/>\n\t<meta property=\"og:image:height\" content=\"1065\" \/>\n\t<meta property=\"og:image:type\" content=\"image\/jpeg\" \/>\n<meta name=\"author\" content=\"fondazionepirelli\" \/>\n<meta name=\"twitter:card\" content=\"summary_large_image\" \/>\n<meta name=\"twitter:label1\" content=\"Scritto da\" \/>\n\t<meta name=\"twitter:data1\" content=\"fondazionepirelli\" \/>\n\t<meta name=\"twitter:label2\" content=\"Tempo di lettura stimato\" \/>\n\t<meta name=\"twitter:data2\" content=\"2 minuti\" \/>\n<script type=\"application\/ld+json\" class=\"yoast-schema-graph\">{\"@context\":\"https:\/\/schema.org\",\"@graph\":[{\"@type\":\"WebPage\",\"@id\":\"https:\/\/www.fondazionepirelli.org\/it\/biblioteche\/verso-la-finale-del-2-premio-campiello-junior-selezionate-le-terne-finaliste\/\",\"url\":\"https:\/\/www.fondazionepirelli.org\/it\/biblioteche\/verso-la-finale-del-2-premio-campiello-junior-selezionate-le-terne-finaliste\/\",\"name\":\"Verso la finale del 2\u00b0 Premio Campiello Junior: selezionate le terne finaliste - Fondazione Pirelli\",\"isPartOf\":{\"@id\":\"https:\/\/www.fondazionepirelli.org\/it\/#website\"},\"primaryImageOfPage\":{\"@id\":\"https:\/\/www.fondazionepirelli.org\/it\/biblioteche\/verso-la-finale-del-2-premio-campiello-junior-selezionate-le-terne-finaliste\/#primaryimage\"},\"image\":{\"@id\":\"https:\/\/www.fondazionepirelli.org\/it\/biblioteche\/verso-la-finale-del-2-premio-campiello-junior-selezionate-le-terne-finaliste\/#primaryimage\"},\"thumbnailUrl\":\"https:\/\/wpsite-assets.fondazionepirelli.org\/wp-content\/uploads\/2022\/12\/16155828\/IPP0373-1-e1671208392953.jpg\",\"datePublished\":\"2022-12-16T15:29:42+00:00\",\"dateModified\":\"2022-12-16T16:33:23+00:00\",\"author\":{\"@id\":\"https:\/\/www.fondazionepirelli.org\/it\/#\/schema\/person\/c31fcf5937a0e6afa45497f3f8b6d7a0\"},\"breadcrumb\":{\"@id\":\"https:\/\/www.fondazionepirelli.org\/it\/biblioteche\/verso-la-finale-del-2-premio-campiello-junior-selezionate-le-terne-finaliste\/#breadcrumb\"},\"inLanguage\":\"it-IT\",\"potentialAction\":[{\"@type\":\"ReadAction\",\"target\":[\"https:\/\/www.fondazionepirelli.org\/it\/biblioteche\/verso-la-finale-del-2-premio-campiello-junior-selezionate-le-terne-finaliste\/\"]}]},{\"@type\":\"ImageObject\",\"inLanguage\":\"it-IT\",\"@id\":\"https:\/\/www.fondazionepirelli.org\/it\/biblioteche\/verso-la-finale-del-2-premio-campiello-junior-selezionate-le-terne-finaliste\/#primaryimage\",\"url\":\"https:\/\/wpsite-assets.fondazionepirelli.org\/wp-content\/uploads\/2022\/12\/16155828\/IPP0373-1-e1671208392953.jpg\",\"contentUrl\":\"https:\/\/wpsite-assets.fondazionepirelli.org\/wp-content\/uploads\/2022\/12\/16155828\/IPP0373-1-e1671208392953.jpg\",\"width\":3000,\"height\":1065},{\"@type\":\"BreadcrumbList\",\"@id\":\"https:\/\/www.fondazionepirelli.org\/it\/biblioteche\/verso-la-finale-del-2-premio-campiello-junior-selezionate-le-terne-finaliste\/#breadcrumb\",\"itemListElement\":[{\"@type\":\"ListItem\",\"position\":1,\"name\":\"Home\",\"item\":\"https:\/\/www.fondazionepirelli.org\/it\/\"},{\"@type\":\"ListItem\",\"position\":2,\"name\":\"Verso la finale del 2\u00b0 Premio Campiello Junior: selezionate le terne finaliste\"}]},{\"@type\":\"WebSite\",\"@id\":\"https:\/\/www.fondazionepirelli.org\/it\/#website\",\"url\":\"https:\/\/www.fondazionepirelli.org\/it\/\",\"name\":\"Fondazione Pirelli\",\"description\":\"\",\"potentialAction\":[{\"@type\":\"SearchAction\",\"target\":{\"@type\":\"EntryPoint\",\"urlTemplate\":\"https:\/\/www.fondazionepirelli.org\/it\/?s={search_term_string}\"},\"query-input\":{\"@type\":\"PropertyValueSpecification\",\"valueRequired\":true,\"valueName\":\"search_term_string\"}}],\"inLanguage\":\"it-IT\"},{\"@type\":\"Person\",\"@id\":\"https:\/\/www.fondazionepirelli.org\/it\/#\/schema\/person\/c31fcf5937a0e6afa45497f3f8b6d7a0\",\"name\":\"fondazionepirelli\",\"image\":{\"@type\":\"ImageObject\",\"inLanguage\":\"it-IT\",\"@id\":\"https:\/\/www.fondazionepirelli.org\/it\/#\/schema\/person\/image\/\",\"url\":\"https:\/\/secure.gravatar.com\/avatar\/9cb486421ce1d6eddbf6c4fb66841b4325b786695f7aedf1dde2222428218696?s=96&d=mm&r=g\",\"contentUrl\":\"https:\/\/secure.gravatar.com\/avatar\/9cb486421ce1d6eddbf6c4fb66841b4325b786695f7aedf1dde2222428218696?s=96&d=mm&r=g\",\"caption\":\"fondazionepirelli\"},\"url\":\"https:\/\/www.fondazionepirelli.org\/it\/author\/fondazionepirelli\/\"}]}<\/script>\n<!-- \/ Yoast SEO plugin. -->","yoast_head_json":{"title":"Verso la finale del 2\u00b0 Premio Campiello Junior: selezionate le terne finaliste - Fondazione Pirelli","robots":{"index":"index","follow":"follow","max-snippet":"max-snippet:-1","max-image-preview":"max-image-preview:large","max-video-preview":"max-video-preview:-1"},"canonical":"https:\/\/www.fondazionepirelli.org\/it\/biblioteche\/verso-la-finale-del-2-premio-campiello-junior-selezionate-le-terne-finaliste\/","og_locale":"it_IT","og_type":"article","og_title":"Verso la finale del 2\u00b0 Premio Campiello Junior: selezionate le terne finaliste - Fondazione Pirelli","og_description":"Sono state selezionate oggi le terne finaliste della 2^ edizione del Campiello Junior, il riconoscimento letterario nato dalla collaborazione tra la Fondazione Il Campiello, Fondazione Pirelli e Pirelli per opere italiane di narrativa e poesia scritte per bambini di 7-10 anni e per ragazzi tra gli 11 e i 14 anni. Nel corso di una [&hellip;]","og_url":"https:\/\/www.fondazionepirelli.org\/it\/biblioteche\/verso-la-finale-del-2-premio-campiello-junior-selezionate-le-terne-finaliste\/","og_site_name":"Fondazione Pirelli","article_published_time":"2022-12-16T15:29:42+00:00","article_modified_time":"2022-12-16T16:33:23+00:00","og_image":[{"width":3000,"height":1065,"url":"https:\/\/wpsite-assets.fondazionepirelli.org\/wp-content\/uploads\/2022\/12\/16155828\/IPP0373-1-e1671208392953.jpg","type":"image\/jpeg"}],"author":"fondazionepirelli","twitter_card":"summary_large_image","twitter_misc":{"Scritto da":"fondazionepirelli","Tempo di lettura stimato":"2 minuti"},"schema":{"@context":"https:\/\/schema.org","@graph":[{"@type":"WebPage","@id":"https:\/\/www.fondazionepirelli.org\/it\/biblioteche\/verso-la-finale-del-2-premio-campiello-junior-selezionate-le-terne-finaliste\/","url":"https:\/\/www.fondazionepirelli.org\/it\/biblioteche\/verso-la-finale-del-2-premio-campiello-junior-selezionate-le-terne-finaliste\/","name":"Verso la finale del 2\u00b0 Premio Campiello Junior: selezionate le terne finaliste - Fondazione Pirelli","isPartOf":{"@id":"https:\/\/www.fondazionepirelli.org\/it\/#website"},"primaryImageOfPage":{"@id":"https:\/\/www.fondazionepirelli.org\/it\/biblioteche\/verso-la-finale-del-2-premio-campiello-junior-selezionate-le-terne-finaliste\/#primaryimage"},"image":{"@id":"https:\/\/www.fondazionepirelli.org\/it\/biblioteche\/verso-la-finale-del-2-premio-campiello-junior-selezionate-le-terne-finaliste\/#primaryimage"},"thumbnailUrl":"https:\/\/wpsite-assets.fondazionepirelli.org\/wp-content\/uploads\/2022\/12\/16155828\/IPP0373-1-e1671208392953.jpg","datePublished":"2022-12-16T15:29:42+00:00","dateModified":"2022-12-16T16:33:23+00:00","author":{"@id":"https:\/\/www.fondazionepirelli.org\/it\/#\/schema\/person\/c31fcf5937a0e6afa45497f3f8b6d7a0"},"breadcrumb":{"@id":"https:\/\/www.fondazionepirelli.org\/it\/biblioteche\/verso-la-finale-del-2-premio-campiello-junior-selezionate-le-terne-finaliste\/#breadcrumb"},"inLanguage":"it-IT","potentialAction":[{"@type":"ReadAction","target":["https:\/\/www.fondazionepirelli.org\/it\/biblioteche\/verso-la-finale-del-2-premio-campiello-junior-selezionate-le-terne-finaliste\/"]}]},{"@type":"ImageObject","inLanguage":"it-IT","@id":"https:\/\/www.fondazionepirelli.org\/it\/biblioteche\/verso-la-finale-del-2-premio-campiello-junior-selezionate-le-terne-finaliste\/#primaryimage","url":"https:\/\/wpsite-assets.fondazionepirelli.org\/wp-content\/uploads\/2022\/12\/16155828\/IPP0373-1-e1671208392953.jpg","contentUrl":"https:\/\/wpsite-assets.fondazionepirelli.org\/wp-content\/uploads\/2022\/12\/16155828\/IPP0373-1-e1671208392953.jpg","width":3000,"height":1065},{"@type":"BreadcrumbList","@id":"https:\/\/www.fondazionepirelli.org\/it\/biblioteche\/verso-la-finale-del-2-premio-campiello-junior-selezionate-le-terne-finaliste\/#breadcrumb","itemListElement":[{"@type":"ListItem","position":1,"name":"Home","item":"https:\/\/www.fondazionepirelli.org\/it\/"},{"@type":"ListItem","position":2,"name":"Verso la finale del 2\u00b0 Premio Campiello Junior: selezionate le terne finaliste"}]},{"@type":"WebSite","@id":"https:\/\/www.fondazionepirelli.org\/it\/#website","url":"https:\/\/www.fondazionepirelli.org\/it\/","name":"Fondazione Pirelli","description":"","potentialAction":[{"@type":"SearchAction","target":{"@type":"EntryPoint","urlTemplate":"https:\/\/www.fondazionepirelli.org\/it\/?s={search_term_string}"},"query-input":{"@type":"PropertyValueSpecification","valueRequired":true,"valueName":"search_term_string"}}],"inLanguage":"it-IT"},{"@type":"Person","@id":"https:\/\/www.fondazionepirelli.org\/it\/#\/schema\/person\/c31fcf5937a0e6afa45497f3f8b6d7a0","name":"fondazionepirelli","image":{"@type":"ImageObject","inLanguage":"it-IT","@id":"https:\/\/www.fondazionepirelli.org\/it\/#\/schema\/person\/image\/","url":"https:\/\/secure.gravatar.com\/avatar\/9cb486421ce1d6eddbf6c4fb66841b4325b786695f7aedf1dde2222428218696?s=96&d=mm&r=g","contentUrl":"https:\/\/secure.gravatar.com\/avatar\/9cb486421ce1d6eddbf6c4fb66841b4325b786695f7aedf1dde2222428218696?s=96&d=mm&r=g","caption":"fondazionepirelli"},"url":"https:\/\/www.fondazionepirelli.org\/it\/author\/fondazionepirelli\/"}]}},"_links":{"self":[{"href":"https:\/\/www.fondazionepirelli.org\/it\/wp-json\/wp\/v2\/posts\/93760\/"}],"collection":[{"href":"https:\/\/www.fondazionepirelli.org\/it\/wp-json\/wp\/v2\/posts\/"}],"about":[{"href":"https:\/\/www.fondazionepirelli.org\/it\/wp-json\/wp\/v2\/types\/post\/"}],"author":[{"embeddable":true,"href":"https:\/\/www.fondazionepirelli.org\/it\/wp-json\/wp\/v2\/users\/9\/"}],"replies":[{"embeddable":true,"href":"https:\/\/www.fondazionepirelli.org\/it\/wp-json\/wp\/v2\/comments\/?post=93760"}],"version-history":[{"count":3,"href":"https:\/\/www.fondazionepirelli.org\/it\/wp-json\/wp\/v2\/posts\/93760\/revisions\/"}],"predecessor-version":[{"id":93773,"href":"https:\/\/www.fondazionepirelli.org\/it\/wp-json\/wp\/v2\/posts\/93760\/revisions\/93773\/"}],"wp:featuredmedia":[{"embeddable":true,"href":"https:\/\/www.fondazionepirelli.org\/it\/wp-json\/wp\/v2\/media\/93761\/"}],"wp:attachment":[{"href":"https:\/\/www.fondazionepirelli.org\/it\/wp-json\/wp\/v2\/media\/?parent=93760"}],"wp:term":[{"taxonomy":"category","embeddable":true,"href":"https:\/\/www.fondazionepirelli.org\/it\/wp-json\/wp\/v2\/categories\/?post=93760"},{"taxonomy":"post_tag","embeddable":true,"href":"https:\/\/www.fondazionepirelli.org\/it\/wp-json\/wp\/v2\/tags\/?post=93760"}],"curies":[{"name":"wp","href":"https:\/\/api.w.org\/{rel}","templated":true}]}}