{"id":93934,"date":"2023-01-10T12:16:17","date_gmt":"2023-01-10T11:16:17","guid":{"rendered":"https:\/\/www.fondazionepirelli.org\/?p=93934"},"modified":"2023-01-10T12:16:17","modified_gmt":"2023-01-10T11:16:17","slug":"oltre-il-pil-la-spinta-di-cinque-governi-per-rilanciare-leconomia-del-benessere","status":"publish","type":"post","link":"https:\/\/www.fondazionepirelli.org\/it\/cultura-dimpresa\/oltre-il-pil-la-spinta-di-cinque-governi-per-rilanciare-leconomia-del-benessere\/","title":{"rendered":"Oltre il Pil: la spinta di cinque governi per rilanciare l\u2019economia del benessere"},"content":{"rendered":"<p>\u201c<strong>Misurare ci\u00f2 che conta<\/strong>\u201d, avevano scritto nel 2021 <strong>Joseph Stiglitz,<\/strong> premio Nobel per l\u2019economia, <strong>Jean-Paul Fitoussi<\/strong> (da tempo in odore di Nobel, ma purtroppo morto nell\u2019aprile del \u201822) e <strong>Martine Durand<\/strong>. Perch\u00e9 \u00e8 proprio il momento di andare al di l\u00e0 del <strong>Prodotto interno lordo<\/strong>, uno strumento che indica quantit\u00e0 di ricchezza prodotta e non qualit\u00e0 dei risultati delle scelte economiche. E \u201cci\u00f2 che conta davvero \u00e8 il benessere\u201d.<\/p>\n<p>Il libro, pubblicato in Italia da Einaudi, riprendeva i temi di un famoso rapporto, firmato nel 2009 appunto da Stiglitz, Fitoussi e da un altro premio Nobel, Amartya Sen, per incarico di Nicolas Sarkozy, allora presidente della Repubblica francese e poi approfondito da un comitato di esperti dell\u2019Ocse, sulla misurazione delle performance economiche e dei processi sociali. L\u2019idea di fondo: proporre una <strong>nuova agenda economica<\/strong>, con un insieme di metriche per stabilire lo stato di salute e l\u2019accettabilit\u00e0 di una societ\u00e0, tenendo in primo piano le misure sulla diseguaglianza e sulla vulnerabilit\u00e0 economica, sulla sostenibilit\u00e0 ambientale e su come le persone percepiscono la propria vita e ne possono progettare il miglioramento.<\/p>\n<p>Il tema, al di l\u00e0 del dibattito economico, \u00e8 stato rilanciato con un\u2019iniziativa politica di rilievo, proprio negli ultimi giorni del 2022, da cinque capi di governo, Jacinta Arden (Nuova Zelanda), Sanna Marin (Finlandia), Katrin Jacobsd\u00f3ttir (Islanda), Nicola Sturgeon (Scozia) e Mark Drakeford (Galles), che hanno scelto di lavorare insieme per una \u201c<strong>Wellbeing Economy Goverments Partnership\u201d<\/strong>, cui potrebbero presto aderire anche Canada e Australia. Wellbeing, benessere, appunto. Una scelta politica di grande valore strategico.<\/p>\n<p>L\u2019idea di fondo, infatti, \u00e8 quella di orientare le scelte politiche verso la <strong>qualit\u00e0 della vita<\/strong> e la<strong> sostenibilit\u00e0, ambientale e sociale<\/strong>, dello sviluppo economico, andando al di l\u00e0 della dimensione puramente quantitativa della crescita, proprio quella misurata dal Pil. E la scelta dell\u2019unit\u00e0 di misura ha una straordinaria valenza politica ed etica. Guardando non soltanto alla ricchezza prodotta ma soprattutto alla sua distribuzione, alle opportunit\u00e0 offerte alle nuove generazioni, alla salute, all\u2019istruzione, agli impegnativi abbattimenti delle diseguaglianze.<\/p>\n<p>I tempi di crisi che stiamo vivendo, fin dall\u2019inizio del nuovo millennio (disastri climatici e ambientali, pandemie, crolli finanziari, tensioni geopolitiche sino alle esplosioni di guerra, fratture sociali, aumento dei divari geografici, generazionali, di genere) hanno portato alla ribalta la necessit\u00e0 di <strong>ripensare radicalmente i parametri economici tradizionali<\/strong>, in direzione di una \u201c<strong>economia giusta<\/strong>\u201d (l\u2019espressione cara a Papa Francesco) e di seguire nuovi paradigmi di sviluppo.<\/p>\n<p>Nulla a che vedere, naturalmente, con la \u201cdecrescita felice\u201d teorizzata da economisti eccentrici alla Serge Latouche (in realt\u00e0, infelice: senza crescita non ci sono risorse da redistribuire, n\u00e9 investimenti in innovazione n\u00e9 nuovo lavoro). C\u2019\u00e8 molto, invece, da discutere proprio nel momento in cui i temi dell\u2019ambiente e della giustizia sociale e della risposta alle drammatiche fratture dei tradizionali e distorti equilibri di produzione e di scambio impongono la ridefinizione di relazioni, poteri, valori. E la scrittura di nuove mappe economiche e non soltanto il riaggiustamento marginale della distribuzione del valore generato dall\u2019economia (profitti, corsi di Borsa). Mappe essenziali, anche per il riequilibrio della globalizzazione.<\/p>\n<p><strong>Economia civile, economia circolare, economia generativa<\/strong> sono termini che sempre pi\u00f9 spesso arricchiscono il dibattito culturale e sociale e che incidono sulla ricerca di nuovi e migliori assetti d\u2019esistenza e di futuro.<\/p>\n<p>Trova, insomma, rilievo crescente anche in politica l\u2019essenziale passaggio, diffuso nel mondo dell\u2019impresa, dal primato dello <em><strong>shareholders value<\/strong> <\/em>(profitti, appunto) a quello degli <strong><em>stakeholders values <\/em><\/strong>(i valori che riguardano tutti coloro che hanno a che fare con l\u2019impresa: dipendenti, fornitori, clienti e consumatori, cittadini delle comunit\u00e0 e dei territori su cui impatta l\u2019attivit\u00e0 aziendale) e la cui eco risuona con forza nei \u201cbilanci sociali\u201d e \u201cdi sostenibilit\u00e0\u201d e soprattutto nelle scelte di parecchi gruppi industriali e finanziari di incorporare proprio quelle voci nell\u2019unico bilancio aziendale: una scelta chiara di buona etica d\u2019impresa, d\u2019una radicata \u201cmorale del tornio\u201d. Benessere, dunque. E sostenibilit\u00e0.<\/p>\n<p>Analizzando bene le recenti scelte economiche della Ue con il <strong><em>Recovery Fund<\/em><\/strong> come risposta alla crisi post pandemia da Covid19, si ritrovano chiare le tracce di queste nuove sensibilit\u00e0: attenzione alla <em>next generation<\/em>, istruzione, salute, ricerca economica, sostenibilit\u00e0 nella <em><strong>twin transition <\/strong><\/em>ambientale e digitale. Una migliore idea di futuro. In cui proprio l\u2019Europa, riscoprendo, rilanciando e riformando la proprio profonda sensibilit\u00e0 storica e contemporanea per il welfare, ha un ruolo fondamentale. La sintonia con la <em><strong>Wellbeing Economy<\/strong> <\/em>della Arden e della Marin \u00e8 evidente.<\/p>\n<p>L\u2019Italia, in questo processo riformatore, ha una posizione di primo piano. Come dimostra proprio un indicatore, il <strong>Bes<\/strong>, l\u2019indice del \u201cBenessere equo e sostenibile\u201d, elaborato dall\u2019Istat e dal Cnel, che dal 2017 accompagna il Documento di Economia e Finanza del Governo, misurando con 12 parametri l\u2019andamento delle condizioni sociali del Paese. Un indicatore di cui \u00e8 necessario tenere sempre pi\u00f9 conto.<\/p>\n<p>Vale la pena, in questo processo riformatore dell\u2019economia, dei suoi valori e dei suoi indici, rileggere anche una lezione politica fondamentale, quella di Robert Kennedy, in un discorso fatto agli studenti dell\u2019universit\u00e0 del Kansas nel marzo del 1968, tre mesi prima di essere ucciso. Proprio sul Pil che \u201cmisura tutto, eccetto ci\u00f2 che rende che rende la vita veramente degna di essere vissuta\u201d e che \u201cpu\u00f2 dirci tutto sull\u2019America, ma non se possiamo essere orgogliosi di essere americani\u201d.<\/p>\n<p>Eccolo, dunque, il monito kennediano:\u00a0 \u201cNon troveremo mai un fine per la nazione n\u00e9 una nostra personale soddisfazione nel mero perseguimento del benessere economico, nell\u2019ammassare senza fine beni terreni. Non possiamo misurare lo spirito nazionale sulla base dell\u2019indice Dow-Jones, n\u00e9 i successi del Paese sulla base del prodotto interno lordo\u201d. Il Pil, infatti, \u201ccomprende anche l\u2019inquinamento dell\u2019aria e la pubblicit\u00e0 delle sigarette, e le ambulanze per sgombrare le nostre autostrade dalle carneficine dei fine settimana. Il Pil mette nel conto le serrature speciali per le nostre porte di casa, e le prigioni per coloro che cercano di forzarle. Comprende programmi televisivi che valorizzano la violenza per vendere prodotti violenti ai nostri bambini. Cresce con la produzione di napalm, missili e testate nucleari, si accresce con gli equipaggiamenti che la polizia usa per sedare le rivolte, e non fa che aumentare quando sulle loro ceneri si ricostruiscono i bassifondi popolari\u201d.<\/p>\n<p>Il Pil, insomma, \u201cnon tiene conto della salute delle nostre famiglie, della qualit\u00e0 della loro educazione o della gioia dei loro momenti di svago. Non comprende la bellezza della nostra poesia, la solidit\u00e0 dei nostri valori familiari o l\u2019intelligenza del nostro dibattere. Il PIL non misura n\u00e9 la nostra arguzia n\u00e9 il nostro coraggio, n\u00e9 la nostra saggezza n\u00e9 la nostra conoscenza, n\u00e9 la nostra compassione, n\u00e9 la devozione al nostro Paese\u201d. Pi\u00f9 di mezzo secolo dopo, il messaggio \u00e8 quanto mai attuale.<\/p><p><em>(Photo Getty Images)<\/em><\/p>\n","protected":false},"excerpt":{"rendered":"<p>\u201cMisurare ci\u00f2 che conta\u201d, avevano scritto nel 2021 Joseph Stiglitz, premio Nobel per l\u2019economia, Jean-Paul Fitoussi (da tempo in odore di Nobel, ma purtroppo morto nell\u2019aprile del \u201822) e Martine Durand. Perch\u00e9 \u00e8 proprio il momento di andare al di l\u00e0 del Prodotto interno lordo, uno strumento che indica quantit\u00e0 di ricchezza prodotta e non [&hellip;]<\/p>\n","protected":false},"author":9,"featured_media":93945,"comment_status":"open","ping_status":"open","sticky":false,"template":"","format":"standard","meta":{"footnotes":""},"categories":[53,52],"tags":[],"class_list":["post-93934","post","type-post","status-publish","format-standard","has-post-thumbnail","hentry","category-blog","category-cultura-dimpresa"],"acf":[],"yoast_head":"<!-- This site is optimized with the Yoast SEO plugin v25.0 - https:\/\/yoast.com\/wordpress\/plugins\/seo\/ -->\n<title>Oltre il Pil: la spinta di cinque governi per rilanciare l\u2019economia del benessere - Fondazione Pirelli<\/title>\n<meta name=\"robots\" content=\"index, follow, max-snippet:-1, max-image-preview:large, max-video-preview:-1\" \/>\n<link rel=\"canonical\" href=\"https:\/\/www.fondazionepirelli.org\/it\/cultura-dimpresa\/oltre-il-pil-la-spinta-di-cinque-governi-per-rilanciare-leconomia-del-benessere\/\" \/>\n<meta property=\"og:locale\" content=\"it_IT\" \/>\n<meta property=\"og:type\" content=\"article\" \/>\n<meta property=\"og:title\" content=\"Oltre il Pil: la spinta di cinque governi per rilanciare l\u2019economia del benessere - Fondazione Pirelli\" \/>\n<meta property=\"og:description\" content=\"\u201cMisurare ci\u00f2 che conta\u201d, avevano scritto nel 2021 Joseph Stiglitz, premio Nobel per l\u2019economia, Jean-Paul Fitoussi (da tempo in odore di Nobel, ma purtroppo morto nell\u2019aprile del \u201822) e Martine Durand. Perch\u00e9 \u00e8 proprio il momento di andare al di l\u00e0 del Prodotto interno lordo, uno strumento che indica quantit\u00e0 di ricchezza prodotta e non [&hellip;]\" \/>\n<meta property=\"og:url\" content=\"https:\/\/www.fondazionepirelli.org\/it\/cultura-dimpresa\/oltre-il-pil-la-spinta-di-cinque-governi-per-rilanciare-leconomia-del-benessere\/\" \/>\n<meta property=\"og:site_name\" content=\"Fondazione Pirelli\" \/>\n<meta property=\"article:published_time\" content=\"2023-01-10T11:16:17+00:00\" \/>\n<meta property=\"og:image\" content=\"https:\/\/wpsite-assets.fondazionepirelli.org\/wp-content\/uploads\/2023\/01\/10121559\/GettyImages-1398247435.jpg\" \/>\n\t<meta property=\"og:image:width\" content=\"7496\" \/>\n\t<meta property=\"og:image:height\" content=\"4500\" \/>\n\t<meta property=\"og:image:type\" content=\"image\/jpeg\" \/>\n<meta name=\"author\" content=\"fondazionepirelli\" \/>\n<meta name=\"twitter:card\" content=\"summary_large_image\" \/>\n<meta name=\"twitter:label1\" content=\"Scritto da\" \/>\n\t<meta name=\"twitter:data1\" content=\"fondazionepirelli\" \/>\n\t<meta name=\"twitter:label2\" content=\"Tempo di lettura stimato\" \/>\n\t<meta name=\"twitter:data2\" content=\"6 minuti\" \/>\n<script type=\"application\/ld+json\" class=\"yoast-schema-graph\">{\"@context\":\"https:\/\/schema.org\",\"@graph\":[{\"@type\":\"WebPage\",\"@id\":\"https:\/\/www.fondazionepirelli.org\/it\/cultura-dimpresa\/oltre-il-pil-la-spinta-di-cinque-governi-per-rilanciare-leconomia-del-benessere\/\",\"url\":\"https:\/\/www.fondazionepirelli.org\/it\/cultura-dimpresa\/oltre-il-pil-la-spinta-di-cinque-governi-per-rilanciare-leconomia-del-benessere\/\",\"name\":\"Oltre il Pil: la spinta di cinque governi per rilanciare l\u2019economia del benessere - Fondazione Pirelli\",\"isPartOf\":{\"@id\":\"https:\/\/www.fondazionepirelli.org\/it\/#website\"},\"primaryImageOfPage\":{\"@id\":\"https:\/\/www.fondazionepirelli.org\/it\/cultura-dimpresa\/oltre-il-pil-la-spinta-di-cinque-governi-per-rilanciare-leconomia-del-benessere\/#primaryimage\"},\"image\":{\"@id\":\"https:\/\/www.fondazionepirelli.org\/it\/cultura-dimpresa\/oltre-il-pil-la-spinta-di-cinque-governi-per-rilanciare-leconomia-del-benessere\/#primaryimage\"},\"thumbnailUrl\":\"https:\/\/wpsite-assets.fondazionepirelli.org\/wp-content\/uploads\/2023\/01\/10121559\/GettyImages-1398247435.jpg\",\"datePublished\":\"2023-01-10T11:16:17+00:00\",\"author\":{\"@id\":\"https:\/\/www.fondazionepirelli.org\/it\/#\/schema\/person\/c31fcf5937a0e6afa45497f3f8b6d7a0\"},\"breadcrumb\":{\"@id\":\"https:\/\/www.fondazionepirelli.org\/it\/cultura-dimpresa\/oltre-il-pil-la-spinta-di-cinque-governi-per-rilanciare-leconomia-del-benessere\/#breadcrumb\"},\"inLanguage\":\"it-IT\",\"potentialAction\":[{\"@type\":\"ReadAction\",\"target\":[\"https:\/\/www.fondazionepirelli.org\/it\/cultura-dimpresa\/oltre-il-pil-la-spinta-di-cinque-governi-per-rilanciare-leconomia-del-benessere\/\"]}]},{\"@type\":\"ImageObject\",\"inLanguage\":\"it-IT\",\"@id\":\"https:\/\/www.fondazionepirelli.org\/it\/cultura-dimpresa\/oltre-il-pil-la-spinta-di-cinque-governi-per-rilanciare-leconomia-del-benessere\/#primaryimage\",\"url\":\"https:\/\/wpsite-assets.fondazionepirelli.org\/wp-content\/uploads\/2023\/01\/10121559\/GettyImages-1398247435.jpg\",\"contentUrl\":\"https:\/\/wpsite-assets.fondazionepirelli.org\/wp-content\/uploads\/2023\/01\/10121559\/GettyImages-1398247435.jpg\",\"width\":7496,\"height\":4500,\"caption\":\"ESG Investing Concept - Sustainable and Socially Responsible Investing - New Factors to Evaluate Corporations and Countries on How Far Advanced They are with Sustainability and Governance Paradigms - Abstract Illustration\"},{\"@type\":\"BreadcrumbList\",\"@id\":\"https:\/\/www.fondazionepirelli.org\/it\/cultura-dimpresa\/oltre-il-pil-la-spinta-di-cinque-governi-per-rilanciare-leconomia-del-benessere\/#breadcrumb\",\"itemListElement\":[{\"@type\":\"ListItem\",\"position\":1,\"name\":\"Home\",\"item\":\"https:\/\/www.fondazionepirelli.org\/it\/\"},{\"@type\":\"ListItem\",\"position\":2,\"name\":\"Oltre il Pil: la spinta di cinque governi per rilanciare l\u2019economia del benessere\"}]},{\"@type\":\"WebSite\",\"@id\":\"https:\/\/www.fondazionepirelli.org\/it\/#website\",\"url\":\"https:\/\/www.fondazionepirelli.org\/it\/\",\"name\":\"Fondazione Pirelli\",\"description\":\"\",\"potentialAction\":[{\"@type\":\"SearchAction\",\"target\":{\"@type\":\"EntryPoint\",\"urlTemplate\":\"https:\/\/www.fondazionepirelli.org\/it\/?s={search_term_string}\"},\"query-input\":{\"@type\":\"PropertyValueSpecification\",\"valueRequired\":true,\"valueName\":\"search_term_string\"}}],\"inLanguage\":\"it-IT\"},{\"@type\":\"Person\",\"@id\":\"https:\/\/www.fondazionepirelli.org\/it\/#\/schema\/person\/c31fcf5937a0e6afa45497f3f8b6d7a0\",\"name\":\"fondazionepirelli\",\"image\":{\"@type\":\"ImageObject\",\"inLanguage\":\"it-IT\",\"@id\":\"https:\/\/www.fondazionepirelli.org\/it\/#\/schema\/person\/image\/\",\"url\":\"https:\/\/secure.gravatar.com\/avatar\/9cb486421ce1d6eddbf6c4fb66841b4325b786695f7aedf1dde2222428218696?s=96&d=mm&r=g\",\"contentUrl\":\"https:\/\/secure.gravatar.com\/avatar\/9cb486421ce1d6eddbf6c4fb66841b4325b786695f7aedf1dde2222428218696?s=96&d=mm&r=g\",\"caption\":\"fondazionepirelli\"},\"url\":\"https:\/\/www.fondazionepirelli.org\/it\/author\/fondazionepirelli\/\"}]}<\/script>\n<!-- \/ Yoast SEO plugin. -->","yoast_head_json":{"title":"Oltre il Pil: la spinta di cinque governi per rilanciare l\u2019economia del benessere - Fondazione Pirelli","robots":{"index":"index","follow":"follow","max-snippet":"max-snippet:-1","max-image-preview":"max-image-preview:large","max-video-preview":"max-video-preview:-1"},"canonical":"https:\/\/www.fondazionepirelli.org\/it\/cultura-dimpresa\/oltre-il-pil-la-spinta-di-cinque-governi-per-rilanciare-leconomia-del-benessere\/","og_locale":"it_IT","og_type":"article","og_title":"Oltre il Pil: la spinta di cinque governi per rilanciare l\u2019economia del benessere - Fondazione Pirelli","og_description":"\u201cMisurare ci\u00f2 che conta\u201d, avevano scritto nel 2021 Joseph Stiglitz, premio Nobel per l\u2019economia, Jean-Paul Fitoussi (da tempo in odore di Nobel, ma purtroppo morto nell\u2019aprile del \u201822) e Martine Durand. Perch\u00e9 \u00e8 proprio il momento di andare al di l\u00e0 del Prodotto interno lordo, uno strumento che indica quantit\u00e0 di ricchezza prodotta e non [&hellip;]","og_url":"https:\/\/www.fondazionepirelli.org\/it\/cultura-dimpresa\/oltre-il-pil-la-spinta-di-cinque-governi-per-rilanciare-leconomia-del-benessere\/","og_site_name":"Fondazione Pirelli","article_published_time":"2023-01-10T11:16:17+00:00","og_image":[{"width":7496,"height":4500,"url":"https:\/\/wpsite-assets.fondazionepirelli.org\/wp-content\/uploads\/2023\/01\/10121559\/GettyImages-1398247435.jpg","type":"image\/jpeg"}],"author":"fondazionepirelli","twitter_card":"summary_large_image","twitter_misc":{"Scritto da":"fondazionepirelli","Tempo di lettura stimato":"6 minuti"},"schema":{"@context":"https:\/\/schema.org","@graph":[{"@type":"WebPage","@id":"https:\/\/www.fondazionepirelli.org\/it\/cultura-dimpresa\/oltre-il-pil-la-spinta-di-cinque-governi-per-rilanciare-leconomia-del-benessere\/","url":"https:\/\/www.fondazionepirelli.org\/it\/cultura-dimpresa\/oltre-il-pil-la-spinta-di-cinque-governi-per-rilanciare-leconomia-del-benessere\/","name":"Oltre il Pil: la spinta di cinque governi per rilanciare l\u2019economia del benessere - Fondazione Pirelli","isPartOf":{"@id":"https:\/\/www.fondazionepirelli.org\/it\/#website"},"primaryImageOfPage":{"@id":"https:\/\/www.fondazionepirelli.org\/it\/cultura-dimpresa\/oltre-il-pil-la-spinta-di-cinque-governi-per-rilanciare-leconomia-del-benessere\/#primaryimage"},"image":{"@id":"https:\/\/www.fondazionepirelli.org\/it\/cultura-dimpresa\/oltre-il-pil-la-spinta-di-cinque-governi-per-rilanciare-leconomia-del-benessere\/#primaryimage"},"thumbnailUrl":"https:\/\/wpsite-assets.fondazionepirelli.org\/wp-content\/uploads\/2023\/01\/10121559\/GettyImages-1398247435.jpg","datePublished":"2023-01-10T11:16:17+00:00","author":{"@id":"https:\/\/www.fondazionepirelli.org\/it\/#\/schema\/person\/c31fcf5937a0e6afa45497f3f8b6d7a0"},"breadcrumb":{"@id":"https:\/\/www.fondazionepirelli.org\/it\/cultura-dimpresa\/oltre-il-pil-la-spinta-di-cinque-governi-per-rilanciare-leconomia-del-benessere\/#breadcrumb"},"inLanguage":"it-IT","potentialAction":[{"@type":"ReadAction","target":["https:\/\/www.fondazionepirelli.org\/it\/cultura-dimpresa\/oltre-il-pil-la-spinta-di-cinque-governi-per-rilanciare-leconomia-del-benessere\/"]}]},{"@type":"ImageObject","inLanguage":"it-IT","@id":"https:\/\/www.fondazionepirelli.org\/it\/cultura-dimpresa\/oltre-il-pil-la-spinta-di-cinque-governi-per-rilanciare-leconomia-del-benessere\/#primaryimage","url":"https:\/\/wpsite-assets.fondazionepirelli.org\/wp-content\/uploads\/2023\/01\/10121559\/GettyImages-1398247435.jpg","contentUrl":"https:\/\/wpsite-assets.fondazionepirelli.org\/wp-content\/uploads\/2023\/01\/10121559\/GettyImages-1398247435.jpg","width":7496,"height":4500,"caption":"ESG Investing Concept - Sustainable and Socially Responsible Investing - New Factors to Evaluate Corporations and Countries on How Far Advanced They are with Sustainability and Governance Paradigms - Abstract Illustration"},{"@type":"BreadcrumbList","@id":"https:\/\/www.fondazionepirelli.org\/it\/cultura-dimpresa\/oltre-il-pil-la-spinta-di-cinque-governi-per-rilanciare-leconomia-del-benessere\/#breadcrumb","itemListElement":[{"@type":"ListItem","position":1,"name":"Home","item":"https:\/\/www.fondazionepirelli.org\/it\/"},{"@type":"ListItem","position":2,"name":"Oltre il Pil: la spinta di cinque governi per rilanciare l\u2019economia del benessere"}]},{"@type":"WebSite","@id":"https:\/\/www.fondazionepirelli.org\/it\/#website","url":"https:\/\/www.fondazionepirelli.org\/it\/","name":"Fondazione Pirelli","description":"","potentialAction":[{"@type":"SearchAction","target":{"@type":"EntryPoint","urlTemplate":"https:\/\/www.fondazionepirelli.org\/it\/?s={search_term_string}"},"query-input":{"@type":"PropertyValueSpecification","valueRequired":true,"valueName":"search_term_string"}}],"inLanguage":"it-IT"},{"@type":"Person","@id":"https:\/\/www.fondazionepirelli.org\/it\/#\/schema\/person\/c31fcf5937a0e6afa45497f3f8b6d7a0","name":"fondazionepirelli","image":{"@type":"ImageObject","inLanguage":"it-IT","@id":"https:\/\/www.fondazionepirelli.org\/it\/#\/schema\/person\/image\/","url":"https:\/\/secure.gravatar.com\/avatar\/9cb486421ce1d6eddbf6c4fb66841b4325b786695f7aedf1dde2222428218696?s=96&d=mm&r=g","contentUrl":"https:\/\/secure.gravatar.com\/avatar\/9cb486421ce1d6eddbf6c4fb66841b4325b786695f7aedf1dde2222428218696?s=96&d=mm&r=g","caption":"fondazionepirelli"},"url":"https:\/\/www.fondazionepirelli.org\/it\/author\/fondazionepirelli\/"}]}},"_links":{"self":[{"href":"https:\/\/www.fondazionepirelli.org\/it\/wp-json\/wp\/v2\/posts\/93934\/"}],"collection":[{"href":"https:\/\/www.fondazionepirelli.org\/it\/wp-json\/wp\/v2\/posts\/"}],"about":[{"href":"https:\/\/www.fondazionepirelli.org\/it\/wp-json\/wp\/v2\/types\/post\/"}],"author":[{"embeddable":true,"href":"https:\/\/www.fondazionepirelli.org\/it\/wp-json\/wp\/v2\/users\/9\/"}],"replies":[{"embeddable":true,"href":"https:\/\/www.fondazionepirelli.org\/it\/wp-json\/wp\/v2\/comments\/?post=93934"}],"version-history":[{"count":4,"href":"https:\/\/www.fondazionepirelli.org\/it\/wp-json\/wp\/v2\/posts\/93934\/revisions\/"}],"predecessor-version":[{"id":93981,"href":"https:\/\/www.fondazionepirelli.org\/it\/wp-json\/wp\/v2\/posts\/93934\/revisions\/93981\/"}],"wp:featuredmedia":[{"embeddable":true,"href":"https:\/\/www.fondazionepirelli.org\/it\/wp-json\/wp\/v2\/media\/93945\/"}],"wp:attachment":[{"href":"https:\/\/www.fondazionepirelli.org\/it\/wp-json\/wp\/v2\/media\/?parent=93934"}],"wp:term":[{"taxonomy":"category","embeddable":true,"href":"https:\/\/www.fondazionepirelli.org\/it\/wp-json\/wp\/v2\/categories\/?post=93934"},{"taxonomy":"post_tag","embeddable":true,"href":"https:\/\/www.fondazionepirelli.org\/it\/wp-json\/wp\/v2\/tags\/?post=93934"}],"curies":[{"name":"wp","href":"https:\/\/api.w.org\/{rel}","templated":true}]}}