{"id":94211,"date":"2023-01-31T11:10:46","date_gmt":"2023-01-31T10:10:46","guid":{"rendered":"https:\/\/www.fondazionepirelli.org\/?p=94211"},"modified":"2023-01-31T11:10:46","modified_gmt":"2023-01-31T10:10:46","slug":"o-piu-europa-o-niente-futuro-e-anche-il-mes-puo-essere-cardine-della-politica-industriale-ue","status":"publish","type":"post","link":"https:\/\/www.fondazionepirelli.org\/it\/cultura-dimpresa\/o-piu-europa-o-niente-futuro-e-anche-il-mes-puo-essere-cardine-della-politica-industriale-ue\/","title":{"rendered":"O pi\u00f9 Europa o niente futuro. E anche il Mes pu\u00f2 essere cardine della politica industriale Ue"},"content":{"rendered":"<p>O c\u2019\u00e8 pi\u00f9 Europa o non ci sar\u00e0 futuro, amava dire <strong>Gianni Agnelli<\/strong>, leader storico dell\u2019industria, radici profondamente italiane, convinte inclinazioni europeiste, forti legami americani. E oggi, a vent\u2019anni dalla sua morte, vale la pena rimemorarne la lezione, proprio nel cuore di una stagione di drammatiche trasformazioni politiche e sociali e di straordinarie sfide economiche, per confermare che bisogna insistere sull\u2019Europa, nonostante tutto. E guardare dunque verso l\u2019orizzonte di una maggiore e migliore integrazione europea, per costruire sviluppo sostenibile a vantaggio della<strong> <em>Next Generation Ue<\/em><\/strong>. Consapevoli come siamo che crescita economica, coesione sociale e difesa della democrazia liberale &#8211; il grande patrimonio europeo, appunto &#8211; hanno un futuro solo se strettamente intrecciati, in un sistema di valori e scelte politiche coraggiose.<\/p>\n<p>\u201cPi\u00f9 aiuti di Stato significa meno Europa. Pi\u00f9 politica industriale comune vuol dire, invece, maggiore e migliore sviluppo\u201d, sostengono concordi le imprese italiane riunite in <strong>Confindustria<\/strong>. Che, proprio sulla necessit\u00e0 di una risposta efficace ai venti di protezionismo che soffiano sul mondo (ne abbiamo parlato nel blog di due settimane fa) e rischiano di deprimere i commerci internazionali e dunque la crescita, hanno avviato da tempo una iniziativa per coinvolgere anche le associazioni imprenditoriali di Francia e Germania e organizzare una pressione comune sulla Commissione Ue a Bruxelles in nome di una maggiore e migliore competitivit\u00e0 di tutto il sistema delle imprese europee.<\/p>\n<p>Ampliare le possibilit\u00e0 di rincorso agli aiuti di Stato, infatti, significherebbe aggravare le asimmetrie tra paesi e strutture d\u2019impresa nazionali, considerando che gi\u00e0 adesso pi\u00f9 del 77% degli aiuti di Stato riguardano Germania e Francia. C\u2019\u00e8 il rischio, insomma, di frammentare il mercato interno Ue, di mettere in crisi il mercato unico. E di avvantaggiare solo le economie di quei paesi che hanno spazio di ampliamento del loro debito pubblico.<\/p>\n<p>Meglio, invece, insistere sull\u2019idea, cara per esempio alla Commissaria Ue alla Concorrenza Margrethe Vestager, di un \u201c<strong>fondo sovrano<\/strong>\u201d che finanzi settori strategici a livello comunitario, limitando gli aiuti di Stato a \u201cmisure mirate\u201d, dato che la difesa del mercato unico \u00e8 \u201cuna linea rossa\u201d da non varcare.<\/p>\n<p>Un \u201cfondo sovrano Ue\u201d, dunque, come strumento da inserire nel contesto delle scelte di politica industriale che si stanne definendo a Bruxelles, con il contributo determinante del vicepresidente della Commissione Valdis Dombrovskis e del Commissario per l\u2019Economia Paolo Gentiloni. Una politica industriale <em>green<\/em>, come chiarisce da tempo la presidente Ursula von der Leyen. Una scelta di sostenibilit\u00e0 ambientale e sociale come asse della politica che promuova la competitivit\u00e0 di tutta l\u2019economia europea. Se ne parler\u00e0 meglio nei vertici Ue ai primi di febbraio.<\/p>\n<p>L\u2019<strong>Europa,<\/strong> infatti, si trova nel cuore di un passaggio cruciale per l\u2019economia globale. C\u2019\u00e8 una \u201cglobalizzazione da ripensare\u201d, come suggerisce con insistenza, da tempo, \u201cThe Economist\u201d. Ci sono da fronteggiare le chiusure della Cina, che privilegia il mercato interno e le insidiose scelte della Casa Bianca di Trump, che ha messo in moto investimenti pubblici per centinaia di miliardi di dollari con l\u2019Ira (Inflation Reduction Act) e con il <strong>Chips and Science Act<\/strong> a sostegno dell\u2019impresa Usa e di tutte le altre imprese internazionali che vorranno insediarsi negli Stati Uniti. E se va evitata, naturalmente, ogni guerra commerciale tra Europa e Usa (anche per gli effetti politici che comporterebbe, in un quadrato geopolitico di forti tensioni e allarmanti fratture), \u00e8 necessario contemporaneamente difendere l\u2019industria europea da rischi di crisi e declino, nella consapevolezza del nesso forte che lega mercato, libert\u00e0 d\u2019impresa, responsabilit\u00e0 sociale, benessere popolare e dunque lavoro, welfare e democrazia.<\/p>\n<p>La <strong>politica industriale Ue<\/strong> assume cos\u00ec una valenza pi\u00f9 generale. E va pensata nel contesto pi\u00f9 generale della ridiscussione del <strong>Patto di Stabilit\u00e0<\/strong> e di una promozione di un ruolo pi\u00f9 incisivo dell\u2019Europa nel Mediterraneo e verso l\u2019Africa.<\/p>\n<p>A giudizio di Confindustria potrebbe essere indirizzato in questa direzione anche il <strong>Mes<\/strong> (ne ha parlato nei giorni scorsi il presidente Carlo Bonomi durante un convegno a Venezia; \u201cIl Sole24Ore\u201d, 28 gennaio). E secondo indiscrezioni di buona fonte, anche a Palazzo Chigi si sta discutendo di un \u201cvia libera\u201d, finalmente, alla ratifica del Mes nel quadro di un migliore utilizzo di tutti gli strumenti e le strutture europee, compresa la Bei, la Banca Europea degli Investimenti (\u201cLa Stampa\u201d, 28 gennaio).<\/p>\n<p>La chiave \u00e8 sempre lo sviluppo. Verso cui indirizzare tutte le risorse disponibili, quelle che si possono raccogliere, come Ue, sui mercati finanziari internazionali e quelle, coordinate, dei vari Stati nazionali. Una risposta generale con uno spirito tutt\u2019altro che protezionista. Una scelta neo-keynesiana sulla qualit\u00e0 degli investimenti pubblici.<\/p>\n<p>Il cardine potrebbe essere una intesa tra Berlino, Parigi e Roma (come sostiene Giulio Tremonti, da presidente della Commissione Esteri del Senato; \u201cCorriere della Sera\u201d, 26 gennaio) per fare da motore della nuova politica industriale europea, attenta appunto a promuovere la competitivit\u00e0 di sistema, l\u2019innovazione tecnologica, la ricerca, la formazione, il rilancio dell\u2019industria europea e dei servizi collegati. E dopo il \u201cRecovery Plan\u201d, un Fondo Ue per l\u2019energia, le materie prime strategiche a partire dalle terre rare e i prodotti industriali di base come i microchip potrebbe essere uno strumento essenziale. Sicurezza, autonomia e sviluppo si tengono insieme.<\/p><p><em>(Immagine: Getty Images)<\/em><\/p>\n","protected":false},"excerpt":{"rendered":"<p>O c\u2019\u00e8 pi\u00f9 Europa o non ci sar\u00e0 futuro, amava dire Gianni Agnelli, leader storico dell\u2019industria, radici profondamente italiane, convinte inclinazioni europeiste, forti legami americani. E oggi, a vent\u2019anni dalla sua morte, vale la pena rimemorarne la lezione, proprio nel cuore di una stagione di drammatiche trasformazioni politiche e sociali e di straordinarie sfide economiche, [&hellip;]<\/p>\n","protected":false},"author":9,"featured_media":94229,"comment_status":"open","ping_status":"open","sticky":false,"template":"","format":"standard","meta":{"footnotes":""},"categories":[53,52],"tags":[],"class_list":["post-94211","post","type-post","status-publish","format-standard","has-post-thumbnail","hentry","category-blog","category-cultura-dimpresa"],"acf":[],"yoast_head":"<!-- This site is optimized with the Yoast SEO plugin v25.0 - https:\/\/yoast.com\/wordpress\/plugins\/seo\/ -->\n<title>O pi\u00f9 Europa o niente futuro. E anche il Mes pu\u00f2 essere cardine della politica industriale Ue - Fondazione Pirelli<\/title>\n<meta name=\"robots\" content=\"index, follow, max-snippet:-1, max-image-preview:large, max-video-preview:-1\" \/>\n<link rel=\"canonical\" href=\"https:\/\/www.fondazionepirelli.org\/it\/cultura-dimpresa\/o-piu-europa-o-niente-futuro-e-anche-il-mes-puo-essere-cardine-della-politica-industriale-ue\/\" \/>\n<meta property=\"og:locale\" content=\"it_IT\" \/>\n<meta property=\"og:type\" content=\"article\" \/>\n<meta property=\"og:title\" content=\"O pi\u00f9 Europa o niente futuro. E anche il Mes pu\u00f2 essere cardine della politica industriale Ue - Fondazione Pirelli\" \/>\n<meta property=\"og:description\" content=\"O c\u2019\u00e8 pi\u00f9 Europa o non ci sar\u00e0 futuro, amava dire Gianni Agnelli, leader storico dell\u2019industria, radici profondamente italiane, convinte inclinazioni europeiste, forti legami americani. E oggi, a vent\u2019anni dalla sua morte, vale la pena rimemorarne la lezione, proprio nel cuore di una stagione di drammatiche trasformazioni politiche e sociali e di straordinarie sfide economiche, [&hellip;]\" \/>\n<meta property=\"og:url\" content=\"https:\/\/www.fondazionepirelli.org\/it\/cultura-dimpresa\/o-piu-europa-o-niente-futuro-e-anche-il-mes-puo-essere-cardine-della-politica-industriale-ue\/\" \/>\n<meta property=\"og:site_name\" content=\"Fondazione Pirelli\" \/>\n<meta property=\"article:published_time\" content=\"2023-01-31T10:10:46+00:00\" \/>\n<meta property=\"og:image\" content=\"https:\/\/wpsite-assets.fondazionepirelli.org\/wp-content\/uploads\/2023\/01\/31111016\/GettyImages-1419317843.jpg\" \/>\n\t<meta property=\"og:image:width\" content=\"6000\" \/>\n\t<meta property=\"og:image:height\" content=\"4000\" \/>\n\t<meta property=\"og:image:type\" content=\"image\/jpeg\" \/>\n<meta name=\"author\" content=\"fondazionepirelli\" \/>\n<meta name=\"twitter:card\" content=\"summary_large_image\" \/>\n<meta name=\"twitter:label1\" content=\"Scritto da\" \/>\n\t<meta name=\"twitter:data1\" content=\"fondazionepirelli\" \/>\n\t<meta name=\"twitter:label2\" content=\"Tempo di lettura stimato\" \/>\n\t<meta name=\"twitter:data2\" content=\"4 minuti\" \/>\n<script type=\"application\/ld+json\" class=\"yoast-schema-graph\">{\"@context\":\"https:\/\/schema.org\",\"@graph\":[{\"@type\":\"WebPage\",\"@id\":\"https:\/\/www.fondazionepirelli.org\/it\/cultura-dimpresa\/o-piu-europa-o-niente-futuro-e-anche-il-mes-puo-essere-cardine-della-politica-industriale-ue\/\",\"url\":\"https:\/\/www.fondazionepirelli.org\/it\/cultura-dimpresa\/o-piu-europa-o-niente-futuro-e-anche-il-mes-puo-essere-cardine-della-politica-industriale-ue\/\",\"name\":\"O pi\u00f9 Europa o niente futuro. E anche il Mes pu\u00f2 essere cardine della politica industriale Ue - Fondazione Pirelli\",\"isPartOf\":{\"@id\":\"https:\/\/www.fondazionepirelli.org\/it\/#website\"},\"primaryImageOfPage\":{\"@id\":\"https:\/\/www.fondazionepirelli.org\/it\/cultura-dimpresa\/o-piu-europa-o-niente-futuro-e-anche-il-mes-puo-essere-cardine-della-politica-industriale-ue\/#primaryimage\"},\"image\":{\"@id\":\"https:\/\/www.fondazionepirelli.org\/it\/cultura-dimpresa\/o-piu-europa-o-niente-futuro-e-anche-il-mes-puo-essere-cardine-della-politica-industriale-ue\/#primaryimage\"},\"thumbnailUrl\":\"https:\/\/wpsite-assets.fondazionepirelli.org\/wp-content\/uploads\/2023\/01\/31111016\/GettyImages-1419317843.jpg\",\"datePublished\":\"2023-01-31T10:10:46+00:00\",\"author\":{\"@id\":\"https:\/\/www.fondazionepirelli.org\/it\/#\/schema\/person\/c31fcf5937a0e6afa45497f3f8b6d7a0\"},\"breadcrumb\":{\"@id\":\"https:\/\/www.fondazionepirelli.org\/it\/cultura-dimpresa\/o-piu-europa-o-niente-futuro-e-anche-il-mes-puo-essere-cardine-della-politica-industriale-ue\/#breadcrumb\"},\"inLanguage\":\"it-IT\",\"potentialAction\":[{\"@type\":\"ReadAction\",\"target\":[\"https:\/\/www.fondazionepirelli.org\/it\/cultura-dimpresa\/o-piu-europa-o-niente-futuro-e-anche-il-mes-puo-essere-cardine-della-politica-industriale-ue\/\"]}]},{\"@type\":\"ImageObject\",\"inLanguage\":\"it-IT\",\"@id\":\"https:\/\/www.fondazionepirelli.org\/it\/cultura-dimpresa\/o-piu-europa-o-niente-futuro-e-anche-il-mes-puo-essere-cardine-della-politica-industriale-ue\/#primaryimage\",\"url\":\"https:\/\/wpsite-assets.fondazionepirelli.org\/wp-content\/uploads\/2023\/01\/31111016\/GettyImages-1419317843.jpg\",\"contentUrl\":\"https:\/\/wpsite-assets.fondazionepirelli.org\/wp-content\/uploads\/2023\/01\/31111016\/GettyImages-1419317843.jpg\",\"width\":6000,\"height\":4000,\"caption\":\"Industry engineer in factory,using smart interface screen control automated robot arm machine learning operation,concept business and industry 4.0,Artificial intelligence or AI,with 5G network\"},{\"@type\":\"BreadcrumbList\",\"@id\":\"https:\/\/www.fondazionepirelli.org\/it\/cultura-dimpresa\/o-piu-europa-o-niente-futuro-e-anche-il-mes-puo-essere-cardine-della-politica-industriale-ue\/#breadcrumb\",\"itemListElement\":[{\"@type\":\"ListItem\",\"position\":1,\"name\":\"Home\",\"item\":\"https:\/\/www.fondazionepirelli.org\/it\/\"},{\"@type\":\"ListItem\",\"position\":2,\"name\":\"O pi\u00f9 Europa o niente futuro. E anche il Mes pu\u00f2 essere cardine della politica industriale Ue\"}]},{\"@type\":\"WebSite\",\"@id\":\"https:\/\/www.fondazionepirelli.org\/it\/#website\",\"url\":\"https:\/\/www.fondazionepirelli.org\/it\/\",\"name\":\"Fondazione Pirelli\",\"description\":\"\",\"potentialAction\":[{\"@type\":\"SearchAction\",\"target\":{\"@type\":\"EntryPoint\",\"urlTemplate\":\"https:\/\/www.fondazionepirelli.org\/it\/?s={search_term_string}\"},\"query-input\":{\"@type\":\"PropertyValueSpecification\",\"valueRequired\":true,\"valueName\":\"search_term_string\"}}],\"inLanguage\":\"it-IT\"},{\"@type\":\"Person\",\"@id\":\"https:\/\/www.fondazionepirelli.org\/it\/#\/schema\/person\/c31fcf5937a0e6afa45497f3f8b6d7a0\",\"name\":\"fondazionepirelli\",\"image\":{\"@type\":\"ImageObject\",\"inLanguage\":\"it-IT\",\"@id\":\"https:\/\/www.fondazionepirelli.org\/it\/#\/schema\/person\/image\/\",\"url\":\"https:\/\/secure.gravatar.com\/avatar\/9cb486421ce1d6eddbf6c4fb66841b4325b786695f7aedf1dde2222428218696?s=96&d=mm&r=g\",\"contentUrl\":\"https:\/\/secure.gravatar.com\/avatar\/9cb486421ce1d6eddbf6c4fb66841b4325b786695f7aedf1dde2222428218696?s=96&d=mm&r=g\",\"caption\":\"fondazionepirelli\"},\"url\":\"https:\/\/www.fondazionepirelli.org\/it\/author\/fondazionepirelli\/\"}]}<\/script>\n<!-- \/ Yoast SEO plugin. -->","yoast_head_json":{"title":"O pi\u00f9 Europa o niente futuro. E anche il Mes pu\u00f2 essere cardine della politica industriale Ue - Fondazione Pirelli","robots":{"index":"index","follow":"follow","max-snippet":"max-snippet:-1","max-image-preview":"max-image-preview:large","max-video-preview":"max-video-preview:-1"},"canonical":"https:\/\/www.fondazionepirelli.org\/it\/cultura-dimpresa\/o-piu-europa-o-niente-futuro-e-anche-il-mes-puo-essere-cardine-della-politica-industriale-ue\/","og_locale":"it_IT","og_type":"article","og_title":"O pi\u00f9 Europa o niente futuro. E anche il Mes pu\u00f2 essere cardine della politica industriale Ue - Fondazione Pirelli","og_description":"O c\u2019\u00e8 pi\u00f9 Europa o non ci sar\u00e0 futuro, amava dire Gianni Agnelli, leader storico dell\u2019industria, radici profondamente italiane, convinte inclinazioni europeiste, forti legami americani. E oggi, a vent\u2019anni dalla sua morte, vale la pena rimemorarne la lezione, proprio nel cuore di una stagione di drammatiche trasformazioni politiche e sociali e di straordinarie sfide economiche, [&hellip;]","og_url":"https:\/\/www.fondazionepirelli.org\/it\/cultura-dimpresa\/o-piu-europa-o-niente-futuro-e-anche-il-mes-puo-essere-cardine-della-politica-industriale-ue\/","og_site_name":"Fondazione Pirelli","article_published_time":"2023-01-31T10:10:46+00:00","og_image":[{"width":6000,"height":4000,"url":"https:\/\/wpsite-assets.fondazionepirelli.org\/wp-content\/uploads\/2023\/01\/31111016\/GettyImages-1419317843.jpg","type":"image\/jpeg"}],"author":"fondazionepirelli","twitter_card":"summary_large_image","twitter_misc":{"Scritto da":"fondazionepirelli","Tempo di lettura stimato":"4 minuti"},"schema":{"@context":"https:\/\/schema.org","@graph":[{"@type":"WebPage","@id":"https:\/\/www.fondazionepirelli.org\/it\/cultura-dimpresa\/o-piu-europa-o-niente-futuro-e-anche-il-mes-puo-essere-cardine-della-politica-industriale-ue\/","url":"https:\/\/www.fondazionepirelli.org\/it\/cultura-dimpresa\/o-piu-europa-o-niente-futuro-e-anche-il-mes-puo-essere-cardine-della-politica-industriale-ue\/","name":"O pi\u00f9 Europa o niente futuro. E anche il Mes pu\u00f2 essere cardine della politica industriale Ue - Fondazione Pirelli","isPartOf":{"@id":"https:\/\/www.fondazionepirelli.org\/it\/#website"},"primaryImageOfPage":{"@id":"https:\/\/www.fondazionepirelli.org\/it\/cultura-dimpresa\/o-piu-europa-o-niente-futuro-e-anche-il-mes-puo-essere-cardine-della-politica-industriale-ue\/#primaryimage"},"image":{"@id":"https:\/\/www.fondazionepirelli.org\/it\/cultura-dimpresa\/o-piu-europa-o-niente-futuro-e-anche-il-mes-puo-essere-cardine-della-politica-industriale-ue\/#primaryimage"},"thumbnailUrl":"https:\/\/wpsite-assets.fondazionepirelli.org\/wp-content\/uploads\/2023\/01\/31111016\/GettyImages-1419317843.jpg","datePublished":"2023-01-31T10:10:46+00:00","author":{"@id":"https:\/\/www.fondazionepirelli.org\/it\/#\/schema\/person\/c31fcf5937a0e6afa45497f3f8b6d7a0"},"breadcrumb":{"@id":"https:\/\/www.fondazionepirelli.org\/it\/cultura-dimpresa\/o-piu-europa-o-niente-futuro-e-anche-il-mes-puo-essere-cardine-della-politica-industriale-ue\/#breadcrumb"},"inLanguage":"it-IT","potentialAction":[{"@type":"ReadAction","target":["https:\/\/www.fondazionepirelli.org\/it\/cultura-dimpresa\/o-piu-europa-o-niente-futuro-e-anche-il-mes-puo-essere-cardine-della-politica-industriale-ue\/"]}]},{"@type":"ImageObject","inLanguage":"it-IT","@id":"https:\/\/www.fondazionepirelli.org\/it\/cultura-dimpresa\/o-piu-europa-o-niente-futuro-e-anche-il-mes-puo-essere-cardine-della-politica-industriale-ue\/#primaryimage","url":"https:\/\/wpsite-assets.fondazionepirelli.org\/wp-content\/uploads\/2023\/01\/31111016\/GettyImages-1419317843.jpg","contentUrl":"https:\/\/wpsite-assets.fondazionepirelli.org\/wp-content\/uploads\/2023\/01\/31111016\/GettyImages-1419317843.jpg","width":6000,"height":4000,"caption":"Industry engineer in factory,using smart interface screen control automated robot arm machine learning operation,concept business and industry 4.0,Artificial intelligence or AI,with 5G network"},{"@type":"BreadcrumbList","@id":"https:\/\/www.fondazionepirelli.org\/it\/cultura-dimpresa\/o-piu-europa-o-niente-futuro-e-anche-il-mes-puo-essere-cardine-della-politica-industriale-ue\/#breadcrumb","itemListElement":[{"@type":"ListItem","position":1,"name":"Home","item":"https:\/\/www.fondazionepirelli.org\/it\/"},{"@type":"ListItem","position":2,"name":"O pi\u00f9 Europa o niente futuro. E anche il Mes pu\u00f2 essere cardine della politica industriale Ue"}]},{"@type":"WebSite","@id":"https:\/\/www.fondazionepirelli.org\/it\/#website","url":"https:\/\/www.fondazionepirelli.org\/it\/","name":"Fondazione Pirelli","description":"","potentialAction":[{"@type":"SearchAction","target":{"@type":"EntryPoint","urlTemplate":"https:\/\/www.fondazionepirelli.org\/it\/?s={search_term_string}"},"query-input":{"@type":"PropertyValueSpecification","valueRequired":true,"valueName":"search_term_string"}}],"inLanguage":"it-IT"},{"@type":"Person","@id":"https:\/\/www.fondazionepirelli.org\/it\/#\/schema\/person\/c31fcf5937a0e6afa45497f3f8b6d7a0","name":"fondazionepirelli","image":{"@type":"ImageObject","inLanguage":"it-IT","@id":"https:\/\/www.fondazionepirelli.org\/it\/#\/schema\/person\/image\/","url":"https:\/\/secure.gravatar.com\/avatar\/9cb486421ce1d6eddbf6c4fb66841b4325b786695f7aedf1dde2222428218696?s=96&d=mm&r=g","contentUrl":"https:\/\/secure.gravatar.com\/avatar\/9cb486421ce1d6eddbf6c4fb66841b4325b786695f7aedf1dde2222428218696?s=96&d=mm&r=g","caption":"fondazionepirelli"},"url":"https:\/\/www.fondazionepirelli.org\/it\/author\/fondazionepirelli\/"}]}},"_links":{"self":[{"href":"https:\/\/www.fondazionepirelli.org\/it\/wp-json\/wp\/v2\/posts\/94211\/"}],"collection":[{"href":"https:\/\/www.fondazionepirelli.org\/it\/wp-json\/wp\/v2\/posts\/"}],"about":[{"href":"https:\/\/www.fondazionepirelli.org\/it\/wp-json\/wp\/v2\/types\/post\/"}],"author":[{"embeddable":true,"href":"https:\/\/www.fondazionepirelli.org\/it\/wp-json\/wp\/v2\/users\/9\/"}],"replies":[{"embeddable":true,"href":"https:\/\/www.fondazionepirelli.org\/it\/wp-json\/wp\/v2\/comments\/?post=94211"}],"version-history":[{"count":4,"href":"https:\/\/www.fondazionepirelli.org\/it\/wp-json\/wp\/v2\/posts\/94211\/revisions\/"}],"predecessor-version":[{"id":94231,"href":"https:\/\/www.fondazionepirelli.org\/it\/wp-json\/wp\/v2\/posts\/94211\/revisions\/94231\/"}],"wp:featuredmedia":[{"embeddable":true,"href":"https:\/\/www.fondazionepirelli.org\/it\/wp-json\/wp\/v2\/media\/94229\/"}],"wp:attachment":[{"href":"https:\/\/www.fondazionepirelli.org\/it\/wp-json\/wp\/v2\/media\/?parent=94211"}],"wp:term":[{"taxonomy":"category","embeddable":true,"href":"https:\/\/www.fondazionepirelli.org\/it\/wp-json\/wp\/v2\/categories\/?post=94211"},{"taxonomy":"post_tag","embeddable":true,"href":"https:\/\/www.fondazionepirelli.org\/it\/wp-json\/wp\/v2\/tags\/?post=94211"}],"curies":[{"name":"wp","href":"https:\/\/api.w.org\/{rel}","templated":true}]}}