{"id":94217,"date":"2023-01-31T11:11:10","date_gmt":"2023-01-31T10:11:10","guid":{"rendered":"https:\/\/www.fondazionepirelli.org\/?p=94217"},"modified":"2023-01-31T11:11:10","modified_gmt":"2023-01-31T10:11:10","slug":"il-futuro-nella-circolarita","status":"publish","type":"post","link":"https:\/\/www.fondazionepirelli.org\/it\/cultura-dimpresa\/il-futuro-nella-circolarita\/","title":{"rendered":"Il futuro nella circolarit\u00e0"},"content":{"rendered":"<p><em>Una indagine effettuata dall\u2019Universit\u00e0 di Macerata contribuisce alla comprensione di un tema complesso \u00e8 in divenire<\/em><\/p>\n<p><strong>\u00a0<\/strong><\/p>\n<p>Nuove tecnologie da conquistare ed applicare per non rimanere indietro. Vale per tutte le realt\u00e0 d\u2019impresa, anche quelle piccole e medie, ma si tratta di un\u2019indicazione il cui raggiungimento cambia a seconda dell\u2019impresa che vi si cimenta. Questione di dimensioni e di capacit\u00e0, di vera cultura del produrre cos\u00ec come di disponibilit\u00e0 finanziaria. Comprendere le molte evoluzioni della relazione tra innovazione e imprese, \u00e8 comunque sempre un\u2019operazione da fare. Ed \u00e8 quanto hanno compiuto Rebecca Colanero e Dominique Lepore (dell\u2019Universit\u00e0 degli Studi di Macerata-Dipartimento di Giurisprudenza) con \u201cEconomia circolare e Industria 4.0: il futuro del Made in Italy\u201d, ricerca pubblicata da poche settimane.<\/p>\n<p>L\u2019obiettivo dell\u2019indagine \u00e8 quello di analizzare le opportunit\u00e0 e le criticit\u00e0 riscontrate dalle micro e piccole imprese (MPI) italiane nell\u2019adozione di modelli di gestione orientati all\u2019economia circolare, considerando il ruolo strategico delle tecnologie dell\u2019Industria 4.0. Due traguardi certamente complessi da raggiungere ma altrettanto certamente sfidanti e, per certi versi, obbligatori da conquistare.<\/p>\n<p>Il contributo, combinando dati primari e secondari, prende in esame una micro e due piccole imprese delle Marche (\u201cFeleppa SV\u201d del comparto dell\u2019abbigliamento, \u201cTM Italia\u201d legno-arredo e \u201cA Mare\u201d attiva nel settore della calzature) che hanno investito in processi e prodotti \u201ccircolari\u201d, sfruttando il potenziale delle tecnologie dell\u2019Industria 4.0.<\/p>\n<p>Dopo due parti iniziali che hanno l\u2019obiettivo di inquadrare il tema, le due ricercatrici analizzano le esperienze delle tre realt\u00e0 imprenditoriali riscontrando, di fatto, gli stessi ostacoli dal punto di vista finanziario, normativo e culturale, ostacoli che rallentano il loro processo di cambiamento. Ed \u00e8 sulla base delle evidenze raccolte che vengono discussi una serie di fattori abilitanti in grado di sostenere le imprese nel processo di transizione. Si tratta di elementi che toccano anche la disponibilit\u00e0 di risorse economiche, ma che includono anche la capacit\u00e0 di dare vita a reti adeguate di relazioni tra imprese e tra queste e il mondo della ricerca, importanti in alcuni casi sono anche la chiarezza delle norme e la presenza di infrastrutture.<\/p>\n<p>L\u2019articolo di Colanero e Lepore ha il grande merito della chiarezza (utili le tabelle di sintesi e confronto tra le diverse realt\u00e0 d\u2019impresa) e della capacit\u00e0 di fornire in uno spazio breve quanto serve per aiutare la comprensione di un fenomeno complesso e in divenire.<\/p><p><a href=\"https:\/\/www.researchgate.net\/publication\/366513263_Economia_circolare_e_Industria_40_il_futuro_del_Made_in_Italy\"><strong>Economia circolare e Industria 4.0: il futuro del Made in Italy<\/strong><\/a><\/p>\n<p>Rebecca Colanero, Dominique Lepore<\/p>\n<p>ECONOMIA MARCHE Journal of Applied Economics, Vol. XLI, No. 2, Dicembre 2022<\/p>","protected":false},"excerpt":{"rendered":"<p>Una indagine effettuata dall\u2019Universit\u00e0 di Macerata contribuisce alla comprensione di un tema complesso \u00e8 in divenire \u00a0 Nuove tecnologie da conquistare ed applicare per non rimanere indietro. Vale per tutte le realt\u00e0 d\u2019impresa, anche quelle piccole e medie, ma si tratta di un\u2019indicazione il cui raggiungimento cambia a seconda dell\u2019impresa che vi si cimenta. Questione [&hellip;]<\/p>\n","protected":false},"author":9,"featured_media":0,"comment_status":"open","ping_status":"open","sticky":false,"template":"","format":"standard","meta":{"footnotes":""},"categories":[54,52],"tags":[],"class_list":["post-94217","post","type-post","status-publish","format-standard","hentry","category-approfondimenti","category-cultura-dimpresa"],"acf":[],"yoast_head":"<!-- This site is optimized with the Yoast SEO plugin v25.0 - https:\/\/yoast.com\/wordpress\/plugins\/seo\/ -->\n<title>Il futuro nella circolarit\u00e0 - Fondazione Pirelli<\/title>\n<meta name=\"robots\" content=\"index, follow, max-snippet:-1, max-image-preview:large, max-video-preview:-1\" \/>\n<link rel=\"canonical\" href=\"https:\/\/www.fondazionepirelli.org\/it\/cultura-dimpresa\/il-futuro-nella-circolarita\/\" \/>\n<meta property=\"og:locale\" content=\"it_IT\" \/>\n<meta property=\"og:type\" content=\"article\" \/>\n<meta property=\"og:title\" content=\"Il futuro nella circolarit\u00e0 - Fondazione Pirelli\" \/>\n<meta property=\"og:description\" content=\"Una indagine effettuata dall\u2019Universit\u00e0 di Macerata contribuisce alla comprensione di un tema complesso \u00e8 in divenire \u00a0 Nuove tecnologie da conquistare ed applicare per non rimanere indietro. Vale per tutte le realt\u00e0 d\u2019impresa, anche quelle piccole e medie, ma si tratta di un\u2019indicazione il cui raggiungimento cambia a seconda dell\u2019impresa che vi si cimenta. Questione [&hellip;]\" \/>\n<meta property=\"og:url\" content=\"https:\/\/www.fondazionepirelli.org\/it\/cultura-dimpresa\/il-futuro-nella-circolarita\/\" \/>\n<meta property=\"og:site_name\" content=\"Fondazione Pirelli\" \/>\n<meta property=\"article:published_time\" content=\"2023-01-31T10:11:10+00:00\" \/>\n<meta name=\"author\" content=\"fondazionepirelli\" \/>\n<meta name=\"twitter:card\" content=\"summary_large_image\" \/>\n<meta name=\"twitter:label1\" content=\"Scritto da\" \/>\n\t<meta name=\"twitter:data1\" content=\"fondazionepirelli\" \/>\n\t<meta name=\"twitter:label2\" content=\"Tempo di lettura stimato\" \/>\n\t<meta name=\"twitter:data2\" content=\"2 minuti\" \/>\n<script type=\"application\/ld+json\" class=\"yoast-schema-graph\">{\"@context\":\"https:\/\/schema.org\",\"@graph\":[{\"@type\":\"WebPage\",\"@id\":\"https:\/\/www.fondazionepirelli.org\/it\/cultura-dimpresa\/il-futuro-nella-circolarita\/\",\"url\":\"https:\/\/www.fondazionepirelli.org\/it\/cultura-dimpresa\/il-futuro-nella-circolarita\/\",\"name\":\"Il futuro nella circolarit\u00e0 - Fondazione Pirelli\",\"isPartOf\":{\"@id\":\"https:\/\/www.fondazionepirelli.org\/it\/#website\"},\"datePublished\":\"2023-01-31T10:11:10+00:00\",\"author\":{\"@id\":\"https:\/\/www.fondazionepirelli.org\/it\/#\/schema\/person\/c31fcf5937a0e6afa45497f3f8b6d7a0\"},\"breadcrumb\":{\"@id\":\"https:\/\/www.fondazionepirelli.org\/it\/cultura-dimpresa\/il-futuro-nella-circolarita\/#breadcrumb\"},\"inLanguage\":\"it-IT\",\"potentialAction\":[{\"@type\":\"ReadAction\",\"target\":[\"https:\/\/www.fondazionepirelli.org\/it\/cultura-dimpresa\/il-futuro-nella-circolarita\/\"]}]},{\"@type\":\"BreadcrumbList\",\"@id\":\"https:\/\/www.fondazionepirelli.org\/it\/cultura-dimpresa\/il-futuro-nella-circolarita\/#breadcrumb\",\"itemListElement\":[{\"@type\":\"ListItem\",\"position\":1,\"name\":\"Home\",\"item\":\"https:\/\/www.fondazionepirelli.org\/it\/\"},{\"@type\":\"ListItem\",\"position\":2,\"name\":\"Il futuro nella circolarit\u00e0\"}]},{\"@type\":\"WebSite\",\"@id\":\"https:\/\/www.fondazionepirelli.org\/it\/#website\",\"url\":\"https:\/\/www.fondazionepirelli.org\/it\/\",\"name\":\"Fondazione Pirelli\",\"description\":\"\",\"potentialAction\":[{\"@type\":\"SearchAction\",\"target\":{\"@type\":\"EntryPoint\",\"urlTemplate\":\"https:\/\/www.fondazionepirelli.org\/it\/?s={search_term_string}\"},\"query-input\":{\"@type\":\"PropertyValueSpecification\",\"valueRequired\":true,\"valueName\":\"search_term_string\"}}],\"inLanguage\":\"it-IT\"},{\"@type\":\"Person\",\"@id\":\"https:\/\/www.fondazionepirelli.org\/it\/#\/schema\/person\/c31fcf5937a0e6afa45497f3f8b6d7a0\",\"name\":\"fondazionepirelli\",\"image\":{\"@type\":\"ImageObject\",\"inLanguage\":\"it-IT\",\"@id\":\"https:\/\/www.fondazionepirelli.org\/it\/#\/schema\/person\/image\/\",\"url\":\"https:\/\/secure.gravatar.com\/avatar\/9cb486421ce1d6eddbf6c4fb66841b4325b786695f7aedf1dde2222428218696?s=96&d=mm&r=g\",\"contentUrl\":\"https:\/\/secure.gravatar.com\/avatar\/9cb486421ce1d6eddbf6c4fb66841b4325b786695f7aedf1dde2222428218696?s=96&d=mm&r=g\",\"caption\":\"fondazionepirelli\"},\"url\":\"https:\/\/www.fondazionepirelli.org\/it\/author\/fondazionepirelli\/\"}]}<\/script>\n<!-- \/ Yoast SEO plugin. -->","yoast_head_json":{"title":"Il futuro nella circolarit\u00e0 - Fondazione Pirelli","robots":{"index":"index","follow":"follow","max-snippet":"max-snippet:-1","max-image-preview":"max-image-preview:large","max-video-preview":"max-video-preview:-1"},"canonical":"https:\/\/www.fondazionepirelli.org\/it\/cultura-dimpresa\/il-futuro-nella-circolarita\/","og_locale":"it_IT","og_type":"article","og_title":"Il futuro nella circolarit\u00e0 - Fondazione Pirelli","og_description":"Una indagine effettuata dall\u2019Universit\u00e0 di Macerata contribuisce alla comprensione di un tema complesso \u00e8 in divenire \u00a0 Nuove tecnologie da conquistare ed applicare per non rimanere indietro. Vale per tutte le realt\u00e0 d\u2019impresa, anche quelle piccole e medie, ma si tratta di un\u2019indicazione il cui raggiungimento cambia a seconda dell\u2019impresa che vi si cimenta. Questione [&hellip;]","og_url":"https:\/\/www.fondazionepirelli.org\/it\/cultura-dimpresa\/il-futuro-nella-circolarita\/","og_site_name":"Fondazione Pirelli","article_published_time":"2023-01-31T10:11:10+00:00","author":"fondazionepirelli","twitter_card":"summary_large_image","twitter_misc":{"Scritto da":"fondazionepirelli","Tempo di lettura stimato":"2 minuti"},"schema":{"@context":"https:\/\/schema.org","@graph":[{"@type":"WebPage","@id":"https:\/\/www.fondazionepirelli.org\/it\/cultura-dimpresa\/il-futuro-nella-circolarita\/","url":"https:\/\/www.fondazionepirelli.org\/it\/cultura-dimpresa\/il-futuro-nella-circolarita\/","name":"Il futuro nella circolarit\u00e0 - Fondazione Pirelli","isPartOf":{"@id":"https:\/\/www.fondazionepirelli.org\/it\/#website"},"datePublished":"2023-01-31T10:11:10+00:00","author":{"@id":"https:\/\/www.fondazionepirelli.org\/it\/#\/schema\/person\/c31fcf5937a0e6afa45497f3f8b6d7a0"},"breadcrumb":{"@id":"https:\/\/www.fondazionepirelli.org\/it\/cultura-dimpresa\/il-futuro-nella-circolarita\/#breadcrumb"},"inLanguage":"it-IT","potentialAction":[{"@type":"ReadAction","target":["https:\/\/www.fondazionepirelli.org\/it\/cultura-dimpresa\/il-futuro-nella-circolarita\/"]}]},{"@type":"BreadcrumbList","@id":"https:\/\/www.fondazionepirelli.org\/it\/cultura-dimpresa\/il-futuro-nella-circolarita\/#breadcrumb","itemListElement":[{"@type":"ListItem","position":1,"name":"Home","item":"https:\/\/www.fondazionepirelli.org\/it\/"},{"@type":"ListItem","position":2,"name":"Il futuro nella circolarit\u00e0"}]},{"@type":"WebSite","@id":"https:\/\/www.fondazionepirelli.org\/it\/#website","url":"https:\/\/www.fondazionepirelli.org\/it\/","name":"Fondazione Pirelli","description":"","potentialAction":[{"@type":"SearchAction","target":{"@type":"EntryPoint","urlTemplate":"https:\/\/www.fondazionepirelli.org\/it\/?s={search_term_string}"},"query-input":{"@type":"PropertyValueSpecification","valueRequired":true,"valueName":"search_term_string"}}],"inLanguage":"it-IT"},{"@type":"Person","@id":"https:\/\/www.fondazionepirelli.org\/it\/#\/schema\/person\/c31fcf5937a0e6afa45497f3f8b6d7a0","name":"fondazionepirelli","image":{"@type":"ImageObject","inLanguage":"it-IT","@id":"https:\/\/www.fondazionepirelli.org\/it\/#\/schema\/person\/image\/","url":"https:\/\/secure.gravatar.com\/avatar\/9cb486421ce1d6eddbf6c4fb66841b4325b786695f7aedf1dde2222428218696?s=96&d=mm&r=g","contentUrl":"https:\/\/secure.gravatar.com\/avatar\/9cb486421ce1d6eddbf6c4fb66841b4325b786695f7aedf1dde2222428218696?s=96&d=mm&r=g","caption":"fondazionepirelli"},"url":"https:\/\/www.fondazionepirelli.org\/it\/author\/fondazionepirelli\/"}]}},"_links":{"self":[{"href":"https:\/\/www.fondazionepirelli.org\/it\/wp-json\/wp\/v2\/posts\/94217\/"}],"collection":[{"href":"https:\/\/www.fondazionepirelli.org\/it\/wp-json\/wp\/v2\/posts\/"}],"about":[{"href":"https:\/\/www.fondazionepirelli.org\/it\/wp-json\/wp\/v2\/types\/post\/"}],"author":[{"embeddable":true,"href":"https:\/\/www.fondazionepirelli.org\/it\/wp-json\/wp\/v2\/users\/9\/"}],"replies":[{"embeddable":true,"href":"https:\/\/www.fondazionepirelli.org\/it\/wp-json\/wp\/v2\/comments\/?post=94217"}],"version-history":[{"count":1,"href":"https:\/\/www.fondazionepirelli.org\/it\/wp-json\/wp\/v2\/posts\/94217\/revisions\/"}],"predecessor-version":[{"id":94218,"href":"https:\/\/www.fondazionepirelli.org\/it\/wp-json\/wp\/v2\/posts\/94217\/revisions\/94218\/"}],"wp:attachment":[{"href":"https:\/\/www.fondazionepirelli.org\/it\/wp-json\/wp\/v2\/media\/?parent=94217"}],"wp:term":[{"taxonomy":"category","embeddable":true,"href":"https:\/\/www.fondazionepirelli.org\/it\/wp-json\/wp\/v2\/categories\/?post=94217"},{"taxonomy":"post_tag","embeddable":true,"href":"https:\/\/www.fondazionepirelli.org\/it\/wp-json\/wp\/v2\/tags\/?post=94217"}],"curies":[{"name":"wp","href":"https:\/\/api.w.org\/{rel}","templated":true}]}}