{"id":94219,"date":"2023-01-31T11:11:01","date_gmt":"2023-01-31T10:11:01","guid":{"rendered":"https:\/\/www.fondazionepirelli.org\/?p=94219"},"modified":"2023-01-31T15:21:41","modified_gmt":"2023-01-31T14:21:41","slug":"bellezza-industriale-italiana","status":"publish","type":"post","link":"https:\/\/www.fondazionepirelli.org\/it\/cultura-dimpresa\/bellezza-industriale-italiana\/","title":{"rendered":"Bellezza industriale italiana"},"content":{"rendered":"<p><em>In un libro le storie d\u2019impresa che dicono tutto sulla cultura del produrre del nostro Paese<\/em><\/p><p>Patria del saper fare, dell\u2019eccellenza, della magnificenza produttiva. Patria del bello e ben fatto. Ecco l\u2019Italia nelle innumerevoli descrizioni che di questo Paese vengono fatte. Davvero il \u201cBel Paese\u201d per antonomasia. Ma perch\u00e9 tutto questo?<\/p>\n<p>\u00c8 a questa domanda che Severino Salvemini risponde con il suo \u201cIl quid imprenditoriale. Oltre la retorica del Made in Italy\u201d, libro nato dalla raccolta di una serie di racconti d\u2019impresa pubblicati sul supplemento <em>L\u2019Economia <\/em>del <em>Corriere della Sera. <\/em><\/p>\n<p>Il libro \u2013 e gli articoli che costituiscono altrettanti capitoli -, prendono le mosse da una considerazione: fermarsi al semplice slogan che indica il <em>Made in Italy <\/em>come il regno della bellezza, ci impedisce di cogliere i tratti distintivi di un fenomeno complesso che ha permesso alle nostre imprese di temperare il tecnologismo della globalizzazione con un nuovo umanesimo all\u2019insegna del gusto e della creativit\u00e0, e di sostituire alla filosofia finanziaria anglosassone uno stile di <em>management<\/em> tutto italiano.<\/p>\n<p>Con ragione Salvemini parla quindi di una \u201cinafferrabile composizione chimica\u201d che deve essere compresa con grande attenzione. Operazione che l\u2019autore cerca di compiere proprio partendo dal racconto di 53 storie esemplari di aziende che hanno fatto dell\u2019eccellenza la loro bandiera. Chi legge, quindi, apprende delle vicende di imprese \u2013 spesso sconosciute s\u00ec pi\u00f9 -, che hanno fatto e fanno la storia nel loro comparto. Storie che fanno emergere, oltre ad una indubbia capacit\u00e0 produttiva, anche altro che a Salvemini sintetizza con grande maestria cos\u00ec: \u201cNella filigrana di questi documenti si pu\u00f2 (\u2026) leggere la disponibilit\u00e0 degli italiani al servizio dell\u2019altro, la loro connaturata curiosit\u00e0 e capacit\u00e0 di perfezionare con l\u2019innovazione le formule consolidate, la loro tensione alla ricerca, alla domanda, al dubbio, alla riflessione che trovano anche nella vasta cultura del Paese la propria universale Bandiera\u201d.<\/p>\n<p>Il libro di Salvemini riesce in un\u2019operazione difficile: descrivere il meglio dell\u2019impresa italiana senza retorica. Da leggere.<\/p><p><strong>Il quid imprenditoriale. Oltre la retorica del Made in Italy<\/strong><\/p>\n<p>Severino Salvemini<\/p>\n<p>Egea, 2023<\/p>","protected":false},"excerpt":{"rendered":"<p>In un libro le storie d\u2019impresa che dicono tutto sulla cultura del produrre del nostro PaesePatria del saper fare, dell\u2019eccellenza, della magnificenza produttiva. Patria del bello e ben fatto. Ecco l\u2019Italia nelle innumerevoli descrizioni che di questo Paese vengono fatte. Davvero il \u201cBel Paese\u201d per antonomasia. Ma perch\u00e9 tutto questo? \u00c8 a questa domanda che [&hellip;]<\/p>\n","protected":false},"author":9,"featured_media":94220,"comment_status":"open","ping_status":"open","sticky":false,"template":"","format":"standard","meta":{"footnotes":""},"categories":[52,58],"tags":[],"class_list":["post-94219","post","type-post","status-publish","format-standard","has-post-thumbnail","hentry","category-cultura-dimpresa","category-recensioni-libri"],"acf":[],"yoast_head":"<!-- This site is optimized with the Yoast SEO plugin v25.0 - https:\/\/yoast.com\/wordpress\/plugins\/seo\/ -->\n<title>Bellezza industriale italiana - Fondazione Pirelli<\/title>\n<meta name=\"robots\" content=\"index, follow, max-snippet:-1, max-image-preview:large, max-video-preview:-1\" \/>\n<link rel=\"canonical\" href=\"https:\/\/www.fondazionepirelli.org\/it\/cultura-dimpresa\/bellezza-industriale-italiana\/\" \/>\n<meta property=\"og:locale\" content=\"it_IT\" \/>\n<meta property=\"og:type\" content=\"article\" \/>\n<meta property=\"og:title\" content=\"Bellezza industriale italiana - Fondazione Pirelli\" \/>\n<meta property=\"og:description\" content=\"In un libro le storie d\u2019impresa che dicono tutto sulla cultura del produrre del nostro PaesePatria del saper fare, dell\u2019eccellenza, della magnificenza produttiva. Patria del bello e ben fatto. Ecco l\u2019Italia nelle innumerevoli descrizioni che di questo Paese vengono fatte. Davvero il \u201cBel Paese\u201d per antonomasia. Ma perch\u00e9 tutto questo? \u00c8 a questa domanda che [&hellip;]\" \/>\n<meta property=\"og:url\" content=\"https:\/\/www.fondazionepirelli.org\/it\/cultura-dimpresa\/bellezza-industriale-italiana\/\" \/>\n<meta property=\"og:site_name\" content=\"Fondazione Pirelli\" \/>\n<meta property=\"article:published_time\" content=\"2023-01-31T10:11:01+00:00\" \/>\n<meta property=\"article:modified_time\" content=\"2023-01-31T14:21:41+00:00\" \/>\n<meta property=\"og:image\" content=\"https:\/\/wpsite-assets.fondazionepirelli.org\/wp-content\/uploads\/2023\/01\/30094333\/Il-quid-imprenditoriale-e1675068219280.jpg\" \/>\n\t<meta property=\"og:image:width\" content=\"500\" \/>\n\t<meta property=\"og:image:height\" content=\"769\" \/>\n\t<meta property=\"og:image:type\" content=\"image\/jpeg\" \/>\n<meta name=\"author\" content=\"fondazionepirelli\" \/>\n<meta name=\"twitter:card\" content=\"summary_large_image\" \/>\n<meta name=\"twitter:label1\" content=\"Scritto da\" \/>\n\t<meta name=\"twitter:data1\" content=\"fondazionepirelli\" \/>\n\t<meta name=\"twitter:label2\" content=\"Tempo di lettura stimato\" \/>\n\t<meta name=\"twitter:data2\" content=\"2 minuti\" \/>\n<script type=\"application\/ld+json\" class=\"yoast-schema-graph\">{\"@context\":\"https:\/\/schema.org\",\"@graph\":[{\"@type\":\"WebPage\",\"@id\":\"https:\/\/www.fondazionepirelli.org\/it\/cultura-dimpresa\/bellezza-industriale-italiana\/\",\"url\":\"https:\/\/www.fondazionepirelli.org\/it\/cultura-dimpresa\/bellezza-industriale-italiana\/\",\"name\":\"Bellezza industriale italiana - Fondazione Pirelli\",\"isPartOf\":{\"@id\":\"https:\/\/www.fondazionepirelli.org\/it\/#website\"},\"primaryImageOfPage\":{\"@id\":\"https:\/\/www.fondazionepirelli.org\/it\/cultura-dimpresa\/bellezza-industriale-italiana\/#primaryimage\"},\"image\":{\"@id\":\"https:\/\/www.fondazionepirelli.org\/it\/cultura-dimpresa\/bellezza-industriale-italiana\/#primaryimage\"},\"thumbnailUrl\":\"https:\/\/wpsite-assets.fondazionepirelli.org\/wp-content\/uploads\/2023\/01\/30094333\/Il-quid-imprenditoriale-e1675068219280.jpg\",\"datePublished\":\"2023-01-31T10:11:01+00:00\",\"dateModified\":\"2023-01-31T14:21:41+00:00\",\"author\":{\"@id\":\"https:\/\/www.fondazionepirelli.org\/it\/#\/schema\/person\/c31fcf5937a0e6afa45497f3f8b6d7a0\"},\"breadcrumb\":{\"@id\":\"https:\/\/www.fondazionepirelli.org\/it\/cultura-dimpresa\/bellezza-industriale-italiana\/#breadcrumb\"},\"inLanguage\":\"it-IT\",\"potentialAction\":[{\"@type\":\"ReadAction\",\"target\":[\"https:\/\/www.fondazionepirelli.org\/it\/cultura-dimpresa\/bellezza-industriale-italiana\/\"]}]},{\"@type\":\"ImageObject\",\"inLanguage\":\"it-IT\",\"@id\":\"https:\/\/www.fondazionepirelli.org\/it\/cultura-dimpresa\/bellezza-industriale-italiana\/#primaryimage\",\"url\":\"https:\/\/wpsite-assets.fondazionepirelli.org\/wp-content\/uploads\/2023\/01\/30094333\/Il-quid-imprenditoriale-e1675068219280.jpg\",\"contentUrl\":\"https:\/\/wpsite-assets.fondazionepirelli.org\/wp-content\/uploads\/2023\/01\/30094333\/Il-quid-imprenditoriale-e1675068219280.jpg\",\"width\":500,\"height\":769},{\"@type\":\"BreadcrumbList\",\"@id\":\"https:\/\/www.fondazionepirelli.org\/it\/cultura-dimpresa\/bellezza-industriale-italiana\/#breadcrumb\",\"itemListElement\":[{\"@type\":\"ListItem\",\"position\":1,\"name\":\"Home\",\"item\":\"https:\/\/www.fondazionepirelli.org\/it\/\"},{\"@type\":\"ListItem\",\"position\":2,\"name\":\"Bellezza industriale italiana\"}]},{\"@type\":\"WebSite\",\"@id\":\"https:\/\/www.fondazionepirelli.org\/it\/#website\",\"url\":\"https:\/\/www.fondazionepirelli.org\/it\/\",\"name\":\"Fondazione Pirelli\",\"description\":\"\",\"potentialAction\":[{\"@type\":\"SearchAction\",\"target\":{\"@type\":\"EntryPoint\",\"urlTemplate\":\"https:\/\/www.fondazionepirelli.org\/it\/?s={search_term_string}\"},\"query-input\":{\"@type\":\"PropertyValueSpecification\",\"valueRequired\":true,\"valueName\":\"search_term_string\"}}],\"inLanguage\":\"it-IT\"},{\"@type\":\"Person\",\"@id\":\"https:\/\/www.fondazionepirelli.org\/it\/#\/schema\/person\/c31fcf5937a0e6afa45497f3f8b6d7a0\",\"name\":\"fondazionepirelli\",\"image\":{\"@type\":\"ImageObject\",\"inLanguage\":\"it-IT\",\"@id\":\"https:\/\/www.fondazionepirelli.org\/it\/#\/schema\/person\/image\/\",\"url\":\"https:\/\/secure.gravatar.com\/avatar\/9cb486421ce1d6eddbf6c4fb66841b4325b786695f7aedf1dde2222428218696?s=96&d=mm&r=g\",\"contentUrl\":\"https:\/\/secure.gravatar.com\/avatar\/9cb486421ce1d6eddbf6c4fb66841b4325b786695f7aedf1dde2222428218696?s=96&d=mm&r=g\",\"caption\":\"fondazionepirelli\"},\"url\":\"https:\/\/www.fondazionepirelli.org\/it\/author\/fondazionepirelli\/\"}]}<\/script>\n<!-- \/ Yoast SEO plugin. -->","yoast_head_json":{"title":"Bellezza industriale italiana - Fondazione Pirelli","robots":{"index":"index","follow":"follow","max-snippet":"max-snippet:-1","max-image-preview":"max-image-preview:large","max-video-preview":"max-video-preview:-1"},"canonical":"https:\/\/www.fondazionepirelli.org\/it\/cultura-dimpresa\/bellezza-industriale-italiana\/","og_locale":"it_IT","og_type":"article","og_title":"Bellezza industriale italiana - Fondazione Pirelli","og_description":"In un libro le storie d\u2019impresa che dicono tutto sulla cultura del produrre del nostro PaesePatria del saper fare, dell\u2019eccellenza, della magnificenza produttiva. Patria del bello e ben fatto. Ecco l\u2019Italia nelle innumerevoli descrizioni che di questo Paese vengono fatte. Davvero il \u201cBel Paese\u201d per antonomasia. Ma perch\u00e9 tutto questo? \u00c8 a questa domanda che [&hellip;]","og_url":"https:\/\/www.fondazionepirelli.org\/it\/cultura-dimpresa\/bellezza-industriale-italiana\/","og_site_name":"Fondazione Pirelli","article_published_time":"2023-01-31T10:11:01+00:00","article_modified_time":"2023-01-31T14:21:41+00:00","og_image":[{"width":500,"height":769,"url":"https:\/\/wpsite-assets.fondazionepirelli.org\/wp-content\/uploads\/2023\/01\/30094333\/Il-quid-imprenditoriale-e1675068219280.jpg","type":"image\/jpeg"}],"author":"fondazionepirelli","twitter_card":"summary_large_image","twitter_misc":{"Scritto da":"fondazionepirelli","Tempo di lettura stimato":"2 minuti"},"schema":{"@context":"https:\/\/schema.org","@graph":[{"@type":"WebPage","@id":"https:\/\/www.fondazionepirelli.org\/it\/cultura-dimpresa\/bellezza-industriale-italiana\/","url":"https:\/\/www.fondazionepirelli.org\/it\/cultura-dimpresa\/bellezza-industriale-italiana\/","name":"Bellezza industriale italiana - Fondazione Pirelli","isPartOf":{"@id":"https:\/\/www.fondazionepirelli.org\/it\/#website"},"primaryImageOfPage":{"@id":"https:\/\/www.fondazionepirelli.org\/it\/cultura-dimpresa\/bellezza-industriale-italiana\/#primaryimage"},"image":{"@id":"https:\/\/www.fondazionepirelli.org\/it\/cultura-dimpresa\/bellezza-industriale-italiana\/#primaryimage"},"thumbnailUrl":"https:\/\/wpsite-assets.fondazionepirelli.org\/wp-content\/uploads\/2023\/01\/30094333\/Il-quid-imprenditoriale-e1675068219280.jpg","datePublished":"2023-01-31T10:11:01+00:00","dateModified":"2023-01-31T14:21:41+00:00","author":{"@id":"https:\/\/www.fondazionepirelli.org\/it\/#\/schema\/person\/c31fcf5937a0e6afa45497f3f8b6d7a0"},"breadcrumb":{"@id":"https:\/\/www.fondazionepirelli.org\/it\/cultura-dimpresa\/bellezza-industriale-italiana\/#breadcrumb"},"inLanguage":"it-IT","potentialAction":[{"@type":"ReadAction","target":["https:\/\/www.fondazionepirelli.org\/it\/cultura-dimpresa\/bellezza-industriale-italiana\/"]}]},{"@type":"ImageObject","inLanguage":"it-IT","@id":"https:\/\/www.fondazionepirelli.org\/it\/cultura-dimpresa\/bellezza-industriale-italiana\/#primaryimage","url":"https:\/\/wpsite-assets.fondazionepirelli.org\/wp-content\/uploads\/2023\/01\/30094333\/Il-quid-imprenditoriale-e1675068219280.jpg","contentUrl":"https:\/\/wpsite-assets.fondazionepirelli.org\/wp-content\/uploads\/2023\/01\/30094333\/Il-quid-imprenditoriale-e1675068219280.jpg","width":500,"height":769},{"@type":"BreadcrumbList","@id":"https:\/\/www.fondazionepirelli.org\/it\/cultura-dimpresa\/bellezza-industriale-italiana\/#breadcrumb","itemListElement":[{"@type":"ListItem","position":1,"name":"Home","item":"https:\/\/www.fondazionepirelli.org\/it\/"},{"@type":"ListItem","position":2,"name":"Bellezza industriale italiana"}]},{"@type":"WebSite","@id":"https:\/\/www.fondazionepirelli.org\/it\/#website","url":"https:\/\/www.fondazionepirelli.org\/it\/","name":"Fondazione Pirelli","description":"","potentialAction":[{"@type":"SearchAction","target":{"@type":"EntryPoint","urlTemplate":"https:\/\/www.fondazionepirelli.org\/it\/?s={search_term_string}"},"query-input":{"@type":"PropertyValueSpecification","valueRequired":true,"valueName":"search_term_string"}}],"inLanguage":"it-IT"},{"@type":"Person","@id":"https:\/\/www.fondazionepirelli.org\/it\/#\/schema\/person\/c31fcf5937a0e6afa45497f3f8b6d7a0","name":"fondazionepirelli","image":{"@type":"ImageObject","inLanguage":"it-IT","@id":"https:\/\/www.fondazionepirelli.org\/it\/#\/schema\/person\/image\/","url":"https:\/\/secure.gravatar.com\/avatar\/9cb486421ce1d6eddbf6c4fb66841b4325b786695f7aedf1dde2222428218696?s=96&d=mm&r=g","contentUrl":"https:\/\/secure.gravatar.com\/avatar\/9cb486421ce1d6eddbf6c4fb66841b4325b786695f7aedf1dde2222428218696?s=96&d=mm&r=g","caption":"fondazionepirelli"},"url":"https:\/\/www.fondazionepirelli.org\/it\/author\/fondazionepirelli\/"}]}},"_links":{"self":[{"href":"https:\/\/www.fondazionepirelli.org\/it\/wp-json\/wp\/v2\/posts\/94219\/"}],"collection":[{"href":"https:\/\/www.fondazionepirelli.org\/it\/wp-json\/wp\/v2\/posts\/"}],"about":[{"href":"https:\/\/www.fondazionepirelli.org\/it\/wp-json\/wp\/v2\/types\/post\/"}],"author":[{"embeddable":true,"href":"https:\/\/www.fondazionepirelli.org\/it\/wp-json\/wp\/v2\/users\/9\/"}],"replies":[{"embeddable":true,"href":"https:\/\/www.fondazionepirelli.org\/it\/wp-json\/wp\/v2\/comments\/?post=94219"}],"version-history":[{"count":3,"href":"https:\/\/www.fondazionepirelli.org\/it\/wp-json\/wp\/v2\/posts\/94219\/revisions\/"}],"predecessor-version":[{"id":94233,"href":"https:\/\/www.fondazionepirelli.org\/it\/wp-json\/wp\/v2\/posts\/94219\/revisions\/94233\/"}],"wp:featuredmedia":[{"embeddable":true,"href":"https:\/\/www.fondazionepirelli.org\/it\/wp-json\/wp\/v2\/media\/94220\/"}],"wp:attachment":[{"href":"https:\/\/www.fondazionepirelli.org\/it\/wp-json\/wp\/v2\/media\/?parent=94219"}],"wp:term":[{"taxonomy":"category","embeddable":true,"href":"https:\/\/www.fondazionepirelli.org\/it\/wp-json\/wp\/v2\/categories\/?post=94219"},{"taxonomy":"post_tag","embeddable":true,"href":"https:\/\/www.fondazionepirelli.org\/it\/wp-json\/wp\/v2\/tags\/?post=94219"}],"curies":[{"name":"wp","href":"https:\/\/api.w.org\/{rel}","templated":true}]}}