{"id":94264,"date":"2023-02-07T10:39:34","date_gmt":"2023-02-07T09:39:34","guid":{"rendered":"https:\/\/www.fondazionepirelli.org\/?p=94264"},"modified":"2023-02-07T10:42:05","modified_gmt":"2023-02-07T09:42:05","slug":"la-fuga-dei-giovani-del-sud-verso-nord-ed-europa-riforme-e-investimenti-per-cambiare-verso","status":"publish","type":"post","link":"https:\/\/www.fondazionepirelli.org\/it\/cultura-dimpresa\/la-fuga-dei-giovani-del-sud-verso-nord-ed-europa-riforme-e-investimenti-per-cambiare-verso\/","title":{"rendered":"La fuga dei giovani del Sud verso nord ed Europa. Riforme e investimenti per cambiare verso \u00a0"},"content":{"rendered":"<p>Gli italiani residenti all\u2019estero, all\u2019inizio del 2023, sono quasi <strong>6 milioni.<\/strong> E 1,8 milioni hanno meno di trent\u2019anni. Per raccontare i dati da un altro punto di vista, si pu\u00f2 dire che il <strong>10,7%<\/strong> della popolazione giovanile nazionale vive stabilmente in un altro paese: pi\u00f9 di met\u00e0 di loro ha scelto una citt\u00e0 in Europa. L\u2019Italia, gi\u00e0 nettamente in crisi demografica, continua insomma a perdere i suoi giovani, che partono in cerca di migliori condizioni di lavoro e di vita. E, a segnare un record negativo, appunto per i giovani, sono le citt\u00e0 del Mezzogiorno: Enna (477,5 ogni mille abitanti, un rapporto pari al quintuplo della media nazionale), Agrigento, Isernia, Potenza e poi, dopo la veneta Belluno, Caltanissetta, Vibo Valentia, Campobasso, Cosenza, Avellino\u2026 Fuggono anche i pensionati, sempre dalle citt\u00e0 del Sud: Enna, Vibo, Isernia, Campobasso, Agrigento, Avellino, Potenza\u2026<\/p>\n<p>Si parte molto pure da Mantova, Rovigo e Lodi, dalle aree del Nord di minore intensit\u00e0 di sviluppo economico. E da Prato (dove per\u00f2 pesano molto i ritorni verso le famiglie d\u2019origine in Cina di abitanti nati in Italia).<\/p>\n<p>Lo rivelano i dati dell\u2019<strong>Aire<\/strong> (l\u2019Anagrafe degli italiani residenti all\u2019estero), elaborati dal ministero dell\u2019Interno e anticipati da \u201cIl Sole24Ore\u201d (6 febbraio). La tendenza \u00e8 in aumento: gli iscritti all\u2019Aire, nel 2006 erano 3milioni 106mila, adesso sono 5milioni 933mila, il doppio, cio\u00e8, con 122mila nuove iscrizioni nel 2022 (un aumento del 2,2% rispetto al \u201821).<\/p>\n<p>Ci sono altri <strong>movimenti demografici<\/strong> che meritano attenzione. Per esempio, quelli che dicono che in dieci anni il Mezzogiorno nel suo complesso ha perso oltre 500mila residenti, con una forte componente di ragazze e ragazzi dai 25 ai 34 anni. Lo documenta il quotidiano \u201cDomani\u201d (5 febbraio), titolando cos\u00ec: \u201cLa vera emergenza in Italia \u00e8 la fuga dei giovani dal Sud\u201d.<\/p>\n<p>Sono dati noti, naturalmente. Testimonianze di tendenze che vanno avanti da tempo. Senza che questa grave ferita sociale abbia risposte politiche adeguate. Vale dunque la pena ricordarsene, ancora una volta, mentre si discute di riforma delle autonomie differenziate, di maggiore e migliore integrazione europea e dunque di necessit\u00e0 di fare tutto il possibile per cercare di affrontare quel divario tra Nord e Sud che nel corso del tempo \u00e8 drammaticamente cresciuto (lo continuano a documentare le ricerche Svimez) e che proprio un buon impiego delle risorse del PNRR potrebbe contribuire a ridurre.<\/p>\n<p>Ancora un paio di dati, per buon promemoria. Nel 1951 il Pil pro capite nel Mezzogiorno era pari al 70% di quello del Nord. All\u2019inizio degli anni Novanta, era sceso al 60%. Nel 2020, al 55%: la met\u00e0. E, proprio guardando ai giovani, serve ricordare che il 62% degli italiani tra i 25 e i 34 anni \u00e8 occupato. Ma, spostandosi dalla media nazionale alle medie locali, si vede che lo \u00e8 il 74% nel Nord Ovest, il 76% nel Nord Est e solo il 45,7% nel Mezzogiorno. La media nazionale, insomma, comunque al di sotto di quella europea, nasconde forti divari regionali. Le ragioni della fuga delle nuove generazioni meridionali verso Nord e verso gli altri paesi europei hanno qui una clamorosa illustrazione.<\/p>\n<p>Il <strong>Sud diseguale<\/strong>, com\u2019\u00e8 ovvio, non avvantaggia affatto lo <strong>sviluppo del Paese<\/strong>, la sua integrazione europea. Non serve, non favorisce certo le regioni del Nord, anche perch\u00e9 frena e distorce la\u00a0 produttivit\u00e0 e la competitivit\u00e0 di tutto il sistema Italia. Aggrava gli squilibri e i disagi sociali. Ostacola profondamente le scelte di sviluppo sostenibile, ambientale e sociale. Come sa bene anche Confindustria, che del superamento del divario ha fatto un punto qualificante delle sue strategie politiche e della cultura d\u2019impresa.<\/p>\n<p>Servono dunque scelte politiche di fondo. Per la crescita del Sud. Tra infrastrutture materiali e immateriali, investimenti produttivi, ambiziosi piani di formazione all\u2019altezza delle sfide poste dalla <strong><em>twin transition <\/em>digitale<\/strong> e ambientale e delle nuove opportunit\u00e0 della diffusione dell\u2019Intelligenza Artificiale. Il Mezzogiorno, la sua intelligenza storica, la sua collocazione geografica baricentrica in un Mediterraneo che ha una crescente rilevanza geopolitica sono tutte condizioni che vanno considerate in una strategia europea di ripresa dell\u2019Italia.<\/p>\n<p>Quanto sia utile o meno, in questa strategia, l\u2019autonomia regionale differenziata non ci sono ancora dati chiari per dirlo. Di certo, le politiche industriali, fiscali, di ricerca e formazione e le infrastrutture vanno considerate in un disegno unitario che abbia radici a Bruxelles e sguardo verso il mondo.<\/p>\n<p>Il Mezzogiorno, semmai, proprio per attrarre investimenti e valorizzare le proprie potenzialit\u00e0 (dunque anche il suo capitale umano, da non abbandonare all\u2019ineluttabilit\u00e0 dell\u2019emigrazione di massa, alla \u201cfuga dei cervelli\u201d), ha bisogno di \u201cbuon governo\u201d. Non di lamentazioni, rancori, nostalgie neoborboniche, clientele.<\/p>\n<p>Per capire meglio, pu\u00f2 aiutarci anche la storia politica meridionale. Rileggendo, per esempio, i discorsi e i programmi di governo di uno dei migliori amministratori che il Sud abbia avuto: <strong>Piersanti Mattarella<\/strong>, presidente della Regione siciliana alla fine degli anni Settenta. Attento a insistere e a fare scelte perch\u00e9 la Sicilia, con riforme, cura per la legalit\u00e0 e corretta amministrazione, in un dialogo con le forze economiche e sociali migliori d\u2019Italia, fosse terra di insediamenti industriali innovativi, lavoro qualificato, cultura d\u2019avanguardia. Una lezione stroncata dalla violenza mafiosa. Ma ancora attualissima.<\/p><p><em>(foto Getty Images)\u00a0<\/em><\/p>\n","protected":false},"excerpt":{"rendered":"<p>Gli italiani residenti all\u2019estero, all\u2019inizio del 2023, sono quasi 6 milioni. E 1,8 milioni hanno meno di trent\u2019anni. Per raccontare i dati da un altro punto di vista, si pu\u00f2 dire che il 10,7% della popolazione giovanile nazionale vive stabilmente in un altro paese: pi\u00f9 di met\u00e0 di loro ha scelto una citt\u00e0 in Europa. [&hellip;]<\/p>\n","protected":false},"author":9,"featured_media":94275,"comment_status":"open","ping_status":"open","sticky":false,"template":"","format":"standard","meta":{"footnotes":""},"categories":[53,52],"tags":[],"class_list":["post-94264","post","type-post","status-publish","format-standard","has-post-thumbnail","hentry","category-blog","category-cultura-dimpresa"],"acf":[],"yoast_head":"<!-- This site is optimized with the Yoast SEO plugin v25.0 - https:\/\/yoast.com\/wordpress\/plugins\/seo\/ -->\n<title>La fuga dei giovani del Sud verso nord ed Europa. Riforme e investimenti per cambiare verso \u00a0 - Fondazione Pirelli<\/title>\n<meta name=\"robots\" content=\"index, follow, max-snippet:-1, max-image-preview:large, max-video-preview:-1\" \/>\n<link rel=\"canonical\" href=\"https:\/\/www.fondazionepirelli.org\/it\/cultura-dimpresa\/la-fuga-dei-giovani-del-sud-verso-nord-ed-europa-riforme-e-investimenti-per-cambiare-verso\/\" \/>\n<meta property=\"og:locale\" content=\"it_IT\" \/>\n<meta property=\"og:type\" content=\"article\" \/>\n<meta property=\"og:title\" content=\"La fuga dei giovani del Sud verso nord ed Europa. Riforme e investimenti per cambiare verso \u00a0 - Fondazione Pirelli\" \/>\n<meta property=\"og:description\" content=\"Gli italiani residenti all\u2019estero, all\u2019inizio del 2023, sono quasi 6 milioni. E 1,8 milioni hanno meno di trent\u2019anni. Per raccontare i dati da un altro punto di vista, si pu\u00f2 dire che il 10,7% della popolazione giovanile nazionale vive stabilmente in un altro paese: pi\u00f9 di met\u00e0 di loro ha scelto una citt\u00e0 in Europa. [&hellip;]\" \/>\n<meta property=\"og:url\" content=\"https:\/\/www.fondazionepirelli.org\/it\/cultura-dimpresa\/la-fuga-dei-giovani-del-sud-verso-nord-ed-europa-riforme-e-investimenti-per-cambiare-verso\/\" \/>\n<meta property=\"og:site_name\" content=\"Fondazione Pirelli\" \/>\n<meta property=\"article:published_time\" content=\"2023-02-07T09:39:34+00:00\" \/>\n<meta property=\"article:modified_time\" content=\"2023-02-07T09:42:05+00:00\" \/>\n<meta property=\"og:image\" content=\"https:\/\/wpsite-assets.fondazionepirelli.org\/wp-content\/uploads\/2023\/02\/07103840\/GettyImages-1357517623.jpg\" \/>\n\t<meta property=\"og:image:width\" content=\"4500\" \/>\n\t<meta property=\"og:image:height\" content=\"4500\" \/>\n\t<meta property=\"og:image:type\" content=\"image\/jpeg\" \/>\n<meta name=\"author\" content=\"fondazionepirelli\" \/>\n<meta name=\"twitter:card\" content=\"summary_large_image\" \/>\n<meta name=\"twitter:label1\" content=\"Scritto da\" \/>\n\t<meta name=\"twitter:data1\" content=\"fondazionepirelli\" \/>\n\t<meta name=\"twitter:label2\" content=\"Tempo di lettura stimato\" \/>\n\t<meta name=\"twitter:data2\" content=\"4 minuti\" \/>\n<script type=\"application\/ld+json\" class=\"yoast-schema-graph\">{\"@context\":\"https:\/\/schema.org\",\"@graph\":[{\"@type\":\"WebPage\",\"@id\":\"https:\/\/www.fondazionepirelli.org\/it\/cultura-dimpresa\/la-fuga-dei-giovani-del-sud-verso-nord-ed-europa-riforme-e-investimenti-per-cambiare-verso\/\",\"url\":\"https:\/\/www.fondazionepirelli.org\/it\/cultura-dimpresa\/la-fuga-dei-giovani-del-sud-verso-nord-ed-europa-riforme-e-investimenti-per-cambiare-verso\/\",\"name\":\"La fuga dei giovani del Sud verso nord ed Europa. Riforme e investimenti per cambiare verso \u00a0 - Fondazione Pirelli\",\"isPartOf\":{\"@id\":\"https:\/\/www.fondazionepirelli.org\/it\/#website\"},\"primaryImageOfPage\":{\"@id\":\"https:\/\/www.fondazionepirelli.org\/it\/cultura-dimpresa\/la-fuga-dei-giovani-del-sud-verso-nord-ed-europa-riforme-e-investimenti-per-cambiare-verso\/#primaryimage\"},\"image\":{\"@id\":\"https:\/\/www.fondazionepirelli.org\/it\/cultura-dimpresa\/la-fuga-dei-giovani-del-sud-verso-nord-ed-europa-riforme-e-investimenti-per-cambiare-verso\/#primaryimage\"},\"thumbnailUrl\":\"https:\/\/wpsite-assets.fondazionepirelli.org\/wp-content\/uploads\/2023\/02\/07103840\/GettyImages-1357517623.jpg\",\"datePublished\":\"2023-02-07T09:39:34+00:00\",\"dateModified\":\"2023-02-07T09:42:05+00:00\",\"author\":{\"@id\":\"https:\/\/www.fondazionepirelli.org\/it\/#\/schema\/person\/c31fcf5937a0e6afa45497f3f8b6d7a0\"},\"breadcrumb\":{\"@id\":\"https:\/\/www.fondazionepirelli.org\/it\/cultura-dimpresa\/la-fuga-dei-giovani-del-sud-verso-nord-ed-europa-riforme-e-investimenti-per-cambiare-verso\/#breadcrumb\"},\"inLanguage\":\"it-IT\",\"potentialAction\":[{\"@type\":\"ReadAction\",\"target\":[\"https:\/\/www.fondazionepirelli.org\/it\/cultura-dimpresa\/la-fuga-dei-giovani-del-sud-verso-nord-ed-europa-riforme-e-investimenti-per-cambiare-verso\/\"]}]},{\"@type\":\"ImageObject\",\"inLanguage\":\"it-IT\",\"@id\":\"https:\/\/www.fondazionepirelli.org\/it\/cultura-dimpresa\/la-fuga-dei-giovani-del-sud-verso-nord-ed-europa-riforme-e-investimenti-per-cambiare-verso\/#primaryimage\",\"url\":\"https:\/\/wpsite-assets.fondazionepirelli.org\/wp-content\/uploads\/2023\/02\/07103840\/GettyImages-1357517623.jpg\",\"contentUrl\":\"https:\/\/wpsite-assets.fondazionepirelli.org\/wp-content\/uploads\/2023\/02\/07103840\/GettyImages-1357517623.jpg\",\"width\":4500,\"height\":4500,\"caption\":\"Woman with a light bulb in a paper airplane. Creativity and uniqueness in business and education. Art collage.\"},{\"@type\":\"BreadcrumbList\",\"@id\":\"https:\/\/www.fondazionepirelli.org\/it\/cultura-dimpresa\/la-fuga-dei-giovani-del-sud-verso-nord-ed-europa-riforme-e-investimenti-per-cambiare-verso\/#breadcrumb\",\"itemListElement\":[{\"@type\":\"ListItem\",\"position\":1,\"name\":\"Home\",\"item\":\"https:\/\/www.fondazionepirelli.org\/it\/\"},{\"@type\":\"ListItem\",\"position\":2,\"name\":\"La fuga dei giovani del Sud verso nord ed Europa. Riforme e investimenti per cambiare verso \u00a0\"}]},{\"@type\":\"WebSite\",\"@id\":\"https:\/\/www.fondazionepirelli.org\/it\/#website\",\"url\":\"https:\/\/www.fondazionepirelli.org\/it\/\",\"name\":\"Fondazione Pirelli\",\"description\":\"\",\"potentialAction\":[{\"@type\":\"SearchAction\",\"target\":{\"@type\":\"EntryPoint\",\"urlTemplate\":\"https:\/\/www.fondazionepirelli.org\/it\/?s={search_term_string}\"},\"query-input\":{\"@type\":\"PropertyValueSpecification\",\"valueRequired\":true,\"valueName\":\"search_term_string\"}}],\"inLanguage\":\"it-IT\"},{\"@type\":\"Person\",\"@id\":\"https:\/\/www.fondazionepirelli.org\/it\/#\/schema\/person\/c31fcf5937a0e6afa45497f3f8b6d7a0\",\"name\":\"fondazionepirelli\",\"image\":{\"@type\":\"ImageObject\",\"inLanguage\":\"it-IT\",\"@id\":\"https:\/\/www.fondazionepirelli.org\/it\/#\/schema\/person\/image\/\",\"url\":\"https:\/\/secure.gravatar.com\/avatar\/9cb486421ce1d6eddbf6c4fb66841b4325b786695f7aedf1dde2222428218696?s=96&d=mm&r=g\",\"contentUrl\":\"https:\/\/secure.gravatar.com\/avatar\/9cb486421ce1d6eddbf6c4fb66841b4325b786695f7aedf1dde2222428218696?s=96&d=mm&r=g\",\"caption\":\"fondazionepirelli\"},\"url\":\"https:\/\/www.fondazionepirelli.org\/it\/author\/fondazionepirelli\/\"}]}<\/script>\n<!-- \/ Yoast SEO plugin. -->","yoast_head_json":{"title":"La fuga dei giovani del Sud verso nord ed Europa. Riforme e investimenti per cambiare verso \u00a0 - Fondazione Pirelli","robots":{"index":"index","follow":"follow","max-snippet":"max-snippet:-1","max-image-preview":"max-image-preview:large","max-video-preview":"max-video-preview:-1"},"canonical":"https:\/\/www.fondazionepirelli.org\/it\/cultura-dimpresa\/la-fuga-dei-giovani-del-sud-verso-nord-ed-europa-riforme-e-investimenti-per-cambiare-verso\/","og_locale":"it_IT","og_type":"article","og_title":"La fuga dei giovani del Sud verso nord ed Europa. Riforme e investimenti per cambiare verso \u00a0 - Fondazione Pirelli","og_description":"Gli italiani residenti all\u2019estero, all\u2019inizio del 2023, sono quasi 6 milioni. E 1,8 milioni hanno meno di trent\u2019anni. Per raccontare i dati da un altro punto di vista, si pu\u00f2 dire che il 10,7% della popolazione giovanile nazionale vive stabilmente in un altro paese: pi\u00f9 di met\u00e0 di loro ha scelto una citt\u00e0 in Europa. [&hellip;]","og_url":"https:\/\/www.fondazionepirelli.org\/it\/cultura-dimpresa\/la-fuga-dei-giovani-del-sud-verso-nord-ed-europa-riforme-e-investimenti-per-cambiare-verso\/","og_site_name":"Fondazione Pirelli","article_published_time":"2023-02-07T09:39:34+00:00","article_modified_time":"2023-02-07T09:42:05+00:00","og_image":[{"width":4500,"height":4500,"url":"https:\/\/wpsite-assets.fondazionepirelli.org\/wp-content\/uploads\/2023\/02\/07103840\/GettyImages-1357517623.jpg","type":"image\/jpeg"}],"author":"fondazionepirelli","twitter_card":"summary_large_image","twitter_misc":{"Scritto da":"fondazionepirelli","Tempo di lettura stimato":"4 minuti"},"schema":{"@context":"https:\/\/schema.org","@graph":[{"@type":"WebPage","@id":"https:\/\/www.fondazionepirelli.org\/it\/cultura-dimpresa\/la-fuga-dei-giovani-del-sud-verso-nord-ed-europa-riforme-e-investimenti-per-cambiare-verso\/","url":"https:\/\/www.fondazionepirelli.org\/it\/cultura-dimpresa\/la-fuga-dei-giovani-del-sud-verso-nord-ed-europa-riforme-e-investimenti-per-cambiare-verso\/","name":"La fuga dei giovani del Sud verso nord ed Europa. Riforme e investimenti per cambiare verso \u00a0 - Fondazione Pirelli","isPartOf":{"@id":"https:\/\/www.fondazionepirelli.org\/it\/#website"},"primaryImageOfPage":{"@id":"https:\/\/www.fondazionepirelli.org\/it\/cultura-dimpresa\/la-fuga-dei-giovani-del-sud-verso-nord-ed-europa-riforme-e-investimenti-per-cambiare-verso\/#primaryimage"},"image":{"@id":"https:\/\/www.fondazionepirelli.org\/it\/cultura-dimpresa\/la-fuga-dei-giovani-del-sud-verso-nord-ed-europa-riforme-e-investimenti-per-cambiare-verso\/#primaryimage"},"thumbnailUrl":"https:\/\/wpsite-assets.fondazionepirelli.org\/wp-content\/uploads\/2023\/02\/07103840\/GettyImages-1357517623.jpg","datePublished":"2023-02-07T09:39:34+00:00","dateModified":"2023-02-07T09:42:05+00:00","author":{"@id":"https:\/\/www.fondazionepirelli.org\/it\/#\/schema\/person\/c31fcf5937a0e6afa45497f3f8b6d7a0"},"breadcrumb":{"@id":"https:\/\/www.fondazionepirelli.org\/it\/cultura-dimpresa\/la-fuga-dei-giovani-del-sud-verso-nord-ed-europa-riforme-e-investimenti-per-cambiare-verso\/#breadcrumb"},"inLanguage":"it-IT","potentialAction":[{"@type":"ReadAction","target":["https:\/\/www.fondazionepirelli.org\/it\/cultura-dimpresa\/la-fuga-dei-giovani-del-sud-verso-nord-ed-europa-riforme-e-investimenti-per-cambiare-verso\/"]}]},{"@type":"ImageObject","inLanguage":"it-IT","@id":"https:\/\/www.fondazionepirelli.org\/it\/cultura-dimpresa\/la-fuga-dei-giovani-del-sud-verso-nord-ed-europa-riforme-e-investimenti-per-cambiare-verso\/#primaryimage","url":"https:\/\/wpsite-assets.fondazionepirelli.org\/wp-content\/uploads\/2023\/02\/07103840\/GettyImages-1357517623.jpg","contentUrl":"https:\/\/wpsite-assets.fondazionepirelli.org\/wp-content\/uploads\/2023\/02\/07103840\/GettyImages-1357517623.jpg","width":4500,"height":4500,"caption":"Woman with a light bulb in a paper airplane. Creativity and uniqueness in business and education. Art collage."},{"@type":"BreadcrumbList","@id":"https:\/\/www.fondazionepirelli.org\/it\/cultura-dimpresa\/la-fuga-dei-giovani-del-sud-verso-nord-ed-europa-riforme-e-investimenti-per-cambiare-verso\/#breadcrumb","itemListElement":[{"@type":"ListItem","position":1,"name":"Home","item":"https:\/\/www.fondazionepirelli.org\/it\/"},{"@type":"ListItem","position":2,"name":"La fuga dei giovani del Sud verso nord ed Europa. Riforme e investimenti per cambiare verso \u00a0"}]},{"@type":"WebSite","@id":"https:\/\/www.fondazionepirelli.org\/it\/#website","url":"https:\/\/www.fondazionepirelli.org\/it\/","name":"Fondazione Pirelli","description":"","potentialAction":[{"@type":"SearchAction","target":{"@type":"EntryPoint","urlTemplate":"https:\/\/www.fondazionepirelli.org\/it\/?s={search_term_string}"},"query-input":{"@type":"PropertyValueSpecification","valueRequired":true,"valueName":"search_term_string"}}],"inLanguage":"it-IT"},{"@type":"Person","@id":"https:\/\/www.fondazionepirelli.org\/it\/#\/schema\/person\/c31fcf5937a0e6afa45497f3f8b6d7a0","name":"fondazionepirelli","image":{"@type":"ImageObject","inLanguage":"it-IT","@id":"https:\/\/www.fondazionepirelli.org\/it\/#\/schema\/person\/image\/","url":"https:\/\/secure.gravatar.com\/avatar\/9cb486421ce1d6eddbf6c4fb66841b4325b786695f7aedf1dde2222428218696?s=96&d=mm&r=g","contentUrl":"https:\/\/secure.gravatar.com\/avatar\/9cb486421ce1d6eddbf6c4fb66841b4325b786695f7aedf1dde2222428218696?s=96&d=mm&r=g","caption":"fondazionepirelli"},"url":"https:\/\/www.fondazionepirelli.org\/it\/author\/fondazionepirelli\/"}]}},"_links":{"self":[{"href":"https:\/\/www.fondazionepirelli.org\/it\/wp-json\/wp\/v2\/posts\/94264\/"}],"collection":[{"href":"https:\/\/www.fondazionepirelli.org\/it\/wp-json\/wp\/v2\/posts\/"}],"about":[{"href":"https:\/\/www.fondazionepirelli.org\/it\/wp-json\/wp\/v2\/types\/post\/"}],"author":[{"embeddable":true,"href":"https:\/\/www.fondazionepirelli.org\/it\/wp-json\/wp\/v2\/users\/9\/"}],"replies":[{"embeddable":true,"href":"https:\/\/www.fondazionepirelli.org\/it\/wp-json\/wp\/v2\/comments\/?post=94264"}],"version-history":[{"count":3,"href":"https:\/\/www.fondazionepirelli.org\/it\/wp-json\/wp\/v2\/posts\/94264\/revisions\/"}],"predecessor-version":[{"id":94277,"href":"https:\/\/www.fondazionepirelli.org\/it\/wp-json\/wp\/v2\/posts\/94264\/revisions\/94277\/"}],"wp:featuredmedia":[{"embeddable":true,"href":"https:\/\/www.fondazionepirelli.org\/it\/wp-json\/wp\/v2\/media\/94275\/"}],"wp:attachment":[{"href":"https:\/\/www.fondazionepirelli.org\/it\/wp-json\/wp\/v2\/media\/?parent=94264"}],"wp:term":[{"taxonomy":"category","embeddable":true,"href":"https:\/\/www.fondazionepirelli.org\/it\/wp-json\/wp\/v2\/categories\/?post=94264"},{"taxonomy":"post_tag","embeddable":true,"href":"https:\/\/www.fondazionepirelli.org\/it\/wp-json\/wp\/v2\/tags\/?post=94264"}],"curies":[{"name":"wp","href":"https:\/\/api.w.org\/{rel}","templated":true}]}}