{"id":94271,"date":"2023-02-07T10:39:45","date_gmt":"2023-02-07T09:39:45","guid":{"rendered":"https:\/\/www.fondazionepirelli.org\/?p=94271"},"modified":"2023-02-07T10:39:45","modified_gmt":"2023-02-07T09:39:45","slug":"limpresa-efficiente-e-sostenibile","status":"publish","type":"post","link":"https:\/\/www.fondazionepirelli.org\/it\/cultura-dimpresa\/limpresa-efficiente-e-sostenibile\/","title":{"rendered":"L\u2019impresa efficiente e sostenibile"},"content":{"rendered":"<p><em>La discussione dei grandi temi del momento dell\u2019organizzazione della produzione in una tesi discussa recentemente<\/em><\/p>\n<p><strong>\u00a0<\/strong><\/p>\n<p>Fare bene impresa con un\u2019attenzione in pi\u00f9 alla sostenibilit\u00e0 ambientale e sociale di quello che si fa. Orizzonti plurimi d\u2019azione. Che possono anche diventare un unico traguardo in grado, tra l\u2019altro, di cambiare la stessa cultura del produrre.<\/p>\n<p>E\u2019 quanto ragiona Manuel Perrenchio con \u201cImprenditoria, occupazione e sostenibilit\u00e0: la nuova frontiera del business sociale\u201d, tesi discussa presso l\u2019Universit\u00e0 della Valle d\u2019Aosta, Dipartimento di scienze umane e sociali, che fornisce un\u2019istantanea interessante di un argomento complesso e in evoluzione.<\/p>\n<p>Spiega lo stesso Perrenchio: \u201cAlla base di questo studio vi \u00e8 l\u2019analisi delle caratteristiche, delle potenzialit\u00e0 e dei margini di sviluppo del nuovo modello imprenditoriale del business sociale nel quadro del panorama socio-economico contemporaneo\u201d. Obiettivo principale dell\u2019indagine \u00e8 quello di porre \u201cattenzione sulla dimensione sociale del fenomeno e sul rapporto particolare che intercorre tra esso e l\u2019ambiente circostante\u201d. A confluire nell\u2019indagine sono temi e situazioni diverse: la sostenibilit\u00e0 ambientale ed economica, l\u2019occupazione, la tecnologia e lo sviluppo dell\u2019imprenditorialit\u00e0. Altro traguardo \u00e8 quello di dimostrare la compatibilit\u00e0 tra fini sociali dell\u2019impresa e buona gestione della stessa. Perrenchio compie quindi tre passi: prima di tutto inquadra correttamente il significato di business sociale, poi ne approfondisce le possibilit\u00e0 collegandole alla tecnologia e alla sostenibilit\u00e0 ambientale oltre che all\u2019occupazione, a chiudere l\u2019indagine \u00e8 poi un caso aziendale concreto che fornisce l\u2019occasione per una prima verifica operativa dei temi teorici.<\/p>\n<p>Scrive Perrenchio nelle sue conclusioni: \u201cIl nuovo modello del business sociale \u00e8 una tipologia d\u2019impresa dal grande potenziale operativo e funzionale, soprattutto in ottica futura, quando sar\u00e0 imperativo trovare soluzioni tempestive e concrete alle minacce dell\u2019evoluzione umana. In particolare, esso ha mostrato un\u2019incredibile efficienza tecnica nella presa in carico e nella risoluzione dei problemi sociali, maggiore rispetto ad ogni altra impresa senza scopo di lucro, spiegata per sua natura dalla grande capacit\u00e0 di adattamento ai bisogni della collettivit\u00e0. Il dinamismo del business sociale, nella sua posizione trasversale che gli permette di assorbire le caratteristiche pi\u00f9 funzionali delle altre tipologie d\u2019impresa, diventa uno strumento operativo molto appetibile in un ecosistema economico in continua evoluzione e porta con s\u00e9 tutta una serie di caratteristiche vantaggiose e innovative\u201d.<\/p>\n<p>Il lavoro di indagine condotto da Manuel Perrenchio non contiene grandi elementi di novit\u00e0 sul tema, ma ha il grande merito di fissarne una quadro utile alla sua migliore comprensione.<\/p><p><a href=\"https:\/\/wpsite-assets.fondazionepirelli.org\/wp-content\/uploads\/2023\/02\/07084312\/LING_671_PERRENCHIO_Manuel.pdf\"><strong>Imprenditoria, occupazione e sostenibilit\u00e0: la nuova frontiera del business sociale<\/strong><\/a><\/p>\n<p>Manuel Perrenchio<\/p>\n<p>Tesi, Universit\u00e0 della Valle d\u2019Aosta Universit\u00e9 de la Vall\u00e9e d\u2019Aoste. Dipartimento di scienze umane e sociali. Corso di laurea triennale in lingue e comunicazione per l\u2019impresa e il turismo, 2022<\/p>","protected":false},"excerpt":{"rendered":"<p>La discussione dei grandi temi del momento dell\u2019organizzazione della produzione in una tesi discussa recentemente \u00a0 Fare bene impresa con un\u2019attenzione in pi\u00f9 alla sostenibilit\u00e0 ambientale e sociale di quello che si fa. Orizzonti plurimi d\u2019azione. Che possono anche diventare un unico traguardo in grado, tra l\u2019altro, di cambiare la stessa cultura del produrre. E\u2019 [&hellip;]<\/p>\n","protected":false},"author":9,"featured_media":0,"comment_status":"open","ping_status":"open","sticky":false,"template":"","format":"standard","meta":{"footnotes":""},"categories":[54,52],"tags":[],"class_list":["post-94271","post","type-post","status-publish","format-standard","hentry","category-approfondimenti","category-cultura-dimpresa"],"acf":[],"yoast_head":"<!-- This site is optimized with the Yoast SEO plugin v25.0 - https:\/\/yoast.com\/wordpress\/plugins\/seo\/ -->\n<title>L\u2019impresa efficiente e sostenibile - Fondazione Pirelli<\/title>\n<meta name=\"robots\" content=\"index, follow, max-snippet:-1, max-image-preview:large, max-video-preview:-1\" \/>\n<link rel=\"canonical\" href=\"https:\/\/www.fondazionepirelli.org\/it\/cultura-dimpresa\/limpresa-efficiente-e-sostenibile\/\" \/>\n<meta property=\"og:locale\" content=\"it_IT\" \/>\n<meta property=\"og:type\" content=\"article\" \/>\n<meta property=\"og:title\" content=\"L\u2019impresa efficiente e sostenibile - Fondazione Pirelli\" \/>\n<meta property=\"og:description\" content=\"La discussione dei grandi temi del momento dell\u2019organizzazione della produzione in una tesi discussa recentemente \u00a0 Fare bene impresa con un\u2019attenzione in pi\u00f9 alla sostenibilit\u00e0 ambientale e sociale di quello che si fa. Orizzonti plurimi d\u2019azione. Che possono anche diventare un unico traguardo in grado, tra l\u2019altro, di cambiare la stessa cultura del produrre. E\u2019 [&hellip;]\" \/>\n<meta property=\"og:url\" content=\"https:\/\/www.fondazionepirelli.org\/it\/cultura-dimpresa\/limpresa-efficiente-e-sostenibile\/\" \/>\n<meta property=\"og:site_name\" content=\"Fondazione Pirelli\" \/>\n<meta property=\"article:published_time\" content=\"2023-02-07T09:39:45+00:00\" \/>\n<meta name=\"author\" content=\"fondazionepirelli\" \/>\n<meta name=\"twitter:card\" content=\"summary_large_image\" \/>\n<meta name=\"twitter:label1\" content=\"Scritto da\" \/>\n\t<meta name=\"twitter:data1\" content=\"fondazionepirelli\" \/>\n\t<meta name=\"twitter:label2\" content=\"Tempo di lettura stimato\" \/>\n\t<meta name=\"twitter:data2\" content=\"2 minuti\" \/>\n<script type=\"application\/ld+json\" class=\"yoast-schema-graph\">{\"@context\":\"https:\/\/schema.org\",\"@graph\":[{\"@type\":\"WebPage\",\"@id\":\"https:\/\/www.fondazionepirelli.org\/it\/cultura-dimpresa\/limpresa-efficiente-e-sostenibile\/\",\"url\":\"https:\/\/www.fondazionepirelli.org\/it\/cultura-dimpresa\/limpresa-efficiente-e-sostenibile\/\",\"name\":\"L\u2019impresa efficiente e sostenibile - Fondazione Pirelli\",\"isPartOf\":{\"@id\":\"https:\/\/www.fondazionepirelli.org\/it\/#website\"},\"datePublished\":\"2023-02-07T09:39:45+00:00\",\"author\":{\"@id\":\"https:\/\/www.fondazionepirelli.org\/it\/#\/schema\/person\/c31fcf5937a0e6afa45497f3f8b6d7a0\"},\"breadcrumb\":{\"@id\":\"https:\/\/www.fondazionepirelli.org\/it\/cultura-dimpresa\/limpresa-efficiente-e-sostenibile\/#breadcrumb\"},\"inLanguage\":\"it-IT\",\"potentialAction\":[{\"@type\":\"ReadAction\",\"target\":[\"https:\/\/www.fondazionepirelli.org\/it\/cultura-dimpresa\/limpresa-efficiente-e-sostenibile\/\"]}]},{\"@type\":\"BreadcrumbList\",\"@id\":\"https:\/\/www.fondazionepirelli.org\/it\/cultura-dimpresa\/limpresa-efficiente-e-sostenibile\/#breadcrumb\",\"itemListElement\":[{\"@type\":\"ListItem\",\"position\":1,\"name\":\"Home\",\"item\":\"https:\/\/www.fondazionepirelli.org\/it\/\"},{\"@type\":\"ListItem\",\"position\":2,\"name\":\"L\u2019impresa efficiente e sostenibile\"}]},{\"@type\":\"WebSite\",\"@id\":\"https:\/\/www.fondazionepirelli.org\/it\/#website\",\"url\":\"https:\/\/www.fondazionepirelli.org\/it\/\",\"name\":\"Fondazione Pirelli\",\"description\":\"\",\"potentialAction\":[{\"@type\":\"SearchAction\",\"target\":{\"@type\":\"EntryPoint\",\"urlTemplate\":\"https:\/\/www.fondazionepirelli.org\/it\/?s={search_term_string}\"},\"query-input\":{\"@type\":\"PropertyValueSpecification\",\"valueRequired\":true,\"valueName\":\"search_term_string\"}}],\"inLanguage\":\"it-IT\"},{\"@type\":\"Person\",\"@id\":\"https:\/\/www.fondazionepirelli.org\/it\/#\/schema\/person\/c31fcf5937a0e6afa45497f3f8b6d7a0\",\"name\":\"fondazionepirelli\",\"image\":{\"@type\":\"ImageObject\",\"inLanguage\":\"it-IT\",\"@id\":\"https:\/\/www.fondazionepirelli.org\/it\/#\/schema\/person\/image\/\",\"url\":\"https:\/\/secure.gravatar.com\/avatar\/9cb486421ce1d6eddbf6c4fb66841b4325b786695f7aedf1dde2222428218696?s=96&d=mm&r=g\",\"contentUrl\":\"https:\/\/secure.gravatar.com\/avatar\/9cb486421ce1d6eddbf6c4fb66841b4325b786695f7aedf1dde2222428218696?s=96&d=mm&r=g\",\"caption\":\"fondazionepirelli\"},\"url\":\"https:\/\/www.fondazionepirelli.org\/it\/author\/fondazionepirelli\/\"}]}<\/script>\n<!-- \/ Yoast SEO plugin. -->","yoast_head_json":{"title":"L\u2019impresa efficiente e sostenibile - Fondazione Pirelli","robots":{"index":"index","follow":"follow","max-snippet":"max-snippet:-1","max-image-preview":"max-image-preview:large","max-video-preview":"max-video-preview:-1"},"canonical":"https:\/\/www.fondazionepirelli.org\/it\/cultura-dimpresa\/limpresa-efficiente-e-sostenibile\/","og_locale":"it_IT","og_type":"article","og_title":"L\u2019impresa efficiente e sostenibile - Fondazione Pirelli","og_description":"La discussione dei grandi temi del momento dell\u2019organizzazione della produzione in una tesi discussa recentemente \u00a0 Fare bene impresa con un\u2019attenzione in pi\u00f9 alla sostenibilit\u00e0 ambientale e sociale di quello che si fa. Orizzonti plurimi d\u2019azione. Che possono anche diventare un unico traguardo in grado, tra l\u2019altro, di cambiare la stessa cultura del produrre. E\u2019 [&hellip;]","og_url":"https:\/\/www.fondazionepirelli.org\/it\/cultura-dimpresa\/limpresa-efficiente-e-sostenibile\/","og_site_name":"Fondazione Pirelli","article_published_time":"2023-02-07T09:39:45+00:00","author":"fondazionepirelli","twitter_card":"summary_large_image","twitter_misc":{"Scritto da":"fondazionepirelli","Tempo di lettura stimato":"2 minuti"},"schema":{"@context":"https:\/\/schema.org","@graph":[{"@type":"WebPage","@id":"https:\/\/www.fondazionepirelli.org\/it\/cultura-dimpresa\/limpresa-efficiente-e-sostenibile\/","url":"https:\/\/www.fondazionepirelli.org\/it\/cultura-dimpresa\/limpresa-efficiente-e-sostenibile\/","name":"L\u2019impresa efficiente e sostenibile - Fondazione Pirelli","isPartOf":{"@id":"https:\/\/www.fondazionepirelli.org\/it\/#website"},"datePublished":"2023-02-07T09:39:45+00:00","author":{"@id":"https:\/\/www.fondazionepirelli.org\/it\/#\/schema\/person\/c31fcf5937a0e6afa45497f3f8b6d7a0"},"breadcrumb":{"@id":"https:\/\/www.fondazionepirelli.org\/it\/cultura-dimpresa\/limpresa-efficiente-e-sostenibile\/#breadcrumb"},"inLanguage":"it-IT","potentialAction":[{"@type":"ReadAction","target":["https:\/\/www.fondazionepirelli.org\/it\/cultura-dimpresa\/limpresa-efficiente-e-sostenibile\/"]}]},{"@type":"BreadcrumbList","@id":"https:\/\/www.fondazionepirelli.org\/it\/cultura-dimpresa\/limpresa-efficiente-e-sostenibile\/#breadcrumb","itemListElement":[{"@type":"ListItem","position":1,"name":"Home","item":"https:\/\/www.fondazionepirelli.org\/it\/"},{"@type":"ListItem","position":2,"name":"L\u2019impresa efficiente e sostenibile"}]},{"@type":"WebSite","@id":"https:\/\/www.fondazionepirelli.org\/it\/#website","url":"https:\/\/www.fondazionepirelli.org\/it\/","name":"Fondazione Pirelli","description":"","potentialAction":[{"@type":"SearchAction","target":{"@type":"EntryPoint","urlTemplate":"https:\/\/www.fondazionepirelli.org\/it\/?s={search_term_string}"},"query-input":{"@type":"PropertyValueSpecification","valueRequired":true,"valueName":"search_term_string"}}],"inLanguage":"it-IT"},{"@type":"Person","@id":"https:\/\/www.fondazionepirelli.org\/it\/#\/schema\/person\/c31fcf5937a0e6afa45497f3f8b6d7a0","name":"fondazionepirelli","image":{"@type":"ImageObject","inLanguage":"it-IT","@id":"https:\/\/www.fondazionepirelli.org\/it\/#\/schema\/person\/image\/","url":"https:\/\/secure.gravatar.com\/avatar\/9cb486421ce1d6eddbf6c4fb66841b4325b786695f7aedf1dde2222428218696?s=96&d=mm&r=g","contentUrl":"https:\/\/secure.gravatar.com\/avatar\/9cb486421ce1d6eddbf6c4fb66841b4325b786695f7aedf1dde2222428218696?s=96&d=mm&r=g","caption":"fondazionepirelli"},"url":"https:\/\/www.fondazionepirelli.org\/it\/author\/fondazionepirelli\/"}]}},"_links":{"self":[{"href":"https:\/\/www.fondazionepirelli.org\/it\/wp-json\/wp\/v2\/posts\/94271\/"}],"collection":[{"href":"https:\/\/www.fondazionepirelli.org\/it\/wp-json\/wp\/v2\/posts\/"}],"about":[{"href":"https:\/\/www.fondazionepirelli.org\/it\/wp-json\/wp\/v2\/types\/post\/"}],"author":[{"embeddable":true,"href":"https:\/\/www.fondazionepirelli.org\/it\/wp-json\/wp\/v2\/users\/9\/"}],"replies":[{"embeddable":true,"href":"https:\/\/www.fondazionepirelli.org\/it\/wp-json\/wp\/v2\/comments\/?post=94271"}],"version-history":[{"count":1,"href":"https:\/\/www.fondazionepirelli.org\/it\/wp-json\/wp\/v2\/posts\/94271\/revisions\/"}],"predecessor-version":[{"id":94274,"href":"https:\/\/www.fondazionepirelli.org\/it\/wp-json\/wp\/v2\/posts\/94271\/revisions\/94274\/"}],"wp:attachment":[{"href":"https:\/\/www.fondazionepirelli.org\/it\/wp-json\/wp\/v2\/media\/?parent=94271"}],"wp:term":[{"taxonomy":"category","embeddable":true,"href":"https:\/\/www.fondazionepirelli.org\/it\/wp-json\/wp\/v2\/categories\/?post=94271"},{"taxonomy":"post_tag","embeddable":true,"href":"https:\/\/www.fondazionepirelli.org\/it\/wp-json\/wp\/v2\/tags\/?post=94271"}],"curies":[{"name":"wp","href":"https:\/\/api.w.org\/{rel}","templated":true}]}}