{"id":94343,"date":"2023-02-22T16:50:47","date_gmt":"2023-02-22T15:50:47","guid":{"rendered":"https:\/\/www.fondazionepirelli.org\/?p=94343"},"modified":"2023-04-06T15:41:16","modified_gmt":"2023-04-06T14:41:16","slug":"lumana-impresa-la-fabbrica-degli-attori","status":"publish","type":"post","link":"https:\/\/www.fondazionepirelli.org\/it\/iniziative\/lumana-impresa-la-fabbrica-degli-attori\/","title":{"rendered":"\u00a0\u201cL&#8217;umana impresa. La fabbrica degli attori\u201d"},"content":{"rendered":"<p><em>Il progetto di formazione teatrale a cura dell\u2019Associazione Pier Lombardo in collaborazione con Fondazione Pirelli entra nel vivo <\/em><\/p><p>Ha preso il via nel mese di <strong>dicembre 2022<\/strong> il progetto di formazione teatrale \u201c<a href=\"https:\/\/teatrofrancoparenti.it\/la-formazione-al-parenti\/lumana-impresa\/\"><strong>L&#8217;umana impresa. La fabbrica degli attori<\/strong><\/a>\u201d a cura dell\u2019<strong>Associazione Pier Lombardo<\/strong> in collaborazione con <strong>Fondazione Pirelli<\/strong>. L\u2019indagine, in <strong>forma teatrale<\/strong>, prender\u00e0 le mosse dalla riflessione su alcuni termini comuni sia alla cultura di impresa sia all\u2019attivit\u00e0 artistica: visione, identit\u00e0, trasformazione, ricerca, per considerare poi la capacit\u00e0 umana di creare manufatti e storie, prodotti materiali e immateriali, fino ad arrivare a toccare la questione del rapporto tra uomo e macchina.<\/p>\n<p><strong>Sei giovani<\/strong> ventenni selezionati fra i neodiplomati delle Accademie d\u2019arte drammatica di Milano avranno il compito di raccontare, partendo dalla memoria e dall\u2019esperienza raccolta nell\u2019<strong>Archivio Storico Pirelli<\/strong>, come le imprese che nascono da una visione, dall\u2019idea della societ\u00e0 che sogniamo, possono essere il motore del cambiamento. Grazie alla forza comunicativa e all\u2019immediatezza del teatro e utilizzando dialoghi, monologhi, scene corali e video, i giovani attori parleranno di scienza, ricerca, tecniche di produzione, relazioni creative tra le persone e toccheranno temi come la sostenibilit\u00e0, l\u2019economia, la lotta alle disuguaglianze, la tutela ambientale. E allo stesso tempo consolideranno il loro talento di creatori di storie, prodotti immateriali la cui finalit\u00e0 \u00e8 da sempre quella di attribuire significati a tutto ci\u00f2 che ci circonda, alle esperienze vissute, a quello che ancora ci aspetta.<\/p>\n<p><strong>Tre<\/strong> le fasi di realizzazione del progetto: la prima, conclusasi nel mese di dicembre, \u00e8 stata dedicata alla progettazione e alla selezione degli attori; la seconda fase si \u00e8 concentrata sulla formazione e sulla ricerca: quattro settimane di lavoro intensivo al <strong>Teatro Franco Parenti<\/strong> guidati dal regista <strong>Stefano de Luca<\/strong> per approfondire le tecniche dell\u2019arte scenica e tradurre in situazioni teatrali l\u2019indagine sul valore del lavoro, sull\u2019impresa industriale, commerciale e artistica. Le visite all\u2019Archivio Storico conservato in Fondazione Pirelli e la visita ai laboratori di <strong>Ricerca e Sviluppo<\/strong> di Pirelli sono state profondamente utili per comprendere meglio alcune tematiche e aspetti della cultura d\u2019impresa.<\/p>\n<p>La terza e ultima fase del progetto \u00e8 dedicata alla messa in scena dello spettacolo. Due gli appuntamenti: marted\u00ec <strong>28 marzo 2023<\/strong> ha avuto luogo uno spettacolo interattivo dedicato agli studenti delle <strong>scuole secondarie di II grado<\/strong> e alle <strong>universit\u00e0<\/strong>, che sono stati coinvolti e stimolati dalla compagnia a esprimersi sui temi dello spettacolo, portando nuovi spunti e approfondimenti. Il secondo appuntamento, aperto a tutto il pubblico, nella serata di luned\u00ec <strong>3 aprile 2023<\/strong>: un\u2019occasione, per condividere il valore sociale del teatro.<\/p>\n<p><strong>Spettacolo<\/strong><br \/>\nL\u2019UMANA IMPRESA<br \/>\nLA FABBRICA DEGLI ATTORI<br \/>\n\u00c8 diretto da Stefano de Luca<br \/>\ncon<br \/>\nTobia Dal Corso Polzot, Elia Galeotti, Lorenzo Giovannetti,<br \/>\nClaudia Grassi, Edoardo Rivoira, Emilia Tiburzi<\/p>\n<p><strong>Informazioni e prenotazioni<\/strong><br \/>\nPer la partecipazione allo spettacolo del 3 aprile collegarsi al sito<\/p>\n<p><a href=\"https:\/\/urldefense.com\/v3\/__https:\/teatrofrancoparenti.it\/spettacolo\/lumana-impresa\/__;!!AWBpCeCd!dfe07qI0mTp30Og6WbkyT7J4KB8BjE9df29yNByvhijP47WHARhviBH1ufRFJ0AS2KBQ2sLnACdtNL4xz9DCG33mLf7yizLR2tJo_gex2qla$\">https:\/\/teatrofrancoparenti.it\/spettacolo\/lumana-impresa\/<\/a><\/p>\n<p>Per informazioni: 02 59995206 \/ biglietteria@teatrofrancoparenti.it<br \/>\nTeatro Franco Parenti &#8211; Via Pier Lombardo 14 &#8211; 20135 Milano<\/p>\n<p>Vi aspettiamo<\/p><p><em>(foto della Gallery di Ilaria Maggioni e Andrea Salafia)<\/em><\/p>\n","protected":false},"excerpt":{"rendered":"<p>Il progetto di formazione teatrale a cura dell\u2019Associazione Pier Lombardo in collaborazione con Fondazione Pirelli entra nel vivo Ha preso il via nel mese di dicembre 2022 il progetto di formazione teatrale \u201cL&#8217;umana impresa. La fabbrica degli attori\u201d a cura dell\u2019Associazione Pier Lombardo in collaborazione con Fondazione Pirelli. L\u2019indagine, in forma teatrale, prender\u00e0 le mosse [&hellip;]<\/p>\n","protected":false},"author":9,"featured_media":94408,"comment_status":"open","ping_status":"open","sticky":false,"template":"","format":"standard","meta":{"footnotes":""},"categories":[60,79],"tags":[109],"class_list":["post-94343","post","type-post","status-publish","format-standard","has-post-thumbnail","hentry","category-iniziative","category-le-collaborazioni","tag-comunicare-limpresa"],"acf":[],"yoast_head":"<!-- This site is optimized with the Yoast SEO plugin v25.0 - https:\/\/yoast.com\/wordpress\/plugins\/seo\/ -->\n<title>\u00a0\u201cL&#039;umana impresa. La fabbrica degli attori\u201d - Fondazione Pirelli<\/title>\n<meta name=\"robots\" content=\"index, follow, max-snippet:-1, max-image-preview:large, max-video-preview:-1\" \/>\n<link rel=\"canonical\" href=\"https:\/\/www.fondazionepirelli.org\/it\/iniziative\/lumana-impresa-la-fabbrica-degli-attori\/\" \/>\n<meta property=\"og:locale\" content=\"it_IT\" \/>\n<meta property=\"og:type\" content=\"article\" \/>\n<meta property=\"og:title\" content=\"\u00a0\u201cL&#039;umana impresa. La fabbrica degli attori\u201d - Fondazione Pirelli\" \/>\n<meta property=\"og:description\" content=\"Il progetto di formazione teatrale a cura dell\u2019Associazione Pier Lombardo in collaborazione con Fondazione Pirelli entra nel vivo Ha preso il via nel mese di dicembre 2022 il progetto di formazione teatrale \u201cL&#8217;umana impresa. La fabbrica degli attori\u201d a cura dell\u2019Associazione Pier Lombardo in collaborazione con Fondazione Pirelli. L\u2019indagine, in forma teatrale, prender\u00e0 le mosse [&hellip;]\" \/>\n<meta property=\"og:url\" content=\"https:\/\/www.fondazionepirelli.org\/it\/iniziative\/lumana-impresa-la-fabbrica-degli-attori\/\" \/>\n<meta property=\"og:site_name\" content=\"Fondazione Pirelli\" \/>\n<meta property=\"article:published_time\" content=\"2023-02-22T15:50:47+00:00\" \/>\n<meta property=\"article:modified_time\" content=\"2023-04-06T14:41:16+00:00\" \/>\n<meta property=\"og:image\" content=\"https:\/\/wpsite-assets.fondazionepirelli.org\/wp-content\/uploads\/2023\/02\/22165005\/umana-impresa-definitivo.jpg\" \/>\n\t<meta property=\"og:image:width\" content=\"8000\" \/>\n\t<meta property=\"og:image:height\" content=\"4500\" \/>\n\t<meta property=\"og:image:type\" content=\"image\/jpeg\" \/>\n<meta name=\"author\" content=\"fondazionepirelli\" \/>\n<meta name=\"twitter:card\" content=\"summary_large_image\" \/>\n<meta name=\"twitter:label1\" content=\"Scritto da\" \/>\n\t<meta name=\"twitter:data1\" content=\"fondazionepirelli\" \/>\n\t<meta name=\"twitter:label2\" content=\"Tempo di lettura stimato\" \/>\n\t<meta name=\"twitter:data2\" content=\"2 minuti\" \/>\n<script type=\"application\/ld+json\" class=\"yoast-schema-graph\">{\"@context\":\"https:\/\/schema.org\",\"@graph\":[{\"@type\":\"WebPage\",\"@id\":\"https:\/\/www.fondazionepirelli.org\/it\/iniziative\/lumana-impresa-la-fabbrica-degli-attori\/\",\"url\":\"https:\/\/www.fondazionepirelli.org\/it\/iniziative\/lumana-impresa-la-fabbrica-degli-attori\/\",\"name\":\"\u00a0\u201cL'umana impresa. La fabbrica degli attori\u201d - Fondazione Pirelli\",\"isPartOf\":{\"@id\":\"https:\/\/www.fondazionepirelli.org\/it\/#website\"},\"primaryImageOfPage\":{\"@id\":\"https:\/\/www.fondazionepirelli.org\/it\/iniziative\/lumana-impresa-la-fabbrica-degli-attori\/#primaryimage\"},\"image\":{\"@id\":\"https:\/\/www.fondazionepirelli.org\/it\/iniziative\/lumana-impresa-la-fabbrica-degli-attori\/#primaryimage\"},\"thumbnailUrl\":\"https:\/\/wpsite-assets.fondazionepirelli.org\/wp-content\/uploads\/2023\/02\/22165005\/umana-impresa-definitivo.jpg\",\"datePublished\":\"2023-02-22T15:50:47+00:00\",\"dateModified\":\"2023-04-06T14:41:16+00:00\",\"author\":{\"@id\":\"https:\/\/www.fondazionepirelli.org\/it\/#\/schema\/person\/c31fcf5937a0e6afa45497f3f8b6d7a0\"},\"breadcrumb\":{\"@id\":\"https:\/\/www.fondazionepirelli.org\/it\/iniziative\/lumana-impresa-la-fabbrica-degli-attori\/#breadcrumb\"},\"inLanguage\":\"it-IT\",\"potentialAction\":[{\"@type\":\"ReadAction\",\"target\":[\"https:\/\/www.fondazionepirelli.org\/it\/iniziative\/lumana-impresa-la-fabbrica-degli-attori\/\"]}]},{\"@type\":\"ImageObject\",\"inLanguage\":\"it-IT\",\"@id\":\"https:\/\/www.fondazionepirelli.org\/it\/iniziative\/lumana-impresa-la-fabbrica-degli-attori\/#primaryimage\",\"url\":\"https:\/\/wpsite-assets.fondazionepirelli.org\/wp-content\/uploads\/2023\/02\/22165005\/umana-impresa-definitivo.jpg\",\"contentUrl\":\"https:\/\/wpsite-assets.fondazionepirelli.org\/wp-content\/uploads\/2023\/02\/22165005\/umana-impresa-definitivo.jpg\",\"width\":8000,\"height\":4500},{\"@type\":\"BreadcrumbList\",\"@id\":\"https:\/\/www.fondazionepirelli.org\/it\/iniziative\/lumana-impresa-la-fabbrica-degli-attori\/#breadcrumb\",\"itemListElement\":[{\"@type\":\"ListItem\",\"position\":1,\"name\":\"Home\",\"item\":\"https:\/\/www.fondazionepirelli.org\/it\/\"},{\"@type\":\"ListItem\",\"position\":2,\"name\":\"\u00a0\u201cL&#8217;umana impresa. La fabbrica degli attori\u201d\"}]},{\"@type\":\"WebSite\",\"@id\":\"https:\/\/www.fondazionepirelli.org\/it\/#website\",\"url\":\"https:\/\/www.fondazionepirelli.org\/it\/\",\"name\":\"Fondazione Pirelli\",\"description\":\"\",\"potentialAction\":[{\"@type\":\"SearchAction\",\"target\":{\"@type\":\"EntryPoint\",\"urlTemplate\":\"https:\/\/www.fondazionepirelli.org\/it\/?s={search_term_string}\"},\"query-input\":{\"@type\":\"PropertyValueSpecification\",\"valueRequired\":true,\"valueName\":\"search_term_string\"}}],\"inLanguage\":\"it-IT\"},{\"@type\":\"Person\",\"@id\":\"https:\/\/www.fondazionepirelli.org\/it\/#\/schema\/person\/c31fcf5937a0e6afa45497f3f8b6d7a0\",\"name\":\"fondazionepirelli\",\"image\":{\"@type\":\"ImageObject\",\"inLanguage\":\"it-IT\",\"@id\":\"https:\/\/www.fondazionepirelli.org\/it\/#\/schema\/person\/image\/\",\"url\":\"https:\/\/secure.gravatar.com\/avatar\/9cb486421ce1d6eddbf6c4fb66841b4325b786695f7aedf1dde2222428218696?s=96&d=mm&r=g\",\"contentUrl\":\"https:\/\/secure.gravatar.com\/avatar\/9cb486421ce1d6eddbf6c4fb66841b4325b786695f7aedf1dde2222428218696?s=96&d=mm&r=g\",\"caption\":\"fondazionepirelli\"},\"url\":\"https:\/\/www.fondazionepirelli.org\/it\/author\/fondazionepirelli\/\"}]}<\/script>\n<!-- \/ Yoast SEO plugin. -->","yoast_head_json":{"title":"\u00a0\u201cL'umana impresa. La fabbrica degli attori\u201d - Fondazione Pirelli","robots":{"index":"index","follow":"follow","max-snippet":"max-snippet:-1","max-image-preview":"max-image-preview:large","max-video-preview":"max-video-preview:-1"},"canonical":"https:\/\/www.fondazionepirelli.org\/it\/iniziative\/lumana-impresa-la-fabbrica-degli-attori\/","og_locale":"it_IT","og_type":"article","og_title":"\u00a0\u201cL'umana impresa. La fabbrica degli attori\u201d - Fondazione Pirelli","og_description":"Il progetto di formazione teatrale a cura dell\u2019Associazione Pier Lombardo in collaborazione con Fondazione Pirelli entra nel vivo Ha preso il via nel mese di dicembre 2022 il progetto di formazione teatrale \u201cL&#8217;umana impresa. La fabbrica degli attori\u201d a cura dell\u2019Associazione Pier Lombardo in collaborazione con Fondazione Pirelli. L\u2019indagine, in forma teatrale, prender\u00e0 le mosse [&hellip;]","og_url":"https:\/\/www.fondazionepirelli.org\/it\/iniziative\/lumana-impresa-la-fabbrica-degli-attori\/","og_site_name":"Fondazione Pirelli","article_published_time":"2023-02-22T15:50:47+00:00","article_modified_time":"2023-04-06T14:41:16+00:00","og_image":[{"width":8000,"height":4500,"url":"https:\/\/wpsite-assets.fondazionepirelli.org\/wp-content\/uploads\/2023\/02\/22165005\/umana-impresa-definitivo.jpg","type":"image\/jpeg"}],"author":"fondazionepirelli","twitter_card":"summary_large_image","twitter_misc":{"Scritto da":"fondazionepirelli","Tempo di lettura stimato":"2 minuti"},"schema":{"@context":"https:\/\/schema.org","@graph":[{"@type":"WebPage","@id":"https:\/\/www.fondazionepirelli.org\/it\/iniziative\/lumana-impresa-la-fabbrica-degli-attori\/","url":"https:\/\/www.fondazionepirelli.org\/it\/iniziative\/lumana-impresa-la-fabbrica-degli-attori\/","name":"\u00a0\u201cL'umana impresa. La fabbrica degli attori\u201d - Fondazione Pirelli","isPartOf":{"@id":"https:\/\/www.fondazionepirelli.org\/it\/#website"},"primaryImageOfPage":{"@id":"https:\/\/www.fondazionepirelli.org\/it\/iniziative\/lumana-impresa-la-fabbrica-degli-attori\/#primaryimage"},"image":{"@id":"https:\/\/www.fondazionepirelli.org\/it\/iniziative\/lumana-impresa-la-fabbrica-degli-attori\/#primaryimage"},"thumbnailUrl":"https:\/\/wpsite-assets.fondazionepirelli.org\/wp-content\/uploads\/2023\/02\/22165005\/umana-impresa-definitivo.jpg","datePublished":"2023-02-22T15:50:47+00:00","dateModified":"2023-04-06T14:41:16+00:00","author":{"@id":"https:\/\/www.fondazionepirelli.org\/it\/#\/schema\/person\/c31fcf5937a0e6afa45497f3f8b6d7a0"},"breadcrumb":{"@id":"https:\/\/www.fondazionepirelli.org\/it\/iniziative\/lumana-impresa-la-fabbrica-degli-attori\/#breadcrumb"},"inLanguage":"it-IT","potentialAction":[{"@type":"ReadAction","target":["https:\/\/www.fondazionepirelli.org\/it\/iniziative\/lumana-impresa-la-fabbrica-degli-attori\/"]}]},{"@type":"ImageObject","inLanguage":"it-IT","@id":"https:\/\/www.fondazionepirelli.org\/it\/iniziative\/lumana-impresa-la-fabbrica-degli-attori\/#primaryimage","url":"https:\/\/wpsite-assets.fondazionepirelli.org\/wp-content\/uploads\/2023\/02\/22165005\/umana-impresa-definitivo.jpg","contentUrl":"https:\/\/wpsite-assets.fondazionepirelli.org\/wp-content\/uploads\/2023\/02\/22165005\/umana-impresa-definitivo.jpg","width":8000,"height":4500},{"@type":"BreadcrumbList","@id":"https:\/\/www.fondazionepirelli.org\/it\/iniziative\/lumana-impresa-la-fabbrica-degli-attori\/#breadcrumb","itemListElement":[{"@type":"ListItem","position":1,"name":"Home","item":"https:\/\/www.fondazionepirelli.org\/it\/"},{"@type":"ListItem","position":2,"name":"\u00a0\u201cL&#8217;umana impresa. La fabbrica degli attori\u201d"}]},{"@type":"WebSite","@id":"https:\/\/www.fondazionepirelli.org\/it\/#website","url":"https:\/\/www.fondazionepirelli.org\/it\/","name":"Fondazione Pirelli","description":"","potentialAction":[{"@type":"SearchAction","target":{"@type":"EntryPoint","urlTemplate":"https:\/\/www.fondazionepirelli.org\/it\/?s={search_term_string}"},"query-input":{"@type":"PropertyValueSpecification","valueRequired":true,"valueName":"search_term_string"}}],"inLanguage":"it-IT"},{"@type":"Person","@id":"https:\/\/www.fondazionepirelli.org\/it\/#\/schema\/person\/c31fcf5937a0e6afa45497f3f8b6d7a0","name":"fondazionepirelli","image":{"@type":"ImageObject","inLanguage":"it-IT","@id":"https:\/\/www.fondazionepirelli.org\/it\/#\/schema\/person\/image\/","url":"https:\/\/secure.gravatar.com\/avatar\/9cb486421ce1d6eddbf6c4fb66841b4325b786695f7aedf1dde2222428218696?s=96&d=mm&r=g","contentUrl":"https:\/\/secure.gravatar.com\/avatar\/9cb486421ce1d6eddbf6c4fb66841b4325b786695f7aedf1dde2222428218696?s=96&d=mm&r=g","caption":"fondazionepirelli"},"url":"https:\/\/www.fondazionepirelli.org\/it\/author\/fondazionepirelli\/"}]}},"_links":{"self":[{"href":"https:\/\/www.fondazionepirelli.org\/it\/wp-json\/wp\/v2\/posts\/94343\/"}],"collection":[{"href":"https:\/\/www.fondazionepirelli.org\/it\/wp-json\/wp\/v2\/posts\/"}],"about":[{"href":"https:\/\/www.fondazionepirelli.org\/it\/wp-json\/wp\/v2\/types\/post\/"}],"author":[{"embeddable":true,"href":"https:\/\/www.fondazionepirelli.org\/it\/wp-json\/wp\/v2\/users\/9\/"}],"replies":[{"embeddable":true,"href":"https:\/\/www.fondazionepirelli.org\/it\/wp-json\/wp\/v2\/comments\/?post=94343"}],"version-history":[{"count":16,"href":"https:\/\/www.fondazionepirelli.org\/it\/wp-json\/wp\/v2\/posts\/94343\/revisions\/"}],"predecessor-version":[{"id":94884,"href":"https:\/\/www.fondazionepirelli.org\/it\/wp-json\/wp\/v2\/posts\/94343\/revisions\/94884\/"}],"wp:featuredmedia":[{"embeddable":true,"href":"https:\/\/www.fondazionepirelli.org\/it\/wp-json\/wp\/v2\/media\/94408\/"}],"wp:attachment":[{"href":"https:\/\/www.fondazionepirelli.org\/it\/wp-json\/wp\/v2\/media\/?parent=94343"}],"wp:term":[{"taxonomy":"category","embeddable":true,"href":"https:\/\/www.fondazionepirelli.org\/it\/wp-json\/wp\/v2\/categories\/?post=94343"},{"taxonomy":"post_tag","embeddable":true,"href":"https:\/\/www.fondazionepirelli.org\/it\/wp-json\/wp\/v2\/tags\/?post=94343"}],"curies":[{"name":"wp","href":"https:\/\/api.w.org\/{rel}","templated":true}]}}