{"id":94439,"date":"2023-02-28T08:52:23","date_gmt":"2023-02-28T07:52:23","guid":{"rendered":"https:\/\/www.fondazionepirelli.org\/?p=94439"},"modified":"2023-03-30T09:27:57","modified_gmt":"2023-03-30T08:27:57","slug":"forza-e-fragilita-delle-metropoli-tra-calo-demografico-e-costo-della-vita","status":"publish","type":"post","link":"https:\/\/www.fondazionepirelli.org\/it\/cultura-dimpresa\/forza-e-fragilita-delle-metropoli-tra-calo-demografico-e-costo-della-vita\/","title":{"rendered":"Forza e fragilit\u00e0 delle metropoli tra calo demografico e costo della vita"},"content":{"rendered":"<p>\u201c<strong>About Cities<\/strong>\u201d \u00e8 una rivista ben fatta, diretta da Fabio Brioschi e pubblicata da EuroMilano Servizi, impegnata da tempo a raccontare le<strong> mutazioni urbane e metropolitane<\/strong>, nella convinzione che proprio nelle citt\u00e0 si condensino gran parte delle energie pi\u00f9 sensibili ai temi dell\u2019innovazione, del cambiamento, del miglioramento delle condizioni di lavoro e di vita. \u201cSempre in movimento. Per parlare delle citt\u00e0 e ascoltarne la voce\u201d \u00e8 il titolo dell\u2019editoriale del nuovo numero. Che d\u00e0 spazio ad analisi teoriche e racconti di esperienze sulla mobilit\u00e0, la qualit\u00e0 della vita ma anche i contrasti e le contraddizioni che attraversano le vite dei cittadini (l\u2019eco si ritrova anche in attivit\u00e0 editoriali collegate alla rivista, come l\u2019originale \u201c<strong>Elementi di urbanistica <\/strong><em><strong>noir<\/strong>\u201d <\/em>curato da Gianni Biondillo, architetto per formazione e professione ma anche brillante scrittore appunto di <em>noir <\/em>che svelano l\u2019anima cupa e criminale che si annida dietro le \u201cmille luci\u201d della Milano ricca, <em>glamour <\/em>e modaiola).<\/p>\n<p>Ecco il punto: le citt\u00e0 sono dense di potenzialit\u00e0 di sviluppo, anche sostenibile ma, contemporaneamente, segnate da grandi fragilit\u00e0 economiche e sociali che sollecitano profonde riflessioni politiche e culturali.<\/p>\n<p>Per capire meglio, vale la pena leggere attentamente il \u201cFocus\u201d dedicato dall\u2019Istat, ai primi di febbraio, ai \u201c<strong>Profili delle citt\u00e0 metropolitan<\/strong>e\u201d in cui le due parole che abbiamo appena ricordato, \u201cpotenzialit\u00e0\u201d e \u201cfragilit\u00e0\u201d sono le principali chiavi di lettura dei fenomeni analizzati.<\/p>\n<p>Il Focus approfondisce i <strong>dati<\/strong> che riguardano le <strong>14 citt\u00e0 metropolitane<\/strong>, nate secondo le indicazioni della riforma del Titolo V della Costituzione e della legge n. 56 del 7 aprile 2014, e cio\u00e8 Torino, Milano, Venezia, Genova, Bologna, Firenze, Roma, Napoli, Bari, Reggio Calabria, Palermo, Messina, Catania e Cagliari (troppe, dicono i critici, notando che solo quattro superano i 2 milioni di abitanti: Roma con oltre 4milioni, Milano con oltre 3milioni, poi Napoli con quasi 3 e Torino).<\/p>\n<p>Se ne indicano primati e cadute. Torino \u00e8 la pi\u00f9 estesa (6.827 km quadrati), Genova la pi\u00f9 \u201cvecchia\u201d (269 anziani ogni 100 giovani) e Napoli la pi\u00f9 giovane (130 anziani ogni 100 giovani). Bologna \u00e8 la pi\u00f9 istruita (42 laureati ogni 100 residenti) e con maggiore propensione femminile al lavoro (51 donne ogni 100), Milano quella con il pi\u00f9 alto reddito per abitante (23.202 euro) e la pi\u00f9 alta densit\u00e0 imprenditoriale (106 unit\u00e0 locali ogni mille abitanti, per un totale di 346mila imprese) ma anche con la maggiore produttivit\u00e0 del lavoro (valore aggiunto per addetto, pari a 71,2mila euro), mentre Catania ha il reddito per abitante pi\u00f9 basso (9.844 euro), Messina la produttivit\u00e0 minore (29,2 mila euro) e Palermo il livello occupazionale minore (49% il tasso di occupazione tra i 25 e i 64 anni). Roma \u00e8 quella che negli ultimi vent\u2019anni ha avuto la maggiore crescita della popolazione, il 14% in pi\u00f9.<\/p>\n<p>Leggere bene i dati Istat ci indica comunque alcune tendenze di fondo: oltre 21 milioni vivono nelle aree metropolitane, mentre la maggior parte degli italiani preferiscono <strong>citt\u00e0 medie,<\/strong> paesi e borghi, caratterizzando cos\u00ec un territorio a forte urbanizzazione diffusa e con una struttura produttiva allargata \u201call\u2019ombra dei campanili\u201d, come sosteneva un grande storico dell\u2019economia, Carlo Maria Cipolla. Una struttura particolare, che consente all\u2019economia flessibilit\u00e0, creativit\u00e0, produttivit\u00e0 e competitivit\u00e0, facendo leva su una cultura diffusa del \u201cbello e ben fatto\u201d.<\/p>\n<p>Il Nord del paese, nel suo insieme, \u00e8 pi\u00f9 dinamico economicamente. E l\u00ec si condensano le maggiori opportunit\u00e0 di cambiamento. Ma \u00e8 anche l\u2019area geografica con maggiori livelli di invecchiamento: una situazione che in prospettiva apre gravi questioni politiche, economiche e di tenuta della sostenibilit\u00e0 del welfare.<\/p>\n<p>Per quel che riguarda il declino demografico in corso nel paese, le aree metropolitane ne risentono meno (-1,5% nel 2030, rispetto a -1,8% medio dell\u2019Italia) ma con posizioni fortemente diverse tra loro: Bologna (+2,9%) e Milano (+2,5%, con addirittura un +7% nel capoluogo) manterranno una crescita demografica, Roma perder\u00e0 appena lo 0,1%, mentre Napoli perder\u00e0 il 2,8% e Messina addirittura il 6%.<\/p>\n<p><strong>Lavoro, impresa e istruzione<\/strong> fanno da traino per attrarre popolazione giovane e attiva. Ma, secondo altre indagini e inchieste giornalistiche, l\u2019attrattivit\u00e0 di Milano, per esempio, deve fare i conti con problemi sempre pi\u00f9 rilevanti che riguardano i servizi, la disponibilit\u00e0 di abitazioni a prezzi accessibili (\u201cCase, Milano perde la classe media\u201d, titola il \u201cCorriere della Sera\u201d del 20 febbraio; \u201cAbitare a Milano, un incubo da far impallidire Orwell\u201d, calca la mano \u201cL\u2019Espresso\u201d del 29 gennaio), il costo della vita, le possibilit\u00e0 reali di integrazione. Fragilit\u00e0, appunto, anche in un contesto di cambiamento positivo, di sviluppo.<\/p>\n<p>Lo studio dell\u2019Istat, un\u2019analisi statistica, non ne fa oggetto di considerazione specifica. Ma proprio la lettura dei dati, tra prospettive di crescita e nodi irrisolti delle questioni sociali, indica che la questione da affrontare, a livello di governo nazionale e di amministrazioni regionali e comunali, \u00e8\u00a0 quella delle opportunit\u00e0 di sviluppo sostenibile, ambientale e sociale.<\/p>\n<p>Se le citt\u00e0 e le aree metropolitane sono quelle in cui le tendenze attuali dell\u2019economia della conoscenza indicano una prospettiva di partecipazione attiva e produttiva alle principali trasformazioni economiche e sociali, \u00e8 proprio qui che vanno giocare le carte di un \u201ccambio di paradigma\u201d dei valori dell\u2019economia. Per una economia circolare, civile, pi\u00f9 giusta ed equilibrata. Discutere \u201cabout cities\u201d, insomma, significa discutere di qualit\u00e0 della vita, della produzione, del lavoro, dei consumi, della convivenza civile. Di un nuovo e migliore spirito di comunit\u00e0, di collaborazione e di \u201ccompetizione\u201d. Ricordando appunto che \u201ccompetizione\u201d viene da \u201ccum\u201d e \u201cpetere\u201d: ricercare insieme un buon destino comune.<\/p><p><em>(foto Getty Images)<\/em><\/p>","protected":false},"excerpt":{"rendered":"<p>\u201cAbout Cities\u201d \u00e8 una rivista ben fatta, diretta da Fabio Brioschi e pubblicata da EuroMilano Servizi, impegnata da tempo a raccontare le mutazioni urbane e metropolitane, nella convinzione che proprio nelle citt\u00e0 si condensino gran parte delle energie pi\u00f9 sensibili ai temi dell\u2019innovazione, del cambiamento, del miglioramento delle condizioni di lavoro e di vita. \u201cSempre [&hellip;]<\/p>\n","protected":false},"author":9,"featured_media":94619,"comment_status":"open","ping_status":"open","sticky":false,"template":"","format":"standard","meta":{"footnotes":""},"categories":[53,52],"tags":[],"class_list":["post-94439","post","type-post","status-publish","format-standard","has-post-thumbnail","hentry","category-blog","category-cultura-dimpresa"],"acf":[],"yoast_head":"<!-- This site is optimized with the Yoast SEO plugin v25.0 - https:\/\/yoast.com\/wordpress\/plugins\/seo\/ -->\n<title>Forza e fragilit\u00e0 delle metropoli tra calo demografico e costo della vita - Fondazione Pirelli<\/title>\n<meta name=\"robots\" content=\"index, follow, max-snippet:-1, max-image-preview:large, max-video-preview:-1\" \/>\n<link rel=\"canonical\" href=\"https:\/\/www.fondazionepirelli.org\/it\/cultura-dimpresa\/forza-e-fragilita-delle-metropoli-tra-calo-demografico-e-costo-della-vita\/\" \/>\n<meta property=\"og:locale\" content=\"it_IT\" \/>\n<meta property=\"og:type\" content=\"article\" \/>\n<meta property=\"og:title\" content=\"Forza e fragilit\u00e0 delle metropoli tra calo demografico e costo della vita - Fondazione Pirelli\" \/>\n<meta property=\"og:description\" content=\"\u201cAbout Cities\u201d \u00e8 una rivista ben fatta, diretta da Fabio Brioschi e pubblicata da EuroMilano Servizi, impegnata da tempo a raccontare le mutazioni urbane e metropolitane, nella convinzione che proprio nelle citt\u00e0 si condensino gran parte delle energie pi\u00f9 sensibili ai temi dell\u2019innovazione, del cambiamento, del miglioramento delle condizioni di lavoro e di vita. \u201cSempre [&hellip;]\" \/>\n<meta property=\"og:url\" content=\"https:\/\/www.fondazionepirelli.org\/it\/cultura-dimpresa\/forza-e-fragilita-delle-metropoli-tra-calo-demografico-e-costo-della-vita\/\" \/>\n<meta property=\"og:site_name\" content=\"Fondazione Pirelli\" \/>\n<meta property=\"article:published_time\" content=\"2023-02-28T07:52:23+00:00\" \/>\n<meta property=\"article:modified_time\" content=\"2023-03-30T08:27:57+00:00\" \/>\n<meta property=\"og:image\" content=\"https:\/\/wpsite-assets.fondazionepirelli.org\/wp-content\/uploads\/2023\/02\/28085216\/GettyImages-506991154.jpg\" \/>\n\t<meta property=\"og:image:width\" content=\"7305\" \/>\n\t<meta property=\"og:image:height\" content=\"4894\" \/>\n\t<meta property=\"og:image:type\" content=\"image\/jpeg\" \/>\n<meta name=\"author\" content=\"fondazionepirelli\" \/>\n<meta name=\"twitter:card\" content=\"summary_large_image\" \/>\n<meta name=\"twitter:image\" content=\"https:\/\/wpsite-assets.fondazionepirelli.org\/wp-content\/uploads\/2023\/02\/30092625\/GettyImages-506991154-3.png\" \/>\n<meta name=\"twitter:label1\" content=\"Scritto da\" \/>\n\t<meta name=\"twitter:data1\" content=\"fondazionepirelli\" \/>\n\t<meta name=\"twitter:label2\" content=\"Tempo di lettura stimato\" \/>\n\t<meta name=\"twitter:data2\" content=\"4 minuti\" \/>\n<script type=\"application\/ld+json\" class=\"yoast-schema-graph\">{\"@context\":\"https:\/\/schema.org\",\"@graph\":[{\"@type\":\"WebPage\",\"@id\":\"https:\/\/www.fondazionepirelli.org\/it\/cultura-dimpresa\/forza-e-fragilita-delle-metropoli-tra-calo-demografico-e-costo-della-vita\/\",\"url\":\"https:\/\/www.fondazionepirelli.org\/it\/cultura-dimpresa\/forza-e-fragilita-delle-metropoli-tra-calo-demografico-e-costo-della-vita\/\",\"name\":\"Forza e fragilit\u00e0 delle metropoli tra calo demografico e costo della vita - Fondazione Pirelli\",\"isPartOf\":{\"@id\":\"https:\/\/www.fondazionepirelli.org\/it\/#website\"},\"primaryImageOfPage\":{\"@id\":\"https:\/\/www.fondazionepirelli.org\/it\/cultura-dimpresa\/forza-e-fragilita-delle-metropoli-tra-calo-demografico-e-costo-della-vita\/#primaryimage\"},\"image\":{\"@id\":\"https:\/\/www.fondazionepirelli.org\/it\/cultura-dimpresa\/forza-e-fragilita-delle-metropoli-tra-calo-demografico-e-costo-della-vita\/#primaryimage\"},\"thumbnailUrl\":\"https:\/\/wpsite-assets.fondazionepirelli.org\/wp-content\/uploads\/2023\/02\/28085216\/GettyImages-506991154.jpg\",\"datePublished\":\"2023-02-28T07:52:23+00:00\",\"dateModified\":\"2023-03-30T08:27:57+00:00\",\"author\":{\"@id\":\"https:\/\/www.fondazionepirelli.org\/it\/#\/schema\/person\/c31fcf5937a0e6afa45497f3f8b6d7a0\"},\"breadcrumb\":{\"@id\":\"https:\/\/www.fondazionepirelli.org\/it\/cultura-dimpresa\/forza-e-fragilita-delle-metropoli-tra-calo-demografico-e-costo-della-vita\/#breadcrumb\"},\"inLanguage\":\"it-IT\",\"potentialAction\":[{\"@type\":\"ReadAction\",\"target\":[\"https:\/\/www.fondazionepirelli.org\/it\/cultura-dimpresa\/forza-e-fragilita-delle-metropoli-tra-calo-demografico-e-costo-della-vita\/\"]}]},{\"@type\":\"ImageObject\",\"inLanguage\":\"it-IT\",\"@id\":\"https:\/\/www.fondazionepirelli.org\/it\/cultura-dimpresa\/forza-e-fragilita-delle-metropoli-tra-calo-demografico-e-costo-della-vita\/#primaryimage\",\"url\":\"https:\/\/wpsite-assets.fondazionepirelli.org\/wp-content\/uploads\/2023\/02\/28085216\/GettyImages-506991154.jpg\",\"contentUrl\":\"https:\/\/wpsite-assets.fondazionepirelli.org\/wp-content\/uploads\/2023\/02\/28085216\/GettyImages-506991154.jpg\",\"width\":7305,\"height\":4894,\"caption\":\"View of the new buildings in the square Gae Aulenti and Corso Como in Porta Nuova area.\"},{\"@type\":\"BreadcrumbList\",\"@id\":\"https:\/\/www.fondazionepirelli.org\/it\/cultura-dimpresa\/forza-e-fragilita-delle-metropoli-tra-calo-demografico-e-costo-della-vita\/#breadcrumb\",\"itemListElement\":[{\"@type\":\"ListItem\",\"position\":1,\"name\":\"Home\",\"item\":\"https:\/\/www.fondazionepirelli.org\/it\/\"},{\"@type\":\"ListItem\",\"position\":2,\"name\":\"Forza e fragilit\u00e0 delle metropoli tra calo demografico e costo della vita\"}]},{\"@type\":\"WebSite\",\"@id\":\"https:\/\/www.fondazionepirelli.org\/it\/#website\",\"url\":\"https:\/\/www.fondazionepirelli.org\/it\/\",\"name\":\"Fondazione Pirelli\",\"description\":\"\",\"potentialAction\":[{\"@type\":\"SearchAction\",\"target\":{\"@type\":\"EntryPoint\",\"urlTemplate\":\"https:\/\/www.fondazionepirelli.org\/it\/?s={search_term_string}\"},\"query-input\":{\"@type\":\"PropertyValueSpecification\",\"valueRequired\":true,\"valueName\":\"search_term_string\"}}],\"inLanguage\":\"it-IT\"},{\"@type\":\"Person\",\"@id\":\"https:\/\/www.fondazionepirelli.org\/it\/#\/schema\/person\/c31fcf5937a0e6afa45497f3f8b6d7a0\",\"name\":\"fondazionepirelli\",\"image\":{\"@type\":\"ImageObject\",\"inLanguage\":\"it-IT\",\"@id\":\"https:\/\/www.fondazionepirelli.org\/it\/#\/schema\/person\/image\/\",\"url\":\"https:\/\/secure.gravatar.com\/avatar\/9cb486421ce1d6eddbf6c4fb66841b4325b786695f7aedf1dde2222428218696?s=96&d=mm&r=g\",\"contentUrl\":\"https:\/\/secure.gravatar.com\/avatar\/9cb486421ce1d6eddbf6c4fb66841b4325b786695f7aedf1dde2222428218696?s=96&d=mm&r=g\",\"caption\":\"fondazionepirelli\"},\"url\":\"https:\/\/www.fondazionepirelli.org\/it\/author\/fondazionepirelli\/\"}]}<\/script>\n<!-- \/ Yoast SEO plugin. -->","yoast_head_json":{"title":"Forza e fragilit\u00e0 delle metropoli tra calo demografico e costo della vita - Fondazione Pirelli","robots":{"index":"index","follow":"follow","max-snippet":"max-snippet:-1","max-image-preview":"max-image-preview:large","max-video-preview":"max-video-preview:-1"},"canonical":"https:\/\/www.fondazionepirelli.org\/it\/cultura-dimpresa\/forza-e-fragilita-delle-metropoli-tra-calo-demografico-e-costo-della-vita\/","og_locale":"it_IT","og_type":"article","og_title":"Forza e fragilit\u00e0 delle metropoli tra calo demografico e costo della vita - Fondazione Pirelli","og_description":"\u201cAbout Cities\u201d \u00e8 una rivista ben fatta, diretta da Fabio Brioschi e pubblicata da EuroMilano Servizi, impegnata da tempo a raccontare le mutazioni urbane e metropolitane, nella convinzione che proprio nelle citt\u00e0 si condensino gran parte delle energie pi\u00f9 sensibili ai temi dell\u2019innovazione, del cambiamento, del miglioramento delle condizioni di lavoro e di vita. \u201cSempre [&hellip;]","og_url":"https:\/\/www.fondazionepirelli.org\/it\/cultura-dimpresa\/forza-e-fragilita-delle-metropoli-tra-calo-demografico-e-costo-della-vita\/","og_site_name":"Fondazione Pirelli","article_published_time":"2023-02-28T07:52:23+00:00","article_modified_time":"2023-03-30T08:27:57+00:00","og_image":[{"width":7305,"height":4894,"url":"https:\/\/wpsite-assets.fondazionepirelli.org\/wp-content\/uploads\/2023\/02\/28085216\/GettyImages-506991154.jpg","type":"image\/jpeg"}],"author":"fondazionepirelli","twitter_card":"summary_large_image","twitter_image":"https:\/\/wpsite-assets.fondazionepirelli.org\/wp-content\/uploads\/2023\/02\/30092625\/GettyImages-506991154-3.png","twitter_misc":{"Scritto da":"fondazionepirelli","Tempo di lettura stimato":"4 minuti"},"schema":{"@context":"https:\/\/schema.org","@graph":[{"@type":"WebPage","@id":"https:\/\/www.fondazionepirelli.org\/it\/cultura-dimpresa\/forza-e-fragilita-delle-metropoli-tra-calo-demografico-e-costo-della-vita\/","url":"https:\/\/www.fondazionepirelli.org\/it\/cultura-dimpresa\/forza-e-fragilita-delle-metropoli-tra-calo-demografico-e-costo-della-vita\/","name":"Forza e fragilit\u00e0 delle metropoli tra calo demografico e costo della vita - Fondazione Pirelli","isPartOf":{"@id":"https:\/\/www.fondazionepirelli.org\/it\/#website"},"primaryImageOfPage":{"@id":"https:\/\/www.fondazionepirelli.org\/it\/cultura-dimpresa\/forza-e-fragilita-delle-metropoli-tra-calo-demografico-e-costo-della-vita\/#primaryimage"},"image":{"@id":"https:\/\/www.fondazionepirelli.org\/it\/cultura-dimpresa\/forza-e-fragilita-delle-metropoli-tra-calo-demografico-e-costo-della-vita\/#primaryimage"},"thumbnailUrl":"https:\/\/wpsite-assets.fondazionepirelli.org\/wp-content\/uploads\/2023\/02\/28085216\/GettyImages-506991154.jpg","datePublished":"2023-02-28T07:52:23+00:00","dateModified":"2023-03-30T08:27:57+00:00","author":{"@id":"https:\/\/www.fondazionepirelli.org\/it\/#\/schema\/person\/c31fcf5937a0e6afa45497f3f8b6d7a0"},"breadcrumb":{"@id":"https:\/\/www.fondazionepirelli.org\/it\/cultura-dimpresa\/forza-e-fragilita-delle-metropoli-tra-calo-demografico-e-costo-della-vita\/#breadcrumb"},"inLanguage":"it-IT","potentialAction":[{"@type":"ReadAction","target":["https:\/\/www.fondazionepirelli.org\/it\/cultura-dimpresa\/forza-e-fragilita-delle-metropoli-tra-calo-demografico-e-costo-della-vita\/"]}]},{"@type":"ImageObject","inLanguage":"it-IT","@id":"https:\/\/www.fondazionepirelli.org\/it\/cultura-dimpresa\/forza-e-fragilita-delle-metropoli-tra-calo-demografico-e-costo-della-vita\/#primaryimage","url":"https:\/\/wpsite-assets.fondazionepirelli.org\/wp-content\/uploads\/2023\/02\/28085216\/GettyImages-506991154.jpg","contentUrl":"https:\/\/wpsite-assets.fondazionepirelli.org\/wp-content\/uploads\/2023\/02\/28085216\/GettyImages-506991154.jpg","width":7305,"height":4894,"caption":"View of the new buildings in the square Gae Aulenti and Corso Como in Porta Nuova area."},{"@type":"BreadcrumbList","@id":"https:\/\/www.fondazionepirelli.org\/it\/cultura-dimpresa\/forza-e-fragilita-delle-metropoli-tra-calo-demografico-e-costo-della-vita\/#breadcrumb","itemListElement":[{"@type":"ListItem","position":1,"name":"Home","item":"https:\/\/www.fondazionepirelli.org\/it\/"},{"@type":"ListItem","position":2,"name":"Forza e fragilit\u00e0 delle metropoli tra calo demografico e costo della vita"}]},{"@type":"WebSite","@id":"https:\/\/www.fondazionepirelli.org\/it\/#website","url":"https:\/\/www.fondazionepirelli.org\/it\/","name":"Fondazione Pirelli","description":"","potentialAction":[{"@type":"SearchAction","target":{"@type":"EntryPoint","urlTemplate":"https:\/\/www.fondazionepirelli.org\/it\/?s={search_term_string}"},"query-input":{"@type":"PropertyValueSpecification","valueRequired":true,"valueName":"search_term_string"}}],"inLanguage":"it-IT"},{"@type":"Person","@id":"https:\/\/www.fondazionepirelli.org\/it\/#\/schema\/person\/c31fcf5937a0e6afa45497f3f8b6d7a0","name":"fondazionepirelli","image":{"@type":"ImageObject","inLanguage":"it-IT","@id":"https:\/\/www.fondazionepirelli.org\/it\/#\/schema\/person\/image\/","url":"https:\/\/secure.gravatar.com\/avatar\/9cb486421ce1d6eddbf6c4fb66841b4325b786695f7aedf1dde2222428218696?s=96&d=mm&r=g","contentUrl":"https:\/\/secure.gravatar.com\/avatar\/9cb486421ce1d6eddbf6c4fb66841b4325b786695f7aedf1dde2222428218696?s=96&d=mm&r=g","caption":"fondazionepirelli"},"url":"https:\/\/www.fondazionepirelli.org\/it\/author\/fondazionepirelli\/"}]}},"_links":{"self":[{"href":"https:\/\/www.fondazionepirelli.org\/it\/wp-json\/wp\/v2\/posts\/94439\/"}],"collection":[{"href":"https:\/\/www.fondazionepirelli.org\/it\/wp-json\/wp\/v2\/posts\/"}],"about":[{"href":"https:\/\/www.fondazionepirelli.org\/it\/wp-json\/wp\/v2\/types\/post\/"}],"author":[{"embeddable":true,"href":"https:\/\/www.fondazionepirelli.org\/it\/wp-json\/wp\/v2\/users\/9\/"}],"replies":[{"embeddable":true,"href":"https:\/\/www.fondazionepirelli.org\/it\/wp-json\/wp\/v2\/comments\/?post=94439"}],"version-history":[{"count":4,"href":"https:\/\/www.fondazionepirelli.org\/it\/wp-json\/wp\/v2\/posts\/94439\/revisions\/"}],"predecessor-version":[{"id":94621,"href":"https:\/\/www.fondazionepirelli.org\/it\/wp-json\/wp\/v2\/posts\/94439\/revisions\/94621\/"}],"wp:featuredmedia":[{"embeddable":true,"href":"https:\/\/www.fondazionepirelli.org\/it\/wp-json\/wp\/v2\/media\/94619\/"}],"wp:attachment":[{"href":"https:\/\/www.fondazionepirelli.org\/it\/wp-json\/wp\/v2\/media\/?parent=94439"}],"wp:term":[{"taxonomy":"category","embeddable":true,"href":"https:\/\/www.fondazionepirelli.org\/it\/wp-json\/wp\/v2\/categories\/?post=94439"},{"taxonomy":"post_tag","embeddable":true,"href":"https:\/\/www.fondazionepirelli.org\/it\/wp-json\/wp\/v2\/tags\/?post=94439"}],"curies":[{"name":"wp","href":"https:\/\/api.w.org\/{rel}","templated":true}]}}