{"id":94674,"date":"2023-03-07T11:32:56","date_gmt":"2023-03-07T10:32:56","guid":{"rendered":"https:\/\/www.fondazionepirelli.org\/?p=94674"},"modified":"2023-03-13T16:03:15","modified_gmt":"2023-03-13T15:03:15","slug":"complessita-e-cambiamento-tutti-coinvolti","status":"publish","type":"post","link":"https:\/\/www.fondazionepirelli.org\/it\/cultura-dimpresa\/complessita-e-cambiamento-tutti-coinvolti\/","title":{"rendered":"Complessit\u00e0 e cambiamento, tutti coinvolti"},"content":{"rendered":"<p><em>Una ricerca appena pubblicata cerca di delineare un percorso verso prospettive economiche diverse e pi\u00f9 inclusive<\/em><\/p><p>Cambiare passo e paradigmi di riferimento. Necessit\u00e0 pi\u00f9 che urgente di fronte alla complessit\u00e0 che pervade ogni forma di aggregazione sociale e di produzione. E quindi avere mappe per orientarsi. E strumenti per capire. \u00c8 tutto sommato questo l\u2019obiettivo del contributo di Maria Mirabelli, Vincenzo Fortunato e \u00a0Antonio Martin Artiles apparso recentemente su \u201cSOCIET\u00c0 MUTAMENTO POLITICA. Rivista italiana di sociologia\u201d.<\/p>\n<p>\u201cGlobalizzazione, disuguaglianze e nuovi approcci verso un modello di capitalismo sostenibile\u201d prende le mosse da una considerazione di fondo: la variet\u00e0 attuale dei capitalismi e delle loro evoluzioni. Lo sguardo, poi, viene posto \u201call&#8217;esperienza italiana, in un contesto di crescente incertezza e disuguaglianze\u201d e quindi sui \u201cprincipali cambiamenti socio-economici e sul loro impatto sulla economia e societ\u00e0\u201d. Cambiamento oppure trasformazione, sono quindi i vocaboli-guida della ricerca che approfondisce prima le relazioni tra globalizzazione e trasformazioni del lavoro, poi il tema collegato dei rischi sociali e delle <em>governance <\/em>possibili per passare quindi a quello delle disuguaglianze. La prospettiva \u00e8 quella di \u201cpercorsi possibili \u2013 viene sottolineato dagli autori -, cos\u00ec come pratiche complementari o addirittura alternative che mantengono insieme economia e societ\u00e0 per iniziare una nuova era pi\u00f9 sostenibile, sociale e il capitalismo inclusivo\u201d. Per Mirabelli, Fortunato e Artiles l\u2019idea \u201ccentrale \u00e8 che i mercati auto-regolamentati non funzionano perfettamente; le loro deficienze, non solo nei loro meccanismi interni, ma anche nelle loro conseguenze per le persone meno avvantaggiate, sono cos\u00ec grandi che l&#8217;intervento statale diventa necessarie e che il ritmo del cambiamento \u00e8 di fondamentale importanza nel determinarle conseguenze\u201d.<\/p>\n<p>Cambio di passo urgente, dunque, sostengono i tre autori. Che riconoscono tuttavia la difficolt\u00e0 del traguardo da raggiungere e la necessit\u00e0 di coinvolgere pi\u00f9 attori del sistema economico e sociale. L\u2019indagine di Mirabelli, Fortunato e Artiles non fornisce ricette preconfezionate e nemmeno deve essere necessariamente accolta senza riserve, ma pone considerazioni utili per tutti.<\/p><p><a href=\"https:\/\/wpsite-assets.fondazionepirelli.org\/wp-content\/uploads\/2023\/03\/13160226\/13856-Article-Text-27001-1-10-20230216.pdf\"><strong>Globalizzazione, disuguaglianze e nuovi approcci verso un modello di capitalismo sostenibile <\/strong><\/a><\/p>\n<p>Maria Mirabelli, Vincenzo Fortunato, Antonio Martin Artiles<\/p>\n<p>SOCIET\u00c0 MUTAMENTO POLITICA. Rivista italiana di sociologia, 13(25): 23-35, 2022<\/p>","protected":false},"excerpt":{"rendered":"<p>Una ricerca appena pubblicata cerca di delineare un percorso verso prospettive economiche diverse e pi\u00f9 inclusiveCambiare passo e paradigmi di riferimento. Necessit\u00e0 pi\u00f9 che urgente di fronte alla complessit\u00e0 che pervade ogni forma di aggregazione sociale e di produzione. E quindi avere mappe per orientarsi. E strumenti per capire. \u00c8 tutto sommato questo l\u2019obiettivo del [&hellip;]<\/p>\n","protected":false},"author":9,"featured_media":0,"comment_status":"open","ping_status":"open","sticky":false,"template":"","format":"standard","meta":{"footnotes":""},"categories":[54,52],"tags":[],"class_list":["post-94674","post","type-post","status-publish","format-standard","hentry","category-approfondimenti","category-cultura-dimpresa"],"acf":[],"yoast_head":"<!-- This site is optimized with the Yoast SEO plugin v25.0 - https:\/\/yoast.com\/wordpress\/plugins\/seo\/ -->\n<title>Complessit\u00e0 e cambiamento, tutti coinvolti - Fondazione Pirelli<\/title>\n<meta name=\"robots\" content=\"index, follow, max-snippet:-1, max-image-preview:large, max-video-preview:-1\" \/>\n<link rel=\"canonical\" href=\"https:\/\/www.fondazionepirelli.org\/it\/cultura-dimpresa\/complessita-e-cambiamento-tutti-coinvolti\/\" \/>\n<meta property=\"og:locale\" content=\"it_IT\" \/>\n<meta property=\"og:type\" content=\"article\" \/>\n<meta property=\"og:title\" content=\"Complessit\u00e0 e cambiamento, tutti coinvolti - Fondazione Pirelli\" \/>\n<meta property=\"og:description\" content=\"Una ricerca appena pubblicata cerca di delineare un percorso verso prospettive economiche diverse e pi\u00f9 inclusiveCambiare passo e paradigmi di riferimento. Necessit\u00e0 pi\u00f9 che urgente di fronte alla complessit\u00e0 che pervade ogni forma di aggregazione sociale e di produzione. E quindi avere mappe per orientarsi. E strumenti per capire. \u00c8 tutto sommato questo l\u2019obiettivo del [&hellip;]\" \/>\n<meta property=\"og:url\" content=\"https:\/\/www.fondazionepirelli.org\/it\/cultura-dimpresa\/complessita-e-cambiamento-tutti-coinvolti\/\" \/>\n<meta property=\"og:site_name\" content=\"Fondazione Pirelli\" \/>\n<meta property=\"article:published_time\" content=\"2023-03-07T10:32:56+00:00\" \/>\n<meta property=\"article:modified_time\" content=\"2023-03-13T15:03:15+00:00\" \/>\n<meta name=\"author\" content=\"fondazionepirelli\" \/>\n<meta name=\"twitter:card\" content=\"summary_large_image\" \/>\n<meta name=\"twitter:label1\" content=\"Scritto da\" \/>\n\t<meta name=\"twitter:data1\" content=\"fondazionepirelli\" \/>\n\t<meta name=\"twitter:label2\" content=\"Tempo di lettura stimato\" \/>\n\t<meta name=\"twitter:data2\" content=\"2 minuti\" \/>\n<script type=\"application\/ld+json\" class=\"yoast-schema-graph\">{\"@context\":\"https:\/\/schema.org\",\"@graph\":[{\"@type\":\"WebPage\",\"@id\":\"https:\/\/www.fondazionepirelli.org\/it\/cultura-dimpresa\/complessita-e-cambiamento-tutti-coinvolti\/\",\"url\":\"https:\/\/www.fondazionepirelli.org\/it\/cultura-dimpresa\/complessita-e-cambiamento-tutti-coinvolti\/\",\"name\":\"Complessit\u00e0 e cambiamento, tutti coinvolti - Fondazione Pirelli\",\"isPartOf\":{\"@id\":\"https:\/\/www.fondazionepirelli.org\/it\/#website\"},\"datePublished\":\"2023-03-07T10:32:56+00:00\",\"dateModified\":\"2023-03-13T15:03:15+00:00\",\"author\":{\"@id\":\"https:\/\/www.fondazionepirelli.org\/it\/#\/schema\/person\/c31fcf5937a0e6afa45497f3f8b6d7a0\"},\"breadcrumb\":{\"@id\":\"https:\/\/www.fondazionepirelli.org\/it\/cultura-dimpresa\/complessita-e-cambiamento-tutti-coinvolti\/#breadcrumb\"},\"inLanguage\":\"it-IT\",\"potentialAction\":[{\"@type\":\"ReadAction\",\"target\":[\"https:\/\/www.fondazionepirelli.org\/it\/cultura-dimpresa\/complessita-e-cambiamento-tutti-coinvolti\/\"]}]},{\"@type\":\"BreadcrumbList\",\"@id\":\"https:\/\/www.fondazionepirelli.org\/it\/cultura-dimpresa\/complessita-e-cambiamento-tutti-coinvolti\/#breadcrumb\",\"itemListElement\":[{\"@type\":\"ListItem\",\"position\":1,\"name\":\"Home\",\"item\":\"https:\/\/www.fondazionepirelli.org\/it\/\"},{\"@type\":\"ListItem\",\"position\":2,\"name\":\"Complessit\u00e0 e cambiamento, tutti coinvolti\"}]},{\"@type\":\"WebSite\",\"@id\":\"https:\/\/www.fondazionepirelli.org\/it\/#website\",\"url\":\"https:\/\/www.fondazionepirelli.org\/it\/\",\"name\":\"Fondazione Pirelli\",\"description\":\"\",\"potentialAction\":[{\"@type\":\"SearchAction\",\"target\":{\"@type\":\"EntryPoint\",\"urlTemplate\":\"https:\/\/www.fondazionepirelli.org\/it\/?s={search_term_string}\"},\"query-input\":{\"@type\":\"PropertyValueSpecification\",\"valueRequired\":true,\"valueName\":\"search_term_string\"}}],\"inLanguage\":\"it-IT\"},{\"@type\":\"Person\",\"@id\":\"https:\/\/www.fondazionepirelli.org\/it\/#\/schema\/person\/c31fcf5937a0e6afa45497f3f8b6d7a0\",\"name\":\"fondazionepirelli\",\"image\":{\"@type\":\"ImageObject\",\"inLanguage\":\"it-IT\",\"@id\":\"https:\/\/www.fondazionepirelli.org\/it\/#\/schema\/person\/image\/\",\"url\":\"https:\/\/secure.gravatar.com\/avatar\/9cb486421ce1d6eddbf6c4fb66841b4325b786695f7aedf1dde2222428218696?s=96&d=mm&r=g\",\"contentUrl\":\"https:\/\/secure.gravatar.com\/avatar\/9cb486421ce1d6eddbf6c4fb66841b4325b786695f7aedf1dde2222428218696?s=96&d=mm&r=g\",\"caption\":\"fondazionepirelli\"},\"url\":\"https:\/\/www.fondazionepirelli.org\/it\/author\/fondazionepirelli\/\"}]}<\/script>\n<!-- \/ Yoast SEO plugin. -->","yoast_head_json":{"title":"Complessit\u00e0 e cambiamento, tutti coinvolti - Fondazione Pirelli","robots":{"index":"index","follow":"follow","max-snippet":"max-snippet:-1","max-image-preview":"max-image-preview:large","max-video-preview":"max-video-preview:-1"},"canonical":"https:\/\/www.fondazionepirelli.org\/it\/cultura-dimpresa\/complessita-e-cambiamento-tutti-coinvolti\/","og_locale":"it_IT","og_type":"article","og_title":"Complessit\u00e0 e cambiamento, tutti coinvolti - Fondazione Pirelli","og_description":"Una ricerca appena pubblicata cerca di delineare un percorso verso prospettive economiche diverse e pi\u00f9 inclusiveCambiare passo e paradigmi di riferimento. Necessit\u00e0 pi\u00f9 che urgente di fronte alla complessit\u00e0 che pervade ogni forma di aggregazione sociale e di produzione. E quindi avere mappe per orientarsi. E strumenti per capire. \u00c8 tutto sommato questo l\u2019obiettivo del [&hellip;]","og_url":"https:\/\/www.fondazionepirelli.org\/it\/cultura-dimpresa\/complessita-e-cambiamento-tutti-coinvolti\/","og_site_name":"Fondazione Pirelli","article_published_time":"2023-03-07T10:32:56+00:00","article_modified_time":"2023-03-13T15:03:15+00:00","author":"fondazionepirelli","twitter_card":"summary_large_image","twitter_misc":{"Scritto da":"fondazionepirelli","Tempo di lettura stimato":"2 minuti"},"schema":{"@context":"https:\/\/schema.org","@graph":[{"@type":"WebPage","@id":"https:\/\/www.fondazionepirelli.org\/it\/cultura-dimpresa\/complessita-e-cambiamento-tutti-coinvolti\/","url":"https:\/\/www.fondazionepirelli.org\/it\/cultura-dimpresa\/complessita-e-cambiamento-tutti-coinvolti\/","name":"Complessit\u00e0 e cambiamento, tutti coinvolti - Fondazione Pirelli","isPartOf":{"@id":"https:\/\/www.fondazionepirelli.org\/it\/#website"},"datePublished":"2023-03-07T10:32:56+00:00","dateModified":"2023-03-13T15:03:15+00:00","author":{"@id":"https:\/\/www.fondazionepirelli.org\/it\/#\/schema\/person\/c31fcf5937a0e6afa45497f3f8b6d7a0"},"breadcrumb":{"@id":"https:\/\/www.fondazionepirelli.org\/it\/cultura-dimpresa\/complessita-e-cambiamento-tutti-coinvolti\/#breadcrumb"},"inLanguage":"it-IT","potentialAction":[{"@type":"ReadAction","target":["https:\/\/www.fondazionepirelli.org\/it\/cultura-dimpresa\/complessita-e-cambiamento-tutti-coinvolti\/"]}]},{"@type":"BreadcrumbList","@id":"https:\/\/www.fondazionepirelli.org\/it\/cultura-dimpresa\/complessita-e-cambiamento-tutti-coinvolti\/#breadcrumb","itemListElement":[{"@type":"ListItem","position":1,"name":"Home","item":"https:\/\/www.fondazionepirelli.org\/it\/"},{"@type":"ListItem","position":2,"name":"Complessit\u00e0 e cambiamento, tutti coinvolti"}]},{"@type":"WebSite","@id":"https:\/\/www.fondazionepirelli.org\/it\/#website","url":"https:\/\/www.fondazionepirelli.org\/it\/","name":"Fondazione Pirelli","description":"","potentialAction":[{"@type":"SearchAction","target":{"@type":"EntryPoint","urlTemplate":"https:\/\/www.fondazionepirelli.org\/it\/?s={search_term_string}"},"query-input":{"@type":"PropertyValueSpecification","valueRequired":true,"valueName":"search_term_string"}}],"inLanguage":"it-IT"},{"@type":"Person","@id":"https:\/\/www.fondazionepirelli.org\/it\/#\/schema\/person\/c31fcf5937a0e6afa45497f3f8b6d7a0","name":"fondazionepirelli","image":{"@type":"ImageObject","inLanguage":"it-IT","@id":"https:\/\/www.fondazionepirelli.org\/it\/#\/schema\/person\/image\/","url":"https:\/\/secure.gravatar.com\/avatar\/9cb486421ce1d6eddbf6c4fb66841b4325b786695f7aedf1dde2222428218696?s=96&d=mm&r=g","contentUrl":"https:\/\/secure.gravatar.com\/avatar\/9cb486421ce1d6eddbf6c4fb66841b4325b786695f7aedf1dde2222428218696?s=96&d=mm&r=g","caption":"fondazionepirelli"},"url":"https:\/\/www.fondazionepirelli.org\/it\/author\/fondazionepirelli\/"}]}},"_links":{"self":[{"href":"https:\/\/www.fondazionepirelli.org\/it\/wp-json\/wp\/v2\/posts\/94674\/"}],"collection":[{"href":"https:\/\/www.fondazionepirelli.org\/it\/wp-json\/wp\/v2\/posts\/"}],"about":[{"href":"https:\/\/www.fondazionepirelli.org\/it\/wp-json\/wp\/v2\/types\/post\/"}],"author":[{"embeddable":true,"href":"https:\/\/www.fondazionepirelli.org\/it\/wp-json\/wp\/v2\/users\/9\/"}],"replies":[{"embeddable":true,"href":"https:\/\/www.fondazionepirelli.org\/it\/wp-json\/wp\/v2\/comments\/?post=94674"}],"version-history":[{"count":3,"href":"https:\/\/www.fondazionepirelli.org\/it\/wp-json\/wp\/v2\/posts\/94674\/revisions\/"}],"predecessor-version":[{"id":94731,"href":"https:\/\/www.fondazionepirelli.org\/it\/wp-json\/wp\/v2\/posts\/94674\/revisions\/94731\/"}],"wp:attachment":[{"href":"https:\/\/www.fondazionepirelli.org\/it\/wp-json\/wp\/v2\/media\/?parent=94674"}],"wp:term":[{"taxonomy":"category","embeddable":true,"href":"https:\/\/www.fondazionepirelli.org\/it\/wp-json\/wp\/v2\/categories\/?post=94674"},{"taxonomy":"post_tag","embeddable":true,"href":"https:\/\/www.fondazionepirelli.org\/it\/wp-json\/wp\/v2\/tags\/?post=94674"}],"curies":[{"name":"wp","href":"https:\/\/api.w.org\/{rel}","templated":true}]}}