{"id":94676,"date":"2023-03-07T11:31:13","date_gmt":"2023-03-07T10:31:13","guid":{"rendered":"https:\/\/www.fondazionepirelli.org\/?p=94676"},"modified":"2023-03-13T15:26:00","modified_gmt":"2023-03-13T14:26:00","slug":"macchine-intelligenti-il-tema-dellintelligenza-artificiale-raccontato-correttamente-e-chiaramente","status":"publish","type":"post","link":"https:\/\/www.fondazionepirelli.org\/it\/cultura-dimpresa\/macchine-intelligenti-il-tema-dellintelligenza-artificiale-raccontato-correttamente-e-chiaramente\/","title":{"rendered":"Macchine intelligenti?"},"content":{"rendered":"<p><em>Il tema dell\u2019Intelligenza Artificiale raccontato correttamente e chiaramente<\/em><\/p><p>Comprendere l\u2019Intelligenza Artificiale per usarla meglio e con maggior profitto. Anche dal punto di vista umano. Si tratta di uno dei compiti pi\u00f9 importanti di fronte al quale ci troviamo un po\u2019 tutti. Anche le imprese e chi le deve gestire. Ancora una volta, \u00e8 necessario iniziare dalla comprensione, per poi passare alla migliore gestione possibile. Per questo serve leggere \u2013 e molto -, \u201cLa scorciatoia. Come le macchine sono diventate intelligenti senza pensare in modo umano\u201d, la pi\u00f9 recente fatica letteraria di Nello Cristianini che in poco pi\u00f9 di duecento pagine fornisce una guida sicura ad un argomento complesso.<\/p>\n<p>Professore di Intelligenza Artificiale all&#8217;universit\u00e0 di Bath, l\u2019autore combina la storia di questa avventura scientifica con la sua storia personale, e con le molte domande tecniche e filosofiche che sono ancora aperte. Il risultato \u00e8 un libro tecnicamente preciso e affidabile ma letterariamente leggibile e affascinante. Chi legge viene portato lungo un racconto di dieci tappe-capitoli; ognuno di questi affronta una domanda importante per capire l\u2019Intelligenza Artificiale. Interrogativi come, che \u00a0cosa \u00e8 l\u2019intelligenza? Le macchine possono superare le persone? E\u2019 vero che possiamo essere persuasi da un algoritmo? Quali sono le conseguenze psicologiche e sociali dell\u2019uso di social media?\u00a0 Spaziando dai concetti scientifici, che sono alla base della tecnologia, alle implicazioni pi\u00f9 ampie per la societ\u00e0, il libro sviluppa una descrizione unificata di questo vasto campo, utilizzando strumenti di diverse discipline e deliberatamente evitando inutili astrazioni, gergo e termini tecnici.<\/p>\n<p>Il messaggio finale \u00e8 chiaro: la tecnologia non basta, occorre un dialogo tra scienze naturali e umane, solo cos\u00ec \u00e8 possibile \u00a0una convivenza sicura con questa nuova forma di intelligenza. Fondamentale \u00e8 l\u2019ultimo capitolo del libro di Cristianini \u2013 \u201cRegolare, non spegnere\u201d -, dove l\u2019autore scrive: \u201cNon possiamo realisticamente ritornare a un mondo senza Intelligenza Artificiale, cos\u00ec dobbiamo trovare un modo di convivere in sicurezza con questa tecnologia. Gli studiosi di diverse discipline stanno ancora cercando di capire quali debbano essere i principi fondanti di tale convivenza, ma \u00e8 gi\u00e0 certo che se vogliamo poterci fidare che questi principi siano rispettati, gli agenti intelligenti dovranno essere in qualche modo \u00abispezionabili\u00bb (\u2026) per costruzione. Solo cos\u00ec sar\u00e0 possibile pretendere da essi equit\u00e0, privacy, sicurezza, trasparenza e tutte \u00a0le altre richieste importanti che gli studiosi del diritto e della politica stanno discutendo\u201d.<\/p><p><strong>La scorciatoia. Come le macchine sono diventate intelligenti senza pensare in modo umano<\/strong><\/p>\n<p>Nello Cristianini<\/p>\n<p>Il Mulino, 2023<\/p>\n","protected":false},"excerpt":{"rendered":"<p>Il tema dell\u2019Intelligenza Artificiale raccontato correttamente e chiaramenteComprendere l\u2019Intelligenza Artificiale per usarla meglio e con maggior profitto. Anche dal punto di vista umano. Si tratta di uno dei compiti pi\u00f9 importanti di fronte al quale ci troviamo un po\u2019 tutti. Anche le imprese e chi le deve gestire. Ancora una volta, \u00e8 necessario iniziare dalla [&hellip;]<\/p>\n","protected":false},"author":9,"featured_media":94677,"comment_status":"open","ping_status":"open","sticky":false,"template":"","format":"standard","meta":{"footnotes":""},"categories":[52,58],"tags":[],"class_list":["post-94676","post","type-post","status-publish","format-standard","has-post-thumbnail","hentry","category-cultura-dimpresa","category-recensioni-libri"],"acf":[],"yoast_head":"<!-- This site is optimized with the Yoast SEO plugin v25.0 - https:\/\/yoast.com\/wordpress\/plugins\/seo\/ -->\n<title>Macchine intelligenti? - Fondazione Pirelli<\/title>\n<meta name=\"robots\" content=\"index, follow, max-snippet:-1, max-image-preview:large, max-video-preview:-1\" \/>\n<link rel=\"canonical\" href=\"https:\/\/www.fondazionepirelli.org\/it\/cultura-dimpresa\/macchine-intelligenti-il-tema-dellintelligenza-artificiale-raccontato-correttamente-e-chiaramente\/\" \/>\n<meta property=\"og:locale\" content=\"it_IT\" \/>\n<meta property=\"og:type\" content=\"article\" \/>\n<meta property=\"og:title\" content=\"Macchine intelligenti? - Fondazione Pirelli\" \/>\n<meta property=\"og:description\" content=\"Il tema dell\u2019Intelligenza Artificiale raccontato correttamente e chiaramenteComprendere l\u2019Intelligenza Artificiale per usarla meglio e con maggior profitto. Anche dal punto di vista umano. Si tratta di uno dei compiti pi\u00f9 importanti di fronte al quale ci troviamo un po\u2019 tutti. Anche le imprese e chi le deve gestire. Ancora una volta, \u00e8 necessario iniziare dalla [&hellip;]\" \/>\n<meta property=\"og:url\" content=\"https:\/\/www.fondazionepirelli.org\/it\/cultura-dimpresa\/macchine-intelligenti-il-tema-dellintelligenza-artificiale-raccontato-correttamente-e-chiaramente\/\" \/>\n<meta property=\"og:site_name\" content=\"Fondazione Pirelli\" \/>\n<meta property=\"article:published_time\" content=\"2023-03-07T10:31:13+00:00\" \/>\n<meta property=\"article:modified_time\" content=\"2023-03-13T14:26:00+00:00\" \/>\n<meta property=\"og:image\" content=\"https:\/\/wpsite-assets.fondazionepirelli.org\/wp-content\/uploads\/2023\/03\/06151005\/cover-Cristianini.jpg\" \/>\n\t<meta property=\"og:image:width\" content=\"1594\" \/>\n\t<meta property=\"og:image:height\" content=\"2516\" \/>\n\t<meta property=\"og:image:type\" content=\"image\/jpeg\" \/>\n<meta name=\"author\" content=\"fondazionepirelli\" \/>\n<meta name=\"twitter:card\" content=\"summary_large_image\" \/>\n<meta name=\"twitter:label1\" content=\"Scritto da\" \/>\n\t<meta name=\"twitter:data1\" content=\"fondazionepirelli\" \/>\n\t<meta name=\"twitter:label2\" content=\"Tempo di lettura stimato\" \/>\n\t<meta name=\"twitter:data2\" content=\"2 minuti\" \/>\n<script type=\"application\/ld+json\" class=\"yoast-schema-graph\">{\"@context\":\"https:\/\/schema.org\",\"@graph\":[{\"@type\":\"WebPage\",\"@id\":\"https:\/\/www.fondazionepirelli.org\/it\/cultura-dimpresa\/macchine-intelligenti-il-tema-dellintelligenza-artificiale-raccontato-correttamente-e-chiaramente\/\",\"url\":\"https:\/\/www.fondazionepirelli.org\/it\/cultura-dimpresa\/macchine-intelligenti-il-tema-dellintelligenza-artificiale-raccontato-correttamente-e-chiaramente\/\",\"name\":\"Macchine intelligenti? - Fondazione Pirelli\",\"isPartOf\":{\"@id\":\"https:\/\/www.fondazionepirelli.org\/it\/#website\"},\"primaryImageOfPage\":{\"@id\":\"https:\/\/www.fondazionepirelli.org\/it\/cultura-dimpresa\/macchine-intelligenti-il-tema-dellintelligenza-artificiale-raccontato-correttamente-e-chiaramente\/#primaryimage\"},\"image\":{\"@id\":\"https:\/\/www.fondazionepirelli.org\/it\/cultura-dimpresa\/macchine-intelligenti-il-tema-dellintelligenza-artificiale-raccontato-correttamente-e-chiaramente\/#primaryimage\"},\"thumbnailUrl\":\"https:\/\/wpsite-assets.fondazionepirelli.org\/wp-content\/uploads\/2023\/03\/06151005\/cover-Cristianini.jpg\",\"datePublished\":\"2023-03-07T10:31:13+00:00\",\"dateModified\":\"2023-03-13T14:26:00+00:00\",\"author\":{\"@id\":\"https:\/\/www.fondazionepirelli.org\/it\/#\/schema\/person\/c31fcf5937a0e6afa45497f3f8b6d7a0\"},\"breadcrumb\":{\"@id\":\"https:\/\/www.fondazionepirelli.org\/it\/cultura-dimpresa\/macchine-intelligenti-il-tema-dellintelligenza-artificiale-raccontato-correttamente-e-chiaramente\/#breadcrumb\"},\"inLanguage\":\"it-IT\",\"potentialAction\":[{\"@type\":\"ReadAction\",\"target\":[\"https:\/\/www.fondazionepirelli.org\/it\/cultura-dimpresa\/macchine-intelligenti-il-tema-dellintelligenza-artificiale-raccontato-correttamente-e-chiaramente\/\"]}]},{\"@type\":\"ImageObject\",\"inLanguage\":\"it-IT\",\"@id\":\"https:\/\/www.fondazionepirelli.org\/it\/cultura-dimpresa\/macchine-intelligenti-il-tema-dellintelligenza-artificiale-raccontato-correttamente-e-chiaramente\/#primaryimage\",\"url\":\"https:\/\/wpsite-assets.fondazionepirelli.org\/wp-content\/uploads\/2023\/03\/06151005\/cover-Cristianini.jpg\",\"contentUrl\":\"https:\/\/wpsite-assets.fondazionepirelli.org\/wp-content\/uploads\/2023\/03\/06151005\/cover-Cristianini.jpg\",\"width\":1594,\"height\":2516},{\"@type\":\"BreadcrumbList\",\"@id\":\"https:\/\/www.fondazionepirelli.org\/it\/cultura-dimpresa\/macchine-intelligenti-il-tema-dellintelligenza-artificiale-raccontato-correttamente-e-chiaramente\/#breadcrumb\",\"itemListElement\":[{\"@type\":\"ListItem\",\"position\":1,\"name\":\"Home\",\"item\":\"https:\/\/www.fondazionepirelli.org\/it\/\"},{\"@type\":\"ListItem\",\"position\":2,\"name\":\"Macchine intelligenti?\"}]},{\"@type\":\"WebSite\",\"@id\":\"https:\/\/www.fondazionepirelli.org\/it\/#website\",\"url\":\"https:\/\/www.fondazionepirelli.org\/it\/\",\"name\":\"Fondazione Pirelli\",\"description\":\"\",\"potentialAction\":[{\"@type\":\"SearchAction\",\"target\":{\"@type\":\"EntryPoint\",\"urlTemplate\":\"https:\/\/www.fondazionepirelli.org\/it\/?s={search_term_string}\"},\"query-input\":{\"@type\":\"PropertyValueSpecification\",\"valueRequired\":true,\"valueName\":\"search_term_string\"}}],\"inLanguage\":\"it-IT\"},{\"@type\":\"Person\",\"@id\":\"https:\/\/www.fondazionepirelli.org\/it\/#\/schema\/person\/c31fcf5937a0e6afa45497f3f8b6d7a0\",\"name\":\"fondazionepirelli\",\"image\":{\"@type\":\"ImageObject\",\"inLanguage\":\"it-IT\",\"@id\":\"https:\/\/www.fondazionepirelli.org\/it\/#\/schema\/person\/image\/\",\"url\":\"https:\/\/secure.gravatar.com\/avatar\/9cb486421ce1d6eddbf6c4fb66841b4325b786695f7aedf1dde2222428218696?s=96&d=mm&r=g\",\"contentUrl\":\"https:\/\/secure.gravatar.com\/avatar\/9cb486421ce1d6eddbf6c4fb66841b4325b786695f7aedf1dde2222428218696?s=96&d=mm&r=g\",\"caption\":\"fondazionepirelli\"},\"url\":\"https:\/\/www.fondazionepirelli.org\/it\/author\/fondazionepirelli\/\"}]}<\/script>\n<!-- \/ Yoast SEO plugin. -->","yoast_head_json":{"title":"Macchine intelligenti? - Fondazione Pirelli","robots":{"index":"index","follow":"follow","max-snippet":"max-snippet:-1","max-image-preview":"max-image-preview:large","max-video-preview":"max-video-preview:-1"},"canonical":"https:\/\/www.fondazionepirelli.org\/it\/cultura-dimpresa\/macchine-intelligenti-il-tema-dellintelligenza-artificiale-raccontato-correttamente-e-chiaramente\/","og_locale":"it_IT","og_type":"article","og_title":"Macchine intelligenti? - Fondazione Pirelli","og_description":"Il tema dell\u2019Intelligenza Artificiale raccontato correttamente e chiaramenteComprendere l\u2019Intelligenza Artificiale per usarla meglio e con maggior profitto. Anche dal punto di vista umano. Si tratta di uno dei compiti pi\u00f9 importanti di fronte al quale ci troviamo un po\u2019 tutti. Anche le imprese e chi le deve gestire. Ancora una volta, \u00e8 necessario iniziare dalla [&hellip;]","og_url":"https:\/\/www.fondazionepirelli.org\/it\/cultura-dimpresa\/macchine-intelligenti-il-tema-dellintelligenza-artificiale-raccontato-correttamente-e-chiaramente\/","og_site_name":"Fondazione Pirelli","article_published_time":"2023-03-07T10:31:13+00:00","article_modified_time":"2023-03-13T14:26:00+00:00","og_image":[{"width":1594,"height":2516,"url":"https:\/\/wpsite-assets.fondazionepirelli.org\/wp-content\/uploads\/2023\/03\/06151005\/cover-Cristianini.jpg","type":"image\/jpeg"}],"author":"fondazionepirelli","twitter_card":"summary_large_image","twitter_misc":{"Scritto da":"fondazionepirelli","Tempo di lettura stimato":"2 minuti"},"schema":{"@context":"https:\/\/schema.org","@graph":[{"@type":"WebPage","@id":"https:\/\/www.fondazionepirelli.org\/it\/cultura-dimpresa\/macchine-intelligenti-il-tema-dellintelligenza-artificiale-raccontato-correttamente-e-chiaramente\/","url":"https:\/\/www.fondazionepirelli.org\/it\/cultura-dimpresa\/macchine-intelligenti-il-tema-dellintelligenza-artificiale-raccontato-correttamente-e-chiaramente\/","name":"Macchine intelligenti? - Fondazione Pirelli","isPartOf":{"@id":"https:\/\/www.fondazionepirelli.org\/it\/#website"},"primaryImageOfPage":{"@id":"https:\/\/www.fondazionepirelli.org\/it\/cultura-dimpresa\/macchine-intelligenti-il-tema-dellintelligenza-artificiale-raccontato-correttamente-e-chiaramente\/#primaryimage"},"image":{"@id":"https:\/\/www.fondazionepirelli.org\/it\/cultura-dimpresa\/macchine-intelligenti-il-tema-dellintelligenza-artificiale-raccontato-correttamente-e-chiaramente\/#primaryimage"},"thumbnailUrl":"https:\/\/wpsite-assets.fondazionepirelli.org\/wp-content\/uploads\/2023\/03\/06151005\/cover-Cristianini.jpg","datePublished":"2023-03-07T10:31:13+00:00","dateModified":"2023-03-13T14:26:00+00:00","author":{"@id":"https:\/\/www.fondazionepirelli.org\/it\/#\/schema\/person\/c31fcf5937a0e6afa45497f3f8b6d7a0"},"breadcrumb":{"@id":"https:\/\/www.fondazionepirelli.org\/it\/cultura-dimpresa\/macchine-intelligenti-il-tema-dellintelligenza-artificiale-raccontato-correttamente-e-chiaramente\/#breadcrumb"},"inLanguage":"it-IT","potentialAction":[{"@type":"ReadAction","target":["https:\/\/www.fondazionepirelli.org\/it\/cultura-dimpresa\/macchine-intelligenti-il-tema-dellintelligenza-artificiale-raccontato-correttamente-e-chiaramente\/"]}]},{"@type":"ImageObject","inLanguage":"it-IT","@id":"https:\/\/www.fondazionepirelli.org\/it\/cultura-dimpresa\/macchine-intelligenti-il-tema-dellintelligenza-artificiale-raccontato-correttamente-e-chiaramente\/#primaryimage","url":"https:\/\/wpsite-assets.fondazionepirelli.org\/wp-content\/uploads\/2023\/03\/06151005\/cover-Cristianini.jpg","contentUrl":"https:\/\/wpsite-assets.fondazionepirelli.org\/wp-content\/uploads\/2023\/03\/06151005\/cover-Cristianini.jpg","width":1594,"height":2516},{"@type":"BreadcrumbList","@id":"https:\/\/www.fondazionepirelli.org\/it\/cultura-dimpresa\/macchine-intelligenti-il-tema-dellintelligenza-artificiale-raccontato-correttamente-e-chiaramente\/#breadcrumb","itemListElement":[{"@type":"ListItem","position":1,"name":"Home","item":"https:\/\/www.fondazionepirelli.org\/it\/"},{"@type":"ListItem","position":2,"name":"Macchine intelligenti?"}]},{"@type":"WebSite","@id":"https:\/\/www.fondazionepirelli.org\/it\/#website","url":"https:\/\/www.fondazionepirelli.org\/it\/","name":"Fondazione Pirelli","description":"","potentialAction":[{"@type":"SearchAction","target":{"@type":"EntryPoint","urlTemplate":"https:\/\/www.fondazionepirelli.org\/it\/?s={search_term_string}"},"query-input":{"@type":"PropertyValueSpecification","valueRequired":true,"valueName":"search_term_string"}}],"inLanguage":"it-IT"},{"@type":"Person","@id":"https:\/\/www.fondazionepirelli.org\/it\/#\/schema\/person\/c31fcf5937a0e6afa45497f3f8b6d7a0","name":"fondazionepirelli","image":{"@type":"ImageObject","inLanguage":"it-IT","@id":"https:\/\/www.fondazionepirelli.org\/it\/#\/schema\/person\/image\/","url":"https:\/\/secure.gravatar.com\/avatar\/9cb486421ce1d6eddbf6c4fb66841b4325b786695f7aedf1dde2222428218696?s=96&d=mm&r=g","contentUrl":"https:\/\/secure.gravatar.com\/avatar\/9cb486421ce1d6eddbf6c4fb66841b4325b786695f7aedf1dde2222428218696?s=96&d=mm&r=g","caption":"fondazionepirelli"},"url":"https:\/\/www.fondazionepirelli.org\/it\/author\/fondazionepirelli\/"}]}},"_links":{"self":[{"href":"https:\/\/www.fondazionepirelli.org\/it\/wp-json\/wp\/v2\/posts\/94676\/"}],"collection":[{"href":"https:\/\/www.fondazionepirelli.org\/it\/wp-json\/wp\/v2\/posts\/"}],"about":[{"href":"https:\/\/www.fondazionepirelli.org\/it\/wp-json\/wp\/v2\/types\/post\/"}],"author":[{"embeddable":true,"href":"https:\/\/www.fondazionepirelli.org\/it\/wp-json\/wp\/v2\/users\/9\/"}],"replies":[{"embeddable":true,"href":"https:\/\/www.fondazionepirelli.org\/it\/wp-json\/wp\/v2\/comments\/?post=94676"}],"version-history":[{"count":3,"href":"https:\/\/www.fondazionepirelli.org\/it\/wp-json\/wp\/v2\/posts\/94676\/revisions\/"}],"predecessor-version":[{"id":94727,"href":"https:\/\/www.fondazionepirelli.org\/it\/wp-json\/wp\/v2\/posts\/94676\/revisions\/94727\/"}],"wp:featuredmedia":[{"embeddable":true,"href":"https:\/\/www.fondazionepirelli.org\/it\/wp-json\/wp\/v2\/media\/94677\/"}],"wp:attachment":[{"href":"https:\/\/www.fondazionepirelli.org\/it\/wp-json\/wp\/v2\/media\/?parent=94676"}],"wp:term":[{"taxonomy":"category","embeddable":true,"href":"https:\/\/www.fondazionepirelli.org\/it\/wp-json\/wp\/v2\/categories\/?post=94676"},{"taxonomy":"post_tag","embeddable":true,"href":"https:\/\/www.fondazionepirelli.org\/it\/wp-json\/wp\/v2\/tags\/?post=94676"}],"curies":[{"name":"wp","href":"https:\/\/api.w.org\/{rel}","templated":true}]}}