{"id":94680,"date":"2023-03-07T11:32:46","date_gmt":"2023-03-07T10:32:46","guid":{"rendered":"https:\/\/www.fondazionepirelli.org\/?p=94680"},"modified":"2023-03-13T15:21:43","modified_gmt":"2023-03-13T14:21:43","slug":"cresce-loccupazione-ma-restano-le-ombre-per-giovani-e-donne-e-il-declino-demografico","status":"publish","type":"post","link":"https:\/\/www.fondazionepirelli.org\/it\/cultura-dimpresa\/cresce-loccupazione-ma-restano-le-ombre-per-giovani-e-donne-e-il-declino-demografico\/","title":{"rendered":"Cresce l\u2019occupazione ma restano le ombre per  giovani e donne. E il declino demografico\u2026"},"content":{"rendered":"<p>Lavoro, immigrazione, formazione, sviluppo. Ragioniamo con i numeri, chiari, essenziali. L\u2019Istat, nei giorni scorsi, ha annunciato un aumento dei posti di lavoro, di 459mila unit\u00e0 a gennaio, rispetto all\u2019anno precedente, portando cos\u00ec il totale degli occupati a 23,3 milioni: un record, almeno da quando ci sono le serie storiche mensili, dal 2004 cio\u00e8. L\u2019andamento \u00e8 positivo anche mese su mese: 35mila occupati in pi\u00f9 nel gennaio \u201823 rispetto al dicembre \u201822. \u201cIl mercato del lavoro continua a mostrare segnali positivi, in linea con un andamento economico in lenta ripresa\u201d, commenta \u201cIl Sole24Ore\u201d (3 marzo). \u201cIl migliore mercato del lavoro italiano degli ultimi trent\u2019anni\u201d, si entusiasma \u201cIl Foglio\u201d (3 marzo).<\/p>\n<p>A guardare bene i dati, si possono cogliere altri elementi positivi. Dei 23,3 milioni di occupati, 15,3 milioni sono dipendenti a tempo indeterminato, con un aumento di 464mila unit\u00e0 rispetto al gennaio \u201822. Si va verso un miglioramento della stabilit\u00e0 del lavoro, insomma: i posti a tempo determinato sono sotto la soglia psicologica dei 3 milioni, 2,994 milioni, per l\u2019esattezza.<br \/>\nVa bene anche per l\u2019occupazione femminile: le donne sono 9,87 milioni, 264mila in pi\u00f9 rispetto al gennaio \u201822. Restano forti, \u00e8 vero, i divari evidenziati dal tasso di occupazione, salito in media al 60,8% ma con un 69,7% per gli uomini e un insoddisfacente 51,9% per le donne. E sono sempre marcate le differenze con gli altri paesi europei (77% in Germania, 68% in Francia, media Ue 70%). Eppure, nonostante tutto, le cose si muovono, anche se pi\u00f9 lentamente del necessario.<\/p>\n<p>La ripresa economica, particolarmente impetuosa nel \u201821 e nel \u201822 (quasi l\u201911% di crescita del Pil, nel biennio, con ritmi che non si vedevano dai tempi del boom economico degli anni Cinquanta e Sessanta) e comunque ancora evidente in quest\u2019inizio del \u201823 che ha, almeno per ora, messo da canto i timori di recessione, sta mostrando di avere basi robuste, nell\u2019attivit\u00e0 dell\u2019industria manifatturiera e nell\u2019aumento dell\u2019export (a quota 625 miliardi, un record). Incide relativamente poco, invece, l\u2019effetto da superbonus edilizio del 110% (appena lo 0,5% di crescita del Pil nel \u201821 e lo 0,9 nel \u201822, secondo le analisi dell\u2019Osservatorio dei Conti Pubblici Italiani dell\u2019Universit\u00e0 Cattolica di Milano, diretto da Giampaolo Galli), ridimensionando cos\u00ec la propaganda dei sostenitori del governo Conte e dei 5Stelle, che quel bonus avevano fortemente voluto, con tutte le storture nella sua applicazione.<br \/>\nGuardando sempre ai dati Istat sull\u2019occupazione, non va sottovalutata un\u2019ombra. Che riguarda i giovani: il tasso di occupazione, sia tra gli under25 che nella classe d\u2019et\u00e0 25\/34 anni, \u00e8 calato dello 0,3% e sono aumentate disoccupazione e inattivit\u00e0. E il tasso di disoccupazione \u00e8 salito al 22,9%, tra i peggiori a livello internazionale: in Germania \u00e8 in calo al 5,7%, dopo di noi ci sono Spagna e Grecia.<br \/>\nLe cose potrebbero andare meglio? Certo, se le imprese trovassero le persone che volentieri assumerebbero ma anche non trovano. Ne migliorerebbero produttivit\u00e0 e competitivit\u00e0 e la crescita economica e sociale in generale.<br \/>\nLe indagini Unioncamere-Anpal testimoniano da tempo che quasi un\u2019assunzione su due \u00e8 di difficile reperimento, con punte del 60\/70% per i profili tecnico-scientifici. Lo testimoniano anche le cronache economiche: \u201cImprese a caccia di lavoratori, ma il 41% resta introvabile\u201d (\u201cIl Sole24Ore\u201d, 27 dicembre \u201822); \u201cArtigiani in cerca di 43mila lavoratori a Milano, Monza e Brianza\u201d (\u201cCorriere della Sera\u201d, 18 febbraio); \u201cLavoro, imprese a caccia di 4 milioni di occupati green\u201d (\u201cIl Sole24Ore\u201d, 11 febbraio) e cos\u00ec via continuando per la moda e la meccatronica, la chimica e l\u2019industria agroalimentare.<br \/>\nL\u2019allarme arriva anche dalla Banca d\u2019Italia: per attuare tempestivamente ed efficacemente il Pnrr servirebbero 375mila nuovi lavoratori, dagli operai alle figure tecniche pi\u00f9 specializzate, anche nella Pubblica amministrazione. Peccato che non si trovino (\u201cla Repubblica\u201d, 7 febbraio).<br \/>\nEccoci dunque al paradosso: abbiamo una macchina produttiva che continua a fare dell\u2019Italia il secondo paese manifatturiero europeo, con presenze sempre maggiori nelle nicchie a maggior valore aggiunto sui mercati globali ma ci manca il capitale necessario per continuare a crescere: le persone. E centinaia di migliaia di nostri giovani se ne vanno all\u2019estero, in cerca di migliori condizioni di lavoro e di vita (ne abbiamo parlato pi\u00f9 volte in questi blog).<br \/>\nCi sono, da questo punto di vista, problemi irrisolti di formazione universitaria (sempre troppo pochi laureati nelle materie Stem: scienza, tecnologia, ingegneria e matematica). Di condizioni sociali per fare aumentare radicalmente la partecipazione femminile al mercato del lavoro. Di salari e stipendi. Di qualit\u00e0 del lavoro e soddisfazione di prospettive in un panorama di imprese troppo piccole e spesso managerialmente poco evolute.<br \/>\nDi certo, la doppia questione legata all\u2019incrocio tra formazione e occupazione, ai rapporti tra scuola e impresa dovrebbe stare in cima all\u2019elenco degli interessi e degli impegni del governo e della politica in generale. Come purtroppo ancora non avviene.<\/p>\n<p>C\u2019\u00e8, sullo sfondo, il grande tema della demografia. Siamo un paese che invecchia e in cui il calo demografico \u00e8 sempre pi\u00f9 accentuato. Fra trent\u2019anni, il 35% degli italiani avranno da 65 anni in su, mentre oggi sono meno del 25%, con effetti di grande distorsione del bilancio pubblico, per l\u2019incremento delle spese previdenziali, sanitarie e assistenziali. E si modificher\u00e0 radicalmente anche il mercato del lavoro: oggi il rapporto tra persone in et\u00e0 lavorativa (15\/64 anni) e non (0\/15 anni e 65 anni e oltre) \u00e8 di tre a due, mentre nel 2050 sar\u00e0 di uno a uno. Tutto un altro mondo, un altro equilibrio sociale, un\u2019altra struttura dei conti pubblici.<br \/>\nLe tendenze al cambiamento demografico, si sa, sono di lungo periodo. Ma le politiche legate agli stimoli per l\u2019aumento della natalit\u00e0 vanno costruite subito, per avere effetti tra vent\u2019anni.<br \/>\nNel frattempo, per bilanciare il declino demografico italiano e modificare in positivo, con nuove risorse, il mercato del lavoro e dunque la produzione di ricchezza e il benessere collettivo, l\u2019unica strada \u00e8 impostare sapienti e lungimiranti politiche di immigrazione: \u201cLe imprese al governo: l\u2019Italia ha bisogno di 200mila migranti\u201d, titola \u201cla Repubblica\u201d (6 marzo). Bisogna insomma considerare \u201cgli immigrati come ricchezza\u201d (Linda Laura Sabbadini \u201cla Repubblica\u201d, 3 marzo). Legare cio\u00e8 le ragioni umanitarie e civili dell\u2019accoglienza, peraltro tipiche della storia e della tradizione culturale italiana, mediterranea e inclusiva, con una ragionevole considerazione degli interessi futuri, in un sistema di opportunit\u00e0 e regole, formazione e valorizzazione dell\u2019intraprendenza. Essere, insomma, un\u2019Italia attrattiva e produttiva per ragazze e ragazzi che, venendo dal resto del mondo, proprio qui possano studiare, lavorare, progettare un migliore futuro. In un Paese, la Bell\u2019Italia, appunto, che eviti il declino insito nell\u2019essere \u201cpessimista e mesta\u2026 impaurita e triste\u201d (Berta Isla, \u201cIl Foglio\u201d, 5 marzo).<\/p><p><em>(foto: Getty Images)<\/em><\/p>\n","protected":false},"excerpt":{"rendered":"<p>Lavoro, immigrazione, formazione, sviluppo. Ragioniamo con i numeri, chiari, essenziali. L\u2019Istat, nei giorni scorsi, ha annunciato un aumento dei posti di lavoro, di 459mila unit\u00e0 a gennaio, rispetto all\u2019anno precedente, portando cos\u00ec il totale degli occupati a 23,3 milioni: un record, almeno da quando ci sono le serie storiche mensili, dal 2004 cio\u00e8. L\u2019andamento \u00e8 [&hellip;]<\/p>\n","protected":false},"author":9,"featured_media":94689,"comment_status":"open","ping_status":"open","sticky":false,"template":"","format":"standard","meta":{"footnotes":""},"categories":[53,52],"tags":[],"class_list":["post-94680","post","type-post","status-publish","format-standard","has-post-thumbnail","hentry","category-blog","category-cultura-dimpresa"],"acf":[],"yoast_head":"<!-- This site is optimized with the Yoast SEO plugin v25.0 - https:\/\/yoast.com\/wordpress\/plugins\/seo\/ -->\n<title>Cresce l\u2019occupazione ma restano le ombre per giovani e donne. E il declino demografico\u2026 - Fondazione Pirelli<\/title>\n<meta name=\"robots\" content=\"index, follow, max-snippet:-1, max-image-preview:large, max-video-preview:-1\" \/>\n<link rel=\"canonical\" href=\"https:\/\/www.fondazionepirelli.org\/it\/cultura-dimpresa\/cresce-loccupazione-ma-restano-le-ombre-per-giovani-e-donne-e-il-declino-demografico\/\" \/>\n<meta property=\"og:locale\" content=\"it_IT\" \/>\n<meta property=\"og:type\" content=\"article\" \/>\n<meta property=\"og:title\" content=\"Cresce l\u2019occupazione ma restano le ombre per giovani e donne. E il declino demografico\u2026 - Fondazione Pirelli\" \/>\n<meta property=\"og:description\" content=\"Lavoro, immigrazione, formazione, sviluppo. Ragioniamo con i numeri, chiari, essenziali. L\u2019Istat, nei giorni scorsi, ha annunciato un aumento dei posti di lavoro, di 459mila unit\u00e0 a gennaio, rispetto all\u2019anno precedente, portando cos\u00ec il totale degli occupati a 23,3 milioni: un record, almeno da quando ci sono le serie storiche mensili, dal 2004 cio\u00e8. L\u2019andamento \u00e8 [&hellip;]\" \/>\n<meta property=\"og:url\" content=\"https:\/\/www.fondazionepirelli.org\/it\/cultura-dimpresa\/cresce-loccupazione-ma-restano-le-ombre-per-giovani-e-donne-e-il-declino-demografico\/\" \/>\n<meta property=\"og:site_name\" content=\"Fondazione Pirelli\" \/>\n<meta property=\"article:published_time\" content=\"2023-03-07T10:32:46+00:00\" \/>\n<meta property=\"article:modified_time\" content=\"2023-03-13T14:21:43+00:00\" \/>\n<meta property=\"og:image\" content=\"https:\/\/wpsite-assets.fondazionepirelli.org\/wp-content\/uploads\/2023\/03\/07113143\/GettyImages-644335608.jpg\" \/>\n\t<meta property=\"og:image:width\" content=\"5616\" \/>\n\t<meta property=\"og:image:height\" content=\"3744\" \/>\n\t<meta property=\"og:image:type\" content=\"image\/jpeg\" \/>\n<meta name=\"author\" content=\"fondazionepirelli\" \/>\n<meta name=\"twitter:card\" content=\"summary_large_image\" \/>\n<meta name=\"twitter:label1\" content=\"Scritto da\" \/>\n\t<meta name=\"twitter:data1\" content=\"fondazionepirelli\" \/>\n\t<meta name=\"twitter:label2\" content=\"Tempo di lettura stimato\" \/>\n\t<meta name=\"twitter:data2\" content=\"5 minuti\" \/>\n<script type=\"application\/ld+json\" class=\"yoast-schema-graph\">{\"@context\":\"https:\/\/schema.org\",\"@graph\":[{\"@type\":\"WebPage\",\"@id\":\"https:\/\/www.fondazionepirelli.org\/it\/cultura-dimpresa\/cresce-loccupazione-ma-restano-le-ombre-per-giovani-e-donne-e-il-declino-demografico\/\",\"url\":\"https:\/\/www.fondazionepirelli.org\/it\/cultura-dimpresa\/cresce-loccupazione-ma-restano-le-ombre-per-giovani-e-donne-e-il-declino-demografico\/\",\"name\":\"Cresce l\u2019occupazione ma restano le ombre per giovani e donne. E il declino demografico\u2026 - Fondazione Pirelli\",\"isPartOf\":{\"@id\":\"https:\/\/www.fondazionepirelli.org\/it\/#website\"},\"primaryImageOfPage\":{\"@id\":\"https:\/\/www.fondazionepirelli.org\/it\/cultura-dimpresa\/cresce-loccupazione-ma-restano-le-ombre-per-giovani-e-donne-e-il-declino-demografico\/#primaryimage\"},\"image\":{\"@id\":\"https:\/\/www.fondazionepirelli.org\/it\/cultura-dimpresa\/cresce-loccupazione-ma-restano-le-ombre-per-giovani-e-donne-e-il-declino-demografico\/#primaryimage\"},\"thumbnailUrl\":\"https:\/\/wpsite-assets.fondazionepirelli.org\/wp-content\/uploads\/2023\/03\/07113143\/GettyImages-644335608.jpg\",\"datePublished\":\"2023-03-07T10:32:46+00:00\",\"dateModified\":\"2023-03-13T14:21:43+00:00\",\"author\":{\"@id\":\"https:\/\/www.fondazionepirelli.org\/it\/#\/schema\/person\/c31fcf5937a0e6afa45497f3f8b6d7a0\"},\"breadcrumb\":{\"@id\":\"https:\/\/www.fondazionepirelli.org\/it\/cultura-dimpresa\/cresce-loccupazione-ma-restano-le-ombre-per-giovani-e-donne-e-il-declino-demografico\/#breadcrumb\"},\"inLanguage\":\"it-IT\",\"potentialAction\":[{\"@type\":\"ReadAction\",\"target\":[\"https:\/\/www.fondazionepirelli.org\/it\/cultura-dimpresa\/cresce-loccupazione-ma-restano-le-ombre-per-giovani-e-donne-e-il-declino-demografico\/\"]}]},{\"@type\":\"ImageObject\",\"inLanguage\":\"it-IT\",\"@id\":\"https:\/\/www.fondazionepirelli.org\/it\/cultura-dimpresa\/cresce-loccupazione-ma-restano-le-ombre-per-giovani-e-donne-e-il-declino-demografico\/#primaryimage\",\"url\":\"https:\/\/wpsite-assets.fondazionepirelli.org\/wp-content\/uploads\/2023\/03\/07113143\/GettyImages-644335608.jpg\",\"contentUrl\":\"https:\/\/wpsite-assets.fondazionepirelli.org\/wp-content\/uploads\/2023\/03\/07113143\/GettyImages-644335608.jpg\",\"width\":5616,\"height\":3744,\"caption\":\"Personal development, self improvement, personal and career growth, progress and potential concepts. Coach (human resources officer, supervisor) motivate employee to growth, bokeh in background.\"},{\"@type\":\"BreadcrumbList\",\"@id\":\"https:\/\/www.fondazionepirelli.org\/it\/cultura-dimpresa\/cresce-loccupazione-ma-restano-le-ombre-per-giovani-e-donne-e-il-declino-demografico\/#breadcrumb\",\"itemListElement\":[{\"@type\":\"ListItem\",\"position\":1,\"name\":\"Home\",\"item\":\"https:\/\/www.fondazionepirelli.org\/it\/\"},{\"@type\":\"ListItem\",\"position\":2,\"name\":\"Cresce l\u2019occupazione ma restano le ombre per giovani e donne. E il declino demografico\u2026\"}]},{\"@type\":\"WebSite\",\"@id\":\"https:\/\/www.fondazionepirelli.org\/it\/#website\",\"url\":\"https:\/\/www.fondazionepirelli.org\/it\/\",\"name\":\"Fondazione Pirelli\",\"description\":\"\",\"potentialAction\":[{\"@type\":\"SearchAction\",\"target\":{\"@type\":\"EntryPoint\",\"urlTemplate\":\"https:\/\/www.fondazionepirelli.org\/it\/?s={search_term_string}\"},\"query-input\":{\"@type\":\"PropertyValueSpecification\",\"valueRequired\":true,\"valueName\":\"search_term_string\"}}],\"inLanguage\":\"it-IT\"},{\"@type\":\"Person\",\"@id\":\"https:\/\/www.fondazionepirelli.org\/it\/#\/schema\/person\/c31fcf5937a0e6afa45497f3f8b6d7a0\",\"name\":\"fondazionepirelli\",\"image\":{\"@type\":\"ImageObject\",\"inLanguage\":\"it-IT\",\"@id\":\"https:\/\/www.fondazionepirelli.org\/it\/#\/schema\/person\/image\/\",\"url\":\"https:\/\/secure.gravatar.com\/avatar\/9cb486421ce1d6eddbf6c4fb66841b4325b786695f7aedf1dde2222428218696?s=96&d=mm&r=g\",\"contentUrl\":\"https:\/\/secure.gravatar.com\/avatar\/9cb486421ce1d6eddbf6c4fb66841b4325b786695f7aedf1dde2222428218696?s=96&d=mm&r=g\",\"caption\":\"fondazionepirelli\"},\"url\":\"https:\/\/www.fondazionepirelli.org\/it\/author\/fondazionepirelli\/\"}]}<\/script>\n<!-- \/ Yoast SEO plugin. -->","yoast_head_json":{"title":"Cresce l\u2019occupazione ma restano le ombre per giovani e donne. E il declino demografico\u2026 - Fondazione Pirelli","robots":{"index":"index","follow":"follow","max-snippet":"max-snippet:-1","max-image-preview":"max-image-preview:large","max-video-preview":"max-video-preview:-1"},"canonical":"https:\/\/www.fondazionepirelli.org\/it\/cultura-dimpresa\/cresce-loccupazione-ma-restano-le-ombre-per-giovani-e-donne-e-il-declino-demografico\/","og_locale":"it_IT","og_type":"article","og_title":"Cresce l\u2019occupazione ma restano le ombre per giovani e donne. E il declino demografico\u2026 - Fondazione Pirelli","og_description":"Lavoro, immigrazione, formazione, sviluppo. Ragioniamo con i numeri, chiari, essenziali. L\u2019Istat, nei giorni scorsi, ha annunciato un aumento dei posti di lavoro, di 459mila unit\u00e0 a gennaio, rispetto all\u2019anno precedente, portando cos\u00ec il totale degli occupati a 23,3 milioni: un record, almeno da quando ci sono le serie storiche mensili, dal 2004 cio\u00e8. L\u2019andamento \u00e8 [&hellip;]","og_url":"https:\/\/www.fondazionepirelli.org\/it\/cultura-dimpresa\/cresce-loccupazione-ma-restano-le-ombre-per-giovani-e-donne-e-il-declino-demografico\/","og_site_name":"Fondazione Pirelli","article_published_time":"2023-03-07T10:32:46+00:00","article_modified_time":"2023-03-13T14:21:43+00:00","og_image":[{"width":5616,"height":3744,"url":"https:\/\/wpsite-assets.fondazionepirelli.org\/wp-content\/uploads\/2023\/03\/07113143\/GettyImages-644335608.jpg","type":"image\/jpeg"}],"author":"fondazionepirelli","twitter_card":"summary_large_image","twitter_misc":{"Scritto da":"fondazionepirelli","Tempo di lettura stimato":"5 minuti"},"schema":{"@context":"https:\/\/schema.org","@graph":[{"@type":"WebPage","@id":"https:\/\/www.fondazionepirelli.org\/it\/cultura-dimpresa\/cresce-loccupazione-ma-restano-le-ombre-per-giovani-e-donne-e-il-declino-demografico\/","url":"https:\/\/www.fondazionepirelli.org\/it\/cultura-dimpresa\/cresce-loccupazione-ma-restano-le-ombre-per-giovani-e-donne-e-il-declino-demografico\/","name":"Cresce l\u2019occupazione ma restano le ombre per giovani e donne. E il declino demografico\u2026 - Fondazione Pirelli","isPartOf":{"@id":"https:\/\/www.fondazionepirelli.org\/it\/#website"},"primaryImageOfPage":{"@id":"https:\/\/www.fondazionepirelli.org\/it\/cultura-dimpresa\/cresce-loccupazione-ma-restano-le-ombre-per-giovani-e-donne-e-il-declino-demografico\/#primaryimage"},"image":{"@id":"https:\/\/www.fondazionepirelli.org\/it\/cultura-dimpresa\/cresce-loccupazione-ma-restano-le-ombre-per-giovani-e-donne-e-il-declino-demografico\/#primaryimage"},"thumbnailUrl":"https:\/\/wpsite-assets.fondazionepirelli.org\/wp-content\/uploads\/2023\/03\/07113143\/GettyImages-644335608.jpg","datePublished":"2023-03-07T10:32:46+00:00","dateModified":"2023-03-13T14:21:43+00:00","author":{"@id":"https:\/\/www.fondazionepirelli.org\/it\/#\/schema\/person\/c31fcf5937a0e6afa45497f3f8b6d7a0"},"breadcrumb":{"@id":"https:\/\/www.fondazionepirelli.org\/it\/cultura-dimpresa\/cresce-loccupazione-ma-restano-le-ombre-per-giovani-e-donne-e-il-declino-demografico\/#breadcrumb"},"inLanguage":"it-IT","potentialAction":[{"@type":"ReadAction","target":["https:\/\/www.fondazionepirelli.org\/it\/cultura-dimpresa\/cresce-loccupazione-ma-restano-le-ombre-per-giovani-e-donne-e-il-declino-demografico\/"]}]},{"@type":"ImageObject","inLanguage":"it-IT","@id":"https:\/\/www.fondazionepirelli.org\/it\/cultura-dimpresa\/cresce-loccupazione-ma-restano-le-ombre-per-giovani-e-donne-e-il-declino-demografico\/#primaryimage","url":"https:\/\/wpsite-assets.fondazionepirelli.org\/wp-content\/uploads\/2023\/03\/07113143\/GettyImages-644335608.jpg","contentUrl":"https:\/\/wpsite-assets.fondazionepirelli.org\/wp-content\/uploads\/2023\/03\/07113143\/GettyImages-644335608.jpg","width":5616,"height":3744,"caption":"Personal development, self improvement, personal and career growth, progress and potential concepts. Coach (human resources officer, supervisor) motivate employee to growth, bokeh in background."},{"@type":"BreadcrumbList","@id":"https:\/\/www.fondazionepirelli.org\/it\/cultura-dimpresa\/cresce-loccupazione-ma-restano-le-ombre-per-giovani-e-donne-e-il-declino-demografico\/#breadcrumb","itemListElement":[{"@type":"ListItem","position":1,"name":"Home","item":"https:\/\/www.fondazionepirelli.org\/it\/"},{"@type":"ListItem","position":2,"name":"Cresce l\u2019occupazione ma restano le ombre per giovani e donne. E il declino demografico\u2026"}]},{"@type":"WebSite","@id":"https:\/\/www.fondazionepirelli.org\/it\/#website","url":"https:\/\/www.fondazionepirelli.org\/it\/","name":"Fondazione Pirelli","description":"","potentialAction":[{"@type":"SearchAction","target":{"@type":"EntryPoint","urlTemplate":"https:\/\/www.fondazionepirelli.org\/it\/?s={search_term_string}"},"query-input":{"@type":"PropertyValueSpecification","valueRequired":true,"valueName":"search_term_string"}}],"inLanguage":"it-IT"},{"@type":"Person","@id":"https:\/\/www.fondazionepirelli.org\/it\/#\/schema\/person\/c31fcf5937a0e6afa45497f3f8b6d7a0","name":"fondazionepirelli","image":{"@type":"ImageObject","inLanguage":"it-IT","@id":"https:\/\/www.fondazionepirelli.org\/it\/#\/schema\/person\/image\/","url":"https:\/\/secure.gravatar.com\/avatar\/9cb486421ce1d6eddbf6c4fb66841b4325b786695f7aedf1dde2222428218696?s=96&d=mm&r=g","contentUrl":"https:\/\/secure.gravatar.com\/avatar\/9cb486421ce1d6eddbf6c4fb66841b4325b786695f7aedf1dde2222428218696?s=96&d=mm&r=g","caption":"fondazionepirelli"},"url":"https:\/\/www.fondazionepirelli.org\/it\/author\/fondazionepirelli\/"}]}},"_links":{"self":[{"href":"https:\/\/www.fondazionepirelli.org\/it\/wp-json\/wp\/v2\/posts\/94680\/"}],"collection":[{"href":"https:\/\/www.fondazionepirelli.org\/it\/wp-json\/wp\/v2\/posts\/"}],"about":[{"href":"https:\/\/www.fondazionepirelli.org\/it\/wp-json\/wp\/v2\/types\/post\/"}],"author":[{"embeddable":true,"href":"https:\/\/www.fondazionepirelli.org\/it\/wp-json\/wp\/v2\/users\/9\/"}],"replies":[{"embeddable":true,"href":"https:\/\/www.fondazionepirelli.org\/it\/wp-json\/wp\/v2\/comments\/?post=94680"}],"version-history":[{"count":5,"href":"https:\/\/www.fondazionepirelli.org\/it\/wp-json\/wp\/v2\/posts\/94680\/revisions\/"}],"predecessor-version":[{"id":94718,"href":"https:\/\/www.fondazionepirelli.org\/it\/wp-json\/wp\/v2\/posts\/94680\/revisions\/94718\/"}],"wp:featuredmedia":[{"embeddable":true,"href":"https:\/\/www.fondazionepirelli.org\/it\/wp-json\/wp\/v2\/media\/94689\/"}],"wp:attachment":[{"href":"https:\/\/www.fondazionepirelli.org\/it\/wp-json\/wp\/v2\/media\/?parent=94680"}],"wp:term":[{"taxonomy":"category","embeddable":true,"href":"https:\/\/www.fondazionepirelli.org\/it\/wp-json\/wp\/v2\/categories\/?post=94680"},{"taxonomy":"post_tag","embeddable":true,"href":"https:\/\/www.fondazionepirelli.org\/it\/wp-json\/wp\/v2\/tags\/?post=94680"}],"curies":[{"name":"wp","href":"https:\/\/api.w.org\/{rel}","templated":true}]}}