{"id":94737,"date":"2023-03-14T09:50:39","date_gmt":"2023-03-14T08:50:39","guid":{"rendered":"https:\/\/www.fondazionepirelli.org\/?p=94737"},"modified":"2023-03-14T09:50:39","modified_gmt":"2023-03-14T08:50:39","slug":"ascoltare-il-cuore-di-milano-e-conciliare-la-produttivita-e-linclusione-sociale","status":"publish","type":"post","link":"https:\/\/www.fondazionepirelli.org\/it\/cultura-dimpresa\/ascoltare-il-cuore-di-milano-e-conciliare-la-produttivita-e-linclusione-sociale\/","title":{"rendered":"Ascoltare il cuore di Milano e conciliare la produttivit\u00e0 e l\u2019inclusione sociale"},"content":{"rendered":"<p>\u201cUna citt\u00e0 non \u00e8 disegnata, semplicemente si fa da sola. Basta ascoltarla, perch\u00e9 la citt\u00e0 \u00e8 il riflesso di tante storie\u201d. Il giudizio lucido e lungimirante di <strong>Renzo Piano<\/strong> sta in copertina dell\u2019ultimo semestrale della Societ\u00e0 Umanitaria di Milano, dedicato a \u201c<strong>La citt\u00e0 ideale 2.0<\/strong>\u201d, un quaderno ricco di analisi e documenti sull\u2019evoluzione urbana contemporanea, umanistica e tecnica.<\/p>\n<p>Una citt\u00e0 da ascoltare, dunque. Come ben sapeva anche un artista sofisticato e sensibile come Alberto Savinio: \u201cAscolto il tuo cuore, citt\u00e0\u201d, aveva scritto nel 1944, raccontando <strong>Milano<\/strong> e la sua amabile bellezza elegante e discreta (pubblicato inizialmente da Bompiani, il libro \u00e8 adesso edito da Adelphi). Un ascolto necessario non solo per comprendere umori e aspettative, ma anche per costruire sapienti scelte di progettazione dello sviluppo, di indirizzo, governo, buona amministrazione. Perch\u00e9 \u201cla citt\u00e0 non \u00e8 una forma astratta, un ibrido, un monolite, ma va intesa come una specie vivente, in continua evoluzione, con cui bisogna fare i conti, regolando le dinamiche territoriali con le molteplicit\u00e0 di sviluppo delle citt\u00e0\u201d, come sostiene l\u2019editoriale della rivista dell\u2019Umanitaria. Con una consapevolezza chiara, nelle parole di <strong>Stefano Boeri<\/strong>, architetto e buon interprete delle biodiversit\u00e0 urbane: \u201cIl futuro \u00e8 di chi costruisce e progetta oggi. Ma la buona politica deve fare buone scelte urbanistiche, che guardano a quello che saremo fra 30\/50 anni\u201d.<\/p>\n<p>I giudizi di Piano e Savinio e la visione di Boeri vengono in mente proprio riflettendo su un serie di <strong>passaggi critici di Milano<\/strong>, alcuni in linea con le \u201cfragilit\u00e0\u201d delle altre metropoli (ne abbiamo scritto nel blog del 28 febbraio) e altri invece specifici per la citt\u00e0 che pi\u00f9 di altre, in Italia, cresce e continua ad attrarre persone e idee innovative, risorse intellettuali e finanziarie, investimenti, progetti.<\/p>\n<p>Ascoltare cosa, dunque? Gli scricchiolii sociali ed economici, innanzitutto, perch\u00e9 fanno temere cambiamenti negativi e declino, perch\u00e9 sono quelli che minacciano una frattura nel complesso equilibrio che da sempre tiene insieme Milano: tra produttivit\u00e0 e inclusione sociale, crescita della ricchezza e benessere diffuso, aperture per le avanguardie culturali ed economiche pi\u00f9 innovative e senso forte della responsabilit\u00e0 solidale. Perch\u00e8, insomma, bisogna rilanciare il paradigma metropolitano tutt\u2019altro che semplice ma comunque vitale che riguarda il lavoro, la qualit\u00e0 della vita, la capacit\u00e0 di scrivere \u201cuna storia al futuro\u201d.<\/p>\n<p>Gli scricchiolii sono chiari. Basta scorrere le cronache quotidiane dei giornali, tra carta e online, per averne conferme. I negozi che chiudono, anche in zone centrali e semicentrali (via Mazzini, via Lazzaretto) per costi eccessivi degli affitti e di una mano d\u2019opera sempre pi\u00f9 difficile da trovare. Il livello dei prezzi delle case, sempre meno accessibili per giovani <em>single <\/em>e famiglie di ceto medio. Gli <strong>aumenti<\/strong> generali del costo della vita, anche in quartieri di periferia coinvolti da processi stravolgenti di \u201cgentrificazione\u201d. Una percezione crescente di insicurezza personale e sociale, anche se non \u00e8 confortata dai dati oggettivi dei fenomeni di criminalit\u00e0 comune, ma genera comunque inquietudine e disagio. Tutto un complesso di cose che fanno precipitare Milano dal secondo all\u2019ottavo posto nella classifica annuale de \u201cIl Sole24Ore\u201d sulla qualit\u00e0 della vita.<\/p>\n<p>Ecco il punto critico: l\u2019idea diffusa che Milano stia diventando sempre pi\u00f9 un\u2019insopportabile \u201c<strong>citt\u00e0 per ricchi<\/strong>\u201d, per effimeri privilegiati dei circuiti della finanza d\u2019assalto, della <em>new economy<\/em>, dei consumi di lusso. Un\u2019idea in netto contrasto con la storia, le tradizioni e la cultura di una citt\u00e0 aperta, inclusiva, con l\u2019anima generosa di una metropoli \u201cvicina all\u2019Europa\u201d ma anche profondamente capace di accoglienza per chiunque abbia idee, intraprendenza, capacit\u00e0 di lavoro, senso civile.<\/p>\n<p>\u201cUna vetrina identificata come modernit\u00e0 vincente da chi deve investire nel lusso\u2026 una<strong> <em>global city <\/em><\/strong>che piace alla finanza e un po\u2019 meno al cittadino scontento del taglio ai servizi, della sicurezza, del costo degli alloggi e della vita\u201d, sintetizza Giangiacomo Schiavi sulle pagine del \u201cCorriere della Sera\u201d (12 marzo), invitando comunque a \u201ccambiare senza sparare sul pianista\u201d, al termine di un\u2019inchiesta approfondita sul \u201cprocesso alla citt\u00e0: una metropoli da cui fuggire?\u201d.<\/p>\n<p>No, certo. Niente fuga. Semmai, scelte di buon governo locale, a cominciare dagli indirizzi urbanistici, dai provvedimenti per la casa e dagli investimenti in servizi con attenzione per le classe medie e i ceti sociali pi\u00f9 fragili: i cardini della comunit\u00e0, gli assi portanti di una buona democrazia. Come tradizione milanese, appunto, insegna.<\/p>\n<p>Da anni, peraltro, proprio le pi\u00f9 sensibili firme della letteratura <em>noir <\/em>(Alessandro Robecchi, Gianni Biondillo, Piero Colaprico, Sandrone Dazieri, Dario Crapanzano, Gian Andrea Cerone, per fare solo alcuni dei tanti nomi possibili, eredi originali della lezione di Giorgio Scerbanenco) mettono in guardia dal cedere al mito effimero delle \u201cmille luci\u201d dei grattacieli e delle tante <em>weeks <\/em>alimentate da una diffusa tendenza alla traduzione delle relazioni sociali in \u201ceventi speciali\u201d.<\/p>\n<p>E da anni, per\u00f2, dall\u2019Expo in poi, sono proprio le forze dell\u2019economia, ancora incardinata in una robusta propensione alla manifattura di qualit\u00e0, a tenere Milano con i piedi per terra nel connubio, ricordato qualche riga fa, tra produttivit\u00e0, competitivit\u00e0 e solidariet\u00e0, nelle relazioni virtuose tra \u201cla capitale del sapere e il contado industriale\u201d, come sintetizza Dario Di Vico (\u201cIl Foglio\u201d, 11 marzo), notando che \u201coggi Milano ha davanti a s\u00e9 l\u2019esigenza di accorciare una doppia corsia di distanze, quella che la allontana dai territori e quella che al suo interno vede allargarsi la polarizzazione e i rischi di fratture sociali. Per affrontarle entrambe c\u2019\u00e8 bisogno di una visione di sistema, che fatica ad emergere\u201d.<\/p>\n<p>Scommessa difficile, naturalmente. Ma possibile da affrontare a vincere, proprio facendo leva sulle capacit\u00e0 milanesi di dialogo, confronto, lavoro, innovazione economica e sociale. Le relazioni virtuose tra industria, servizi, finanza d\u2019impresa e formazione (le universit\u00e0 di livello internazionale) ne sono un pilastro.<\/p>\n<p>La forza baricentrica tra il Nord Ovest in cerca di un nuovo e migliore futuro (su cui si muovono, concordi, l\u2019Unione Industriali di Torino, l\u2019Assolombarda e la Confindustria Genova), l\u2019Emilia produttiva e il Nord Est delle \u201cmultinazionali tascabili\u201d \u00e8 un altro dei pilastri. L\u2019asse tra Europa e Mediterraneo ne \u00e8 lo scenario geopolitico. Tutto un gran lavoro da fare, coinvolgendo pubbliche amministrazioni, imprese, cultura, strutture sociali.<\/p>\n<p>Ecco, dunque, cosa vuol dire ascoltare attentamente il cuore di Milano e non pi\u00f9 soltanto il batticuore delle emozioni istantanee.<\/p><p><em>(foto Getty Images)<\/em><\/p>","protected":false},"excerpt":{"rendered":"<p>\u201cUna citt\u00e0 non \u00e8 disegnata, semplicemente si fa da sola. Basta ascoltarla, perch\u00e9 la citt\u00e0 \u00e8 il riflesso di tante storie\u201d. Il giudizio lucido e lungimirante di Renzo Piano sta in copertina dell\u2019ultimo semestrale della Societ\u00e0 Umanitaria di Milano, dedicato a \u201cLa citt\u00e0 ideale 2.0\u201d, un quaderno ricco di analisi e documenti sull\u2019evoluzione urbana contemporanea, [&hellip;]<\/p>\n","protected":false},"author":9,"featured_media":94746,"comment_status":"open","ping_status":"open","sticky":false,"template":"","format":"standard","meta":{"footnotes":""},"categories":[53,52],"tags":[],"class_list":["post-94737","post","type-post","status-publish","format-standard","has-post-thumbnail","hentry","category-blog","category-cultura-dimpresa"],"acf":[],"yoast_head":"<!-- This site is optimized with the Yoast SEO plugin v25.0 - https:\/\/yoast.com\/wordpress\/plugins\/seo\/ -->\n<title>Ascoltare il cuore di Milano e conciliare la produttivit\u00e0 e l\u2019inclusione sociale - Fondazione Pirelli<\/title>\n<meta name=\"robots\" content=\"index, follow, max-snippet:-1, max-image-preview:large, max-video-preview:-1\" \/>\n<link rel=\"canonical\" href=\"https:\/\/www.fondazionepirelli.org\/it\/cultura-dimpresa\/ascoltare-il-cuore-di-milano-e-conciliare-la-produttivita-e-linclusione-sociale\/\" \/>\n<meta property=\"og:locale\" content=\"it_IT\" \/>\n<meta property=\"og:type\" content=\"article\" \/>\n<meta property=\"og:title\" content=\"Ascoltare il cuore di Milano e conciliare la produttivit\u00e0 e l\u2019inclusione sociale - Fondazione Pirelli\" \/>\n<meta property=\"og:description\" content=\"\u201cUna citt\u00e0 non \u00e8 disegnata, semplicemente si fa da sola. Basta ascoltarla, perch\u00e9 la citt\u00e0 \u00e8 il riflesso di tante storie\u201d. Il giudizio lucido e lungimirante di Renzo Piano sta in copertina dell\u2019ultimo semestrale della Societ\u00e0 Umanitaria di Milano, dedicato a \u201cLa citt\u00e0 ideale 2.0\u201d, un quaderno ricco di analisi e documenti sull\u2019evoluzione urbana contemporanea, [&hellip;]\" \/>\n<meta property=\"og:url\" content=\"https:\/\/www.fondazionepirelli.org\/it\/cultura-dimpresa\/ascoltare-il-cuore-di-milano-e-conciliare-la-produttivita-e-linclusione-sociale\/\" \/>\n<meta property=\"og:site_name\" content=\"Fondazione Pirelli\" \/>\n<meta property=\"article:published_time\" content=\"2023-03-14T08:50:39+00:00\" \/>\n<meta property=\"og:image\" content=\"https:\/\/wpsite-assets.fondazionepirelli.org\/wp-content\/uploads\/2023\/03\/14095000\/GettyImages-1200538012-e1678783811954.jpg\" \/>\n\t<meta property=\"og:image:width\" content=\"500\" \/>\n\t<meta property=\"og:image:height\" content=\"375\" \/>\n\t<meta property=\"og:image:type\" content=\"image\/jpeg\" \/>\n<meta name=\"author\" content=\"fondazionepirelli\" \/>\n<meta name=\"twitter:card\" content=\"summary_large_image\" \/>\n<meta name=\"twitter:label1\" content=\"Scritto da\" \/>\n\t<meta name=\"twitter:data1\" content=\"fondazionepirelli\" \/>\n\t<meta name=\"twitter:label2\" content=\"Tempo di lettura stimato\" \/>\n\t<meta name=\"twitter:data2\" content=\"5 minuti\" \/>\n<script type=\"application\/ld+json\" class=\"yoast-schema-graph\">{\"@context\":\"https:\/\/schema.org\",\"@graph\":[{\"@type\":\"WebPage\",\"@id\":\"https:\/\/www.fondazionepirelli.org\/it\/cultura-dimpresa\/ascoltare-il-cuore-di-milano-e-conciliare-la-produttivita-e-linclusione-sociale\/\",\"url\":\"https:\/\/www.fondazionepirelli.org\/it\/cultura-dimpresa\/ascoltare-il-cuore-di-milano-e-conciliare-la-produttivita-e-linclusione-sociale\/\",\"name\":\"Ascoltare il cuore di Milano e conciliare la produttivit\u00e0 e l\u2019inclusione sociale - Fondazione Pirelli\",\"isPartOf\":{\"@id\":\"https:\/\/www.fondazionepirelli.org\/it\/#website\"},\"primaryImageOfPage\":{\"@id\":\"https:\/\/www.fondazionepirelli.org\/it\/cultura-dimpresa\/ascoltare-il-cuore-di-milano-e-conciliare-la-produttivita-e-linclusione-sociale\/#primaryimage\"},\"image\":{\"@id\":\"https:\/\/www.fondazionepirelli.org\/it\/cultura-dimpresa\/ascoltare-il-cuore-di-milano-e-conciliare-la-produttivita-e-linclusione-sociale\/#primaryimage\"},\"thumbnailUrl\":\"https:\/\/wpsite-assets.fondazionepirelli.org\/wp-content\/uploads\/2023\/03\/14095000\/GettyImages-1200538012-e1678783811954.jpg\",\"datePublished\":\"2023-03-14T08:50:39+00:00\",\"author\":{\"@id\":\"https:\/\/www.fondazionepirelli.org\/it\/#\/schema\/person\/c31fcf5937a0e6afa45497f3f8b6d7a0\"},\"breadcrumb\":{\"@id\":\"https:\/\/www.fondazionepirelli.org\/it\/cultura-dimpresa\/ascoltare-il-cuore-di-milano-e-conciliare-la-produttivita-e-linclusione-sociale\/#breadcrumb\"},\"inLanguage\":\"it-IT\",\"potentialAction\":[{\"@type\":\"ReadAction\",\"target\":[\"https:\/\/www.fondazionepirelli.org\/it\/cultura-dimpresa\/ascoltare-il-cuore-di-milano-e-conciliare-la-produttivita-e-linclusione-sociale\/\"]}]},{\"@type\":\"ImageObject\",\"inLanguage\":\"it-IT\",\"@id\":\"https:\/\/www.fondazionepirelli.org\/it\/cultura-dimpresa\/ascoltare-il-cuore-di-milano-e-conciliare-la-produttivita-e-linclusione-sociale\/#primaryimage\",\"url\":\"https:\/\/wpsite-assets.fondazionepirelli.org\/wp-content\/uploads\/2023\/03\/14095000\/GettyImages-1200538012-e1678783811954.jpg\",\"contentUrl\":\"https:\/\/wpsite-assets.fondazionepirelli.org\/wp-content\/uploads\/2023\/03\/14095000\/GettyImages-1200538012-e1678783811954.jpg\",\"width\":500,\"height\":375,\"caption\":\"Aerial photo shooting with drone on Milan Skyline in the night, the central business area of the city with new skyscrapers\"},{\"@type\":\"BreadcrumbList\",\"@id\":\"https:\/\/www.fondazionepirelli.org\/it\/cultura-dimpresa\/ascoltare-il-cuore-di-milano-e-conciliare-la-produttivita-e-linclusione-sociale\/#breadcrumb\",\"itemListElement\":[{\"@type\":\"ListItem\",\"position\":1,\"name\":\"Home\",\"item\":\"https:\/\/www.fondazionepirelli.org\/it\/\"},{\"@type\":\"ListItem\",\"position\":2,\"name\":\"Ascoltare il cuore di Milano e conciliare la produttivit\u00e0 e l\u2019inclusione sociale\"}]},{\"@type\":\"WebSite\",\"@id\":\"https:\/\/www.fondazionepirelli.org\/it\/#website\",\"url\":\"https:\/\/www.fondazionepirelli.org\/it\/\",\"name\":\"Fondazione Pirelli\",\"description\":\"\",\"potentialAction\":[{\"@type\":\"SearchAction\",\"target\":{\"@type\":\"EntryPoint\",\"urlTemplate\":\"https:\/\/www.fondazionepirelli.org\/it\/?s={search_term_string}\"},\"query-input\":{\"@type\":\"PropertyValueSpecification\",\"valueRequired\":true,\"valueName\":\"search_term_string\"}}],\"inLanguage\":\"it-IT\"},{\"@type\":\"Person\",\"@id\":\"https:\/\/www.fondazionepirelli.org\/it\/#\/schema\/person\/c31fcf5937a0e6afa45497f3f8b6d7a0\",\"name\":\"fondazionepirelli\",\"image\":{\"@type\":\"ImageObject\",\"inLanguage\":\"it-IT\",\"@id\":\"https:\/\/www.fondazionepirelli.org\/it\/#\/schema\/person\/image\/\",\"url\":\"https:\/\/secure.gravatar.com\/avatar\/9cb486421ce1d6eddbf6c4fb66841b4325b786695f7aedf1dde2222428218696?s=96&d=mm&r=g\",\"contentUrl\":\"https:\/\/secure.gravatar.com\/avatar\/9cb486421ce1d6eddbf6c4fb66841b4325b786695f7aedf1dde2222428218696?s=96&d=mm&r=g\",\"caption\":\"fondazionepirelli\"},\"url\":\"https:\/\/www.fondazionepirelli.org\/it\/author\/fondazionepirelli\/\"}]}<\/script>\n<!-- \/ Yoast SEO plugin. -->","yoast_head_json":{"title":"Ascoltare il cuore di Milano e conciliare la produttivit\u00e0 e l\u2019inclusione sociale - Fondazione Pirelli","robots":{"index":"index","follow":"follow","max-snippet":"max-snippet:-1","max-image-preview":"max-image-preview:large","max-video-preview":"max-video-preview:-1"},"canonical":"https:\/\/www.fondazionepirelli.org\/it\/cultura-dimpresa\/ascoltare-il-cuore-di-milano-e-conciliare-la-produttivita-e-linclusione-sociale\/","og_locale":"it_IT","og_type":"article","og_title":"Ascoltare il cuore di Milano e conciliare la produttivit\u00e0 e l\u2019inclusione sociale - Fondazione Pirelli","og_description":"\u201cUna citt\u00e0 non \u00e8 disegnata, semplicemente si fa da sola. Basta ascoltarla, perch\u00e9 la citt\u00e0 \u00e8 il riflesso di tante storie\u201d. Il giudizio lucido e lungimirante di Renzo Piano sta in copertina dell\u2019ultimo semestrale della Societ\u00e0 Umanitaria di Milano, dedicato a \u201cLa citt\u00e0 ideale 2.0\u201d, un quaderno ricco di analisi e documenti sull\u2019evoluzione urbana contemporanea, [&hellip;]","og_url":"https:\/\/www.fondazionepirelli.org\/it\/cultura-dimpresa\/ascoltare-il-cuore-di-milano-e-conciliare-la-produttivita-e-linclusione-sociale\/","og_site_name":"Fondazione Pirelli","article_published_time":"2023-03-14T08:50:39+00:00","og_image":[{"width":500,"height":375,"url":"https:\/\/wpsite-assets.fondazionepirelli.org\/wp-content\/uploads\/2023\/03\/14095000\/GettyImages-1200538012-e1678783811954.jpg","type":"image\/jpeg"}],"author":"fondazionepirelli","twitter_card":"summary_large_image","twitter_misc":{"Scritto da":"fondazionepirelli","Tempo di lettura stimato":"5 minuti"},"schema":{"@context":"https:\/\/schema.org","@graph":[{"@type":"WebPage","@id":"https:\/\/www.fondazionepirelli.org\/it\/cultura-dimpresa\/ascoltare-il-cuore-di-milano-e-conciliare-la-produttivita-e-linclusione-sociale\/","url":"https:\/\/www.fondazionepirelli.org\/it\/cultura-dimpresa\/ascoltare-il-cuore-di-milano-e-conciliare-la-produttivita-e-linclusione-sociale\/","name":"Ascoltare il cuore di Milano e conciliare la produttivit\u00e0 e l\u2019inclusione sociale - Fondazione Pirelli","isPartOf":{"@id":"https:\/\/www.fondazionepirelli.org\/it\/#website"},"primaryImageOfPage":{"@id":"https:\/\/www.fondazionepirelli.org\/it\/cultura-dimpresa\/ascoltare-il-cuore-di-milano-e-conciliare-la-produttivita-e-linclusione-sociale\/#primaryimage"},"image":{"@id":"https:\/\/www.fondazionepirelli.org\/it\/cultura-dimpresa\/ascoltare-il-cuore-di-milano-e-conciliare-la-produttivita-e-linclusione-sociale\/#primaryimage"},"thumbnailUrl":"https:\/\/wpsite-assets.fondazionepirelli.org\/wp-content\/uploads\/2023\/03\/14095000\/GettyImages-1200538012-e1678783811954.jpg","datePublished":"2023-03-14T08:50:39+00:00","author":{"@id":"https:\/\/www.fondazionepirelli.org\/it\/#\/schema\/person\/c31fcf5937a0e6afa45497f3f8b6d7a0"},"breadcrumb":{"@id":"https:\/\/www.fondazionepirelli.org\/it\/cultura-dimpresa\/ascoltare-il-cuore-di-milano-e-conciliare-la-produttivita-e-linclusione-sociale\/#breadcrumb"},"inLanguage":"it-IT","potentialAction":[{"@type":"ReadAction","target":["https:\/\/www.fondazionepirelli.org\/it\/cultura-dimpresa\/ascoltare-il-cuore-di-milano-e-conciliare-la-produttivita-e-linclusione-sociale\/"]}]},{"@type":"ImageObject","inLanguage":"it-IT","@id":"https:\/\/www.fondazionepirelli.org\/it\/cultura-dimpresa\/ascoltare-il-cuore-di-milano-e-conciliare-la-produttivita-e-linclusione-sociale\/#primaryimage","url":"https:\/\/wpsite-assets.fondazionepirelli.org\/wp-content\/uploads\/2023\/03\/14095000\/GettyImages-1200538012-e1678783811954.jpg","contentUrl":"https:\/\/wpsite-assets.fondazionepirelli.org\/wp-content\/uploads\/2023\/03\/14095000\/GettyImages-1200538012-e1678783811954.jpg","width":500,"height":375,"caption":"Aerial photo shooting with drone on Milan Skyline in the night, the central business area of the city with new skyscrapers"},{"@type":"BreadcrumbList","@id":"https:\/\/www.fondazionepirelli.org\/it\/cultura-dimpresa\/ascoltare-il-cuore-di-milano-e-conciliare-la-produttivita-e-linclusione-sociale\/#breadcrumb","itemListElement":[{"@type":"ListItem","position":1,"name":"Home","item":"https:\/\/www.fondazionepirelli.org\/it\/"},{"@type":"ListItem","position":2,"name":"Ascoltare il cuore di Milano e conciliare la produttivit\u00e0 e l\u2019inclusione sociale"}]},{"@type":"WebSite","@id":"https:\/\/www.fondazionepirelli.org\/it\/#website","url":"https:\/\/www.fondazionepirelli.org\/it\/","name":"Fondazione Pirelli","description":"","potentialAction":[{"@type":"SearchAction","target":{"@type":"EntryPoint","urlTemplate":"https:\/\/www.fondazionepirelli.org\/it\/?s={search_term_string}"},"query-input":{"@type":"PropertyValueSpecification","valueRequired":true,"valueName":"search_term_string"}}],"inLanguage":"it-IT"},{"@type":"Person","@id":"https:\/\/www.fondazionepirelli.org\/it\/#\/schema\/person\/c31fcf5937a0e6afa45497f3f8b6d7a0","name":"fondazionepirelli","image":{"@type":"ImageObject","inLanguage":"it-IT","@id":"https:\/\/www.fondazionepirelli.org\/it\/#\/schema\/person\/image\/","url":"https:\/\/secure.gravatar.com\/avatar\/9cb486421ce1d6eddbf6c4fb66841b4325b786695f7aedf1dde2222428218696?s=96&d=mm&r=g","contentUrl":"https:\/\/secure.gravatar.com\/avatar\/9cb486421ce1d6eddbf6c4fb66841b4325b786695f7aedf1dde2222428218696?s=96&d=mm&r=g","caption":"fondazionepirelli"},"url":"https:\/\/www.fondazionepirelli.org\/it\/author\/fondazionepirelli\/"}]}},"_links":{"self":[{"href":"https:\/\/www.fondazionepirelli.org\/it\/wp-json\/wp\/v2\/posts\/94737\/"}],"collection":[{"href":"https:\/\/www.fondazionepirelli.org\/it\/wp-json\/wp\/v2\/posts\/"}],"about":[{"href":"https:\/\/www.fondazionepirelli.org\/it\/wp-json\/wp\/v2\/types\/post\/"}],"author":[{"embeddable":true,"href":"https:\/\/www.fondazionepirelli.org\/it\/wp-json\/wp\/v2\/users\/9\/"}],"replies":[{"embeddable":true,"href":"https:\/\/www.fondazionepirelli.org\/it\/wp-json\/wp\/v2\/comments\/?post=94737"}],"version-history":[{"count":2,"href":"https:\/\/www.fondazionepirelli.org\/it\/wp-json\/wp\/v2\/posts\/94737\/revisions\/"}],"predecessor-version":[{"id":94748,"href":"https:\/\/www.fondazionepirelli.org\/it\/wp-json\/wp\/v2\/posts\/94737\/revisions\/94748\/"}],"wp:featuredmedia":[{"embeddable":true,"href":"https:\/\/www.fondazionepirelli.org\/it\/wp-json\/wp\/v2\/media\/94746\/"}],"wp:attachment":[{"href":"https:\/\/www.fondazionepirelli.org\/it\/wp-json\/wp\/v2\/media\/?parent=94737"}],"wp:term":[{"taxonomy":"category","embeddable":true,"href":"https:\/\/www.fondazionepirelli.org\/it\/wp-json\/wp\/v2\/categories\/?post=94737"},{"taxonomy":"post_tag","embeddable":true,"href":"https:\/\/www.fondazionepirelli.org\/it\/wp-json\/wp\/v2\/tags\/?post=94737"}],"curies":[{"name":"wp","href":"https:\/\/api.w.org\/{rel}","templated":true}]}}